{"id":187358,"date":"2026-01-31T16:04:00","date_gmt":"2026-01-31T19:04:00","guid":{"rendered":"https:\/\/portaltela.pt\/noticias\/2026\/01\/31\/curdos-ha-seculos-lutam-por-um-estado-proprio\/"},"modified":"2026-01-31T16:04:00","modified_gmt":"2026-01-31T19:04:00","slug":"curdos-ha-seculos-lutam-por-um-estado-proprio","status":"publish","type":"post","link":"https:\/\/portaltela.pt\/noticias\/internacional\/2026\/01\/31\/curdos-ha-seculos-lutam-por-um-estado-proprio\/","title":{"rendered":"Curdos h\u00e1 s\u00e9culos lutam por um estado pr\u00f3prio"},"content":{"rendered":"<p>Os curdos, um grupo \u00e9tnico com cerca de 45 milh\u00f5es de pessoas, moldaram a hist\u00f3ria da regi\u00e3o do Curdist\u00e3o durante d\u00e9cadas. A sua aspira\u00e7\u00e3o de soberania enfrenta a resist\u00eancia de territ\u00f3rios distribu\u00eddos por quatro pa\u00edses, sem um estado pr\u00f3prio reconhecido.<\/p>\n<p>A narrativa envolve conflitos, acordos tempor\u00e1rios e mudan\u00e7as pol\u00edticas. Do desmembramento do Imp\u00e9rio Otomano aos acordos do in\u00edcio do s\u00e9culo XX, os curdos viram fronteiras redesenhadas sem cria\u00e7\u00e3o de um Estado curdo. Ao longo dos anos, v\u00e1rias pot\u00eancias influenciaram a situa\u00e7\u00e3o.<\/p>\n<p>No contexto atual, a S\u00edria permanece central. A presen\u00e7a de for\u00e7as curdas, o papel do governo de Damasco e as interven\u00e7\u00f5es de turcos, norte-americanos e russos comp\u00f5em um tabuleiro complicado. A situa\u00e7\u00e3o continua vol\u00e1til e de dif\u00edcil previs\u00e3o.<\/p>\n<h3>Contexto hist\u00f3rico<\/h3>\n<p>A partilha da regi\u00e3o ap\u00f3s a I Guerra Mundial deixou os curdos espalhados por v\u00e1rios pa\u00edses, sem territ\u00f3rio pr\u00f3prio. Em Turquia, o PKK surgiu como resposta \u00e0 repress\u00e3o; no Iraque, as \u00e1reas curdas usufru\u00edram de maior autonomia ap\u00f3s derrotas de advers\u00e1rios.<\/p>\n<h3>Din\u00e2mica na S\u00edria<\/h3>\n<p>Com a evolu\u00e7\u00e3o da guerra civil s\u00edria, o reconhecimento pol\u00edtico dos curdos oscila entre coopera\u00e7\u00e3o com o regime de Bashar al-Assad e tens\u00f5es com a Turquia, que considera \u00e1reas curdas parte de si. A coordena\u00e7\u00e3o com Estados Unidos e R\u00fassia molda as op\u00e7\u00f5es no terreno.<\/p>\n<h3>Situa\u00e7\u00e3o dos combatentes<\/h3>\n<p>Nas arenas do norte da S\u00edria, o SDF ganhou relev\u00e2ncia na luta contra o Daesh, com apoio americano inicial. O retorno de confrontos e a poss\u00edvel integra\u00e7\u00e3o do SDF nas for\u00e7as s\u00edrias comp\u00f5em um cen\u00e1rio em mudan\u00e7a constante.<\/p>\n<h3>Perspetiva atual<\/h3>\n<p>As negocia\u00e7\u00f5es para encontrar uma solu\u00e7\u00e3o duradoura prosseguem, mas n\u00e3o h\u00e1 evid\u00eancia de que surja um Estado curdo nos pr\u00f3ximos anos. Os curdos insistem na autonomia, enquanto rela\u00e7\u00f5es entre pot\u00eancias definem o caminho.<\/p>\n","protected":false},"excerpt":{"rendered":"<ul>\n<li>Os curdos s\u00e3o cerca de 45 milh\u00f5es de pessoas, distribu\u00eddas principalmente no sudeste da Turquia, C\u00e1ucaso, Azerbaij\u00e3o, Arm\u00e9nia, norte da S\u00edria e Iraque, com di\u00e1sporas na Alemanha, Su\u00e9cia e Holanda.<\/li>\n<li>A ambi\u00e7\u00e3o central \u00e9 ter um estado independente, mas, desde o fim do Imp\u00e9rio Otomano, as fronteiras criadas n\u00e3o lhes atribu\u00edram territ\u00f3rio pr\u00f3prio.<\/li>\n<li>Ao longo da hist\u00f3ria, os curdos enfrentaram repress\u00f5es em v\u00e1rios pa\u00edses e formaram movimentos como o PKK na Turquia; no Iraque criaram um estado \u201coficioso\u201d ap\u00f3s a ocupa\u00e7\u00e3o dos EUA e, na S\u00edria, participaram na luta contra o Daesh.<\/li>\n<li>O Daesh ajudou a mudar a configura\u00e7\u00e3o regional, com apoio dos EUA \u00e0s for\u00e7as curdas para combater o grupo; recentemente surgiram diverg\u00eancias sobre a autonomia e o papel dos curdos nos diferentes governos locais.<\/li>\n<li>No atual tabuleiro s\u00edrio, o l\u00edder s\u00edrio Ahmed al-Sharaa anunciou um cessar-fogo e a poss\u00edvel integra\u00e7\u00e3o do SDF nas for\u00e7as s\u00edrias, enquanto a interven\u00e7\u00e3o turca e a aus\u00eancia de garantias de independ\u00eancia dificultam avan\u00e7os curdos rumo a um estado pr\u00f3prio.<\/li>\n<\/ul>\n","protected":false},"author":2,"featured_media":187366,"comment_status":"closed","ping_status":"closed","sticky":false,"template":"","format":"standard","meta":{"footnotes":""},"categories":[4,1],"tags":[3344,38,3395,3110,2066,2126],"class_list":["post-187358","post","type-post","status-publish","format-standard","has-post-thumbnail","hentry","category-internacional","category-noticias","tag-autonomia-regional","tag-conflitos","tag-daesh","tag-russia","tag-siria","tag-turquia"],"yoast_head":"<!-- This site is optimized with the Yoast SEO plugin v27.2 - https:\/\/yoast.com\/product\/yoast-seo-wordpress\/ -->\n<title>Curdos h\u00e1 s\u00e9culos lutam por um estado pr\u00f3prio - Portal Tela Portugal<\/title>\n<meta name=\"robots\" content=\"index, follow, max-snippet:-1, max-image-preview:large, max-video-preview:-1\" \/>\n<meta property=\"og:locale\" content=\"pt_PT\" \/>\n<meta property=\"og:type\" content=\"article\" \/>\n<meta property=\"og:title\" content=\"Curdos h\u00e1 s\u00e9culos lutam por um estado pr\u00f3prio - Portal Tela Portugal\" \/>\n<meta property=\"og:description\" content=\"Os curdos s\u00e3o cerca de 45 milh\u00f5es de pessoas, distribu\u00eddas principalmente no sudeste da Turquia, C\u00e1ucaso, Azerbaij\u00e3o, Arm\u00e9nia, norte da S\u00edria e Iraque, com di\u00e1sporas na Alemanha, Su\u00e9cia e Holanda. A ambi\u00e7\u00e3o central \u00e9 ter um estado independente, mas, desde o fim do Imp\u00e9rio Otomano, as fronteiras criadas n\u00e3o lhes atribu\u00edram territ\u00f3rio pr\u00f3prio. Ao longo da hist\u00f3ria, os curdos enfrentaram repress\u00f5es em v\u00e1rios pa\u00edses e formaram movimentos como o PKK na Turquia; no Iraque criaram um estado \u201coficioso\u201d ap\u00f3s a ocupa\u00e7\u00e3o dos EUA e, na S\u00edria, participaram na luta contra o Daesh. O Daesh ajudou a mudar a configura\u00e7\u00e3o regional, com apoio dos EUA \u00e0s for\u00e7as curdas para combater o grupo; recentemente surgiram diverg\u00eancias sobre a autonomia e o papel dos curdos nos diferentes governos locais. No atual tabuleiro s\u00edrio, o l\u00edder s\u00edrio Ahmed al-Sharaa anunciou um cessar-fogo e a poss\u00edvel integra\u00e7\u00e3o do SDF nas for\u00e7as s\u00edrias, enquanto a interven\u00e7\u00e3o turca e a aus\u00eancia de garantias de independ\u00eancia dificultam avan\u00e7os curdos rumo a um estado pr\u00f3prio.\" \/>\n<meta property=\"og:url\" content=\"https:\/\/portaltela.pt\/noticias\/2026\/01\/31\/curdos-ha-seculos-lutam-por-um-estado-proprio\/\" \/>\n<meta property=\"og:site_name\" content=\"Portal Tela Portugal\" \/>\n<meta property=\"article:published_time\" content=\"2026-01-31T19:04:00+00:00\" \/>\n<meta name=\"author\" content=\"Telinha\" \/>\n<meta name=\"twitter:card\" content=\"summary_large_image\" \/>\n<meta name=\"twitter:label1\" content=\"Escrito por\" \/>\n\t<meta name=\"twitter:data1\" content=\"Telinha\" \/>\n\t<meta name=\"twitter:label2\" content=\"Tempo estimado de leitura\" \/>\n\t<meta name=\"twitter:data2\" content=\"2 minutos\" \/>\n<script type=\"application\/ld+json\" class=\"yoast-schema-graph\">{\"@context\":\"https:\/\/schema.org\",\"@graph\":[{\"@type\":\"Article\",\"@id\":\"https:\/\/portaltela.pt\/noticias\/2026\/01\/31\/curdos-ha-seculos-lutam-por-um-estado-proprio\/#article\",\"isPartOf\":{\"@id\":\"https:\/\/portaltela.pt\/noticias\/2026\/01\/31\/curdos-ha-seculos-lutam-por-um-estado-proprio\/\"},\"author\":{\"name\":\"Telinha\",\"@id\":\"https:\/\/portaltela.pt\/#\/schema\/person\/c4278d4a6028830caff9ee44b42d32ed\"},\"headline\":\"Curdos h\u00e1 s\u00e9culos lutam por um estado pr\u00f3prio\",\"datePublished\":\"2026-01-31T19:04:00+00:00\",\"mainEntityOfPage\":{\"@id\":\"https:\/\/portaltela.pt\/noticias\/2026\/01\/31\/curdos-ha-seculos-lutam-por-um-estado-proprio\/\"},\"wordCount\":362,\"image\":{\"@id\":\"https:\/\/portaltela.pt\/noticias\/2026\/01\/31\/curdos-ha-seculos-lutam-por-um-estado-proprio\/#primaryimage\"},\"thumbnailUrl\":\"https:\/\/portaltela.pt\/s.01k8rhncp4jt1\/2026\/01\/4101cfdcc32255acf17cb365dc9a8ae8be4ad-scaled.jpg\",\"keywords\":[\"autonomia regional\",\"conflitos\",\"Daesh\",\"R\u00fassia\",\"S\u00edria\",\"Turquia\"],\"articleSection\":[\"Internacional\",\"Not\u00edcias\"],\"inLanguage\":\"pt-PT\"},{\"@type\":\"WebPage\",\"@id\":\"https:\/\/portaltela.pt\/noticias\/2026\/01\/31\/curdos-ha-seculos-lutam-por-um-estado-proprio\/\",\"url\":\"https:\/\/portaltela.pt\/noticias\/2026\/01\/31\/curdos-ha-seculos-lutam-por-um-estado-proprio\/\",\"name\":\"Curdos h\u00e1 s\u00e9culos lutam por um estado pr\u00f3prio - Portal Tela Portugal\",\"isPartOf\":{\"@id\":\"https:\/\/portaltela.pt\/#website\"},\"primaryImageOfPage\":{\"@id\":\"https:\/\/portaltela.pt\/noticias\/2026\/01\/31\/curdos-ha-seculos-lutam-por-um-estado-proprio\/#primaryimage\"},\"image\":{\"@id\":\"https:\/\/portaltela.pt\/noticias\/2026\/01\/31\/curdos-ha-seculos-lutam-por-um-estado-proprio\/#primaryimage\"},\"thumbnailUrl\":\"https:\/\/portaltela.pt\/s.01k8rhncp4jt1\/2026\/01\/4101cfdcc32255acf17cb365dc9a8ae8be4ad-scaled.jpg\",\"datePublished\":\"2026-01-31T19:04:00+00:00\",\"author\":{\"@id\":\"https:\/\/portaltela.pt\/#\/schema\/person\/c4278d4a6028830caff9ee44b42d32ed\"},\"breadcrumb\":{\"@id\":\"https:\/\/portaltela.pt\/noticias\/2026\/01\/31\/curdos-ha-seculos-lutam-por-um-estado-proprio\/#breadcrumb\"},\"inLanguage\":\"pt-PT\",\"potentialAction\":[{\"@type\":\"ReadAction\",\"target\":[\"https:\/\/portaltela.pt\/noticias\/2026\/01\/31\/curdos-ha-seculos-lutam-por-um-estado-proprio\/\"]}]},{\"@type\":\"ImageObject\",\"inLanguage\":\"pt-PT\",\"@id\":\"https:\/\/portaltela.pt\/noticias\/2026\/01\/31\/curdos-ha-seculos-lutam-por-um-estado-proprio\/#primaryimage\",\"url\":\"https:\/\/portaltela.pt\/s.01k8rhncp4jt1\/2026\/01\/4101cfdcc32255acf17cb365dc9a8ae8be4ad-scaled.jpg\",\"contentUrl\":\"https:\/\/portaltela.pt\/s.01k8rhncp4jt1\/2026\/01\/4101cfdcc32255acf17cb365dc9a8ae8be4ad-scaled.jpg\",\"width\":2560,\"height\":1579,\"caption\":\"Photo\"},{\"@type\":\"BreadcrumbList\",\"@id\":\"https:\/\/portaltela.pt\/noticias\/2026\/01\/31\/curdos-ha-seculos-lutam-por-um-estado-proprio\/#breadcrumb\",\"itemListElement\":[{\"@type\":\"ListItem\",\"position\":1,\"name\":\"In\u00edcio\",\"item\":\"https:\/\/portaltela.pt\/\"},{\"@type\":\"ListItem\",\"position\":2,\"name\":\"Curdos h\u00e1 s\u00e9culos lutam por um estado pr\u00f3prio\"}]},{\"@type\":\"WebSite\",\"@id\":\"https:\/\/portaltela.pt\/#website\",\"url\":\"https:\/\/portaltela.pt\/\",\"name\":\"Portal Tela Portugal\",\"description\":\"\",\"potentialAction\":[{\"@type\":\"SearchAction\",\"target\":{\"@type\":\"EntryPoint\",\"urlTemplate\":\"https:\/\/portaltela.pt\/?s={search_term_string}\"},\"query-input\":{\"@type\":\"PropertyValueSpecification\",\"valueRequired\":true,\"valueName\":\"search_term_string\"}}],\"inLanguage\":\"pt-PT\"},{\"@type\":\"Person\",\"@id\":\"https:\/\/portaltela.pt\/#\/schema\/person\/c4278d4a6028830caff9ee44b42d32ed\",\"name\":\"Telinha\",\"image\":{\"@type\":\"ImageObject\",\"inLanguage\":\"pt-PT\",\"@id\":\"https:\/\/portaltela.pt\/s.01k8rhncp4jt1\/2025\/11\/talking-bot-125x125.png\",\"url\":\"https:\/\/portaltela.pt\/s.01k8rhncp4jt1\/2025\/11\/talking-bot-125x125.png\",\"contentUrl\":\"https:\/\/portaltela.pt\/s.01k8rhncp4jt1\/2025\/11\/talking-bot-125x125.png\",\"caption\":\"Telinha\"},\"sameAs\":[\"https:\/\/portaltela.pt\/\"],\"url\":\"https:\/\/portaltela.pt\/por\/367410592786\/\"}]}<\/script>\n<!-- \/ Yoast SEO plugin. -->","yoast_head_json":{"title":"Curdos h\u00e1 s\u00e9culos lutam por um estado pr\u00f3prio - Portal Tela Portugal","robots":{"index":"index","follow":"follow","max-snippet":"max-snippet:-1","max-image-preview":"max-image-preview:large","max-video-preview":"max-video-preview:-1"},"og_locale":"pt_PT","og_type":"article","og_title":"Curdos h\u00e1 s\u00e9culos lutam por um estado pr\u00f3prio - Portal Tela Portugal","og_description":"Os curdos s\u00e3o cerca de 45 milh\u00f5es de pessoas, distribu\u00eddas principalmente no sudeste da Turquia, C\u00e1ucaso, Azerbaij\u00e3o, Arm\u00e9nia, norte da S\u00edria e Iraque, com di\u00e1sporas na Alemanha, Su\u00e9cia e Holanda. A ambi\u00e7\u00e3o central \u00e9 ter um estado independente, mas, desde o fim do Imp\u00e9rio Otomano, as fronteiras criadas n\u00e3o lhes atribu\u00edram territ\u00f3rio pr\u00f3prio. Ao longo da hist\u00f3ria, os curdos enfrentaram repress\u00f5es em v\u00e1rios pa\u00edses e formaram movimentos como o PKK na Turquia; no Iraque criaram um estado \u201coficioso\u201d ap\u00f3s a ocupa\u00e7\u00e3o dos EUA e, na S\u00edria, participaram na luta contra o Daesh. O Daesh ajudou a mudar a configura\u00e7\u00e3o regional, com apoio dos EUA \u00e0s for\u00e7as curdas para combater o grupo; recentemente surgiram diverg\u00eancias sobre a autonomia e o papel dos curdos nos diferentes governos locais. No atual tabuleiro s\u00edrio, o l\u00edder s\u00edrio Ahmed al-Sharaa anunciou um cessar-fogo e a poss\u00edvel integra\u00e7\u00e3o do SDF nas for\u00e7as s\u00edrias, enquanto a interven\u00e7\u00e3o turca e a aus\u00eancia de garantias de independ\u00eancia dificultam avan\u00e7os curdos rumo a um estado pr\u00f3prio.","og_url":"https:\/\/portaltela.pt\/noticias\/2026\/01\/31\/curdos-ha-seculos-lutam-por-um-estado-proprio\/","og_site_name":"Portal Tela Portugal","article_published_time":"2026-01-31T19:04:00+00:00","author":"Telinha","twitter_card":"summary_large_image","twitter_misc":{"Escrito por":"Telinha","Tempo estimado de leitura":"2 minutos"},"schema":{"@context":"https:\/\/schema.org","@graph":[{"@type":"Article","@id":"https:\/\/portaltela.pt\/noticias\/2026\/01\/31\/curdos-ha-seculos-lutam-por-um-estado-proprio\/#article","isPartOf":{"@id":"https:\/\/portaltela.pt\/noticias\/2026\/01\/31\/curdos-ha-seculos-lutam-por-um-estado-proprio\/"},"author":{"name":"Telinha","@id":"https:\/\/portaltela.pt\/#\/schema\/person\/c4278d4a6028830caff9ee44b42d32ed"},"headline":"Curdos h\u00e1 s\u00e9culos lutam por um estado pr\u00f3prio","datePublished":"2026-01-31T19:04:00+00:00","mainEntityOfPage":{"@id":"https:\/\/portaltela.pt\/noticias\/2026\/01\/31\/curdos-ha-seculos-lutam-por-um-estado-proprio\/"},"wordCount":362,"image":{"@id":"https:\/\/portaltela.pt\/noticias\/2026\/01\/31\/curdos-ha-seculos-lutam-por-um-estado-proprio\/#primaryimage"},"thumbnailUrl":"https:\/\/portaltela.pt\/s.01k8rhncp4jt1\/2026\/01\/4101cfdcc32255acf17cb365dc9a8ae8be4ad-scaled.jpg","keywords":["autonomia regional","conflitos","Daesh","R\u00fassia","S\u00edria","Turquia"],"articleSection":["Internacional","Not\u00edcias"],"inLanguage":"pt-PT"},{"@type":"WebPage","@id":"https:\/\/portaltela.pt\/noticias\/2026\/01\/31\/curdos-ha-seculos-lutam-por-um-estado-proprio\/","url":"https:\/\/portaltela.pt\/noticias\/2026\/01\/31\/curdos-ha-seculos-lutam-por-um-estado-proprio\/","name":"Curdos h\u00e1 s\u00e9culos lutam por um estado pr\u00f3prio - Portal Tela Portugal","isPartOf":{"@id":"https:\/\/portaltela.pt\/#website"},"primaryImageOfPage":{"@id":"https:\/\/portaltela.pt\/noticias\/2026\/01\/31\/curdos-ha-seculos-lutam-por-um-estado-proprio\/#primaryimage"},"image":{"@id":"https:\/\/portaltela.pt\/noticias\/2026\/01\/31\/curdos-ha-seculos-lutam-por-um-estado-proprio\/#primaryimage"},"thumbnailUrl":"https:\/\/portaltela.pt\/s.01k8rhncp4jt1\/2026\/01\/4101cfdcc32255acf17cb365dc9a8ae8be4ad-scaled.jpg","datePublished":"2026-01-31T19:04:00+00:00","author":{"@id":"https:\/\/portaltela.pt\/#\/schema\/person\/c4278d4a6028830caff9ee44b42d32ed"},"breadcrumb":{"@id":"https:\/\/portaltela.pt\/noticias\/2026\/01\/31\/curdos-ha-seculos-lutam-por-um-estado-proprio\/#breadcrumb"},"inLanguage":"pt-PT","potentialAction":[{"@type":"ReadAction","target":["https:\/\/portaltela.pt\/noticias\/2026\/01\/31\/curdos-ha-seculos-lutam-por-um-estado-proprio\/"]}]},{"@type":"ImageObject","inLanguage":"pt-PT","@id":"https:\/\/portaltela.pt\/noticias\/2026\/01\/31\/curdos-ha-seculos-lutam-por-um-estado-proprio\/#primaryimage","url":"https:\/\/portaltela.pt\/s.01k8rhncp4jt1\/2026\/01\/4101cfdcc32255acf17cb365dc9a8ae8be4ad-scaled.jpg","contentUrl":"https:\/\/portaltela.pt\/s.01k8rhncp4jt1\/2026\/01\/4101cfdcc32255acf17cb365dc9a8ae8be4ad-scaled.jpg","width":2560,"height":1579,"caption":"Photo"},{"@type":"BreadcrumbList","@id":"https:\/\/portaltela.pt\/noticias\/2026\/01\/31\/curdos-ha-seculos-lutam-por-um-estado-proprio\/#breadcrumb","itemListElement":[{"@type":"ListItem","position":1,"name":"In\u00edcio","item":"https:\/\/portaltela.pt\/"},{"@type":"ListItem","position":2,"name":"Curdos h\u00e1 s\u00e9culos lutam por um estado pr\u00f3prio"}]},{"@type":"WebSite","@id":"https:\/\/portaltela.pt\/#website","url":"https:\/\/portaltela.pt\/","name":"Portal Tela Portugal","description":"","potentialAction":[{"@type":"SearchAction","target":{"@type":"EntryPoint","urlTemplate":"https:\/\/portaltela.pt\/?s={search_term_string}"},"query-input":{"@type":"PropertyValueSpecification","valueRequired":true,"valueName":"search_term_string"}}],"inLanguage":"pt-PT"},{"@type":"Person","@id":"https:\/\/portaltela.pt\/#\/schema\/person\/c4278d4a6028830caff9ee44b42d32ed","name":"Telinha","image":{"@type":"ImageObject","inLanguage":"pt-PT","@id":"https:\/\/portaltela.pt\/s.01k8rhncp4jt1\/2025\/11\/talking-bot-125x125.png","url":"https:\/\/portaltela.pt\/s.01k8rhncp4jt1\/2025\/11\/talking-bot-125x125.png","contentUrl":"https:\/\/portaltela.pt\/s.01k8rhncp4jt1\/2025\/11\/talking-bot-125x125.png","caption":"Telinha"},"sameAs":["https:\/\/portaltela.pt\/"],"url":"https:\/\/portaltela.pt\/por\/367410592786\/"}]}},"_links":{"self":[{"href":"https:\/\/portaltela.pt\/api\/wp\/v2\/posts\/187358","targetHints":{"allow":["GET"]}}],"collection":[{"href":"https:\/\/portaltela.pt\/api\/wp\/v2\/posts"}],"about":[{"href":"https:\/\/portaltela.pt\/api\/wp\/v2\/types\/post"}],"author":[{"embeddable":true,"href":"https:\/\/portaltela.pt\/api\/wp\/v2\/users\/2"}],"replies":[{"embeddable":true,"href":"https:\/\/portaltela.pt\/api\/wp\/v2\/comments?post=187358"}],"version-history":[{"count":0,"href":"https:\/\/portaltela.pt\/api\/wp\/v2\/posts\/187358\/revisions"}],"wp:featuredmedia":[{"embeddable":true,"href":"https:\/\/portaltela.pt\/api\/wp\/v2\/media\/187366"}],"wp:attachment":[{"href":"https:\/\/portaltela.pt\/api\/wp\/v2\/media?parent=187358"}],"wp:term":[{"taxonomy":"category","embeddable":true,"href":"https:\/\/portaltela.pt\/api\/wp\/v2\/categories?post=187358"},{"taxonomy":"post_tag","embeddable":true,"href":"https:\/\/portaltela.pt\/api\/wp\/v2\/tags?post=187358"}],"curies":[{"name":"wp","href":"https:\/\/api.w.org\/{rel}","templated":true}]}}