{"id":187343,"date":"2026-01-31T15:36:59","date_gmt":"2026-01-31T18:36:59","guid":{"rendered":"https:\/\/portaltela.pt\/noticias\/2026\/01\/31\/recolha-solidaria-em-penacova-apoia-vitimas-da-tempestade-kristin-em-leiria\/"},"modified":"2026-01-31T15:36:59","modified_gmt":"2026-01-31T18:36:59","slug":"recolha-solidaria-em-penacova-apoia-vitimas-da-tempestade-kristin-em-leiria","status":"publish","type":"post","link":"https:\/\/portaltela.pt\/noticias\/2026\/01\/31\/recolha-solidaria-em-penacova-apoia-vitimas-da-tempestade-kristin-em-leiria\/","title":{"rendered":"Recolha solid\u00e1ria em Penacova apoia v\u00edtimas da Tempestade Kristin em Leiria"},"content":{"rendered":"<p>A recolha solid\u00e1ria promovida em Penacova visa apoiar as popula\u00e7\u00f5es da zona de Leiria afetadas pela Tempestade Kristin. A iniciativa solicita \u00e0 comunidade local donativos que atendam \u00e0s necessidades mais urgentes das fam\u00edlias atingidas pelo mau tempo.<\/p>\n<p>Segundo a organiza\u00e7\u00e3o, a campanha pretende reunir alimentos n\u00e3o perec\u00edveis, bens de apoio \u00e0 reconstru\u00e7\u00e3o e materiais para limpeza. Entre os itens solicitados constam arroz, massa, enlatados, azeite, leite, papas infantis, bolachas, cereais, higiene pessoal, fraldas, toalhitas, mantas, cobertores, roupas, lonas, pl\u00e1sticos e oleados.<\/p>\n<p>No que toca a materiais para constru\u00e7\u00e3o e limpeza, a lista inclui telhas, silicones, areia, cimento, outros materiais de constru\u00e7\u00e3o, luvas, telas de impermeabiliza\u00e7\u00e3o, coletes refletores, ferramentas, vassouras e p\u00e1s. A organiza\u00e7\u00e3o divide as entregas por tipo de artigo.<\/p>\n<p>As doa\u00e7\u00f5es de alimentos e bens essenciais podem ser entregues na Junta de Freguesia de Carvalho, amanh\u00e3 ou mediante contacto pr\u00e9vio com a organiza\u00e7\u00e3o. Os materiais de constru\u00e7\u00e3o e limpeza devem ser entregues ap\u00f3s contacto com a coordena\u00e7\u00e3o da campanha.<\/p>\n<h3>Recolha e log\u00edstica<\/h3>\n<p>A campanha refor\u00e7a a import\u00e2ncia da participa\u00e7\u00e3o c\u00edvica neste momento. A ajuda de cada cidad\u00e3o \u00e9 apresentada como contributo para a recupera\u00e7\u00e3o das zonas afetadas pela intemp\u00e9rie Kristin. A organiza\u00e7\u00e3o detalha os passos para facilitar a entrega conforme o tipo de item.<\/p>\n","protected":false},"excerpt":{"rendered":"<ul>\n<li>Recolha solid\u00e1ria em Penacova visa apoiar as popula\u00e7\u00f5es afetadas pela passagem da Tempestade Kristin na zona de Leiria.<\/li>\n<li>A campanha pede doa\u00e7\u00f5es de alimentos n\u00e3o perec\u00edveis, bens essenciais e materiais de apoio \u00e0 reconstru\u00e7\u00e3o e \u00e0 limpeza.<\/li>\n<li>Itens solicitados incluem arroz, massa, enlatados, azeite, leite, papas infantis, mantas, roupas, lonas, fraldas, toiletries e produtos de higiene pessoal.<\/li>\n<li>Alimentos e bens podem ser entregues na Junta de Freguesia de Carvalho amanh\u00e3, ou ap\u00f3s contacto pr\u00e9vio com a organiza\u00e7\u00e3o.<\/li>\n<li>Materiais de constru\u00e7\u00e3o e limpeza devem ser entregues mediante contacto com a organiza\u00e7\u00e3o da recolha.<\/li>\n<\/ul>\n","protected":false},"author":2,"featured_media":187355,"comment_status":"closed","ping_status":"closed","sticky":false,"template":"","format":"standard","meta":{"footnotes":""},"categories":[1],"tags":[1084,4818,620,3123,1385,2077],"class_list":["post-187343","post","type-post","status-publish","format-standard","has-post-thumbnail","hentry","category-noticias","tag-acao-social","tag-apoio-as-catastrofes-naturais","tag-doacao","tag-doacoes","tag-leiria","tag-penacova"],"yoast_head":"<!-- This site is optimized with the Yoast SEO plugin v27.2 - https:\/\/yoast.com\/product\/yoast-seo-wordpress\/ -->\n<title>Recolha solid\u00e1ria em Penacova apoia v\u00edtimas da Tempestade Kristin em Leiria - Portal Tela Portugal<\/title>\n<meta name=\"robots\" content=\"index, follow, max-snippet:-1, max-image-preview:large, max-video-preview:-1\" \/>\n<meta property=\"og:locale\" content=\"pt_PT\" \/>\n<meta property=\"og:type\" content=\"article\" \/>\n<meta property=\"og:title\" content=\"Recolha solid\u00e1ria em Penacova apoia v\u00edtimas da Tempestade Kristin em Leiria - Portal Tela Portugal\" \/>\n<meta property=\"og:description\" content=\"Recolha solid\u00e1ria em Penacova visa apoiar as popula\u00e7\u00f5es afetadas pela passagem da Tempestade Kristin na zona de Leiria. A campanha pede doa\u00e7\u00f5es de alimentos n\u00e3o perec\u00edveis, bens essenciais e materiais de apoio \u00e0 reconstru\u00e7\u00e3o e \u00e0 limpeza. Itens solicitados incluem arroz, massa, enlatados, azeite, leite, papas infantis, mantas, roupas, lonas, fraldas, toiletries e produtos de higiene pessoal. Alimentos e bens podem ser entregues na Junta de Freguesia de Carvalho amanh\u00e3, ou ap\u00f3s contacto pr\u00e9vio com a organiza\u00e7\u00e3o. Materiais de constru\u00e7\u00e3o e limpeza devem ser entregues mediante contacto com a organiza\u00e7\u00e3o da recolha.\" \/>\n<meta property=\"og:url\" content=\"https:\/\/portaltela.pt\/noticias\/2026\/01\/31\/recolha-solidaria-em-penacova-apoia-vitimas-da-tempestade-kristin-em-leiria\/\" \/>\n<meta property=\"og:site_name\" content=\"Portal Tela Portugal\" \/>\n<meta property=\"article:published_time\" content=\"2026-01-31T18:36:59+00:00\" \/>\n<meta name=\"author\" content=\"Telinha\" \/>\n<meta name=\"twitter:card\" content=\"summary_large_image\" \/>\n<meta name=\"twitter:label1\" content=\"Escrito por\" \/>\n\t<meta name=\"twitter:data1\" content=\"Telinha\" \/>\n\t<meta name=\"twitter:label2\" content=\"Tempo estimado de leitura\" \/>\n\t<meta name=\"twitter:data2\" content=\"1 minuto\" \/>\n<script type=\"application\/ld+json\" class=\"yoast-schema-graph\">{\"@context\":\"https:\/\/schema.org\",\"@graph\":[{\"@type\":\"Article\",\"@id\":\"https:\/\/portaltela.pt\/noticias\/2026\/01\/31\/recolha-solidaria-em-penacova-apoia-vitimas-da-tempestade-kristin-em-leiria\/#article\",\"isPartOf\":{\"@id\":\"https:\/\/portaltela.pt\/noticias\/2026\/01\/31\/recolha-solidaria-em-penacova-apoia-vitimas-da-tempestade-kristin-em-leiria\/\"},\"author\":{\"name\":\"Telinha\",\"@id\":\"https:\/\/portaltela.pt\/#\/schema\/person\/c4278d4a6028830caff9ee44b42d32ed\"},\"headline\":\"Recolha solid\u00e1ria em Penacova apoia v\u00edtimas da Tempestade Kristin em Leiria\",\"datePublished\":\"2026-01-31T18:36:59+00:00\",\"mainEntityOfPage\":{\"@id\":\"https:\/\/portaltela.pt\/noticias\/2026\/01\/31\/recolha-solidaria-em-penacova-apoia-vitimas-da-tempestade-kristin-em-leiria\/\"},\"wordCount\":243,\"image\":{\"@id\":\"https:\/\/portaltela.pt\/noticias\/2026\/01\/31\/recolha-solidaria-em-penacova-apoia-vitimas-da-tempestade-kristin-em-leiria\/#primaryimage\"},\"thumbnailUrl\":\"https:\/\/portaltela.pt\/s.01k8rhncp4jt1\/2026\/01\/unnamed-file-6371.jpg\",\"keywords\":[\"A\u00e7\u00e3o Social\",\"Apoio \u00e0s Cat\u00e1strofes Naturais\",\"doa\u00e7\u00e3o\",\"doa\u00e7\u00f5es\",\"Leiria\",\"Penacova\"],\"articleSection\":[\"Not\u00edcias\"],\"inLanguage\":\"pt-PT\"},{\"@type\":\"WebPage\",\"@id\":\"https:\/\/portaltela.pt\/noticias\/2026\/01\/31\/recolha-solidaria-em-penacova-apoia-vitimas-da-tempestade-kristin-em-leiria\/\",\"url\":\"https:\/\/portaltela.pt\/noticias\/2026\/01\/31\/recolha-solidaria-em-penacova-apoia-vitimas-da-tempestade-kristin-em-leiria\/\",\"name\":\"Recolha solid\u00e1ria em Penacova apoia v\u00edtimas da Tempestade Kristin em Leiria - Portal Tela Portugal\",\"isPartOf\":{\"@id\":\"https:\/\/portaltela.pt\/#website\"},\"primaryImageOfPage\":{\"@id\":\"https:\/\/portaltela.pt\/noticias\/2026\/01\/31\/recolha-solidaria-em-penacova-apoia-vitimas-da-tempestade-kristin-em-leiria\/#primaryimage\"},\"image\":{\"@id\":\"https:\/\/portaltela.pt\/noticias\/2026\/01\/31\/recolha-solidaria-em-penacova-apoia-vitimas-da-tempestade-kristin-em-leiria\/#primaryimage\"},\"thumbnailUrl\":\"https:\/\/portaltela.pt\/s.01k8rhncp4jt1\/2026\/01\/unnamed-file-6371.jpg\",\"datePublished\":\"2026-01-31T18:36:59+00:00\",\"author\":{\"@id\":\"https:\/\/portaltela.pt\/#\/schema\/person\/c4278d4a6028830caff9ee44b42d32ed\"},\"breadcrumb\":{\"@id\":\"https:\/\/portaltela.pt\/noticias\/2026\/01\/31\/recolha-solidaria-em-penacova-apoia-vitimas-da-tempestade-kristin-em-leiria\/#breadcrumb\"},\"inLanguage\":\"pt-PT\",\"potentialAction\":[{\"@type\":\"ReadAction\",\"target\":[\"https:\/\/portaltela.pt\/noticias\/2026\/01\/31\/recolha-solidaria-em-penacova-apoia-vitimas-da-tempestade-kristin-em-leiria\/\"]}]},{\"@type\":\"ImageObject\",\"inLanguage\":\"pt-PT\",\"@id\":\"https:\/\/portaltela.pt\/noticias\/2026\/01\/31\/recolha-solidaria-em-penacova-apoia-vitimas-da-tempestade-kristin-em-leiria\/#primaryimage\",\"url\":\"https:\/\/portaltela.pt\/s.01k8rhncp4jt1\/2026\/01\/unnamed-file-6371.jpg\",\"contentUrl\":\"https:\/\/portaltela.pt\/s.01k8rhncp4jt1\/2026\/01\/unnamed-file-6371.jpg\",\"width\":796,\"height\":448,\"caption\":\"Recolha solid\u00e1ria em Penacova apoia v\u00edtimas da Tempestade Kristin na zona de Leiria\"},{\"@type\":\"BreadcrumbList\",\"@id\":\"https:\/\/portaltela.pt\/noticias\/2026\/01\/31\/recolha-solidaria-em-penacova-apoia-vitimas-da-tempestade-kristin-em-leiria\/#breadcrumb\",\"itemListElement\":[{\"@type\":\"ListItem\",\"position\":1,\"name\":\"In\u00edcio\",\"item\":\"https:\/\/portaltela.pt\/\"},{\"@type\":\"ListItem\",\"position\":2,\"name\":\"Recolha solid\u00e1ria em Penacova apoia v\u00edtimas da Tempestade Kristin em Leiria\"}]},{\"@type\":\"WebSite\",\"@id\":\"https:\/\/portaltela.pt\/#website\",\"url\":\"https:\/\/portaltela.pt\/\",\"name\":\"Portal Tela Portugal\",\"description\":\"\",\"potentialAction\":[{\"@type\":\"SearchAction\",\"target\":{\"@type\":\"EntryPoint\",\"urlTemplate\":\"https:\/\/portaltela.pt\/?s={search_term_string}\"},\"query-input\":{\"@type\":\"PropertyValueSpecification\",\"valueRequired\":true,\"valueName\":\"search_term_string\"}}],\"inLanguage\":\"pt-PT\"},{\"@type\":\"Person\",\"@id\":\"https:\/\/portaltela.pt\/#\/schema\/person\/c4278d4a6028830caff9ee44b42d32ed\",\"name\":\"Telinha\",\"image\":{\"@type\":\"ImageObject\",\"inLanguage\":\"pt-PT\",\"@id\":\"https:\/\/portaltela.pt\/s.01k8rhncp4jt1\/2025\/11\/talking-bot-125x125.png\",\"url\":\"https:\/\/portaltela.pt\/s.01k8rhncp4jt1\/2025\/11\/talking-bot-125x125.png\",\"contentUrl\":\"https:\/\/portaltela.pt\/s.01k8rhncp4jt1\/2025\/11\/talking-bot-125x125.png\",\"caption\":\"Telinha\"},\"sameAs\":[\"https:\/\/portaltela.pt\/\"],\"url\":\"https:\/\/portaltela.pt\/por\/367410592786\/\"}]}<\/script>\n<!-- \/ Yoast SEO plugin. -->","yoast_head_json":{"title":"Recolha solid\u00e1ria em Penacova apoia v\u00edtimas da Tempestade Kristin em Leiria - Portal Tela Portugal","robots":{"index":"index","follow":"follow","max-snippet":"max-snippet:-1","max-image-preview":"max-image-preview:large","max-video-preview":"max-video-preview:-1"},"og_locale":"pt_PT","og_type":"article","og_title":"Recolha solid\u00e1ria em Penacova apoia v\u00edtimas da Tempestade Kristin em Leiria - Portal Tela Portugal","og_description":"Recolha solid\u00e1ria em Penacova visa apoiar as popula\u00e7\u00f5es afetadas pela passagem da Tempestade Kristin na zona de Leiria. A campanha pede doa\u00e7\u00f5es de alimentos n\u00e3o perec\u00edveis, bens essenciais e materiais de apoio \u00e0 reconstru\u00e7\u00e3o e \u00e0 limpeza. Itens solicitados incluem arroz, massa, enlatados, azeite, leite, papas infantis, mantas, roupas, lonas, fraldas, toiletries e produtos de higiene pessoal. Alimentos e bens podem ser entregues na Junta de Freguesia de Carvalho amanh\u00e3, ou ap\u00f3s contacto pr\u00e9vio com a organiza\u00e7\u00e3o. Materiais de constru\u00e7\u00e3o e limpeza devem ser entregues mediante contacto com a organiza\u00e7\u00e3o da recolha.","og_url":"https:\/\/portaltela.pt\/noticias\/2026\/01\/31\/recolha-solidaria-em-penacova-apoia-vitimas-da-tempestade-kristin-em-leiria\/","og_site_name":"Portal Tela Portugal","article_published_time":"2026-01-31T18:36:59+00:00","author":"Telinha","twitter_card":"summary_large_image","twitter_misc":{"Escrito por":"Telinha","Tempo estimado de leitura":"1 minuto"},"schema":{"@context":"https:\/\/schema.org","@graph":[{"@type":"Article","@id":"https:\/\/portaltela.pt\/noticias\/2026\/01\/31\/recolha-solidaria-em-penacova-apoia-vitimas-da-tempestade-kristin-em-leiria\/#article","isPartOf":{"@id":"https:\/\/portaltela.pt\/noticias\/2026\/01\/31\/recolha-solidaria-em-penacova-apoia-vitimas-da-tempestade-kristin-em-leiria\/"},"author":{"name":"Telinha","@id":"https:\/\/portaltela.pt\/#\/schema\/person\/c4278d4a6028830caff9ee44b42d32ed"},"headline":"Recolha solid\u00e1ria em Penacova apoia v\u00edtimas da Tempestade Kristin em Leiria","datePublished":"2026-01-31T18:36:59+00:00","mainEntityOfPage":{"@id":"https:\/\/portaltela.pt\/noticias\/2026\/01\/31\/recolha-solidaria-em-penacova-apoia-vitimas-da-tempestade-kristin-em-leiria\/"},"wordCount":243,"image":{"@id":"https:\/\/portaltela.pt\/noticias\/2026\/01\/31\/recolha-solidaria-em-penacova-apoia-vitimas-da-tempestade-kristin-em-leiria\/#primaryimage"},"thumbnailUrl":"https:\/\/portaltela.pt\/s.01k8rhncp4jt1\/2026\/01\/unnamed-file-6371.jpg","keywords":["A\u00e7\u00e3o Social","Apoio \u00e0s Cat\u00e1strofes Naturais","doa\u00e7\u00e3o","doa\u00e7\u00f5es","Leiria","Penacova"],"articleSection":["Not\u00edcias"],"inLanguage":"pt-PT"},{"@type":"WebPage","@id":"https:\/\/portaltela.pt\/noticias\/2026\/01\/31\/recolha-solidaria-em-penacova-apoia-vitimas-da-tempestade-kristin-em-leiria\/","url":"https:\/\/portaltela.pt\/noticias\/2026\/01\/31\/recolha-solidaria-em-penacova-apoia-vitimas-da-tempestade-kristin-em-leiria\/","name":"Recolha solid\u00e1ria em Penacova apoia v\u00edtimas da Tempestade Kristin em Leiria - Portal Tela Portugal","isPartOf":{"@id":"https:\/\/portaltela.pt\/#website"},"primaryImageOfPage":{"@id":"https:\/\/portaltela.pt\/noticias\/2026\/01\/31\/recolha-solidaria-em-penacova-apoia-vitimas-da-tempestade-kristin-em-leiria\/#primaryimage"},"image":{"@id":"https:\/\/portaltela.pt\/noticias\/2026\/01\/31\/recolha-solidaria-em-penacova-apoia-vitimas-da-tempestade-kristin-em-leiria\/#primaryimage"},"thumbnailUrl":"https:\/\/portaltela.pt\/s.01k8rhncp4jt1\/2026\/01\/unnamed-file-6371.jpg","datePublished":"2026-01-31T18:36:59+00:00","author":{"@id":"https:\/\/portaltela.pt\/#\/schema\/person\/c4278d4a6028830caff9ee44b42d32ed"},"breadcrumb":{"@id":"https:\/\/portaltela.pt\/noticias\/2026\/01\/31\/recolha-solidaria-em-penacova-apoia-vitimas-da-tempestade-kristin-em-leiria\/#breadcrumb"},"inLanguage":"pt-PT","potentialAction":[{"@type":"ReadAction","target":["https:\/\/portaltela.pt\/noticias\/2026\/01\/31\/recolha-solidaria-em-penacova-apoia-vitimas-da-tempestade-kristin-em-leiria\/"]}]},{"@type":"ImageObject","inLanguage":"pt-PT","@id":"https:\/\/portaltela.pt\/noticias\/2026\/01\/31\/recolha-solidaria-em-penacova-apoia-vitimas-da-tempestade-kristin-em-leiria\/#primaryimage","url":"https:\/\/portaltela.pt\/s.01k8rhncp4jt1\/2026\/01\/unnamed-file-6371.jpg","contentUrl":"https:\/\/portaltela.pt\/s.01k8rhncp4jt1\/2026\/01\/unnamed-file-6371.jpg","width":796,"height":448,"caption":"Recolha solid\u00e1ria em Penacova apoia v\u00edtimas da Tempestade Kristin na zona de Leiria"},{"@type":"BreadcrumbList","@id":"https:\/\/portaltela.pt\/noticias\/2026\/01\/31\/recolha-solidaria-em-penacova-apoia-vitimas-da-tempestade-kristin-em-leiria\/#breadcrumb","itemListElement":[{"@type":"ListItem","position":1,"name":"In\u00edcio","item":"https:\/\/portaltela.pt\/"},{"@type":"ListItem","position":2,"name":"Recolha solid\u00e1ria em Penacova apoia v\u00edtimas da Tempestade Kristin em Leiria"}]},{"@type":"WebSite","@id":"https:\/\/portaltela.pt\/#website","url":"https:\/\/portaltela.pt\/","name":"Portal Tela Portugal","description":"","potentialAction":[{"@type":"SearchAction","target":{"@type":"EntryPoint","urlTemplate":"https:\/\/portaltela.pt\/?s={search_term_string}"},"query-input":{"@type":"PropertyValueSpecification","valueRequired":true,"valueName":"search_term_string"}}],"inLanguage":"pt-PT"},{"@type":"Person","@id":"https:\/\/portaltela.pt\/#\/schema\/person\/c4278d4a6028830caff9ee44b42d32ed","name":"Telinha","image":{"@type":"ImageObject","inLanguage":"pt-PT","@id":"https:\/\/portaltela.pt\/s.01k8rhncp4jt1\/2025\/11\/talking-bot-125x125.png","url":"https:\/\/portaltela.pt\/s.01k8rhncp4jt1\/2025\/11\/talking-bot-125x125.png","contentUrl":"https:\/\/portaltela.pt\/s.01k8rhncp4jt1\/2025\/11\/talking-bot-125x125.png","caption":"Telinha"},"sameAs":["https:\/\/portaltela.pt\/"],"url":"https:\/\/portaltela.pt\/por\/367410592786\/"}]}},"_links":{"self":[{"href":"https:\/\/portaltela.pt\/api\/wp\/v2\/posts\/187343","targetHints":{"allow":["GET"]}}],"collection":[{"href":"https:\/\/portaltela.pt\/api\/wp\/v2\/posts"}],"about":[{"href":"https:\/\/portaltela.pt\/api\/wp\/v2\/types\/post"}],"author":[{"embeddable":true,"href":"https:\/\/portaltela.pt\/api\/wp\/v2\/users\/2"}],"replies":[{"embeddable":true,"href":"https:\/\/portaltela.pt\/api\/wp\/v2\/comments?post=187343"}],"version-history":[{"count":0,"href":"https:\/\/portaltela.pt\/api\/wp\/v2\/posts\/187343\/revisions"}],"wp:featuredmedia":[{"embeddable":true,"href":"https:\/\/portaltela.pt\/api\/wp\/v2\/media\/187355"}],"wp:attachment":[{"href":"https:\/\/portaltela.pt\/api\/wp\/v2\/media?parent=187343"}],"wp:term":[{"taxonomy":"category","embeddable":true,"href":"https:\/\/portaltela.pt\/api\/wp\/v2\/categories?post=187343"},{"taxonomy":"post_tag","embeddable":true,"href":"https:\/\/portaltela.pt\/api\/wp\/v2\/tags?post=187343"}],"curies":[{"name":"wp","href":"https:\/\/api.w.org\/{rel}","templated":true}]}}