{"id":187322,"date":"2026-01-31T15:39:06","date_gmt":"2026-01-31T18:39:06","guid":{"rendered":"https:\/\/portaltela.pt\/noticias\/2026\/01\/31\/locais-de-voto-antecipado-alterados-em-seis-municipios\/"},"modified":"2026-01-31T15:39:06","modified_gmt":"2026-01-31T18:39:06","slug":"locais-de-voto-antecipado-alterados-em-seis-municipios","status":"publish","type":"post","link":"https:\/\/portaltela.pt\/noticias\/politica\/2026\/01\/31\/locais-de-voto-antecipado-alterados-em-seis-municipios\/","title":{"rendered":"Locais de voto antecipado alterados em seis munic\u00edpios"},"content":{"rendered":"<p>A administra\u00e7\u00e3o eleitoral alterou, neste domingo, o local de voto antecipado em mobilidade em seis munic\u00edpios, devido aos efeitos da depress\u00e3o Kristin. A decis\u00e3o foi tomada por motivos de for\u00e7a maior, a pedido das respectivas c\u00e2maras municipais.<\/p>\n<p>A vota\u00e7\u00e3o decorre no segundo sufr\u00e1gio das elei\u00e7\u00f5es presidenciais, no dia 1 de fevereiro. Em Vieira do Minho, o novo local \u00e9 a sede da Junta de Freguesia (Antiga Casa do Povo). Em Alvai\u00e1zere, \u00e9 no quartel dos bombeiros volunt\u00e1rios.<\/p>\n<p>No munic\u00edpio de Leiria, o novo local \u00e9 a Escola Secund\u00e1ria Francisco Rodrigues Lobo. Em Torres Vedras, vota-se no Edif\u00edcio da C\u00e2mara Municipal. Alc\u00e1cer do Sal recebeu a mudan\u00e7a na sede da junta de freguesia (Santiago). Silves passa a decorrer no edif\u00edcio das piscinas municipais.<\/p>\n<p>Locais onde vota\u00e7\u00e3o ser\u00e1 realizada<\/p>\n<ul>\n<li>Vieira do Minho: Junta de Freguesia de Vieira do Minho (Antiga Casa do Povo)<\/li>\n<li>Alvai\u00e1zere: quartel dos bombeiros volunt\u00e1rios<\/li>\n<li>Leiria: Escola Secund\u00e1ria Francisco Rodrigues Lobo<\/li>\n<li>Torres Vedras: Edif\u00edcio da C\u00e2mara Municipal<\/li>\n<li>Alc\u00e1cer do Sal: sede da junta de freguesia (Santiago)<\/li>\n<li>Silves: edif\u00edcio das piscinas municipais<\/li>\n<\/ul>\n<p>Quem pode votar no domingo \u00e9 o eleitor recenseado que se inscreveu para exercer o direito neste dia. As inscri\u00e7\u00f5es ocorreram entre 25 e 29 de janeiro, com pelo menos uma mesa em cada regi\u00e3o do continente e das A\u00e7\u00f5es Aut\u00f3nomas. O duplicado da vinheta serve como comprovativo.<\/p>\n<p>Caso n\u00e3o consiga votar no dia, o direito pode ser exercido a 8 de fevereiro na mesa correspondente ao recenseamento. O recenseamento no estrangeiro n\u00e3o permite voto antecipado. Voto para doentes e presos segue regras espec\u00edficas, com recolha pelo Presidente da C\u00e2mara.<\/p>\n","protected":false},"excerpt":{"rendered":"<ul>\n<li>A vota\u00e7\u00e3o antecipada em mobilidade para o segundo sufr\u00e1gio mudou de local em seis munic\u00edpios por motivos de for\u00e7a maior devido \u00e0 depress\u00e3o Kristin, segundo a SGMAI.<\/li>\n<li>Locais alterados: Vieira do Minho (sede da Junta de Freguesia), Alvai\u00e1zere (quartel dos bombeiros), Leiria (Escola Secund\u00e1ria Francisco Rodrigues Lobo), Torres Vedras (Edif\u00edcio da C\u00e2mara Municipal), Alc\u00e1cer do Sal (sede da Junta de Freguesia) e Silves (edif\u00edcio das piscinas municipais).<\/li>\n<li>A vota\u00e7\u00e3o ocorre este domingo, 1 de fevereiro; as inscri\u00e7\u00f5es para votar nesse dia decorreram entre 25 e 29 de janeiro, e h\u00e1 pelo menos uma mesa em cada regi\u00e3o.<\/li>\n<li>Os eleitores devem dirigir-se ao munic\u00edpio indicado, apresentar o documento de identifica\u00e7\u00e3o, indicar a freguesia de inscri\u00e7\u00e3o e, ap\u00f3s votar, receber o duplicado da vinheta de seguran\u00e7a como comprovativo; caso n\u00e3o consigam votar, podem faz\u00ea-lo a 8 de fevereiro.<\/li>\n<li>Observa\u00e7\u00f5es adicionais: o voto antecipado n\u00e3o est\u00e1 aberto para recenseamento no estrangeiro; para eleitores presos ou internados, o voto decorre entre 2 e 3 de fevereiro com desloca\u00e7\u00e3o do presidente da C\u00e2mara; a segunda volta ser\u00e1 entre Ant\u00f3nio Jos\u00e9 Seguro e Andr\u00e9 Ventura.<\/li>\n<\/ul>\n","protected":false},"author":2,"featured_media":187340,"comment_status":"closed","ping_status":"closed","sticky":false,"template":"","format":"standard","meta":{"footnotes":""},"categories":[1,5],"tags":[1998,4941,1385,4588,1835,4965],"class_list":["post-187322","post","type-post","status-publish","format-standard","has-post-thumbnail","hentry","category-noticias","category-politica","tag-alcacer-do-sal","tag-alvaiazere","tag-leiria","tag-silves","tag-torres-vedras","tag-vieira-do-minho"],"yoast_head":"<!-- This site is optimized with the Yoast SEO plugin v27.2 - https:\/\/yoast.com\/product\/yoast-seo-wordpress\/ -->\n<title>Locais de voto antecipado alterados em seis munic\u00edpios - Portal Tela Portugal<\/title>\n<meta name=\"robots\" content=\"index, follow, max-snippet:-1, max-image-preview:large, max-video-preview:-1\" \/>\n<meta property=\"og:locale\" content=\"pt_PT\" \/>\n<meta property=\"og:type\" content=\"article\" \/>\n<meta property=\"og:title\" content=\"Locais de voto antecipado alterados em seis munic\u00edpios - Portal Tela Portugal\" \/>\n<meta property=\"og:description\" content=\"A vota\u00e7\u00e3o antecipada em mobilidade para o segundo sufr\u00e1gio mudou de local em seis munic\u00edpios por motivos de for\u00e7a maior devido \u00e0 depress\u00e3o Kristin, segundo a SGMAI. Locais alterados: Vieira do Minho (sede da Junta de Freguesia), Alvai\u00e1zere (quartel dos bombeiros), Leiria (Escola Secund\u00e1ria Francisco Rodrigues Lobo), Torres Vedras (Edif\u00edcio da C\u00e2mara Municipal), Alc\u00e1cer do Sal (sede da Junta de Freguesia) e Silves (edif\u00edcio das piscinas municipais). A vota\u00e7\u00e3o ocorre este domingo, 1 de fevereiro; as inscri\u00e7\u00f5es para votar nesse dia decorreram entre 25 e 29 de janeiro, e h\u00e1 pelo menos uma mesa em cada regi\u00e3o. Os eleitores devem dirigir-se ao munic\u00edpio indicado, apresentar o documento de identifica\u00e7\u00e3o, indicar a freguesia de inscri\u00e7\u00e3o e, ap\u00f3s votar, receber o duplicado da vinheta de seguran\u00e7a como comprovativo; caso n\u00e3o consigam votar, podem faz\u00ea-lo a 8 de fevereiro. Observa\u00e7\u00f5es adicionais: o voto antecipado n\u00e3o est\u00e1 aberto para recenseamento no estrangeiro; para eleitores presos ou internados, o voto decorre entre 2 e 3 de fevereiro com desloca\u00e7\u00e3o do presidente da C\u00e2mara; a segunda volta ser\u00e1 entre Ant\u00f3nio Jos\u00e9 Seguro e Andr\u00e9 Ventura.\" \/>\n<meta property=\"og:url\" content=\"https:\/\/portaltela.pt\/noticias\/2026\/01\/31\/locais-de-voto-antecipado-alterados-em-seis-municipios\/\" \/>\n<meta property=\"og:site_name\" content=\"Portal Tela Portugal\" \/>\n<meta property=\"article:published_time\" content=\"2026-01-31T18:39:06+00:00\" \/>\n<meta name=\"author\" content=\"Telinha\" \/>\n<meta name=\"twitter:card\" content=\"summary_large_image\" \/>\n<meta name=\"twitter:label1\" content=\"Escrito por\" \/>\n\t<meta name=\"twitter:data1\" content=\"Telinha\" \/>\n\t<meta name=\"twitter:label2\" content=\"Tempo estimado de leitura\" \/>\n\t<meta name=\"twitter:data2\" content=\"1 minuto\" \/>\n<script type=\"application\/ld+json\" class=\"yoast-schema-graph\">{\"@context\":\"https:\/\/schema.org\",\"@graph\":[{\"@type\":\"Article\",\"@id\":\"https:\/\/portaltela.pt\/noticias\/2026\/01\/31\/locais-de-voto-antecipado-alterados-em-seis-municipios\/#article\",\"isPartOf\":{\"@id\":\"https:\/\/portaltela.pt\/noticias\/2026\/01\/31\/locais-de-voto-antecipado-alterados-em-seis-municipios\/\"},\"author\":{\"name\":\"Telinha\",\"@id\":\"https:\/\/portaltela.pt\/#\/schema\/person\/c4278d4a6028830caff9ee44b42d32ed\"},\"headline\":\"Locais de voto antecipado alterados em seis munic\u00edpios\",\"datePublished\":\"2026-01-31T18:39:06+00:00\",\"mainEntityOfPage\":{\"@id\":\"https:\/\/portaltela.pt\/noticias\/2026\/01\/31\/locais-de-voto-antecipado-alterados-em-seis-municipios\/\"},\"wordCount\":297,\"image\":{\"@id\":\"https:\/\/portaltela.pt\/noticias\/2026\/01\/31\/locais-de-voto-antecipado-alterados-em-seis-municipios\/#primaryimage\"},\"thumbnailUrl\":\"https:\/\/portaltela.pt\/s.01k8rhncp4jt1\/2026\/01\/unnamed-file-6368.jpg\",\"keywords\":[\"Alc\u00e1cer do Sal\",\"Alvai\u00e1zere\",\"Leiria\",\"Silves\",\"Torres Vedras\",\"Vieira do Minho\"],\"articleSection\":[\"Not\u00edcias\",\"Pol\u00edtica\"],\"inLanguage\":\"pt-PT\"},{\"@type\":\"WebPage\",\"@id\":\"https:\/\/portaltela.pt\/noticias\/2026\/01\/31\/locais-de-voto-antecipado-alterados-em-seis-municipios\/\",\"url\":\"https:\/\/portaltela.pt\/noticias\/2026\/01\/31\/locais-de-voto-antecipado-alterados-em-seis-municipios\/\",\"name\":\"Locais de voto antecipado alterados em seis munic\u00edpios - Portal Tela Portugal\",\"isPartOf\":{\"@id\":\"https:\/\/portaltela.pt\/#website\"},\"primaryImageOfPage\":{\"@id\":\"https:\/\/portaltela.pt\/noticias\/2026\/01\/31\/locais-de-voto-antecipado-alterados-em-seis-municipios\/#primaryimage\"},\"image\":{\"@id\":\"https:\/\/portaltela.pt\/noticias\/2026\/01\/31\/locais-de-voto-antecipado-alterados-em-seis-municipios\/#primaryimage\"},\"thumbnailUrl\":\"https:\/\/portaltela.pt\/s.01k8rhncp4jt1\/2026\/01\/unnamed-file-6368.jpg\",\"datePublished\":\"2026-01-31T18:39:06+00:00\",\"author\":{\"@id\":\"https:\/\/portaltela.pt\/#\/schema\/person\/c4278d4a6028830caff9ee44b42d32ed\"},\"breadcrumb\":{\"@id\":\"https:\/\/portaltela.pt\/noticias\/2026\/01\/31\/locais-de-voto-antecipado-alterados-em-seis-municipios\/#breadcrumb\"},\"inLanguage\":\"pt-PT\",\"potentialAction\":[{\"@type\":\"ReadAction\",\"target\":[\"https:\/\/portaltela.pt\/noticias\/2026\/01\/31\/locais-de-voto-antecipado-alterados-em-seis-municipios\/\"]}]},{\"@type\":\"ImageObject\",\"inLanguage\":\"pt-PT\",\"@id\":\"https:\/\/portaltela.pt\/noticias\/2026\/01\/31\/locais-de-voto-antecipado-alterados-em-seis-municipios\/#primaryimage\",\"url\":\"https:\/\/portaltela.pt\/s.01k8rhncp4jt1\/2026\/01\/unnamed-file-6368.jpg\",\"contentUrl\":\"https:\/\/portaltela.pt\/s.01k8rhncp4jt1\/2026\/01\/unnamed-file-6368.jpg\",\"width\":796,\"height\":448,\"caption\":\"Local de voto antecipado alterado em seis munic\u00edpios\"},{\"@type\":\"BreadcrumbList\",\"@id\":\"https:\/\/portaltela.pt\/noticias\/2026\/01\/31\/locais-de-voto-antecipado-alterados-em-seis-municipios\/#breadcrumb\",\"itemListElement\":[{\"@type\":\"ListItem\",\"position\":1,\"name\":\"In\u00edcio\",\"item\":\"https:\/\/portaltela.pt\/\"},{\"@type\":\"ListItem\",\"position\":2,\"name\":\"Locais de voto antecipado alterados em seis munic\u00edpios\"}]},{\"@type\":\"WebSite\",\"@id\":\"https:\/\/portaltela.pt\/#website\",\"url\":\"https:\/\/portaltela.pt\/\",\"name\":\"Portal Tela Portugal\",\"description\":\"\",\"potentialAction\":[{\"@type\":\"SearchAction\",\"target\":{\"@type\":\"EntryPoint\",\"urlTemplate\":\"https:\/\/portaltela.pt\/?s={search_term_string}\"},\"query-input\":{\"@type\":\"PropertyValueSpecification\",\"valueRequired\":true,\"valueName\":\"search_term_string\"}}],\"inLanguage\":\"pt-PT\"},{\"@type\":\"Person\",\"@id\":\"https:\/\/portaltela.pt\/#\/schema\/person\/c4278d4a6028830caff9ee44b42d32ed\",\"name\":\"Telinha\",\"image\":{\"@type\":\"ImageObject\",\"inLanguage\":\"pt-PT\",\"@id\":\"https:\/\/portaltela.pt\/s.01k8rhncp4jt1\/2025\/11\/talking-bot-125x125.png\",\"url\":\"https:\/\/portaltela.pt\/s.01k8rhncp4jt1\/2025\/11\/talking-bot-125x125.png\",\"contentUrl\":\"https:\/\/portaltela.pt\/s.01k8rhncp4jt1\/2025\/11\/talking-bot-125x125.png\",\"caption\":\"Telinha\"},\"sameAs\":[\"https:\/\/portaltela.pt\/\"],\"url\":\"https:\/\/portaltela.pt\/por\/367410592786\/\"}]}<\/script>\n<!-- \/ Yoast SEO plugin. -->","yoast_head_json":{"title":"Locais de voto antecipado alterados em seis munic\u00edpios - Portal Tela Portugal","robots":{"index":"index","follow":"follow","max-snippet":"max-snippet:-1","max-image-preview":"max-image-preview:large","max-video-preview":"max-video-preview:-1"},"og_locale":"pt_PT","og_type":"article","og_title":"Locais de voto antecipado alterados em seis munic\u00edpios - Portal Tela Portugal","og_description":"A vota\u00e7\u00e3o antecipada em mobilidade para o segundo sufr\u00e1gio mudou de local em seis munic\u00edpios por motivos de for\u00e7a maior devido \u00e0 depress\u00e3o Kristin, segundo a SGMAI. Locais alterados: Vieira do Minho (sede da Junta de Freguesia), Alvai\u00e1zere (quartel dos bombeiros), Leiria (Escola Secund\u00e1ria Francisco Rodrigues Lobo), Torres Vedras (Edif\u00edcio da C\u00e2mara Municipal), Alc\u00e1cer do Sal (sede da Junta de Freguesia) e Silves (edif\u00edcio das piscinas municipais). A vota\u00e7\u00e3o ocorre este domingo, 1 de fevereiro; as inscri\u00e7\u00f5es para votar nesse dia decorreram entre 25 e 29 de janeiro, e h\u00e1 pelo menos uma mesa em cada regi\u00e3o. Os eleitores devem dirigir-se ao munic\u00edpio indicado, apresentar o documento de identifica\u00e7\u00e3o, indicar a freguesia de inscri\u00e7\u00e3o e, ap\u00f3s votar, receber o duplicado da vinheta de seguran\u00e7a como comprovativo; caso n\u00e3o consigam votar, podem faz\u00ea-lo a 8 de fevereiro. Observa\u00e7\u00f5es adicionais: o voto antecipado n\u00e3o est\u00e1 aberto para recenseamento no estrangeiro; para eleitores presos ou internados, o voto decorre entre 2 e 3 de fevereiro com desloca\u00e7\u00e3o do presidente da C\u00e2mara; a segunda volta ser\u00e1 entre Ant\u00f3nio Jos\u00e9 Seguro e Andr\u00e9 Ventura.","og_url":"https:\/\/portaltela.pt\/noticias\/2026\/01\/31\/locais-de-voto-antecipado-alterados-em-seis-municipios\/","og_site_name":"Portal Tela Portugal","article_published_time":"2026-01-31T18:39:06+00:00","author":"Telinha","twitter_card":"summary_large_image","twitter_misc":{"Escrito por":"Telinha","Tempo estimado de leitura":"1 minuto"},"schema":{"@context":"https:\/\/schema.org","@graph":[{"@type":"Article","@id":"https:\/\/portaltela.pt\/noticias\/2026\/01\/31\/locais-de-voto-antecipado-alterados-em-seis-municipios\/#article","isPartOf":{"@id":"https:\/\/portaltela.pt\/noticias\/2026\/01\/31\/locais-de-voto-antecipado-alterados-em-seis-municipios\/"},"author":{"name":"Telinha","@id":"https:\/\/portaltela.pt\/#\/schema\/person\/c4278d4a6028830caff9ee44b42d32ed"},"headline":"Locais de voto antecipado alterados em seis munic\u00edpios","datePublished":"2026-01-31T18:39:06+00:00","mainEntityOfPage":{"@id":"https:\/\/portaltela.pt\/noticias\/2026\/01\/31\/locais-de-voto-antecipado-alterados-em-seis-municipios\/"},"wordCount":297,"image":{"@id":"https:\/\/portaltela.pt\/noticias\/2026\/01\/31\/locais-de-voto-antecipado-alterados-em-seis-municipios\/#primaryimage"},"thumbnailUrl":"https:\/\/portaltela.pt\/s.01k8rhncp4jt1\/2026\/01\/unnamed-file-6368.jpg","keywords":["Alc\u00e1cer do Sal","Alvai\u00e1zere","Leiria","Silves","Torres Vedras","Vieira do Minho"],"articleSection":["Not\u00edcias","Pol\u00edtica"],"inLanguage":"pt-PT"},{"@type":"WebPage","@id":"https:\/\/portaltela.pt\/noticias\/2026\/01\/31\/locais-de-voto-antecipado-alterados-em-seis-municipios\/","url":"https:\/\/portaltela.pt\/noticias\/2026\/01\/31\/locais-de-voto-antecipado-alterados-em-seis-municipios\/","name":"Locais de voto antecipado alterados em seis munic\u00edpios - Portal Tela Portugal","isPartOf":{"@id":"https:\/\/portaltela.pt\/#website"},"primaryImageOfPage":{"@id":"https:\/\/portaltela.pt\/noticias\/2026\/01\/31\/locais-de-voto-antecipado-alterados-em-seis-municipios\/#primaryimage"},"image":{"@id":"https:\/\/portaltela.pt\/noticias\/2026\/01\/31\/locais-de-voto-antecipado-alterados-em-seis-municipios\/#primaryimage"},"thumbnailUrl":"https:\/\/portaltela.pt\/s.01k8rhncp4jt1\/2026\/01\/unnamed-file-6368.jpg","datePublished":"2026-01-31T18:39:06+00:00","author":{"@id":"https:\/\/portaltela.pt\/#\/schema\/person\/c4278d4a6028830caff9ee44b42d32ed"},"breadcrumb":{"@id":"https:\/\/portaltela.pt\/noticias\/2026\/01\/31\/locais-de-voto-antecipado-alterados-em-seis-municipios\/#breadcrumb"},"inLanguage":"pt-PT","potentialAction":[{"@type":"ReadAction","target":["https:\/\/portaltela.pt\/noticias\/2026\/01\/31\/locais-de-voto-antecipado-alterados-em-seis-municipios\/"]}]},{"@type":"ImageObject","inLanguage":"pt-PT","@id":"https:\/\/portaltela.pt\/noticias\/2026\/01\/31\/locais-de-voto-antecipado-alterados-em-seis-municipios\/#primaryimage","url":"https:\/\/portaltela.pt\/s.01k8rhncp4jt1\/2026\/01\/unnamed-file-6368.jpg","contentUrl":"https:\/\/portaltela.pt\/s.01k8rhncp4jt1\/2026\/01\/unnamed-file-6368.jpg","width":796,"height":448,"caption":"Local de voto antecipado alterado em seis munic\u00edpios"},{"@type":"BreadcrumbList","@id":"https:\/\/portaltela.pt\/noticias\/2026\/01\/31\/locais-de-voto-antecipado-alterados-em-seis-municipios\/#breadcrumb","itemListElement":[{"@type":"ListItem","position":1,"name":"In\u00edcio","item":"https:\/\/portaltela.pt\/"},{"@type":"ListItem","position":2,"name":"Locais de voto antecipado alterados em seis munic\u00edpios"}]},{"@type":"WebSite","@id":"https:\/\/portaltela.pt\/#website","url":"https:\/\/portaltela.pt\/","name":"Portal Tela Portugal","description":"","potentialAction":[{"@type":"SearchAction","target":{"@type":"EntryPoint","urlTemplate":"https:\/\/portaltela.pt\/?s={search_term_string}"},"query-input":{"@type":"PropertyValueSpecification","valueRequired":true,"valueName":"search_term_string"}}],"inLanguage":"pt-PT"},{"@type":"Person","@id":"https:\/\/portaltela.pt\/#\/schema\/person\/c4278d4a6028830caff9ee44b42d32ed","name":"Telinha","image":{"@type":"ImageObject","inLanguage":"pt-PT","@id":"https:\/\/portaltela.pt\/s.01k8rhncp4jt1\/2025\/11\/talking-bot-125x125.png","url":"https:\/\/portaltela.pt\/s.01k8rhncp4jt1\/2025\/11\/talking-bot-125x125.png","contentUrl":"https:\/\/portaltela.pt\/s.01k8rhncp4jt1\/2025\/11\/talking-bot-125x125.png","caption":"Telinha"},"sameAs":["https:\/\/portaltela.pt\/"],"url":"https:\/\/portaltela.pt\/por\/367410592786\/"}]}},"_links":{"self":[{"href":"https:\/\/portaltela.pt\/api\/wp\/v2\/posts\/187322","targetHints":{"allow":["GET"]}}],"collection":[{"href":"https:\/\/portaltela.pt\/api\/wp\/v2\/posts"}],"about":[{"href":"https:\/\/portaltela.pt\/api\/wp\/v2\/types\/post"}],"author":[{"embeddable":true,"href":"https:\/\/portaltela.pt\/api\/wp\/v2\/users\/2"}],"replies":[{"embeddable":true,"href":"https:\/\/portaltela.pt\/api\/wp\/v2\/comments?post=187322"}],"version-history":[{"count":0,"href":"https:\/\/portaltela.pt\/api\/wp\/v2\/posts\/187322\/revisions"}],"wp:featuredmedia":[{"embeddable":true,"href":"https:\/\/portaltela.pt\/api\/wp\/v2\/media\/187340"}],"wp:attachment":[{"href":"https:\/\/portaltela.pt\/api\/wp\/v2\/media?parent=187322"}],"wp:term":[{"taxonomy":"category","embeddable":true,"href":"https:\/\/portaltela.pt\/api\/wp\/v2\/categories?post=187322"},{"taxonomy":"post_tag","embeddable":true,"href":"https:\/\/portaltela.pt\/api\/wp\/v2\/tags?post=187322"}],"curies":[{"name":"wp","href":"https:\/\/api.w.org\/{rel}","templated":true}]}}