{"id":187293,"date":"2026-01-31T15:09:32","date_gmt":"2026-01-31T18:09:32","guid":{"rendered":"https:\/\/portaltela.pt\/noticias\/2026\/01\/31\/cnf-volta-a-vencer-titulo-regional-de-canoagem-de-mar-2026\/"},"modified":"2026-01-31T15:09:32","modified_gmt":"2026-01-31T18:09:32","slug":"cnf-volta-a-vencer-titulo-regional-de-canoagem-de-mar-2026","status":"publish","type":"post","link":"https:\/\/portaltela.pt\/desporto\/2026\/01\/31\/cnf-volta-a-vencer-titulo-regional-de-canoagem-de-mar-2026\/","title":{"rendered":"CNF volta a vencer t\u00edtulo regional de Canoagem de Mar 2026"},"content":{"rendered":"<p>O Campeonato Regional de Canoagem de Mar, promovido pela Associa\u00e7\u00e3o Regional de Canoagem da Madeira (ARCM), realizou-se hoje, 31 de Janeiro de 2026, nas zonas Oeste e sul da Madeira. A prova, que integrou o calend\u00e1rio regional, terminou com o CNF a vencer o t\u00edtulo por equipas.<\/p>\n<p>A competi\u00e7\u00e3o reuniu 97 atletas, representando a Associa\u00e7\u00e3o N\u00e1utica de C\u00e2mara de Lobos, Centro Treino Mar, Clube Naval da Calheta, Clube Naval do Funchal (CNF) e Ludens Clube de Machico. Destinada \u00e0s categorias SS1, SS2 e SUPC, nos escal\u00f5es Juniores, Seniores e Masters, masculinos e femininos, a prova teve partida na Ba\u00eda da Ribeira Brava e chegada na Ba\u00eda do Funchal, num percurso de 17 quil\u00f3metros em downwind, com condi\u00e7\u00f5es favor\u00e1veis ao longo do trajeto.<\/p>\n<p>Estes foram os vencedores individuais:<\/p>\n<h3>Resultados individuais<\/h3>\n<p>SS2 Absoluto Misto \u2013 1.\u00ba Carlota Duarte \/ Miguel Martins (CNF), 2.\u00ba Beatriz Santos \/ Rui Macedo (CNF), 3.\u00ba Francisco Rodrigues \/ Beatriz Azevedo (CNF).<\/p>\n<p>SS2 Seniores Masculinos \u2013 1.\u00ba Bruno Afonso \/ David Fernandes (CNF), 2.\u00ba Ant\u00f3nio Ribeiro \/ Marco Gomes (CTM), 3.\u00ba Ruben Freitas \/ Jos\u00e9 Oliveira (ANCL).<\/p>\n<p>SS2 Juniores Masculinos \u2013 1.\u00ba Martin Perdig\u00e3o \/ Paulo Macedo (CNF), 2.\u00ba Afonso Serr\u00e3o \/ Noah Miranda (CNC), 3.\u00ba Samuel Pereira \/ Francisco Pires (CTM).<\/p>\n<p>SS1 Juniores Femininos \u2013 1.\u00ba Beatriz Chaves (CNF).<\/p>\n<p>SS1 Juniores Masculinos \u2013 1.\u00ba Jo\u00e3o Nascimento (CNC), 2.\u00ba Mateus Freitas (CNC).<\/p>\n<p>SS1 Seniores Femininos \u2013 1.\u00ba Kamila Roberts (CNC), 2.\u00ba Oriana Freitas (CNF).<\/p>\n<p>SS1 Seniores Masculinos \u2013 1.\u00ba Bernardo Pereira (CNC), 2.\u00ba Jo\u00e3o Ornelas (ANCL), 3.\u00ba C\u00e9lio Alves (ANCL).<\/p>\n<p>SS1 Seniores Femininos \u2013 1.\u00ba Carlota Duarte (CNF), 2.\u00ba Kamila Roberts (CNC).<\/p>\n<p>SS1 Masters A Masculinos \u2013 1.\u00ba Lu\u00eds Costa Freitas (CNC).<\/p>\n<p>SS1 Masters B Masculinos \u2013 1.\u00ba Agostinho \u00d3rf\u00e3o (CNC).<\/p>\n<p>Na classifica\u00e7\u00e3o coletiva, o Clube Naval do Funchal derrotou as restantes colectividades com 10.411 pontos, seguido do Centro Treino Mar com 9.387 e da Associa\u00e7\u00e3o N\u00e1utica de C\u00e2mara de Lobos com 6.708 pontos. A ARCM sublinha a expressiva presta\u00e7\u00e3o do CNF ao longo de toda a competi\u00e7\u00e3o.<\/p>\n<p>Campe\u00f5es Regionais ir\u00e3o representar a Regi\u00e3o Aut\u00f3noma da Madeira no Campeonato Nacional da especialidade, levando a canoagem madeirense ao n\u00edvel nacional. O objetivo \u00e9 manter o dinamismo e elevar o patamar competitivo da modalidade na ilha.<\/p>\n","protected":false},"excerpt":{"rendered":"<ul>\n<li>No dia 31 de janeiro de 2026 decorreu o Campeonato Regional de Canoagem de Mar, na Madeira, com noventa e sete atletas participantes.<\/li>\n<li>A vit\u00f3ria coletiva ficou para o Clube Naval do Funchal (CNF), com 10.411 pontos, seguido pelo Centro Treino Mar (CTM) com 9.387 pontos e pela Associa\u00e7\u00e3o N\u00e1utica de C\u00e2mara de Lobos (ANCL) com 6.708.<\/li>\n<li>A prova teve partida na Ba\u00eda da Ribeira Brava e chegada na Ba\u00eda do Funchal, num percurso de 17 quil\u00f3metros em downwind, com condi\u00e7\u00f5es favor\u00e1veis ao longo de todo o trajeto.<\/li>\n<li>Vencedores individuais de v\u00e1rias categorias inclu\u00edram atletas do CNF, como Carlota Duarte e Beatriz Santos (SS2), Bruno Afonso e David Fernandes (SS2 Seniores Masculinos), entre outros.<\/li>\n<li>Os campe\u00f5es regionais assegurar\u00e3o a representa\u00e7\u00e3o da Madeira no Campeonato Nacional da especialidade.<\/li>\n<\/ul>\n","protected":false},"author":2,"featured_media":187299,"comment_status":"closed","ping_status":"closed","sticky":false,"template":"","format":"standard","meta":{"footnotes":""},"categories":[21],"tags":[227,1285,152,60,859,1155],"class_list":["post-187293","post","type-post","status-publish","format-standard","has-post-thumbnail","hentry","category-desporto","tag-campeonato","tag-competicao","tag-desporto","tag-esportes","tag-madeira","tag-regional"],"yoast_head":"<!-- This site is optimized with the Yoast SEO plugin v27.2 - https:\/\/yoast.com\/product\/yoast-seo-wordpress\/ -->\n<title>CNF volta a vencer t\u00edtulo regional de Canoagem de Mar 2026 - Portal Tela Portugal<\/title>\n<meta name=\"robots\" content=\"index, follow, max-snippet:-1, max-image-preview:large, max-video-preview:-1\" \/>\n<meta property=\"og:locale\" content=\"pt_PT\" \/>\n<meta property=\"og:type\" content=\"article\" \/>\n<meta property=\"og:title\" content=\"CNF volta a vencer t\u00edtulo regional de Canoagem de Mar 2026 - Portal Tela Portugal\" \/>\n<meta property=\"og:description\" content=\"No dia 31 de janeiro de 2026 decorreu o Campeonato Regional de Canoagem de Mar, na Madeira, com noventa e sete atletas participantes. A vit\u00f3ria coletiva ficou para o Clube Naval do Funchal (CNF), com 10.411 pontos, seguido pelo Centro Treino Mar (CTM) com 9.387 pontos e pela Associa\u00e7\u00e3o N\u00e1utica de C\u00e2mara de Lobos (ANCL) com 6.708. A prova teve partida na Ba\u00eda da Ribeira Brava e chegada na Ba\u00eda do Funchal, num percurso de 17 quil\u00f3metros em downwind, com condi\u00e7\u00f5es favor\u00e1veis ao longo de todo o trajeto. Vencedores individuais de v\u00e1rias categorias inclu\u00edram atletas do CNF, como Carlota Duarte e Beatriz Santos (SS2), Bruno Afonso e David Fernandes (SS2 Seniores Masculinos), entre outros. Os campe\u00f5es regionais assegurar\u00e3o a representa\u00e7\u00e3o da Madeira no Campeonato Nacional da especialidade.\" \/>\n<meta property=\"og:url\" content=\"https:\/\/portaltela.pt\/noticias\/2026\/01\/31\/cnf-volta-a-vencer-titulo-regional-de-canoagem-de-mar-2026\/\" \/>\n<meta property=\"og:site_name\" content=\"Portal Tela Portugal\" \/>\n<meta property=\"article:published_time\" content=\"2026-01-31T18:09:32+00:00\" \/>\n<meta name=\"author\" content=\"Telinha\" \/>\n<meta name=\"twitter:card\" content=\"summary_large_image\" \/>\n<meta name=\"twitter:label1\" content=\"Escrito por\" \/>\n\t<meta name=\"twitter:data1\" content=\"Telinha\" \/>\n\t<meta name=\"twitter:label2\" content=\"Tempo estimado de leitura\" \/>\n\t<meta name=\"twitter:data2\" content=\"2 minutos\" \/>\n<script type=\"application\/ld+json\" class=\"yoast-schema-graph\">{\"@context\":\"https:\/\/schema.org\",\"@graph\":[{\"@type\":\"Article\",\"@id\":\"https:\/\/portaltela.pt\/noticias\/2026\/01\/31\/cnf-volta-a-vencer-titulo-regional-de-canoagem-de-mar-2026\/#article\",\"isPartOf\":{\"@id\":\"https:\/\/portaltela.pt\/noticias\/2026\/01\/31\/cnf-volta-a-vencer-titulo-regional-de-canoagem-de-mar-2026\/\"},\"author\":{\"name\":\"Telinha\",\"@id\":\"https:\/\/portaltela.pt\/#\/schema\/person\/c4278d4a6028830caff9ee44b42d32ed\"},\"headline\":\"CNF volta a vencer t\u00edtulo regional de Canoagem de Mar 2026\",\"datePublished\":\"2026-01-31T18:09:32+00:00\",\"mainEntityOfPage\":{\"@id\":\"https:\/\/portaltela.pt\/noticias\/2026\/01\/31\/cnf-volta-a-vencer-titulo-regional-de-canoagem-de-mar-2026\/\"},\"wordCount\":361,\"image\":{\"@id\":\"https:\/\/portaltela.pt\/noticias\/2026\/01\/31\/cnf-volta-a-vencer-titulo-regional-de-canoagem-de-mar-2026\/#primaryimage\"},\"thumbnailUrl\":\"https:\/\/portaltela.pt\/s.01k8rhncp4jt1\/2026\/01\/WhatsApp_Image_2026-01-31_at_13.43.10.jpg\",\"keywords\":[\"campeonato\",\"competi\u00e7\u00e3o\",\"desporto\",\"esportes\",\"Madeira\",\"Regional\"],\"articleSection\":[\"Desporto\"],\"inLanguage\":\"pt-PT\"},{\"@type\":\"WebPage\",\"@id\":\"https:\/\/portaltela.pt\/noticias\/2026\/01\/31\/cnf-volta-a-vencer-titulo-regional-de-canoagem-de-mar-2026\/\",\"url\":\"https:\/\/portaltela.pt\/noticias\/2026\/01\/31\/cnf-volta-a-vencer-titulo-regional-de-canoagem-de-mar-2026\/\",\"name\":\"CNF volta a vencer t\u00edtulo regional de Canoagem de Mar 2026 - Portal Tela Portugal\",\"isPartOf\":{\"@id\":\"https:\/\/portaltela.pt\/#website\"},\"primaryImageOfPage\":{\"@id\":\"https:\/\/portaltela.pt\/noticias\/2026\/01\/31\/cnf-volta-a-vencer-titulo-regional-de-canoagem-de-mar-2026\/#primaryimage\"},\"image\":{\"@id\":\"https:\/\/portaltela.pt\/noticias\/2026\/01\/31\/cnf-volta-a-vencer-titulo-regional-de-canoagem-de-mar-2026\/#primaryimage\"},\"thumbnailUrl\":\"https:\/\/portaltela.pt\/s.01k8rhncp4jt1\/2026\/01\/WhatsApp_Image_2026-01-31_at_13.43.10.jpg\",\"datePublished\":\"2026-01-31T18:09:32+00:00\",\"author\":{\"@id\":\"https:\/\/portaltela.pt\/#\/schema\/person\/c4278d4a6028830caff9ee44b42d32ed\"},\"breadcrumb\":{\"@id\":\"https:\/\/portaltela.pt\/noticias\/2026\/01\/31\/cnf-volta-a-vencer-titulo-regional-de-canoagem-de-mar-2026\/#breadcrumb\"},\"inLanguage\":\"pt-PT\",\"potentialAction\":[{\"@type\":\"ReadAction\",\"target\":[\"https:\/\/portaltela.pt\/noticias\/2026\/01\/31\/cnf-volta-a-vencer-titulo-regional-de-canoagem-de-mar-2026\/\"]}]},{\"@type\":\"ImageObject\",\"inLanguage\":\"pt-PT\",\"@id\":\"https:\/\/portaltela.pt\/noticias\/2026\/01\/31\/cnf-volta-a-vencer-titulo-regional-de-canoagem-de-mar-2026\/#primaryimage\",\"url\":\"https:\/\/portaltela.pt\/s.01k8rhncp4jt1\/2026\/01\/WhatsApp_Image_2026-01-31_at_13.43.10.jpg\",\"contentUrl\":\"https:\/\/portaltela.pt\/s.01k8rhncp4jt1\/2026\/01\/WhatsApp_Image_2026-01-31_at_13.43.10.jpg\",\"width\":796,\"height\":448,\"caption\":\"Fotos DR\/ARCM\"},{\"@type\":\"BreadcrumbList\",\"@id\":\"https:\/\/portaltela.pt\/noticias\/2026\/01\/31\/cnf-volta-a-vencer-titulo-regional-de-canoagem-de-mar-2026\/#breadcrumb\",\"itemListElement\":[{\"@type\":\"ListItem\",\"position\":1,\"name\":\"In\u00edcio\",\"item\":\"https:\/\/portaltela.pt\/\"},{\"@type\":\"ListItem\",\"position\":2,\"name\":\"CNF volta a vencer t\u00edtulo regional de Canoagem de Mar 2026\"}]},{\"@type\":\"WebSite\",\"@id\":\"https:\/\/portaltela.pt\/#website\",\"url\":\"https:\/\/portaltela.pt\/\",\"name\":\"Portal Tela Portugal\",\"description\":\"\",\"potentialAction\":[{\"@type\":\"SearchAction\",\"target\":{\"@type\":\"EntryPoint\",\"urlTemplate\":\"https:\/\/portaltela.pt\/?s={search_term_string}\"},\"query-input\":{\"@type\":\"PropertyValueSpecification\",\"valueRequired\":true,\"valueName\":\"search_term_string\"}}],\"inLanguage\":\"pt-PT\"},{\"@type\":\"Person\",\"@id\":\"https:\/\/portaltela.pt\/#\/schema\/person\/c4278d4a6028830caff9ee44b42d32ed\",\"name\":\"Telinha\",\"image\":{\"@type\":\"ImageObject\",\"inLanguage\":\"pt-PT\",\"@id\":\"https:\/\/portaltela.pt\/s.01k8rhncp4jt1\/2025\/11\/talking-bot-125x125.png\",\"url\":\"https:\/\/portaltela.pt\/s.01k8rhncp4jt1\/2025\/11\/talking-bot-125x125.png\",\"contentUrl\":\"https:\/\/portaltela.pt\/s.01k8rhncp4jt1\/2025\/11\/talking-bot-125x125.png\",\"caption\":\"Telinha\"},\"sameAs\":[\"https:\/\/portaltela.pt\/\"],\"url\":\"https:\/\/portaltela.pt\/por\/367410592786\/\"}]}<\/script>\n<!-- \/ Yoast SEO plugin. -->","yoast_head_json":{"title":"CNF volta a vencer t\u00edtulo regional de Canoagem de Mar 2026 - Portal Tela Portugal","robots":{"index":"index","follow":"follow","max-snippet":"max-snippet:-1","max-image-preview":"max-image-preview:large","max-video-preview":"max-video-preview:-1"},"og_locale":"pt_PT","og_type":"article","og_title":"CNF volta a vencer t\u00edtulo regional de Canoagem de Mar 2026 - Portal Tela Portugal","og_description":"No dia 31 de janeiro de 2026 decorreu o Campeonato Regional de Canoagem de Mar, na Madeira, com noventa e sete atletas participantes. A vit\u00f3ria coletiva ficou para o Clube Naval do Funchal (CNF), com 10.411 pontos, seguido pelo Centro Treino Mar (CTM) com 9.387 pontos e pela Associa\u00e7\u00e3o N\u00e1utica de C\u00e2mara de Lobos (ANCL) com 6.708. A prova teve partida na Ba\u00eda da Ribeira Brava e chegada na Ba\u00eda do Funchal, num percurso de 17 quil\u00f3metros em downwind, com condi\u00e7\u00f5es favor\u00e1veis ao longo de todo o trajeto. Vencedores individuais de v\u00e1rias categorias inclu\u00edram atletas do CNF, como Carlota Duarte e Beatriz Santos (SS2), Bruno Afonso e David Fernandes (SS2 Seniores Masculinos), entre outros. Os campe\u00f5es regionais assegurar\u00e3o a representa\u00e7\u00e3o da Madeira no Campeonato Nacional da especialidade.","og_url":"https:\/\/portaltela.pt\/noticias\/2026\/01\/31\/cnf-volta-a-vencer-titulo-regional-de-canoagem-de-mar-2026\/","og_site_name":"Portal Tela Portugal","article_published_time":"2026-01-31T18:09:32+00:00","author":"Telinha","twitter_card":"summary_large_image","twitter_misc":{"Escrito por":"Telinha","Tempo estimado de leitura":"2 minutos"},"schema":{"@context":"https:\/\/schema.org","@graph":[{"@type":"Article","@id":"https:\/\/portaltela.pt\/noticias\/2026\/01\/31\/cnf-volta-a-vencer-titulo-regional-de-canoagem-de-mar-2026\/#article","isPartOf":{"@id":"https:\/\/portaltela.pt\/noticias\/2026\/01\/31\/cnf-volta-a-vencer-titulo-regional-de-canoagem-de-mar-2026\/"},"author":{"name":"Telinha","@id":"https:\/\/portaltela.pt\/#\/schema\/person\/c4278d4a6028830caff9ee44b42d32ed"},"headline":"CNF volta a vencer t\u00edtulo regional de Canoagem de Mar 2026","datePublished":"2026-01-31T18:09:32+00:00","mainEntityOfPage":{"@id":"https:\/\/portaltela.pt\/noticias\/2026\/01\/31\/cnf-volta-a-vencer-titulo-regional-de-canoagem-de-mar-2026\/"},"wordCount":361,"image":{"@id":"https:\/\/portaltela.pt\/noticias\/2026\/01\/31\/cnf-volta-a-vencer-titulo-regional-de-canoagem-de-mar-2026\/#primaryimage"},"thumbnailUrl":"https:\/\/portaltela.pt\/s.01k8rhncp4jt1\/2026\/01\/WhatsApp_Image_2026-01-31_at_13.43.10.jpg","keywords":["campeonato","competi\u00e7\u00e3o","desporto","esportes","Madeira","Regional"],"articleSection":["Desporto"],"inLanguage":"pt-PT"},{"@type":"WebPage","@id":"https:\/\/portaltela.pt\/noticias\/2026\/01\/31\/cnf-volta-a-vencer-titulo-regional-de-canoagem-de-mar-2026\/","url":"https:\/\/portaltela.pt\/noticias\/2026\/01\/31\/cnf-volta-a-vencer-titulo-regional-de-canoagem-de-mar-2026\/","name":"CNF volta a vencer t\u00edtulo regional de Canoagem de Mar 2026 - Portal Tela Portugal","isPartOf":{"@id":"https:\/\/portaltela.pt\/#website"},"primaryImageOfPage":{"@id":"https:\/\/portaltela.pt\/noticias\/2026\/01\/31\/cnf-volta-a-vencer-titulo-regional-de-canoagem-de-mar-2026\/#primaryimage"},"image":{"@id":"https:\/\/portaltela.pt\/noticias\/2026\/01\/31\/cnf-volta-a-vencer-titulo-regional-de-canoagem-de-mar-2026\/#primaryimage"},"thumbnailUrl":"https:\/\/portaltela.pt\/s.01k8rhncp4jt1\/2026\/01\/WhatsApp_Image_2026-01-31_at_13.43.10.jpg","datePublished":"2026-01-31T18:09:32+00:00","author":{"@id":"https:\/\/portaltela.pt\/#\/schema\/person\/c4278d4a6028830caff9ee44b42d32ed"},"breadcrumb":{"@id":"https:\/\/portaltela.pt\/noticias\/2026\/01\/31\/cnf-volta-a-vencer-titulo-regional-de-canoagem-de-mar-2026\/#breadcrumb"},"inLanguage":"pt-PT","potentialAction":[{"@type":"ReadAction","target":["https:\/\/portaltela.pt\/noticias\/2026\/01\/31\/cnf-volta-a-vencer-titulo-regional-de-canoagem-de-mar-2026\/"]}]},{"@type":"ImageObject","inLanguage":"pt-PT","@id":"https:\/\/portaltela.pt\/noticias\/2026\/01\/31\/cnf-volta-a-vencer-titulo-regional-de-canoagem-de-mar-2026\/#primaryimage","url":"https:\/\/portaltela.pt\/s.01k8rhncp4jt1\/2026\/01\/WhatsApp_Image_2026-01-31_at_13.43.10.jpg","contentUrl":"https:\/\/portaltela.pt\/s.01k8rhncp4jt1\/2026\/01\/WhatsApp_Image_2026-01-31_at_13.43.10.jpg","width":796,"height":448,"caption":"Fotos DR\/ARCM"},{"@type":"BreadcrumbList","@id":"https:\/\/portaltela.pt\/noticias\/2026\/01\/31\/cnf-volta-a-vencer-titulo-regional-de-canoagem-de-mar-2026\/#breadcrumb","itemListElement":[{"@type":"ListItem","position":1,"name":"In\u00edcio","item":"https:\/\/portaltela.pt\/"},{"@type":"ListItem","position":2,"name":"CNF volta a vencer t\u00edtulo regional de Canoagem de Mar 2026"}]},{"@type":"WebSite","@id":"https:\/\/portaltela.pt\/#website","url":"https:\/\/portaltela.pt\/","name":"Portal Tela Portugal","description":"","potentialAction":[{"@type":"SearchAction","target":{"@type":"EntryPoint","urlTemplate":"https:\/\/portaltela.pt\/?s={search_term_string}"},"query-input":{"@type":"PropertyValueSpecification","valueRequired":true,"valueName":"search_term_string"}}],"inLanguage":"pt-PT"},{"@type":"Person","@id":"https:\/\/portaltela.pt\/#\/schema\/person\/c4278d4a6028830caff9ee44b42d32ed","name":"Telinha","image":{"@type":"ImageObject","inLanguage":"pt-PT","@id":"https:\/\/portaltela.pt\/s.01k8rhncp4jt1\/2025\/11\/talking-bot-125x125.png","url":"https:\/\/portaltela.pt\/s.01k8rhncp4jt1\/2025\/11\/talking-bot-125x125.png","contentUrl":"https:\/\/portaltela.pt\/s.01k8rhncp4jt1\/2025\/11\/talking-bot-125x125.png","caption":"Telinha"},"sameAs":["https:\/\/portaltela.pt\/"],"url":"https:\/\/portaltela.pt\/por\/367410592786\/"}]}},"_links":{"self":[{"href":"https:\/\/portaltela.pt\/api\/wp\/v2\/posts\/187293","targetHints":{"allow":["GET"]}}],"collection":[{"href":"https:\/\/portaltela.pt\/api\/wp\/v2\/posts"}],"about":[{"href":"https:\/\/portaltela.pt\/api\/wp\/v2\/types\/post"}],"author":[{"embeddable":true,"href":"https:\/\/portaltela.pt\/api\/wp\/v2\/users\/2"}],"replies":[{"embeddable":true,"href":"https:\/\/portaltela.pt\/api\/wp\/v2\/comments?post=187293"}],"version-history":[{"count":0,"href":"https:\/\/portaltela.pt\/api\/wp\/v2\/posts\/187293\/revisions"}],"wp:featuredmedia":[{"embeddable":true,"href":"https:\/\/portaltela.pt\/api\/wp\/v2\/media\/187299"}],"wp:attachment":[{"href":"https:\/\/portaltela.pt\/api\/wp\/v2\/media?parent=187293"}],"wp:term":[{"taxonomy":"category","embeddable":true,"href":"https:\/\/portaltela.pt\/api\/wp\/v2\/categories?post=187293"},{"taxonomy":"post_tag","embeddable":true,"href":"https:\/\/portaltela.pt\/api\/wp\/v2\/tags?post=187293"}],"curies":[{"name":"wp","href":"https:\/\/api.w.org\/{rel}","templated":true}]}}