{"id":187280,"date":"2026-01-31T15:13:00","date_gmt":"2026-01-31T18:13:00","guid":{"rendered":"https:\/\/portaltela.pt\/noticias\/2026\/01\/31\/cdu-denuncia-obras-de-fachada-no-pico-das-romeiras\/"},"modified":"2026-01-31T15:13:00","modified_gmt":"2026-01-31T18:13:00","slug":"cdu-denuncia-obras-de-fachada-no-pico-das-romeiras","status":"publish","type":"post","link":"https:\/\/portaltela.pt\/noticias\/politica\/2026\/01\/31\/cdu-denuncia-obras-de-fachada-no-pico-das-romeiras\/","title":{"rendered":"CDU denuncia obras de fachada no Pico das Romeiras"},"content":{"rendered":"<p>Representantes da CDU estiveram hoje no Bairro do Pico das Romeiras para denunciar problemas surgidos ap\u00f3s obras de reabilita\u00e7\u00e3o. O dirigente Duarte Martins descreveu a situa\u00e7\u00e3o como inadmiss\u00edvel e um desrespeito pelos direitos b\u00e1sicos dos moradores. A den\u00fancia foca no Governo Regional e na IHM.<\/p>\n<p>Martins afirma que, apesar do aspeto degradado anterior, as habita\u00e7\u00f5es n\u00e3o tinham infiltra\u00e7\u00f5es generalizadas antes das obras. Com a pintura de fachadas or\u00e7ada em cerca de 2 milh\u00f5es de euros, o resultado \u00e9 considerado catastr\u00f3fico, com choques de \u00e1gua dentro das casas.<\/p>\n<p>Segundo a CDU, as interven\u00e7\u00f5es tamb\u00e9m falharam na pr\u00e1tica: os sistemas de energia renov\u00e1vel instalados n\u00e3o funcionam para muitos moradores, que continuam a ter banhos frios no inverno. A den\u00fancia aponta para uma pol\u00edtica de apar\u00eancias e para a m\u00e1 gest\u00e3o de fundos p\u00fablicos.<\/p>\n<p>A CDU adianta que vai exigir responsabilidades ao IHM e ao Governo Regional, exigindo repara\u00e7\u00f5es urgentes. O objetivo \u00e9 melhorar as condi\u00e7\u00f5es de vida, combatendo infiltra\u00e7\u00f5es, humidade e falhas t\u00e9cnicas nas interven\u00e7\u00f5es.<\/p>\n<p>Os moradores, de acordo com a coordena\u00e7\u00e3o da CDU, contam com o apoio do partido para fiscalizar a execu\u00e7\u00e3o de obras futuras. A organiza\u00e7\u00e3o pretende assegurar que as interven\u00e7\u00f5es n\u00e3o comprometam a dignidade habitacional no bairro.<\/p>\n","protected":false},"excerpt":{"rendered":"<ul>\n<li>CDU denuncia obras de reabilita\u00e7\u00e3o no Pico das Romeiras, afirmando que foram \u201cobras de fachada\u201d que desrespeitam direitos b\u00e1sicos dos cidad\u00e3os.<\/li>\n<li>Duarte Martins diz que, ap\u00f3s a interven\u00e7\u00e3o, as habita\u00e7\u00f5es ficaram pior: chove dentro de casa, com foco de bolor, mofo e infiltra\u00e7\u00f5es severas, apesar do investimento de cerca de 2 milh\u00f5es de euros para pintar fachadas.<\/li>\n<li>Tamb\u00e9m aponta a inefic\u00e1cia dos novos equipamentos de energias renov\u00e1veis, com muitos sistemas a n\u00e3o funcionar e moradores a tomar banho de \u00e1gua fria no inverno.<\/li>\n<li>A CDU fala em pol\u00edtica de apar\u00eancias e gest\u00e3o inadequada do dinheiro p\u00fablico, pedindo repara\u00e7\u00f5es urgentes ao IHM e ao Governo Regional para garantir condi\u00e7\u00f5es dignas de habita\u00e7\u00e3o.<\/li>\n<li>A forma\u00e7\u00e3o da CDU afirma que n\u00e3o vai desistir e vai exigir responsabilidades das autoridades, assegurando apoio aos moradores para resolver infiltra\u00e7\u00f5es e humidade.<\/li>\n<\/ul>\n","protected":false},"author":2,"featured_media":187307,"comment_status":"closed","ping_status":"closed","sticky":false,"template":"","format":"standard","meta":{"footnotes":""},"categories":[1,5],"tags":[168,2143,3603,34,150,4676],"class_list":["post-187280","post","type-post","status-publish","format-standard","has-post-thumbnail","hentry","category-noticias","category-politica","tag-administracao-publica","tag-cdu","tag-energias-renovaveis","tag-governo","tag-habitacao","tag-infiltracoes"],"yoast_head":"<!-- This site is optimized with the Yoast SEO plugin v27.2 - https:\/\/yoast.com\/product\/yoast-seo-wordpress\/ -->\n<title>CDU denuncia obras de fachada no Pico das Romeiras - Portal Tela Portugal<\/title>\n<meta name=\"robots\" content=\"index, follow, max-snippet:-1, max-image-preview:large, max-video-preview:-1\" \/>\n<meta property=\"og:locale\" content=\"pt_PT\" \/>\n<meta property=\"og:type\" content=\"article\" \/>\n<meta property=\"og:title\" content=\"CDU denuncia obras de fachada no Pico das Romeiras - Portal Tela Portugal\" \/>\n<meta property=\"og:description\" content=\"CDU denuncia obras de reabilita\u00e7\u00e3o no Pico das Romeiras, afirmando que foram \u201cobras de fachada\u201d que desrespeitam direitos b\u00e1sicos dos cidad\u00e3os. Duarte Martins diz que, ap\u00f3s a interven\u00e7\u00e3o, as habita\u00e7\u00f5es ficaram pior: chove dentro de casa, com foco de bolor, mofo e infiltra\u00e7\u00f5es severas, apesar do investimento de cerca de 2 milh\u00f5es de euros para pintar fachadas. Tamb\u00e9m aponta a inefic\u00e1cia dos novos equipamentos de energias renov\u00e1veis, com muitos sistemas a n\u00e3o funcionar e moradores a tomar banho de \u00e1gua fria no inverno. A CDU fala em pol\u00edtica de apar\u00eancias e gest\u00e3o inadequada do dinheiro p\u00fablico, pedindo repara\u00e7\u00f5es urgentes ao IHM e ao Governo Regional para garantir condi\u00e7\u00f5es dignas de habita\u00e7\u00e3o. A forma\u00e7\u00e3o da CDU afirma que n\u00e3o vai desistir e vai exigir responsabilidades das autoridades, assegurando apoio aos moradores para resolver infiltra\u00e7\u00f5es e humidade.\" \/>\n<meta property=\"og:url\" content=\"https:\/\/portaltela.pt\/noticias\/2026\/01\/31\/cdu-denuncia-obras-de-fachada-no-pico-das-romeiras\/\" \/>\n<meta property=\"og:site_name\" content=\"Portal Tela Portugal\" \/>\n<meta property=\"article:published_time\" content=\"2026-01-31T18:13:00+00:00\" \/>\n<meta name=\"author\" content=\"Telinha\" \/>\n<meta name=\"twitter:card\" content=\"summary_large_image\" \/>\n<meta name=\"twitter:label1\" content=\"Escrito por\" \/>\n\t<meta name=\"twitter:data1\" content=\"Telinha\" \/>\n\t<meta name=\"twitter:label2\" content=\"Tempo estimado de leitura\" \/>\n\t<meta name=\"twitter:data2\" content=\"1 minuto\" \/>\n<script type=\"application\/ld+json\" class=\"yoast-schema-graph\">{\"@context\":\"https:\/\/schema.org\",\"@graph\":[{\"@type\":\"Article\",\"@id\":\"https:\/\/portaltela.pt\/noticias\/2026\/01\/31\/cdu-denuncia-obras-de-fachada-no-pico-das-romeiras\/#article\",\"isPartOf\":{\"@id\":\"https:\/\/portaltela.pt\/noticias\/2026\/01\/31\/cdu-denuncia-obras-de-fachada-no-pico-das-romeiras\/\"},\"author\":{\"name\":\"Telinha\",\"@id\":\"https:\/\/portaltela.pt\/#\/schema\/person\/c4278d4a6028830caff9ee44b42d32ed\"},\"headline\":\"CDU denuncia obras de fachada no Pico das Romeiras\",\"datePublished\":\"2026-01-31T18:13:00+00:00\",\"mainEntityOfPage\":{\"@id\":\"https:\/\/portaltela.pt\/noticias\/2026\/01\/31\/cdu-denuncia-obras-de-fachada-no-pico-das-romeiras\/\"},\"wordCount\":237,\"image\":{\"@id\":\"https:\/\/portaltela.pt\/noticias\/2026\/01\/31\/cdu-denuncia-obras-de-fachada-no-pico-das-romeiras\/#primaryimage\"},\"thumbnailUrl\":\"https:\/\/portaltela.pt\/s.01k8rhncp4jt1\/2026\/01\/unnamed-file-6365.jpg\",\"keywords\":[\"administra\u00e7\u00e3o p\u00fablica\",\"CDU\",\"energias renov\u00e1veis\",\"governo\",\"habita\u00e7\u00e3o\",\"infiltra\u00e7\u00f5es\"],\"articleSection\":[\"Not\u00edcias\",\"Pol\u00edtica\"],\"inLanguage\":\"pt-PT\"},{\"@type\":\"WebPage\",\"@id\":\"https:\/\/portaltela.pt\/noticias\/2026\/01\/31\/cdu-denuncia-obras-de-fachada-no-pico-das-romeiras\/\",\"url\":\"https:\/\/portaltela.pt\/noticias\/2026\/01\/31\/cdu-denuncia-obras-de-fachada-no-pico-das-romeiras\/\",\"name\":\"CDU denuncia obras de fachada no Pico das Romeiras - Portal Tela Portugal\",\"isPartOf\":{\"@id\":\"https:\/\/portaltela.pt\/#website\"},\"primaryImageOfPage\":{\"@id\":\"https:\/\/portaltela.pt\/noticias\/2026\/01\/31\/cdu-denuncia-obras-de-fachada-no-pico-das-romeiras\/#primaryimage\"},\"image\":{\"@id\":\"https:\/\/portaltela.pt\/noticias\/2026\/01\/31\/cdu-denuncia-obras-de-fachada-no-pico-das-romeiras\/#primaryimage\"},\"thumbnailUrl\":\"https:\/\/portaltela.pt\/s.01k8rhncp4jt1\/2026\/01\/unnamed-file-6365.jpg\",\"datePublished\":\"2026-01-31T18:13:00+00:00\",\"author\":{\"@id\":\"https:\/\/portaltela.pt\/#\/schema\/person\/c4278d4a6028830caff9ee44b42d32ed\"},\"breadcrumb\":{\"@id\":\"https:\/\/portaltela.pt\/noticias\/2026\/01\/31\/cdu-denuncia-obras-de-fachada-no-pico-das-romeiras\/#breadcrumb\"},\"inLanguage\":\"pt-PT\",\"potentialAction\":[{\"@type\":\"ReadAction\",\"target\":[\"https:\/\/portaltela.pt\/noticias\/2026\/01\/31\/cdu-denuncia-obras-de-fachada-no-pico-das-romeiras\/\"]}]},{\"@type\":\"ImageObject\",\"inLanguage\":\"pt-PT\",\"@id\":\"https:\/\/portaltela.pt\/noticias\/2026\/01\/31\/cdu-denuncia-obras-de-fachada-no-pico-das-romeiras\/#primaryimage\",\"url\":\"https:\/\/portaltela.pt\/s.01k8rhncp4jt1\/2026\/01\/unnamed-file-6365.jpg\",\"contentUrl\":\"https:\/\/portaltela.pt\/s.01k8rhncp4jt1\/2026\/01\/unnamed-file-6365.jpg\",\"width\":796,\"height\":448,\"caption\":\"Foto DR\/CDU\"},{\"@type\":\"BreadcrumbList\",\"@id\":\"https:\/\/portaltela.pt\/noticias\/2026\/01\/31\/cdu-denuncia-obras-de-fachada-no-pico-das-romeiras\/#breadcrumb\",\"itemListElement\":[{\"@type\":\"ListItem\",\"position\":1,\"name\":\"In\u00edcio\",\"item\":\"https:\/\/portaltela.pt\/\"},{\"@type\":\"ListItem\",\"position\":2,\"name\":\"CDU denuncia obras de fachada no Pico das Romeiras\"}]},{\"@type\":\"WebSite\",\"@id\":\"https:\/\/portaltela.pt\/#website\",\"url\":\"https:\/\/portaltela.pt\/\",\"name\":\"Portal Tela Portugal\",\"description\":\"\",\"potentialAction\":[{\"@type\":\"SearchAction\",\"target\":{\"@type\":\"EntryPoint\",\"urlTemplate\":\"https:\/\/portaltela.pt\/?s={search_term_string}\"},\"query-input\":{\"@type\":\"PropertyValueSpecification\",\"valueRequired\":true,\"valueName\":\"search_term_string\"}}],\"inLanguage\":\"pt-PT\"},{\"@type\":\"Person\",\"@id\":\"https:\/\/portaltela.pt\/#\/schema\/person\/c4278d4a6028830caff9ee44b42d32ed\",\"name\":\"Telinha\",\"image\":{\"@type\":\"ImageObject\",\"inLanguage\":\"pt-PT\",\"@id\":\"https:\/\/portaltela.pt\/s.01k8rhncp4jt1\/2025\/11\/talking-bot-125x125.png\",\"url\":\"https:\/\/portaltela.pt\/s.01k8rhncp4jt1\/2025\/11\/talking-bot-125x125.png\",\"contentUrl\":\"https:\/\/portaltela.pt\/s.01k8rhncp4jt1\/2025\/11\/talking-bot-125x125.png\",\"caption\":\"Telinha\"},\"sameAs\":[\"https:\/\/portaltela.pt\/\"],\"url\":\"https:\/\/portaltela.pt\/por\/367410592786\/\"}]}<\/script>\n<!-- \/ Yoast SEO plugin. -->","yoast_head_json":{"title":"CDU denuncia obras de fachada no Pico das Romeiras - Portal Tela Portugal","robots":{"index":"index","follow":"follow","max-snippet":"max-snippet:-1","max-image-preview":"max-image-preview:large","max-video-preview":"max-video-preview:-1"},"og_locale":"pt_PT","og_type":"article","og_title":"CDU denuncia obras de fachada no Pico das Romeiras - Portal Tela Portugal","og_description":"CDU denuncia obras de reabilita\u00e7\u00e3o no Pico das Romeiras, afirmando que foram \u201cobras de fachada\u201d que desrespeitam direitos b\u00e1sicos dos cidad\u00e3os. Duarte Martins diz que, ap\u00f3s a interven\u00e7\u00e3o, as habita\u00e7\u00f5es ficaram pior: chove dentro de casa, com foco de bolor, mofo e infiltra\u00e7\u00f5es severas, apesar do investimento de cerca de 2 milh\u00f5es de euros para pintar fachadas. Tamb\u00e9m aponta a inefic\u00e1cia dos novos equipamentos de energias renov\u00e1veis, com muitos sistemas a n\u00e3o funcionar e moradores a tomar banho de \u00e1gua fria no inverno. A CDU fala em pol\u00edtica de apar\u00eancias e gest\u00e3o inadequada do dinheiro p\u00fablico, pedindo repara\u00e7\u00f5es urgentes ao IHM e ao Governo Regional para garantir condi\u00e7\u00f5es dignas de habita\u00e7\u00e3o. A forma\u00e7\u00e3o da CDU afirma que n\u00e3o vai desistir e vai exigir responsabilidades das autoridades, assegurando apoio aos moradores para resolver infiltra\u00e7\u00f5es e humidade.","og_url":"https:\/\/portaltela.pt\/noticias\/2026\/01\/31\/cdu-denuncia-obras-de-fachada-no-pico-das-romeiras\/","og_site_name":"Portal Tela Portugal","article_published_time":"2026-01-31T18:13:00+00:00","author":"Telinha","twitter_card":"summary_large_image","twitter_misc":{"Escrito por":"Telinha","Tempo estimado de leitura":"1 minuto"},"schema":{"@context":"https:\/\/schema.org","@graph":[{"@type":"Article","@id":"https:\/\/portaltela.pt\/noticias\/2026\/01\/31\/cdu-denuncia-obras-de-fachada-no-pico-das-romeiras\/#article","isPartOf":{"@id":"https:\/\/portaltela.pt\/noticias\/2026\/01\/31\/cdu-denuncia-obras-de-fachada-no-pico-das-romeiras\/"},"author":{"name":"Telinha","@id":"https:\/\/portaltela.pt\/#\/schema\/person\/c4278d4a6028830caff9ee44b42d32ed"},"headline":"CDU denuncia obras de fachada no Pico das Romeiras","datePublished":"2026-01-31T18:13:00+00:00","mainEntityOfPage":{"@id":"https:\/\/portaltela.pt\/noticias\/2026\/01\/31\/cdu-denuncia-obras-de-fachada-no-pico-das-romeiras\/"},"wordCount":237,"image":{"@id":"https:\/\/portaltela.pt\/noticias\/2026\/01\/31\/cdu-denuncia-obras-de-fachada-no-pico-das-romeiras\/#primaryimage"},"thumbnailUrl":"https:\/\/portaltela.pt\/s.01k8rhncp4jt1\/2026\/01\/unnamed-file-6365.jpg","keywords":["administra\u00e7\u00e3o p\u00fablica","CDU","energias renov\u00e1veis","governo","habita\u00e7\u00e3o","infiltra\u00e7\u00f5es"],"articleSection":["Not\u00edcias","Pol\u00edtica"],"inLanguage":"pt-PT"},{"@type":"WebPage","@id":"https:\/\/portaltela.pt\/noticias\/2026\/01\/31\/cdu-denuncia-obras-de-fachada-no-pico-das-romeiras\/","url":"https:\/\/portaltela.pt\/noticias\/2026\/01\/31\/cdu-denuncia-obras-de-fachada-no-pico-das-romeiras\/","name":"CDU denuncia obras de fachada no Pico das Romeiras - Portal Tela Portugal","isPartOf":{"@id":"https:\/\/portaltela.pt\/#website"},"primaryImageOfPage":{"@id":"https:\/\/portaltela.pt\/noticias\/2026\/01\/31\/cdu-denuncia-obras-de-fachada-no-pico-das-romeiras\/#primaryimage"},"image":{"@id":"https:\/\/portaltela.pt\/noticias\/2026\/01\/31\/cdu-denuncia-obras-de-fachada-no-pico-das-romeiras\/#primaryimage"},"thumbnailUrl":"https:\/\/portaltela.pt\/s.01k8rhncp4jt1\/2026\/01\/unnamed-file-6365.jpg","datePublished":"2026-01-31T18:13:00+00:00","author":{"@id":"https:\/\/portaltela.pt\/#\/schema\/person\/c4278d4a6028830caff9ee44b42d32ed"},"breadcrumb":{"@id":"https:\/\/portaltela.pt\/noticias\/2026\/01\/31\/cdu-denuncia-obras-de-fachada-no-pico-das-romeiras\/#breadcrumb"},"inLanguage":"pt-PT","potentialAction":[{"@type":"ReadAction","target":["https:\/\/portaltela.pt\/noticias\/2026\/01\/31\/cdu-denuncia-obras-de-fachada-no-pico-das-romeiras\/"]}]},{"@type":"ImageObject","inLanguage":"pt-PT","@id":"https:\/\/portaltela.pt\/noticias\/2026\/01\/31\/cdu-denuncia-obras-de-fachada-no-pico-das-romeiras\/#primaryimage","url":"https:\/\/portaltela.pt\/s.01k8rhncp4jt1\/2026\/01\/unnamed-file-6365.jpg","contentUrl":"https:\/\/portaltela.pt\/s.01k8rhncp4jt1\/2026\/01\/unnamed-file-6365.jpg","width":796,"height":448,"caption":"Foto DR\/CDU"},{"@type":"BreadcrumbList","@id":"https:\/\/portaltela.pt\/noticias\/2026\/01\/31\/cdu-denuncia-obras-de-fachada-no-pico-das-romeiras\/#breadcrumb","itemListElement":[{"@type":"ListItem","position":1,"name":"In\u00edcio","item":"https:\/\/portaltela.pt\/"},{"@type":"ListItem","position":2,"name":"CDU denuncia obras de fachada no Pico das Romeiras"}]},{"@type":"WebSite","@id":"https:\/\/portaltela.pt\/#website","url":"https:\/\/portaltela.pt\/","name":"Portal Tela Portugal","description":"","potentialAction":[{"@type":"SearchAction","target":{"@type":"EntryPoint","urlTemplate":"https:\/\/portaltela.pt\/?s={search_term_string}"},"query-input":{"@type":"PropertyValueSpecification","valueRequired":true,"valueName":"search_term_string"}}],"inLanguage":"pt-PT"},{"@type":"Person","@id":"https:\/\/portaltela.pt\/#\/schema\/person\/c4278d4a6028830caff9ee44b42d32ed","name":"Telinha","image":{"@type":"ImageObject","inLanguage":"pt-PT","@id":"https:\/\/portaltela.pt\/s.01k8rhncp4jt1\/2025\/11\/talking-bot-125x125.png","url":"https:\/\/portaltela.pt\/s.01k8rhncp4jt1\/2025\/11\/talking-bot-125x125.png","contentUrl":"https:\/\/portaltela.pt\/s.01k8rhncp4jt1\/2025\/11\/talking-bot-125x125.png","caption":"Telinha"},"sameAs":["https:\/\/portaltela.pt\/"],"url":"https:\/\/portaltela.pt\/por\/367410592786\/"}]}},"_links":{"self":[{"href":"https:\/\/portaltela.pt\/api\/wp\/v2\/posts\/187280","targetHints":{"allow":["GET"]}}],"collection":[{"href":"https:\/\/portaltela.pt\/api\/wp\/v2\/posts"}],"about":[{"href":"https:\/\/portaltela.pt\/api\/wp\/v2\/types\/post"}],"author":[{"embeddable":true,"href":"https:\/\/portaltela.pt\/api\/wp\/v2\/users\/2"}],"replies":[{"embeddable":true,"href":"https:\/\/portaltela.pt\/api\/wp\/v2\/comments?post=187280"}],"version-history":[{"count":0,"href":"https:\/\/portaltela.pt\/api\/wp\/v2\/posts\/187280\/revisions"}],"wp:featuredmedia":[{"embeddable":true,"href":"https:\/\/portaltela.pt\/api\/wp\/v2\/media\/187307"}],"wp:attachment":[{"href":"https:\/\/portaltela.pt\/api\/wp\/v2\/media?parent=187280"}],"wp:term":[{"taxonomy":"category","embeddable":true,"href":"https:\/\/portaltela.pt\/api\/wp\/v2\/categories?post=187280"},{"taxonomy":"post_tag","embeddable":true,"href":"https:\/\/portaltela.pt\/api\/wp\/v2\/tags?post=187280"}],"curies":[{"name":"wp","href":"https:\/\/api.w.org\/{rel}","templated":true}]}}