{"id":187231,"date":"2026-01-31T15:12:00","date_gmt":"2026-01-31T18:12:00","guid":{"rendered":"https:\/\/portaltela.pt\/noticias\/2026\/01\/31\/william-gomes-diz-que-o-mundial-foi-o-ponto-de-viragem-na-sua-mentalidade\/"},"modified":"2026-01-31T15:12:00","modified_gmt":"2026-01-31T18:12:00","slug":"william-gomes-diz-que-o-mundial-foi-o-ponto-de-viragem-na-sua-mentalidade","status":"publish","type":"post","link":"https:\/\/portaltela.pt\/desporto\/futebol\/2026\/01\/31\/william-gomes-diz-que-o-mundial-foi-o-ponto-de-viragem-na-sua-mentalidade\/","title":{"rendered":"William Gomes diz que o Mundial foi o ponto de viragem na sua mentalidade"},"content":{"rendered":"<p>William Gomes, extremo brasileiro do FC Porto, recorda, numa entrevista aos canais oficiais do clube, o percurso desde a chegada aos azuis e brancos at\u00e9 \u00e0 afirma\u00e7\u00e3o atual no plantel. O jovem de 19 anos descreve o in\u00edcio dif\u00edcil, marcado por poucas minutos.<\/p>\n<p>Chegou h\u00e1 um ano ao FC Porto e enfrentou uma fase de adapta\u00e7\u00e3o, com menos tempo de jogo. Atualmente, soma 40 jogos, 9 golos e uma assist\u00eancia, e tornou-se op\u00e7\u00e3o relevante para o treinador Francesco Farioli.<\/p>\n<p>No processo de integra\u00e7\u00e3o, o jogador destacou o papel de Pep\u00ea, Ot\u00e1vio e Samuel Portugal, que o ajudaram a encontrar familiaridade no grupo. Remeteu a amizade com Pep\u00ea como fundamental para a continuidade na equipa.<\/p>\n<p>O primeiro encontro com o p\u00fablico foi frente ao Sporting, no Drag\u00e3o, considerado um momento especial. Depois houve uma derrota frente ao Benfica que gerou contesta\u00e7\u00e3o entre os adeptos.<\/p>\n<p>Segundo o jovem, a adapta\u00e7\u00e3o positional come\u00e7ou com o trinco de tarefas entre lateral esquerdo e posi\u00e7\u00e3o interior. No Mundial de Clubes, o t\u00e9cnico Anselmi ajustou a sua utiliza\u00e7\u00e3o.<\/p>\n<h3>Mudan\u00e7a de mentalidade<\/h3>\n<p>O ponta esquerda tornou-se a posi\u00e7\u00e3o de refer\u00eancia ap\u00f3s o ajusto t\u00e1tico no Mundial de Clubes. A partir desse momento, o jogador aponta esse est\u00e1gio como o ponto de viragem na sua mentalidade e desempenho.<\/p>\n","protected":false},"excerpt":{"rendered":"<ul>\n<li>William Gomes chegou ao F. C. Porto h\u00e1 um ano, enfrentou fase de poucos minutos, mas ganhou espa\u00e7o e j\u00e1 soma quarenta jogos, nove golos e uma assist\u00eancia.<\/li>\n<li>O extremo brasileiro tem sido pe\u00e7a-chave nas op\u00e7\u00f5es de Francesco Farioli, especialmente ap\u00f3s o Mundial de Clubes, que ele descreve como o ponto de viragem na sua mentalidade.<\/li>\n<li>O neg\u00f3cio com o S\u00e3o Paulo manteve vinte por cento dos direitos do jogador, valorando a transfer\u00eancia e o potencial prosseguimento da rela\u00e7\u00e3o entre clubes.<\/li>\n<li>A estreia foi frente ao Sporting, no Drag\u00e3o, num encontro considerado especial; a equipa sofreu uma derrota pesada frente ao Benfica, gerando press\u00e3o entre adeptos.<\/li>\n<li>No in\u00edcio, William atuava em duas posi\u00e7\u00f5es (lateral esquerdo e interior direito); durante o Mundial de Clubes, o t\u00e9cnico Anselmi passou a utiliz\u00e1-lo na ponta esquerda, o que ajudou a mudan\u00e7a de mentalidade.<\/li>\n<\/ul>\n","protected":false},"author":2,"featured_media":187246,"comment_status":"closed","ping_status":"closed","sticky":false,"template":"","format":"standard","meta":{"footnotes":""},"categories":[21,24],"tags":[2028,32,4959,3606,4960,1652],"class_list":["post-187231","post","type-post","status-publish","format-standard","has-post-thumbnail","hentry","category-desporto","category-futebol","tag-fc-porto","tag-futebol","tag-otavio","tag-pepe","tag-samuel-portugal","tag-sporting"],"yoast_head":"<!-- This site is optimized with the Yoast SEO plugin v27.2 - https:\/\/yoast.com\/product\/yoast-seo-wordpress\/ -->\n<title>William Gomes diz que o Mundial foi o ponto de viragem na sua mentalidade - Portal Tela Portugal<\/title>\n<meta name=\"robots\" content=\"index, follow, max-snippet:-1, max-image-preview:large, max-video-preview:-1\" \/>\n<meta property=\"og:locale\" content=\"pt_PT\" \/>\n<meta property=\"og:type\" content=\"article\" \/>\n<meta property=\"og:title\" content=\"William Gomes diz que o Mundial foi o ponto de viragem na sua mentalidade - Portal Tela Portugal\" \/>\n<meta property=\"og:description\" content=\"William Gomes chegou ao F. C. Porto h\u00e1 um ano, enfrentou fase de poucos minutos, mas ganhou espa\u00e7o e j\u00e1 soma quarenta jogos, nove golos e uma assist\u00eancia. O extremo brasileiro tem sido pe\u00e7a-chave nas op\u00e7\u00f5es de Francesco Farioli, especialmente ap\u00f3s o Mundial de Clubes, que ele descreve como o ponto de viragem na sua mentalidade. O neg\u00f3cio com o S\u00e3o Paulo manteve vinte por cento dos direitos do jogador, valorando a transfer\u00eancia e o potencial prosseguimento da rela\u00e7\u00e3o entre clubes. A estreia foi frente ao Sporting, no Drag\u00e3o, num encontro considerado especial; a equipa sofreu uma derrota pesada frente ao Benfica, gerando press\u00e3o entre adeptos. No in\u00edcio, William atuava em duas posi\u00e7\u00f5es (lateral esquerdo e interior direito); durante o Mundial de Clubes, o t\u00e9cnico Anselmi passou a utiliz\u00e1-lo na ponta esquerda, o que ajudou a mudan\u00e7a de mentalidade.\" \/>\n<meta property=\"og:url\" content=\"https:\/\/portaltela.pt\/noticias\/2026\/01\/31\/william-gomes-diz-que-o-mundial-foi-o-ponto-de-viragem-na-sua-mentalidade\/\" \/>\n<meta property=\"og:site_name\" content=\"Portal Tela Portugal\" \/>\n<meta property=\"article:published_time\" content=\"2026-01-31T18:12:00+00:00\" \/>\n<meta name=\"author\" content=\"Telinha\" \/>\n<meta name=\"twitter:card\" content=\"summary_large_image\" \/>\n<meta name=\"twitter:label1\" content=\"Escrito por\" \/>\n\t<meta name=\"twitter:data1\" content=\"Telinha\" \/>\n\t<meta name=\"twitter:label2\" content=\"Tempo estimado de leitura\" \/>\n\t<meta name=\"twitter:data2\" content=\"1 minuto\" \/>\n<script type=\"application\/ld+json\" class=\"yoast-schema-graph\">{\"@context\":\"https:\/\/schema.org\",\"@graph\":[{\"@type\":\"Article\",\"@id\":\"https:\/\/portaltela.pt\/noticias\/2026\/01\/31\/william-gomes-diz-que-o-mundial-foi-o-ponto-de-viragem-na-sua-mentalidade\/#article\",\"isPartOf\":{\"@id\":\"https:\/\/portaltela.pt\/noticias\/2026\/01\/31\/william-gomes-diz-que-o-mundial-foi-o-ponto-de-viragem-na-sua-mentalidade\/\"},\"author\":{\"name\":\"Telinha\",\"@id\":\"https:\/\/portaltela.pt\/#\/schema\/person\/c4278d4a6028830caff9ee44b42d32ed\"},\"headline\":\"William Gomes diz que o Mundial foi o ponto de viragem na sua mentalidade\",\"datePublished\":\"2026-01-31T18:12:00+00:00\",\"mainEntityOfPage\":{\"@id\":\"https:\/\/portaltela.pt\/noticias\/2026\/01\/31\/william-gomes-diz-que-o-mundial-foi-o-ponto-de-viragem-na-sua-mentalidade\/\"},\"wordCount\":242,\"image\":{\"@id\":\"https:\/\/portaltela.pt\/noticias\/2026\/01\/31\/william-gomes-diz-que-o-mundial-foi-o-ponto-de-viragem-na-sua-mentalidade\/#primaryimage\"},\"thumbnailUrl\":\"https:\/\/portaltela.pt\/s.01k8rhncp4jt1\/2026\/01\/image-2207.jpg\",\"keywords\":[\"FC Porto\",\"futebol\",\"Ot\u00e1vio\",\"Pep\u00ea\",\"Samuel Portugal\",\"Sporting\"],\"articleSection\":[\"Desporto\",\"Futebol\"],\"inLanguage\":\"pt-PT\"},{\"@type\":\"WebPage\",\"@id\":\"https:\/\/portaltela.pt\/noticias\/2026\/01\/31\/william-gomes-diz-que-o-mundial-foi-o-ponto-de-viragem-na-sua-mentalidade\/\",\"url\":\"https:\/\/portaltela.pt\/noticias\/2026\/01\/31\/william-gomes-diz-que-o-mundial-foi-o-ponto-de-viragem-na-sua-mentalidade\/\",\"name\":\"William Gomes diz que o Mundial foi o ponto de viragem na sua mentalidade - Portal Tela Portugal\",\"isPartOf\":{\"@id\":\"https:\/\/portaltela.pt\/#website\"},\"primaryImageOfPage\":{\"@id\":\"https:\/\/portaltela.pt\/noticias\/2026\/01\/31\/william-gomes-diz-que-o-mundial-foi-o-ponto-de-viragem-na-sua-mentalidade\/#primaryimage\"},\"image\":{\"@id\":\"https:\/\/portaltela.pt\/noticias\/2026\/01\/31\/william-gomes-diz-que-o-mundial-foi-o-ponto-de-viragem-na-sua-mentalidade\/#primaryimage\"},\"thumbnailUrl\":\"https:\/\/portaltela.pt\/s.01k8rhncp4jt1\/2026\/01\/image-2207.jpg\",\"datePublished\":\"2026-01-31T18:12:00+00:00\",\"author\":{\"@id\":\"https:\/\/portaltela.pt\/#\/schema\/person\/c4278d4a6028830caff9ee44b42d32ed\"},\"breadcrumb\":{\"@id\":\"https:\/\/portaltela.pt\/noticias\/2026\/01\/31\/william-gomes-diz-que-o-mundial-foi-o-ponto-de-viragem-na-sua-mentalidade\/#breadcrumb\"},\"inLanguage\":\"pt-PT\",\"potentialAction\":[{\"@type\":\"ReadAction\",\"target\":[\"https:\/\/portaltela.pt\/noticias\/2026\/01\/31\/william-gomes-diz-que-o-mundial-foi-o-ponto-de-viragem-na-sua-mentalidade\/\"]}]},{\"@type\":\"ImageObject\",\"inLanguage\":\"pt-PT\",\"@id\":\"https:\/\/portaltela.pt\/noticias\/2026\/01\/31\/william-gomes-diz-que-o-mundial-foi-o-ponto-de-viragem-na-sua-mentalidade\/#primaryimage\",\"url\":\"https:\/\/portaltela.pt\/s.01k8rhncp4jt1\/2026\/01\/image-2207.jpg\",\"contentUrl\":\"https:\/\/portaltela.pt\/s.01k8rhncp4jt1\/2026\/01\/image-2207.jpg\",\"width\":796,\"height\":448,\"caption\":\"William Gomes refor\u00e7ou o F. C. Porto em janeiro de 2025\"},{\"@type\":\"BreadcrumbList\",\"@id\":\"https:\/\/portaltela.pt\/noticias\/2026\/01\/31\/william-gomes-diz-que-o-mundial-foi-o-ponto-de-viragem-na-sua-mentalidade\/#breadcrumb\",\"itemListElement\":[{\"@type\":\"ListItem\",\"position\":1,\"name\":\"In\u00edcio\",\"item\":\"https:\/\/portaltela.pt\/\"},{\"@type\":\"ListItem\",\"position\":2,\"name\":\"William Gomes diz que o Mundial foi o ponto de viragem na sua mentalidade\"}]},{\"@type\":\"WebSite\",\"@id\":\"https:\/\/portaltela.pt\/#website\",\"url\":\"https:\/\/portaltela.pt\/\",\"name\":\"Portal Tela Portugal\",\"description\":\"\",\"potentialAction\":[{\"@type\":\"SearchAction\",\"target\":{\"@type\":\"EntryPoint\",\"urlTemplate\":\"https:\/\/portaltela.pt\/?s={search_term_string}\"},\"query-input\":{\"@type\":\"PropertyValueSpecification\",\"valueRequired\":true,\"valueName\":\"search_term_string\"}}],\"inLanguage\":\"pt-PT\"},{\"@type\":\"Person\",\"@id\":\"https:\/\/portaltela.pt\/#\/schema\/person\/c4278d4a6028830caff9ee44b42d32ed\",\"name\":\"Telinha\",\"image\":{\"@type\":\"ImageObject\",\"inLanguage\":\"pt-PT\",\"@id\":\"https:\/\/portaltela.pt\/s.01k8rhncp4jt1\/2025\/11\/talking-bot-125x125.png\",\"url\":\"https:\/\/portaltela.pt\/s.01k8rhncp4jt1\/2025\/11\/talking-bot-125x125.png\",\"contentUrl\":\"https:\/\/portaltela.pt\/s.01k8rhncp4jt1\/2025\/11\/talking-bot-125x125.png\",\"caption\":\"Telinha\"},\"sameAs\":[\"https:\/\/portaltela.pt\/\"],\"url\":\"https:\/\/portaltela.pt\/por\/367410592786\/\"}]}<\/script>\n<!-- \/ Yoast SEO plugin. -->","yoast_head_json":{"title":"William Gomes diz que o Mundial foi o ponto de viragem na sua mentalidade - Portal Tela Portugal","robots":{"index":"index","follow":"follow","max-snippet":"max-snippet:-1","max-image-preview":"max-image-preview:large","max-video-preview":"max-video-preview:-1"},"og_locale":"pt_PT","og_type":"article","og_title":"William Gomes diz que o Mundial foi o ponto de viragem na sua mentalidade - Portal Tela Portugal","og_description":"William Gomes chegou ao F. C. Porto h\u00e1 um ano, enfrentou fase de poucos minutos, mas ganhou espa\u00e7o e j\u00e1 soma quarenta jogos, nove golos e uma assist\u00eancia. O extremo brasileiro tem sido pe\u00e7a-chave nas op\u00e7\u00f5es de Francesco Farioli, especialmente ap\u00f3s o Mundial de Clubes, que ele descreve como o ponto de viragem na sua mentalidade. O neg\u00f3cio com o S\u00e3o Paulo manteve vinte por cento dos direitos do jogador, valorando a transfer\u00eancia e o potencial prosseguimento da rela\u00e7\u00e3o entre clubes. A estreia foi frente ao Sporting, no Drag\u00e3o, num encontro considerado especial; a equipa sofreu uma derrota pesada frente ao Benfica, gerando press\u00e3o entre adeptos. No in\u00edcio, William atuava em duas posi\u00e7\u00f5es (lateral esquerdo e interior direito); durante o Mundial de Clubes, o t\u00e9cnico Anselmi passou a utiliz\u00e1-lo na ponta esquerda, o que ajudou a mudan\u00e7a de mentalidade.","og_url":"https:\/\/portaltela.pt\/noticias\/2026\/01\/31\/william-gomes-diz-que-o-mundial-foi-o-ponto-de-viragem-na-sua-mentalidade\/","og_site_name":"Portal Tela Portugal","article_published_time":"2026-01-31T18:12:00+00:00","author":"Telinha","twitter_card":"summary_large_image","twitter_misc":{"Escrito por":"Telinha","Tempo estimado de leitura":"1 minuto"},"schema":{"@context":"https:\/\/schema.org","@graph":[{"@type":"Article","@id":"https:\/\/portaltela.pt\/noticias\/2026\/01\/31\/william-gomes-diz-que-o-mundial-foi-o-ponto-de-viragem-na-sua-mentalidade\/#article","isPartOf":{"@id":"https:\/\/portaltela.pt\/noticias\/2026\/01\/31\/william-gomes-diz-que-o-mundial-foi-o-ponto-de-viragem-na-sua-mentalidade\/"},"author":{"name":"Telinha","@id":"https:\/\/portaltela.pt\/#\/schema\/person\/c4278d4a6028830caff9ee44b42d32ed"},"headline":"William Gomes diz que o Mundial foi o ponto de viragem na sua mentalidade","datePublished":"2026-01-31T18:12:00+00:00","mainEntityOfPage":{"@id":"https:\/\/portaltela.pt\/noticias\/2026\/01\/31\/william-gomes-diz-que-o-mundial-foi-o-ponto-de-viragem-na-sua-mentalidade\/"},"wordCount":242,"image":{"@id":"https:\/\/portaltela.pt\/noticias\/2026\/01\/31\/william-gomes-diz-que-o-mundial-foi-o-ponto-de-viragem-na-sua-mentalidade\/#primaryimage"},"thumbnailUrl":"https:\/\/portaltela.pt\/s.01k8rhncp4jt1\/2026\/01\/image-2207.jpg","keywords":["FC Porto","futebol","Ot\u00e1vio","Pep\u00ea","Samuel Portugal","Sporting"],"articleSection":["Desporto","Futebol"],"inLanguage":"pt-PT"},{"@type":"WebPage","@id":"https:\/\/portaltela.pt\/noticias\/2026\/01\/31\/william-gomes-diz-que-o-mundial-foi-o-ponto-de-viragem-na-sua-mentalidade\/","url":"https:\/\/portaltela.pt\/noticias\/2026\/01\/31\/william-gomes-diz-que-o-mundial-foi-o-ponto-de-viragem-na-sua-mentalidade\/","name":"William Gomes diz que o Mundial foi o ponto de viragem na sua mentalidade - Portal Tela Portugal","isPartOf":{"@id":"https:\/\/portaltela.pt\/#website"},"primaryImageOfPage":{"@id":"https:\/\/portaltela.pt\/noticias\/2026\/01\/31\/william-gomes-diz-que-o-mundial-foi-o-ponto-de-viragem-na-sua-mentalidade\/#primaryimage"},"image":{"@id":"https:\/\/portaltela.pt\/noticias\/2026\/01\/31\/william-gomes-diz-que-o-mundial-foi-o-ponto-de-viragem-na-sua-mentalidade\/#primaryimage"},"thumbnailUrl":"https:\/\/portaltela.pt\/s.01k8rhncp4jt1\/2026\/01\/image-2207.jpg","datePublished":"2026-01-31T18:12:00+00:00","author":{"@id":"https:\/\/portaltela.pt\/#\/schema\/person\/c4278d4a6028830caff9ee44b42d32ed"},"breadcrumb":{"@id":"https:\/\/portaltela.pt\/noticias\/2026\/01\/31\/william-gomes-diz-que-o-mundial-foi-o-ponto-de-viragem-na-sua-mentalidade\/#breadcrumb"},"inLanguage":"pt-PT","potentialAction":[{"@type":"ReadAction","target":["https:\/\/portaltela.pt\/noticias\/2026\/01\/31\/william-gomes-diz-que-o-mundial-foi-o-ponto-de-viragem-na-sua-mentalidade\/"]}]},{"@type":"ImageObject","inLanguage":"pt-PT","@id":"https:\/\/portaltela.pt\/noticias\/2026\/01\/31\/william-gomes-diz-que-o-mundial-foi-o-ponto-de-viragem-na-sua-mentalidade\/#primaryimage","url":"https:\/\/portaltela.pt\/s.01k8rhncp4jt1\/2026\/01\/image-2207.jpg","contentUrl":"https:\/\/portaltela.pt\/s.01k8rhncp4jt1\/2026\/01\/image-2207.jpg","width":796,"height":448,"caption":"William Gomes refor\u00e7ou o F. C. Porto em janeiro de 2025"},{"@type":"BreadcrumbList","@id":"https:\/\/portaltela.pt\/noticias\/2026\/01\/31\/william-gomes-diz-que-o-mundial-foi-o-ponto-de-viragem-na-sua-mentalidade\/#breadcrumb","itemListElement":[{"@type":"ListItem","position":1,"name":"In\u00edcio","item":"https:\/\/portaltela.pt\/"},{"@type":"ListItem","position":2,"name":"William Gomes diz que o Mundial foi o ponto de viragem na sua mentalidade"}]},{"@type":"WebSite","@id":"https:\/\/portaltela.pt\/#website","url":"https:\/\/portaltela.pt\/","name":"Portal Tela Portugal","description":"","potentialAction":[{"@type":"SearchAction","target":{"@type":"EntryPoint","urlTemplate":"https:\/\/portaltela.pt\/?s={search_term_string}"},"query-input":{"@type":"PropertyValueSpecification","valueRequired":true,"valueName":"search_term_string"}}],"inLanguage":"pt-PT"},{"@type":"Person","@id":"https:\/\/portaltela.pt\/#\/schema\/person\/c4278d4a6028830caff9ee44b42d32ed","name":"Telinha","image":{"@type":"ImageObject","inLanguage":"pt-PT","@id":"https:\/\/portaltela.pt\/s.01k8rhncp4jt1\/2025\/11\/talking-bot-125x125.png","url":"https:\/\/portaltela.pt\/s.01k8rhncp4jt1\/2025\/11\/talking-bot-125x125.png","contentUrl":"https:\/\/portaltela.pt\/s.01k8rhncp4jt1\/2025\/11\/talking-bot-125x125.png","caption":"Telinha"},"sameAs":["https:\/\/portaltela.pt\/"],"url":"https:\/\/portaltela.pt\/por\/367410592786\/"}]}},"_links":{"self":[{"href":"https:\/\/portaltela.pt\/api\/wp\/v2\/posts\/187231","targetHints":{"allow":["GET"]}}],"collection":[{"href":"https:\/\/portaltela.pt\/api\/wp\/v2\/posts"}],"about":[{"href":"https:\/\/portaltela.pt\/api\/wp\/v2\/types\/post"}],"author":[{"embeddable":true,"href":"https:\/\/portaltela.pt\/api\/wp\/v2\/users\/2"}],"replies":[{"embeddable":true,"href":"https:\/\/portaltela.pt\/api\/wp\/v2\/comments?post=187231"}],"version-history":[{"count":0,"href":"https:\/\/portaltela.pt\/api\/wp\/v2\/posts\/187231\/revisions"}],"wp:featuredmedia":[{"embeddable":true,"href":"https:\/\/portaltela.pt\/api\/wp\/v2\/media\/187246"}],"wp:attachment":[{"href":"https:\/\/portaltela.pt\/api\/wp\/v2\/media?parent=187231"}],"wp:term":[{"taxonomy":"category","embeddable":true,"href":"https:\/\/portaltela.pt\/api\/wp\/v2\/categories?post=187231"},{"taxonomy":"post_tag","embeddable":true,"href":"https:\/\/portaltela.pt\/api\/wp\/v2\/tags?post=187231"}],"curies":[{"name":"wp","href":"https:\/\/api.w.org\/{rel}","templated":true}]}}