{"id":187227,"date":"2026-01-31T15:02:00","date_gmt":"2026-01-31T18:02:00","guid":{"rendered":"https:\/\/portaltela.pt\/noticias\/2026\/01\/31\/corpo-encontrado-flutuando-junto-as-ilhas-desertas\/"},"modified":"2026-01-31T15:02:00","modified_gmt":"2026-01-31T18:02:00","slug":"corpo-encontrado-flutuando-junto-as-ilhas-desertas","status":"publish","type":"post","link":"https:\/\/portaltela.pt\/noticias\/internacional\/2026\/01\/31\/corpo-encontrado-flutuando-junto-as-ilhas-desertas\/","title":{"rendered":"Corpo encontrado flutuando junto \u00e0s Ilhas Desertas"},"content":{"rendered":"<p>Encontrado corpo a flutuar junto \u00e0s Ilhas Desertas<\/p>\n<p>Foi encontrado o corpo de uma mulher, com cerca de 40 anos, a flutuar a cerca de nove quil\u00f3metros a sul das Ilhas Desertas, no arquip\u00e9lago da Madeira. As causas da morte s\u00e3o desconhecidas, segundo a Autoridade Mar\u00edtima Nacional (AMN).<\/p>\n<p>O alerta chegou \u00e0s 13h24, via uma embarca\u00e7\u00e3o de pesca que passava pela \u00e1rea. De imediato, foram acionados a Esta\u00e7\u00e3o Salva-vidas do Funchal, o Comando Local da Pol\u00edcia Mar\u00edtima do Funchal e a Pol\u00edcia Judici\u00e1ria.<\/p>\n<p>O corpo foi transportado at\u00e9 ao cais do Porto do Funchal, onde houve verifica\u00e7\u00e3o do \u00f3bito pela delegada de sa\u00fade. Segue-se o encaminhamento para per\u00edcias do Gabinete M\u00e9dico-Legal e Forense da Madeira.<\/p>\n<p>Investiga\u00e7\u00e3o em curso pelas autoridades competentes para apurar as circunst\u00e2ncias da ocorr\u00eancia.<\/p>\n","protected":false},"excerpt":{"rendered":"<ul>\n<li>Foi encontrado o corpo de uma mulher de cerca de 40 anos a flutuar a nove quil\u00f3metros a sul das Ilhas Desertas, Madeira; as causas da morte s\u00e3o desconhecidas.<\/li>\n<li>O alerta foi dado \u00e0s 13h24 por uma embarca\u00e7\u00e3o de pesca, tendo sido acionados a Autoridade Mar\u00edtima Nacional (AMN), a Esta\u00e7\u00e3o Salva-vidas do Funchal, o Comando Local da Pol\u00edcia Mar\u00edtima do Funchal e a Pol\u00edcia Judici\u00e1ria.<\/li>\n<li>A v\u00edtima foi transportada at\u00e9 ao cais do Porto do Funchal, onde ocorreu o auto de verifica\u00e7\u00e3o do \u00f3bito pela delegada de sa\u00fade.<\/li>\n<li>Ap\u00f3s per\u00edcias da Pol\u00edcia Judici\u00e1ria, o corpo ser\u00e1 encaminhado ao Gabinete M\u00e9dico-Legal e Forense da Madeira.<\/li>\n<li>A Autoridade Mar\u00edtima Nacional informou que as opera\u00e7\u00f5es seguem as instru\u00e7\u00f5es das autoridades competentes.<\/li>\n<\/ul>\n","protected":false},"author":2,"featured_media":187241,"comment_status":"closed","ping_status":"closed","sticky":false,"template":"","format":"standard","meta":{"footnotes":""},"categories":[4,1],"tags":[108,215,859,4868,3813,1802],"class_list":["post-187227","post","type-post","status-publish","format-standard","has-post-thumbnail","hentry","category-internacional","category-noticias","tag-corpo","tag-investigacao","tag-madeira","tag-medicina-legal","tag-pericias","tag-policia-judiciaria"],"yoast_head":"<!-- This site is optimized with the Yoast SEO plugin v27.2 - https:\/\/yoast.com\/product\/yoast-seo-wordpress\/ -->\n<title>Corpo encontrado flutuando junto \u00e0s Ilhas Desertas - Portal Tela Portugal<\/title>\n<meta name=\"robots\" content=\"index, follow, max-snippet:-1, max-image-preview:large, max-video-preview:-1\" \/>\n<meta property=\"og:locale\" content=\"pt_PT\" \/>\n<meta property=\"og:type\" content=\"article\" \/>\n<meta property=\"og:title\" content=\"Corpo encontrado flutuando junto \u00e0s Ilhas Desertas - Portal Tela Portugal\" \/>\n<meta property=\"og:description\" content=\"Foi encontrado o corpo de uma mulher de cerca de 40 anos a flutuar a nove quil\u00f3metros a sul das Ilhas Desertas, Madeira; as causas da morte s\u00e3o desconhecidas. O alerta foi dado \u00e0s 13h24 por uma embarca\u00e7\u00e3o de pesca, tendo sido acionados a Autoridade Mar\u00edtima Nacional (AMN), a Esta\u00e7\u00e3o Salva-vidas do Funchal, o Comando Local da Pol\u00edcia Mar\u00edtima do Funchal e a Pol\u00edcia Judici\u00e1ria. A v\u00edtima foi transportada at\u00e9 ao cais do Porto do Funchal, onde ocorreu o auto de verifica\u00e7\u00e3o do \u00f3bito pela delegada de sa\u00fade. Ap\u00f3s per\u00edcias da Pol\u00edcia Judici\u00e1ria, o corpo ser\u00e1 encaminhado ao Gabinete M\u00e9dico-Legal e Forense da Madeira. A Autoridade Mar\u00edtima Nacional informou que as opera\u00e7\u00f5es seguem as instru\u00e7\u00f5es das autoridades competentes.\" \/>\n<meta property=\"og:url\" content=\"https:\/\/portaltela.pt\/noticias\/2026\/01\/31\/corpo-encontrado-flutuando-junto-as-ilhas-desertas\/\" \/>\n<meta property=\"og:site_name\" content=\"Portal Tela Portugal\" \/>\n<meta property=\"article:published_time\" content=\"2026-01-31T18:02:00+00:00\" \/>\n<meta name=\"author\" content=\"Telinha\" \/>\n<meta name=\"twitter:card\" content=\"summary_large_image\" \/>\n<meta name=\"twitter:label1\" content=\"Escrito por\" \/>\n\t<meta name=\"twitter:data1\" content=\"Telinha\" \/>\n\t<meta name=\"twitter:label2\" content=\"Tempo estimado de leitura\" \/>\n\t<meta name=\"twitter:data2\" content=\"1 minuto\" \/>\n<script type=\"application\/ld+json\" class=\"yoast-schema-graph\">{\"@context\":\"https:\/\/schema.org\",\"@graph\":[{\"@type\":\"Article\",\"@id\":\"https:\/\/portaltela.pt\/noticias\/2026\/01\/31\/corpo-encontrado-flutuando-junto-as-ilhas-desertas\/#article\",\"isPartOf\":{\"@id\":\"https:\/\/portaltela.pt\/noticias\/2026\/01\/31\/corpo-encontrado-flutuando-junto-as-ilhas-desertas\/\"},\"author\":{\"name\":\"Telinha\",\"@id\":\"https:\/\/portaltela.pt\/#\/schema\/person\/c4278d4a6028830caff9ee44b42d32ed\"},\"headline\":\"Corpo encontrado flutuando junto \u00e0s Ilhas Desertas\",\"datePublished\":\"2026-01-31T18:02:00+00:00\",\"mainEntityOfPage\":{\"@id\":\"https:\/\/portaltela.pt\/noticias\/2026\/01\/31\/corpo-encontrado-flutuando-junto-as-ilhas-desertas\/\"},\"wordCount\":150,\"image\":{\"@id\":\"https:\/\/portaltela.pt\/noticias\/2026\/01\/31\/corpo-encontrado-flutuando-junto-as-ilhas-desertas\/#primaryimage\"},\"thumbnailUrl\":\"https:\/\/portaltela.pt\/s.01k8rhncp4jt1\/2026\/01\/unnamed-file-6362.jpg\",\"keywords\":[\"corpo\",\"investiga\u00e7\u00e3o\",\"Madeira\",\"Medicina Legal\",\"per\u00edcias\",\"Pol\u00edcia Judici\u00e1ria\"],\"articleSection\":[\"Internacional\",\"Not\u00edcias\"],\"inLanguage\":\"pt-PT\"},{\"@type\":\"WebPage\",\"@id\":\"https:\/\/portaltela.pt\/noticias\/2026\/01\/31\/corpo-encontrado-flutuando-junto-as-ilhas-desertas\/\",\"url\":\"https:\/\/portaltela.pt\/noticias\/2026\/01\/31\/corpo-encontrado-flutuando-junto-as-ilhas-desertas\/\",\"name\":\"Corpo encontrado flutuando junto \u00e0s Ilhas Desertas - Portal Tela Portugal\",\"isPartOf\":{\"@id\":\"https:\/\/portaltela.pt\/#website\"},\"primaryImageOfPage\":{\"@id\":\"https:\/\/portaltela.pt\/noticias\/2026\/01\/31\/corpo-encontrado-flutuando-junto-as-ilhas-desertas\/#primaryimage\"},\"image\":{\"@id\":\"https:\/\/portaltela.pt\/noticias\/2026\/01\/31\/corpo-encontrado-flutuando-junto-as-ilhas-desertas\/#primaryimage\"},\"thumbnailUrl\":\"https:\/\/portaltela.pt\/s.01k8rhncp4jt1\/2026\/01\/unnamed-file-6362.jpg\",\"datePublished\":\"2026-01-31T18:02:00+00:00\",\"author\":{\"@id\":\"https:\/\/portaltela.pt\/#\/schema\/person\/c4278d4a6028830caff9ee44b42d32ed\"},\"breadcrumb\":{\"@id\":\"https:\/\/portaltela.pt\/noticias\/2026\/01\/31\/corpo-encontrado-flutuando-junto-as-ilhas-desertas\/#breadcrumb\"},\"inLanguage\":\"pt-PT\",\"potentialAction\":[{\"@type\":\"ReadAction\",\"target\":[\"https:\/\/portaltela.pt\/noticias\/2026\/01\/31\/corpo-encontrado-flutuando-junto-as-ilhas-desertas\/\"]}]},{\"@type\":\"ImageObject\",\"inLanguage\":\"pt-PT\",\"@id\":\"https:\/\/portaltela.pt\/noticias\/2026\/01\/31\/corpo-encontrado-flutuando-junto-as-ilhas-desertas\/#primaryimage\",\"url\":\"https:\/\/portaltela.pt\/s.01k8rhncp4jt1\/2026\/01\/unnamed-file-6362.jpg\",\"contentUrl\":\"https:\/\/portaltela.pt\/s.01k8rhncp4jt1\/2026\/01\/unnamed-file-6362.jpg\",\"width\":796,\"height\":448,\"caption\":\"Encontrado corpo a flutuar junto \u00e0s Ilhas Desertas\"},{\"@type\":\"BreadcrumbList\",\"@id\":\"https:\/\/portaltela.pt\/noticias\/2026\/01\/31\/corpo-encontrado-flutuando-junto-as-ilhas-desertas\/#breadcrumb\",\"itemListElement\":[{\"@type\":\"ListItem\",\"position\":1,\"name\":\"In\u00edcio\",\"item\":\"https:\/\/portaltela.pt\/\"},{\"@type\":\"ListItem\",\"position\":2,\"name\":\"Corpo encontrado flutuando junto \u00e0s Ilhas Desertas\"}]},{\"@type\":\"WebSite\",\"@id\":\"https:\/\/portaltela.pt\/#website\",\"url\":\"https:\/\/portaltela.pt\/\",\"name\":\"Portal Tela Portugal\",\"description\":\"\",\"potentialAction\":[{\"@type\":\"SearchAction\",\"target\":{\"@type\":\"EntryPoint\",\"urlTemplate\":\"https:\/\/portaltela.pt\/?s={search_term_string}\"},\"query-input\":{\"@type\":\"PropertyValueSpecification\",\"valueRequired\":true,\"valueName\":\"search_term_string\"}}],\"inLanguage\":\"pt-PT\"},{\"@type\":\"Person\",\"@id\":\"https:\/\/portaltela.pt\/#\/schema\/person\/c4278d4a6028830caff9ee44b42d32ed\",\"name\":\"Telinha\",\"image\":{\"@type\":\"ImageObject\",\"inLanguage\":\"pt-PT\",\"@id\":\"https:\/\/portaltela.pt\/s.01k8rhncp4jt1\/2025\/11\/talking-bot-125x125.png\",\"url\":\"https:\/\/portaltela.pt\/s.01k8rhncp4jt1\/2025\/11\/talking-bot-125x125.png\",\"contentUrl\":\"https:\/\/portaltela.pt\/s.01k8rhncp4jt1\/2025\/11\/talking-bot-125x125.png\",\"caption\":\"Telinha\"},\"sameAs\":[\"https:\/\/portaltela.pt\/\"],\"url\":\"https:\/\/portaltela.pt\/por\/367410592786\/\"}]}<\/script>\n<!-- \/ Yoast SEO plugin. -->","yoast_head_json":{"title":"Corpo encontrado flutuando junto \u00e0s Ilhas Desertas - Portal Tela Portugal","robots":{"index":"index","follow":"follow","max-snippet":"max-snippet:-1","max-image-preview":"max-image-preview:large","max-video-preview":"max-video-preview:-1"},"og_locale":"pt_PT","og_type":"article","og_title":"Corpo encontrado flutuando junto \u00e0s Ilhas Desertas - Portal Tela Portugal","og_description":"Foi encontrado o corpo de uma mulher de cerca de 40 anos a flutuar a nove quil\u00f3metros a sul das Ilhas Desertas, Madeira; as causas da morte s\u00e3o desconhecidas. O alerta foi dado \u00e0s 13h24 por uma embarca\u00e7\u00e3o de pesca, tendo sido acionados a Autoridade Mar\u00edtima Nacional (AMN), a Esta\u00e7\u00e3o Salva-vidas do Funchal, o Comando Local da Pol\u00edcia Mar\u00edtima do Funchal e a Pol\u00edcia Judici\u00e1ria. A v\u00edtima foi transportada at\u00e9 ao cais do Porto do Funchal, onde ocorreu o auto de verifica\u00e7\u00e3o do \u00f3bito pela delegada de sa\u00fade. Ap\u00f3s per\u00edcias da Pol\u00edcia Judici\u00e1ria, o corpo ser\u00e1 encaminhado ao Gabinete M\u00e9dico-Legal e Forense da Madeira. A Autoridade Mar\u00edtima Nacional informou que as opera\u00e7\u00f5es seguem as instru\u00e7\u00f5es das autoridades competentes.","og_url":"https:\/\/portaltela.pt\/noticias\/2026\/01\/31\/corpo-encontrado-flutuando-junto-as-ilhas-desertas\/","og_site_name":"Portal Tela Portugal","article_published_time":"2026-01-31T18:02:00+00:00","author":"Telinha","twitter_card":"summary_large_image","twitter_misc":{"Escrito por":"Telinha","Tempo estimado de leitura":"1 minuto"},"schema":{"@context":"https:\/\/schema.org","@graph":[{"@type":"Article","@id":"https:\/\/portaltela.pt\/noticias\/2026\/01\/31\/corpo-encontrado-flutuando-junto-as-ilhas-desertas\/#article","isPartOf":{"@id":"https:\/\/portaltela.pt\/noticias\/2026\/01\/31\/corpo-encontrado-flutuando-junto-as-ilhas-desertas\/"},"author":{"name":"Telinha","@id":"https:\/\/portaltela.pt\/#\/schema\/person\/c4278d4a6028830caff9ee44b42d32ed"},"headline":"Corpo encontrado flutuando junto \u00e0s Ilhas Desertas","datePublished":"2026-01-31T18:02:00+00:00","mainEntityOfPage":{"@id":"https:\/\/portaltela.pt\/noticias\/2026\/01\/31\/corpo-encontrado-flutuando-junto-as-ilhas-desertas\/"},"wordCount":150,"image":{"@id":"https:\/\/portaltela.pt\/noticias\/2026\/01\/31\/corpo-encontrado-flutuando-junto-as-ilhas-desertas\/#primaryimage"},"thumbnailUrl":"https:\/\/portaltela.pt\/s.01k8rhncp4jt1\/2026\/01\/unnamed-file-6362.jpg","keywords":["corpo","investiga\u00e7\u00e3o","Madeira","Medicina Legal","per\u00edcias","Pol\u00edcia Judici\u00e1ria"],"articleSection":["Internacional","Not\u00edcias"],"inLanguage":"pt-PT"},{"@type":"WebPage","@id":"https:\/\/portaltela.pt\/noticias\/2026\/01\/31\/corpo-encontrado-flutuando-junto-as-ilhas-desertas\/","url":"https:\/\/portaltela.pt\/noticias\/2026\/01\/31\/corpo-encontrado-flutuando-junto-as-ilhas-desertas\/","name":"Corpo encontrado flutuando junto \u00e0s Ilhas Desertas - Portal Tela Portugal","isPartOf":{"@id":"https:\/\/portaltela.pt\/#website"},"primaryImageOfPage":{"@id":"https:\/\/portaltela.pt\/noticias\/2026\/01\/31\/corpo-encontrado-flutuando-junto-as-ilhas-desertas\/#primaryimage"},"image":{"@id":"https:\/\/portaltela.pt\/noticias\/2026\/01\/31\/corpo-encontrado-flutuando-junto-as-ilhas-desertas\/#primaryimage"},"thumbnailUrl":"https:\/\/portaltela.pt\/s.01k8rhncp4jt1\/2026\/01\/unnamed-file-6362.jpg","datePublished":"2026-01-31T18:02:00+00:00","author":{"@id":"https:\/\/portaltela.pt\/#\/schema\/person\/c4278d4a6028830caff9ee44b42d32ed"},"breadcrumb":{"@id":"https:\/\/portaltela.pt\/noticias\/2026\/01\/31\/corpo-encontrado-flutuando-junto-as-ilhas-desertas\/#breadcrumb"},"inLanguage":"pt-PT","potentialAction":[{"@type":"ReadAction","target":["https:\/\/portaltela.pt\/noticias\/2026\/01\/31\/corpo-encontrado-flutuando-junto-as-ilhas-desertas\/"]}]},{"@type":"ImageObject","inLanguage":"pt-PT","@id":"https:\/\/portaltela.pt\/noticias\/2026\/01\/31\/corpo-encontrado-flutuando-junto-as-ilhas-desertas\/#primaryimage","url":"https:\/\/portaltela.pt\/s.01k8rhncp4jt1\/2026\/01\/unnamed-file-6362.jpg","contentUrl":"https:\/\/portaltela.pt\/s.01k8rhncp4jt1\/2026\/01\/unnamed-file-6362.jpg","width":796,"height":448,"caption":"Encontrado corpo a flutuar junto \u00e0s Ilhas Desertas"},{"@type":"BreadcrumbList","@id":"https:\/\/portaltela.pt\/noticias\/2026\/01\/31\/corpo-encontrado-flutuando-junto-as-ilhas-desertas\/#breadcrumb","itemListElement":[{"@type":"ListItem","position":1,"name":"In\u00edcio","item":"https:\/\/portaltela.pt\/"},{"@type":"ListItem","position":2,"name":"Corpo encontrado flutuando junto \u00e0s Ilhas Desertas"}]},{"@type":"WebSite","@id":"https:\/\/portaltela.pt\/#website","url":"https:\/\/portaltela.pt\/","name":"Portal Tela Portugal","description":"","potentialAction":[{"@type":"SearchAction","target":{"@type":"EntryPoint","urlTemplate":"https:\/\/portaltela.pt\/?s={search_term_string}"},"query-input":{"@type":"PropertyValueSpecification","valueRequired":true,"valueName":"search_term_string"}}],"inLanguage":"pt-PT"},{"@type":"Person","@id":"https:\/\/portaltela.pt\/#\/schema\/person\/c4278d4a6028830caff9ee44b42d32ed","name":"Telinha","image":{"@type":"ImageObject","inLanguage":"pt-PT","@id":"https:\/\/portaltela.pt\/s.01k8rhncp4jt1\/2025\/11\/talking-bot-125x125.png","url":"https:\/\/portaltela.pt\/s.01k8rhncp4jt1\/2025\/11\/talking-bot-125x125.png","contentUrl":"https:\/\/portaltela.pt\/s.01k8rhncp4jt1\/2025\/11\/talking-bot-125x125.png","caption":"Telinha"},"sameAs":["https:\/\/portaltela.pt\/"],"url":"https:\/\/portaltela.pt\/por\/367410592786\/"}]}},"_links":{"self":[{"href":"https:\/\/portaltela.pt\/api\/wp\/v2\/posts\/187227","targetHints":{"allow":["GET"]}}],"collection":[{"href":"https:\/\/portaltela.pt\/api\/wp\/v2\/posts"}],"about":[{"href":"https:\/\/portaltela.pt\/api\/wp\/v2\/types\/post"}],"author":[{"embeddable":true,"href":"https:\/\/portaltela.pt\/api\/wp\/v2\/users\/2"}],"replies":[{"embeddable":true,"href":"https:\/\/portaltela.pt\/api\/wp\/v2\/comments?post=187227"}],"version-history":[{"count":0,"href":"https:\/\/portaltela.pt\/api\/wp\/v2\/posts\/187227\/revisions"}],"wp:featuredmedia":[{"embeddable":true,"href":"https:\/\/portaltela.pt\/api\/wp\/v2\/media\/187241"}],"wp:attachment":[{"href":"https:\/\/portaltela.pt\/api\/wp\/v2\/media?parent=187227"}],"wp:term":[{"taxonomy":"category","embeddable":true,"href":"https:\/\/portaltela.pt\/api\/wp\/v2\/categories?post=187227"},{"taxonomy":"post_tag","embeddable":true,"href":"https:\/\/portaltela.pt\/api\/wp\/v2\/tags?post=187227"}],"curies":[{"name":"wp","href":"https:\/\/api.w.org\/{rel}","templated":true}]}}