{"id":187111,"date":"2026-01-31T13:54:00","date_gmt":"2026-01-31T16:54:00","guid":{"rendered":"https:\/\/portaltela.pt\/noticias\/2026\/01\/31\/pedras-salgadas-e-mondinense-com-relato-em-direto-na-radio-clube-aguiarense\/"},"modified":"2026-01-31T13:54:00","modified_gmt":"2026-01-31T16:54:00","slug":"pedras-salgadas-e-mondinense-com-relato-em-direto-na-radio-clube-aguiarense","status":"publish","type":"post","link":"https:\/\/portaltela.pt\/desporto\/futebol\/2026\/01\/31\/pedras-salgadas-e-mondinense-com-relato-em-direto-na-radio-clube-aguiarense\/","title":{"rendered":"Pedras Salgadas e Mondinense com relato em direto na R\u00e1dio Clube Aguiarense"},"content":{"rendered":"<p>A R\u00e1dio Clube Aguiarense vai transmitir em direto, este domingo, \u00e0s 15h00, o relato do jogo Pedras Salgadas vs Mondinense. A partida decorre na 20.\u00aa jornada da Divis\u00e3o de Honra AF Vila Real, no Est\u00e1dio da Portelinha, com arbitragem de Lu\u00eds Amaral.<\/p>\n<p>O encontro envolve Pedras Salgadas e Mondinense, equipes que disputam posi\u00e7\u00f5es na tabela da competi\u00e7\u00e3o local da AF Vila Real. O confronto \u00e9 considerado de import\u00e2ncia estrat\u00e9gica para ambas as forma\u00e7\u00f5es na segunda metade da \u00e9poca.<\/p>\n<p>O \u00e1rbitro designado \u00e9 Lu\u00eds Amaral, que vai dirigir o desafio. A transmiss\u00e3o em direto da r\u00e1dio promete acompanhar o desenrolar do encontro com relatos ao minuto e respostas dos ouvintes.<\/p>\n<h3>Transmiss\u00e3o em direto<\/h3>\n<p>A R\u00e1dio Clube Aguiarense disponibiliza a transmiss\u00e3o ao vivo, com atualiza\u00e7\u00f5es de tempo de jogo e reac\u00e7\u00f5es do p\u00fablico. O jogo est\u00e1 a ser aguardado como parte da jornada que encerra a r\u00e1pida sequ\u00eancia de jogos entre equipas da regi\u00e3o.<\/p>\n","protected":false},"excerpt":{"rendered":"<ul>\n<li>A R\u00e1dio Clube Aguiarense transmite em direto, este domingo, \u00e0s 15h00, o relato do jogo Pedras Salgadas vs Mondinense.<\/li>\n<li>A partida \u00e9 da 20\u00aa jornada da Divis\u00e3o de Honra AF Vila Real e realiza-se no Est\u00e1dio da Portelinha.<\/li>\n<li>A arbitragem fica a cargo de Lu\u00eds Amaral.<\/li>\n<li>O duelo insere-se no contexto do futebol regional de Vila Real, Portugal.<\/li>\n<\/ul>\n","protected":false},"author":2,"featured_media":187123,"comment_status":"closed","ping_status":"closed","sticky":false,"template":"","format":"standard","meta":{"footnotes":""},"categories":[21,24],"tags":[1336,3955,32,1390,1393,2780],"class_list":["post-187111","post","type-post","status-publish","format-standard","has-post-thumbnail","hentry","category-desporto","category-futebol","tag-arbitro","tag-divisao-de-honra-serie-b","tag-futebol","tag-mondinense","tag-pedras-salgadas","tag-transmissoes-televisivas"],"yoast_head":"<!-- This site is optimized with the Yoast SEO plugin v27.2 - https:\/\/yoast.com\/product\/yoast-seo-wordpress\/ -->\n<title>Pedras Salgadas e Mondinense com relato em direto na R\u00e1dio Clube Aguiarense - Portal Tela Portugal<\/title>\n<meta name=\"robots\" content=\"index, follow, max-snippet:-1, max-image-preview:large, max-video-preview:-1\" \/>\n<meta property=\"og:locale\" content=\"pt_PT\" \/>\n<meta property=\"og:type\" content=\"article\" \/>\n<meta property=\"og:title\" content=\"Pedras Salgadas e Mondinense com relato em direto na R\u00e1dio Clube Aguiarense - Portal Tela Portugal\" \/>\n<meta property=\"og:description\" content=\"A R\u00e1dio Clube Aguiarense transmite em direto, este domingo, \u00e0s 15h00, o relato do jogo Pedras Salgadas vs Mondinense. A partida \u00e9 da 20\u00aa jornada da Divis\u00e3o de Honra AF Vila Real e realiza-se no Est\u00e1dio da Portelinha. A arbitragem fica a cargo de Lu\u00eds Amaral. O duelo insere-se no contexto do futebol regional de Vila Real, Portugal.\" \/>\n<meta property=\"og:url\" content=\"https:\/\/portaltela.pt\/noticias\/2026\/01\/31\/pedras-salgadas-e-mondinense-com-relato-em-direto-na-radio-clube-aguiarense\/\" \/>\n<meta property=\"og:site_name\" content=\"Portal Tela Portugal\" \/>\n<meta property=\"article:published_time\" content=\"2026-01-31T16:54:00+00:00\" \/>\n<meta name=\"author\" content=\"Telinha\" \/>\n<meta name=\"twitter:card\" content=\"summary_large_image\" \/>\n<meta name=\"twitter:label1\" content=\"Escrito por\" \/>\n\t<meta name=\"twitter:data1\" content=\"Telinha\" \/>\n\t<meta name=\"twitter:label2\" content=\"Tempo estimado de leitura\" \/>\n\t<meta name=\"twitter:data2\" content=\"1 minuto\" \/>\n<script type=\"application\/ld+json\" class=\"yoast-schema-graph\">{\"@context\":\"https:\/\/schema.org\",\"@graph\":[{\"@type\":\"Article\",\"@id\":\"https:\/\/portaltela.pt\/noticias\/2026\/01\/31\/pedras-salgadas-e-mondinense-com-relato-em-direto-na-radio-clube-aguiarense\/#article\",\"isPartOf\":{\"@id\":\"https:\/\/portaltela.pt\/noticias\/2026\/01\/31\/pedras-salgadas-e-mondinense-com-relato-em-direto-na-radio-clube-aguiarense\/\"},\"author\":{\"name\":\"Telinha\",\"@id\":\"https:\/\/portaltela.pt\/#\/schema\/person\/c4278d4a6028830caff9ee44b42d32ed\"},\"headline\":\"Pedras Salgadas e Mondinense com relato em direto na R\u00e1dio Clube Aguiarense\",\"datePublished\":\"2026-01-31T16:54:00+00:00\",\"mainEntityOfPage\":{\"@id\":\"https:\/\/portaltela.pt\/noticias\/2026\/01\/31\/pedras-salgadas-e-mondinense-com-relato-em-direto-na-radio-clube-aguiarense\/\"},\"wordCount\":183,\"image\":{\"@id\":\"https:\/\/portaltela.pt\/noticias\/2026\/01\/31\/pedras-salgadas-e-mondinense-com-relato-em-direto-na-radio-clube-aguiarense\/#primaryimage\"},\"thumbnailUrl\":\"https:\/\/portaltela.pt\/s.01k8rhncp4jt1\/2026\/01\/unnamed-file-6352.jpg\",\"keywords\":[\"\u00e1rbitro\",\"Divis\u00e3o de Honra \u2014 S\u00e9rie B\",\"futebol\",\"Mondinense\",\"Pedras Salgadas\",\"transmiss\u00f5es televisivas\"],\"articleSection\":[\"Desporto\",\"Futebol\"],\"inLanguage\":\"pt-PT\"},{\"@type\":\"WebPage\",\"@id\":\"https:\/\/portaltela.pt\/noticias\/2026\/01\/31\/pedras-salgadas-e-mondinense-com-relato-em-direto-na-radio-clube-aguiarense\/\",\"url\":\"https:\/\/portaltela.pt\/noticias\/2026\/01\/31\/pedras-salgadas-e-mondinense-com-relato-em-direto-na-radio-clube-aguiarense\/\",\"name\":\"Pedras Salgadas e Mondinense com relato em direto na R\u00e1dio Clube Aguiarense - Portal Tela Portugal\",\"isPartOf\":{\"@id\":\"https:\/\/portaltela.pt\/#website\"},\"primaryImageOfPage\":{\"@id\":\"https:\/\/portaltela.pt\/noticias\/2026\/01\/31\/pedras-salgadas-e-mondinense-com-relato-em-direto-na-radio-clube-aguiarense\/#primaryimage\"},\"image\":{\"@id\":\"https:\/\/portaltela.pt\/noticias\/2026\/01\/31\/pedras-salgadas-e-mondinense-com-relato-em-direto-na-radio-clube-aguiarense\/#primaryimage\"},\"thumbnailUrl\":\"https:\/\/portaltela.pt\/s.01k8rhncp4jt1\/2026\/01\/unnamed-file-6352.jpg\",\"datePublished\":\"2026-01-31T16:54:00+00:00\",\"author\":{\"@id\":\"https:\/\/portaltela.pt\/#\/schema\/person\/c4278d4a6028830caff9ee44b42d32ed\"},\"breadcrumb\":{\"@id\":\"https:\/\/portaltela.pt\/noticias\/2026\/01\/31\/pedras-salgadas-e-mondinense-com-relato-em-direto-na-radio-clube-aguiarense\/#breadcrumb\"},\"inLanguage\":\"pt-PT\",\"potentialAction\":[{\"@type\":\"ReadAction\",\"target\":[\"https:\/\/portaltela.pt\/noticias\/2026\/01\/31\/pedras-salgadas-e-mondinense-com-relato-em-direto-na-radio-clube-aguiarense\/\"]}]},{\"@type\":\"ImageObject\",\"inLanguage\":\"pt-PT\",\"@id\":\"https:\/\/portaltela.pt\/noticias\/2026\/01\/31\/pedras-salgadas-e-mondinense-com-relato-em-direto-na-radio-clube-aguiarense\/#primaryimage\",\"url\":\"https:\/\/portaltela.pt\/s.01k8rhncp4jt1\/2026\/01\/unnamed-file-6352.jpg\",\"contentUrl\":\"https:\/\/portaltela.pt\/s.01k8rhncp4jt1\/2026\/01\/unnamed-file-6352.jpg\",\"width\":796,\"height\":448,\"caption\":\"Vila Pouca de Aguiar \u2013 Pedras Salgadas com relato em direto na R\u00e1dio Clube Aguiarense\"},{\"@type\":\"BreadcrumbList\",\"@id\":\"https:\/\/portaltela.pt\/noticias\/2026\/01\/31\/pedras-salgadas-e-mondinense-com-relato-em-direto-na-radio-clube-aguiarense\/#breadcrumb\",\"itemListElement\":[{\"@type\":\"ListItem\",\"position\":1,\"name\":\"In\u00edcio\",\"item\":\"https:\/\/portaltela.pt\/\"},{\"@type\":\"ListItem\",\"position\":2,\"name\":\"Pedras Salgadas e Mondinense com relato em direto na R\u00e1dio Clube Aguiarense\"}]},{\"@type\":\"WebSite\",\"@id\":\"https:\/\/portaltela.pt\/#website\",\"url\":\"https:\/\/portaltela.pt\/\",\"name\":\"Portal Tela Portugal\",\"description\":\"\",\"potentialAction\":[{\"@type\":\"SearchAction\",\"target\":{\"@type\":\"EntryPoint\",\"urlTemplate\":\"https:\/\/portaltela.pt\/?s={search_term_string}\"},\"query-input\":{\"@type\":\"PropertyValueSpecification\",\"valueRequired\":true,\"valueName\":\"search_term_string\"}}],\"inLanguage\":\"pt-PT\"},{\"@type\":\"Person\",\"@id\":\"https:\/\/portaltela.pt\/#\/schema\/person\/c4278d4a6028830caff9ee44b42d32ed\",\"name\":\"Telinha\",\"image\":{\"@type\":\"ImageObject\",\"inLanguage\":\"pt-PT\",\"@id\":\"https:\/\/portaltela.pt\/s.01k8rhncp4jt1\/2025\/11\/talking-bot-125x125.png\",\"url\":\"https:\/\/portaltela.pt\/s.01k8rhncp4jt1\/2025\/11\/talking-bot-125x125.png\",\"contentUrl\":\"https:\/\/portaltela.pt\/s.01k8rhncp4jt1\/2025\/11\/talking-bot-125x125.png\",\"caption\":\"Telinha\"},\"sameAs\":[\"https:\/\/portaltela.pt\/\"],\"url\":\"https:\/\/portaltela.pt\/por\/367410592786\/\"}]}<\/script>\n<!-- \/ Yoast SEO plugin. -->","yoast_head_json":{"title":"Pedras Salgadas e Mondinense com relato em direto na R\u00e1dio Clube Aguiarense - Portal Tela Portugal","robots":{"index":"index","follow":"follow","max-snippet":"max-snippet:-1","max-image-preview":"max-image-preview:large","max-video-preview":"max-video-preview:-1"},"og_locale":"pt_PT","og_type":"article","og_title":"Pedras Salgadas e Mondinense com relato em direto na R\u00e1dio Clube Aguiarense - Portal Tela Portugal","og_description":"A R\u00e1dio Clube Aguiarense transmite em direto, este domingo, \u00e0s 15h00, o relato do jogo Pedras Salgadas vs Mondinense. A partida \u00e9 da 20\u00aa jornada da Divis\u00e3o de Honra AF Vila Real e realiza-se no Est\u00e1dio da Portelinha. A arbitragem fica a cargo de Lu\u00eds Amaral. O duelo insere-se no contexto do futebol regional de Vila Real, Portugal.","og_url":"https:\/\/portaltela.pt\/noticias\/2026\/01\/31\/pedras-salgadas-e-mondinense-com-relato-em-direto-na-radio-clube-aguiarense\/","og_site_name":"Portal Tela Portugal","article_published_time":"2026-01-31T16:54:00+00:00","author":"Telinha","twitter_card":"summary_large_image","twitter_misc":{"Escrito por":"Telinha","Tempo estimado de leitura":"1 minuto"},"schema":{"@context":"https:\/\/schema.org","@graph":[{"@type":"Article","@id":"https:\/\/portaltela.pt\/noticias\/2026\/01\/31\/pedras-salgadas-e-mondinense-com-relato-em-direto-na-radio-clube-aguiarense\/#article","isPartOf":{"@id":"https:\/\/portaltela.pt\/noticias\/2026\/01\/31\/pedras-salgadas-e-mondinense-com-relato-em-direto-na-radio-clube-aguiarense\/"},"author":{"name":"Telinha","@id":"https:\/\/portaltela.pt\/#\/schema\/person\/c4278d4a6028830caff9ee44b42d32ed"},"headline":"Pedras Salgadas e Mondinense com relato em direto na R\u00e1dio Clube Aguiarense","datePublished":"2026-01-31T16:54:00+00:00","mainEntityOfPage":{"@id":"https:\/\/portaltela.pt\/noticias\/2026\/01\/31\/pedras-salgadas-e-mondinense-com-relato-em-direto-na-radio-clube-aguiarense\/"},"wordCount":183,"image":{"@id":"https:\/\/portaltela.pt\/noticias\/2026\/01\/31\/pedras-salgadas-e-mondinense-com-relato-em-direto-na-radio-clube-aguiarense\/#primaryimage"},"thumbnailUrl":"https:\/\/portaltela.pt\/s.01k8rhncp4jt1\/2026\/01\/unnamed-file-6352.jpg","keywords":["\u00e1rbitro","Divis\u00e3o de Honra \u2014 S\u00e9rie B","futebol","Mondinense","Pedras Salgadas","transmiss\u00f5es televisivas"],"articleSection":["Desporto","Futebol"],"inLanguage":"pt-PT"},{"@type":"WebPage","@id":"https:\/\/portaltela.pt\/noticias\/2026\/01\/31\/pedras-salgadas-e-mondinense-com-relato-em-direto-na-radio-clube-aguiarense\/","url":"https:\/\/portaltela.pt\/noticias\/2026\/01\/31\/pedras-salgadas-e-mondinense-com-relato-em-direto-na-radio-clube-aguiarense\/","name":"Pedras Salgadas e Mondinense com relato em direto na R\u00e1dio Clube Aguiarense - Portal Tela Portugal","isPartOf":{"@id":"https:\/\/portaltela.pt\/#website"},"primaryImageOfPage":{"@id":"https:\/\/portaltela.pt\/noticias\/2026\/01\/31\/pedras-salgadas-e-mondinense-com-relato-em-direto-na-radio-clube-aguiarense\/#primaryimage"},"image":{"@id":"https:\/\/portaltela.pt\/noticias\/2026\/01\/31\/pedras-salgadas-e-mondinense-com-relato-em-direto-na-radio-clube-aguiarense\/#primaryimage"},"thumbnailUrl":"https:\/\/portaltela.pt\/s.01k8rhncp4jt1\/2026\/01\/unnamed-file-6352.jpg","datePublished":"2026-01-31T16:54:00+00:00","author":{"@id":"https:\/\/portaltela.pt\/#\/schema\/person\/c4278d4a6028830caff9ee44b42d32ed"},"breadcrumb":{"@id":"https:\/\/portaltela.pt\/noticias\/2026\/01\/31\/pedras-salgadas-e-mondinense-com-relato-em-direto-na-radio-clube-aguiarense\/#breadcrumb"},"inLanguage":"pt-PT","potentialAction":[{"@type":"ReadAction","target":["https:\/\/portaltela.pt\/noticias\/2026\/01\/31\/pedras-salgadas-e-mondinense-com-relato-em-direto-na-radio-clube-aguiarense\/"]}]},{"@type":"ImageObject","inLanguage":"pt-PT","@id":"https:\/\/portaltela.pt\/noticias\/2026\/01\/31\/pedras-salgadas-e-mondinense-com-relato-em-direto-na-radio-clube-aguiarense\/#primaryimage","url":"https:\/\/portaltela.pt\/s.01k8rhncp4jt1\/2026\/01\/unnamed-file-6352.jpg","contentUrl":"https:\/\/portaltela.pt\/s.01k8rhncp4jt1\/2026\/01\/unnamed-file-6352.jpg","width":796,"height":448,"caption":"Vila Pouca de Aguiar \u2013 Pedras Salgadas com relato em direto na R\u00e1dio Clube Aguiarense"},{"@type":"BreadcrumbList","@id":"https:\/\/portaltela.pt\/noticias\/2026\/01\/31\/pedras-salgadas-e-mondinense-com-relato-em-direto-na-radio-clube-aguiarense\/#breadcrumb","itemListElement":[{"@type":"ListItem","position":1,"name":"In\u00edcio","item":"https:\/\/portaltela.pt\/"},{"@type":"ListItem","position":2,"name":"Pedras Salgadas e Mondinense com relato em direto na R\u00e1dio Clube Aguiarense"}]},{"@type":"WebSite","@id":"https:\/\/portaltela.pt\/#website","url":"https:\/\/portaltela.pt\/","name":"Portal Tela Portugal","description":"","potentialAction":[{"@type":"SearchAction","target":{"@type":"EntryPoint","urlTemplate":"https:\/\/portaltela.pt\/?s={search_term_string}"},"query-input":{"@type":"PropertyValueSpecification","valueRequired":true,"valueName":"search_term_string"}}],"inLanguage":"pt-PT"},{"@type":"Person","@id":"https:\/\/portaltela.pt\/#\/schema\/person\/c4278d4a6028830caff9ee44b42d32ed","name":"Telinha","image":{"@type":"ImageObject","inLanguage":"pt-PT","@id":"https:\/\/portaltela.pt\/s.01k8rhncp4jt1\/2025\/11\/talking-bot-125x125.png","url":"https:\/\/portaltela.pt\/s.01k8rhncp4jt1\/2025\/11\/talking-bot-125x125.png","contentUrl":"https:\/\/portaltela.pt\/s.01k8rhncp4jt1\/2025\/11\/talking-bot-125x125.png","caption":"Telinha"},"sameAs":["https:\/\/portaltela.pt\/"],"url":"https:\/\/portaltela.pt\/por\/367410592786\/"}]}},"_links":{"self":[{"href":"https:\/\/portaltela.pt\/api\/wp\/v2\/posts\/187111","targetHints":{"allow":["GET"]}}],"collection":[{"href":"https:\/\/portaltela.pt\/api\/wp\/v2\/posts"}],"about":[{"href":"https:\/\/portaltela.pt\/api\/wp\/v2\/types\/post"}],"author":[{"embeddable":true,"href":"https:\/\/portaltela.pt\/api\/wp\/v2\/users\/2"}],"replies":[{"embeddable":true,"href":"https:\/\/portaltela.pt\/api\/wp\/v2\/comments?post=187111"}],"version-history":[{"count":0,"href":"https:\/\/portaltela.pt\/api\/wp\/v2\/posts\/187111\/revisions"}],"wp:featuredmedia":[{"embeddable":true,"href":"https:\/\/portaltela.pt\/api\/wp\/v2\/media\/187123"}],"wp:attachment":[{"href":"https:\/\/portaltela.pt\/api\/wp\/v2\/media?parent=187111"}],"wp:term":[{"taxonomy":"category","embeddable":true,"href":"https:\/\/portaltela.pt\/api\/wp\/v2\/categories?post=187111"},{"taxonomy":"post_tag","embeddable":true,"href":"https:\/\/portaltela.pt\/api\/wp\/v2\/tags?post=187111"}],"curies":[{"name":"wp","href":"https:\/\/api.w.org\/{rel}","templated":true}]}}