{"id":187077,"date":"2026-01-31T13:55:00","date_gmt":"2026-01-31T16:55:00","guid":{"rendered":"https:\/\/portaltela.pt\/noticias\/2026\/01\/31\/rui-borges-diz-que-sporting-quer-lutar-por-tudo\/"},"modified":"2026-01-31T13:55:00","modified_gmt":"2026-01-31T16:55:00","slug":"rui-borges-diz-que-sporting-quer-lutar-por-tudo","status":"publish","type":"post","link":"https:\/\/portaltela.pt\/desporto\/futebol\/2026\/01\/31\/rui-borges-diz-que-sporting-quer-lutar-por-tudo\/","title":{"rendered":"Rui Borges diz que Sporting quer lutar por tudo"},"content":{"rendered":"<p>O Sporting considera que n\u00e3o basta vencer a Ta\u00e7a e quer lutar por tudo. Rui Borges afirmou, em confer\u00eancia de imprensa em Alcochete, que a equipa est\u00e1 determinada a lutar por todos os trof\u00e9us.<\/p>\n<p>No domingo recebe o Nacional, na 20.\u00aa jornada da Liga, \u00e0s 18h, no Est\u00e1dio Jos\u00e9 Alvalade. A partida sucede \u00e0 passagem direta aos oitavos de final da Liga dos Campe\u00f5es e antecede o duelo da Ta\u00e7a de Portugal contra o AVS.<\/p>\n<p>A prioridade \u00e9 o Nacional para n\u00e3o permitir que o F C Porto aumente a margem no topo. Depois disso, o foco recai sobre o AVS e, por fim, o cl\u00e1ssico com o Porto, na quarta jornada da semana.<\/p>\n<h3>Convocat\u00f3ria e forma<\/h3>\n<p>Pedro Gon\u00e7alves e Lu\u00eds Su\u00e1rez aparecem nominalmente na lista e n\u00e3o chegam com condicionamentos. Ambos s\u00e3o op\u00e7\u00f5es, com o treinador a salientar que a gest\u00e3o dos cart\u00f5es \u00e9 evitada em nome da vit\u00f3ria.<\/p>\n<p>Gon\u00e7alo In\u00e1cio, que saiu lesionado frente ao Athletic Bilbao, est\u00e1 convocado. O refor\u00e7o Faye tamb\u00e9m integra o plantel; Ioannidis, Matheus Reis e Debast ficam de fora por diversas raz\u00f5es.<\/p>\n<h3>Estado f\u00edsico e contexto<\/h3>\n<p>O encontro com o Nacional surge ap\u00f3s a vit\u00f3ria em Bilbao, que acentuou o desgaste. Borges mostrou confian\u00e7a na capacidade do grupo para manter o n\u00edvel e a intensidade, apesar do desgaste das competi\u00e7\u00f5es.<\/p>\n<p>Alisson est\u00e1 entre as hip\u00f3teses de sa\u00edda no mercado. O treinador confirmou que, se sair, sai, mantendo o foco na equipa e no campeonato, com o jogador convocado para o jogo de domingo.<\/p>\n","protected":false},"excerpt":{"rendered":"<ul>\n<li>O Sporting, treinado por Rui Borges, quer lutar por tudo, n\u00e3o ficar apenas com a Ta\u00e7a de Portugal.<\/li>\n<li>Na pr\u00f3xima semana: joga com o Nacional (domingo, Liga), segue para os oitavos da Champions e enfrenta o AVS na Ta\u00e7a, antes de visitar o F. C. Porto (9 de fevereiro).<\/li>\n<li>Borges destaca que a prioridade \u00e9 vencer o Nacional para n\u00e3o aumentar a margem de sete pontos para o Porto; depois h\u00e1 tempo para pensar no AVS e no Porto.<\/li>\n<li>Pedro Gon\u00e7alves e Lu\u00eds Su\u00e1rez, em risco de suspens\u00e3o, chegam ao jogo frente ao Nacional sem condicionantes, com Adrien Valente a ser op\u00e7\u00e3o; In\u00e1cio est\u00e1 convocado.<\/li>\n<li>Faye \u00e9 inclu\u00eddo na convocat\u00f3ria; Ioannidis continua de fora, tal como Matheus Reis (castigo) e Debast; o treinador tamb\u00e9m comentou o interesse do N\u00e1poles em Alisson.<\/li>\n<\/ul>\n","protected":false},"author":2,"featured_media":187101,"comment_status":"closed","ping_status":"closed","sticky":false,"template":"","format":"standard","meta":{"footnotes":""},"categories":[21,24],"tags":[2588,32,1786,1319,1652,1266],"class_list":["post-187077","post","type-post","status-publish","format-standard","has-post-thumbnail","hentry","category-desporto","category-futebol","tag-athletic-bilbao","tag-futebol","tag-liga","tag-nacional","tag-sporting","tag-taca-de-portugal"],"yoast_head":"<!-- This site is optimized with the Yoast SEO plugin v27.2 - https:\/\/yoast.com\/product\/yoast-seo-wordpress\/ -->\n<title>Rui Borges diz que Sporting quer lutar por tudo - Portal Tela Portugal<\/title>\n<meta name=\"robots\" content=\"index, follow, max-snippet:-1, max-image-preview:large, max-video-preview:-1\" \/>\n<meta property=\"og:locale\" content=\"pt_PT\" \/>\n<meta property=\"og:type\" content=\"article\" \/>\n<meta property=\"og:title\" content=\"Rui Borges diz que Sporting quer lutar por tudo - Portal Tela Portugal\" \/>\n<meta property=\"og:description\" content=\"O Sporting, treinado por Rui Borges, quer lutar por tudo, n\u00e3o ficar apenas com a Ta\u00e7a de Portugal. Na pr\u00f3xima semana: joga com o Nacional (domingo, Liga), segue para os oitavos da Champions e enfrenta o AVS na Ta\u00e7a, antes de visitar o F. C. Porto (9 de fevereiro). Borges destaca que a prioridade \u00e9 vencer o Nacional para n\u00e3o aumentar a margem de sete pontos para o Porto; depois h\u00e1 tempo para pensar no AVS e no Porto. Pedro Gon\u00e7alves e Lu\u00eds Su\u00e1rez, em risco de suspens\u00e3o, chegam ao jogo frente ao Nacional sem condicionantes, com Adrien Valente a ser op\u00e7\u00e3o; In\u00e1cio est\u00e1 convocado. Faye \u00e9 inclu\u00eddo na convocat\u00f3ria; Ioannidis continua de fora, tal como Matheus Reis (castigo) e Debast; o treinador tamb\u00e9m comentou o interesse do N\u00e1poles em Alisson.\" \/>\n<meta property=\"og:url\" content=\"https:\/\/portaltela.pt\/noticias\/2026\/01\/31\/rui-borges-diz-que-sporting-quer-lutar-por-tudo\/\" \/>\n<meta property=\"og:site_name\" content=\"Portal Tela Portugal\" \/>\n<meta property=\"article:published_time\" content=\"2026-01-31T16:55:00+00:00\" \/>\n<meta name=\"author\" content=\"Telinha\" \/>\n<meta name=\"twitter:card\" content=\"summary_large_image\" \/>\n<meta name=\"twitter:label1\" content=\"Escrito por\" \/>\n\t<meta name=\"twitter:data1\" content=\"Telinha\" \/>\n\t<meta name=\"twitter:label2\" content=\"Tempo estimado de leitura\" \/>\n\t<meta name=\"twitter:data2\" content=\"1 minuto\" \/>\n<script type=\"application\/ld+json\" class=\"yoast-schema-graph\">{\"@context\":\"https:\/\/schema.org\",\"@graph\":[{\"@type\":\"Article\",\"@id\":\"https:\/\/portaltela.pt\/noticias\/2026\/01\/31\/rui-borges-diz-que-sporting-quer-lutar-por-tudo\/#article\",\"isPartOf\":{\"@id\":\"https:\/\/portaltela.pt\/noticias\/2026\/01\/31\/rui-borges-diz-que-sporting-quer-lutar-por-tudo\/\"},\"author\":{\"name\":\"Telinha\",\"@id\":\"https:\/\/portaltela.pt\/#\/schema\/person\/c4278d4a6028830caff9ee44b42d32ed\"},\"headline\":\"Rui Borges diz que Sporting quer lutar por tudo\",\"datePublished\":\"2026-01-31T16:55:00+00:00\",\"mainEntityOfPage\":{\"@id\":\"https:\/\/portaltela.pt\/noticias\/2026\/01\/31\/rui-borges-diz-que-sporting-quer-lutar-por-tudo\/\"},\"wordCount\":287,\"image\":{\"@id\":\"https:\/\/portaltela.pt\/noticias\/2026\/01\/31\/rui-borges-diz-que-sporting-quer-lutar-por-tudo\/#primaryimage\"},\"thumbnailUrl\":\"https:\/\/portaltela.pt\/s.01k8rhncp4jt1\/2026\/01\/image-2202.jpg\",\"keywords\":[\"Athletic Bilbao\",\"futebol\",\"Liga\",\"Nacional\",\"Sporting\",\"Ta\u00e7a de Portugal\"],\"articleSection\":[\"Desporto\",\"Futebol\"],\"inLanguage\":\"pt-PT\"},{\"@type\":\"WebPage\",\"@id\":\"https:\/\/portaltela.pt\/noticias\/2026\/01\/31\/rui-borges-diz-que-sporting-quer-lutar-por-tudo\/\",\"url\":\"https:\/\/portaltela.pt\/noticias\/2026\/01\/31\/rui-borges-diz-que-sporting-quer-lutar-por-tudo\/\",\"name\":\"Rui Borges diz que Sporting quer lutar por tudo - Portal Tela Portugal\",\"isPartOf\":{\"@id\":\"https:\/\/portaltela.pt\/#website\"},\"primaryImageOfPage\":{\"@id\":\"https:\/\/portaltela.pt\/noticias\/2026\/01\/31\/rui-borges-diz-que-sporting-quer-lutar-por-tudo\/#primaryimage\"},\"image\":{\"@id\":\"https:\/\/portaltela.pt\/noticias\/2026\/01\/31\/rui-borges-diz-que-sporting-quer-lutar-por-tudo\/#primaryimage\"},\"thumbnailUrl\":\"https:\/\/portaltela.pt\/s.01k8rhncp4jt1\/2026\/01\/image-2202.jpg\",\"datePublished\":\"2026-01-31T16:55:00+00:00\",\"author\":{\"@id\":\"https:\/\/portaltela.pt\/#\/schema\/person\/c4278d4a6028830caff9ee44b42d32ed\"},\"breadcrumb\":{\"@id\":\"https:\/\/portaltela.pt\/noticias\/2026\/01\/31\/rui-borges-diz-que-sporting-quer-lutar-por-tudo\/#breadcrumb\"},\"inLanguage\":\"pt-PT\",\"potentialAction\":[{\"@type\":\"ReadAction\",\"target\":[\"https:\/\/portaltela.pt\/noticias\/2026\/01\/31\/rui-borges-diz-que-sporting-quer-lutar-por-tudo\/\"]}]},{\"@type\":\"ImageObject\",\"inLanguage\":\"pt-PT\",\"@id\":\"https:\/\/portaltela.pt\/noticias\/2026\/01\/31\/rui-borges-diz-que-sporting-quer-lutar-por-tudo\/#primaryimage\",\"url\":\"https:\/\/portaltela.pt\/s.01k8rhncp4jt1\/2026\/01\/image-2202.jpg\",\"contentUrl\":\"https:\/\/portaltela.pt\/s.01k8rhncp4jt1\/2026\/01\/image-2202.jpg\",\"width\":796,\"height\":448,\"caption\":\"Rui Borges, treinador do Sporting\"},{\"@type\":\"BreadcrumbList\",\"@id\":\"https:\/\/portaltela.pt\/noticias\/2026\/01\/31\/rui-borges-diz-que-sporting-quer-lutar-por-tudo\/#breadcrumb\",\"itemListElement\":[{\"@type\":\"ListItem\",\"position\":1,\"name\":\"In\u00edcio\",\"item\":\"https:\/\/portaltela.pt\/\"},{\"@type\":\"ListItem\",\"position\":2,\"name\":\"Rui Borges diz que Sporting quer lutar por tudo\"}]},{\"@type\":\"WebSite\",\"@id\":\"https:\/\/portaltela.pt\/#website\",\"url\":\"https:\/\/portaltela.pt\/\",\"name\":\"Portal Tela Portugal\",\"description\":\"\",\"potentialAction\":[{\"@type\":\"SearchAction\",\"target\":{\"@type\":\"EntryPoint\",\"urlTemplate\":\"https:\/\/portaltela.pt\/?s={search_term_string}\"},\"query-input\":{\"@type\":\"PropertyValueSpecification\",\"valueRequired\":true,\"valueName\":\"search_term_string\"}}],\"inLanguage\":\"pt-PT\"},{\"@type\":\"Person\",\"@id\":\"https:\/\/portaltela.pt\/#\/schema\/person\/c4278d4a6028830caff9ee44b42d32ed\",\"name\":\"Telinha\",\"image\":{\"@type\":\"ImageObject\",\"inLanguage\":\"pt-PT\",\"@id\":\"https:\/\/portaltela.pt\/s.01k8rhncp4jt1\/2025\/11\/talking-bot-125x125.png\",\"url\":\"https:\/\/portaltela.pt\/s.01k8rhncp4jt1\/2025\/11\/talking-bot-125x125.png\",\"contentUrl\":\"https:\/\/portaltela.pt\/s.01k8rhncp4jt1\/2025\/11\/talking-bot-125x125.png\",\"caption\":\"Telinha\"},\"sameAs\":[\"https:\/\/portaltela.pt\/\"],\"url\":\"https:\/\/portaltela.pt\/por\/367410592786\/\"}]}<\/script>\n<!-- \/ Yoast SEO plugin. -->","yoast_head_json":{"title":"Rui Borges diz que Sporting quer lutar por tudo - Portal Tela Portugal","robots":{"index":"index","follow":"follow","max-snippet":"max-snippet:-1","max-image-preview":"max-image-preview:large","max-video-preview":"max-video-preview:-1"},"og_locale":"pt_PT","og_type":"article","og_title":"Rui Borges diz que Sporting quer lutar por tudo - Portal Tela Portugal","og_description":"O Sporting, treinado por Rui Borges, quer lutar por tudo, n\u00e3o ficar apenas com a Ta\u00e7a de Portugal. Na pr\u00f3xima semana: joga com o Nacional (domingo, Liga), segue para os oitavos da Champions e enfrenta o AVS na Ta\u00e7a, antes de visitar o F. C. Porto (9 de fevereiro). Borges destaca que a prioridade \u00e9 vencer o Nacional para n\u00e3o aumentar a margem de sete pontos para o Porto; depois h\u00e1 tempo para pensar no AVS e no Porto. Pedro Gon\u00e7alves e Lu\u00eds Su\u00e1rez, em risco de suspens\u00e3o, chegam ao jogo frente ao Nacional sem condicionantes, com Adrien Valente a ser op\u00e7\u00e3o; In\u00e1cio est\u00e1 convocado. Faye \u00e9 inclu\u00eddo na convocat\u00f3ria; Ioannidis continua de fora, tal como Matheus Reis (castigo) e Debast; o treinador tamb\u00e9m comentou o interesse do N\u00e1poles em Alisson.","og_url":"https:\/\/portaltela.pt\/noticias\/2026\/01\/31\/rui-borges-diz-que-sporting-quer-lutar-por-tudo\/","og_site_name":"Portal Tela Portugal","article_published_time":"2026-01-31T16:55:00+00:00","author":"Telinha","twitter_card":"summary_large_image","twitter_misc":{"Escrito por":"Telinha","Tempo estimado de leitura":"1 minuto"},"schema":{"@context":"https:\/\/schema.org","@graph":[{"@type":"Article","@id":"https:\/\/portaltela.pt\/noticias\/2026\/01\/31\/rui-borges-diz-que-sporting-quer-lutar-por-tudo\/#article","isPartOf":{"@id":"https:\/\/portaltela.pt\/noticias\/2026\/01\/31\/rui-borges-diz-que-sporting-quer-lutar-por-tudo\/"},"author":{"name":"Telinha","@id":"https:\/\/portaltela.pt\/#\/schema\/person\/c4278d4a6028830caff9ee44b42d32ed"},"headline":"Rui Borges diz que Sporting quer lutar por tudo","datePublished":"2026-01-31T16:55:00+00:00","mainEntityOfPage":{"@id":"https:\/\/portaltela.pt\/noticias\/2026\/01\/31\/rui-borges-diz-que-sporting-quer-lutar-por-tudo\/"},"wordCount":287,"image":{"@id":"https:\/\/portaltela.pt\/noticias\/2026\/01\/31\/rui-borges-diz-que-sporting-quer-lutar-por-tudo\/#primaryimage"},"thumbnailUrl":"https:\/\/portaltela.pt\/s.01k8rhncp4jt1\/2026\/01\/image-2202.jpg","keywords":["Athletic Bilbao","futebol","Liga","Nacional","Sporting","Ta\u00e7a de Portugal"],"articleSection":["Desporto","Futebol"],"inLanguage":"pt-PT"},{"@type":"WebPage","@id":"https:\/\/portaltela.pt\/noticias\/2026\/01\/31\/rui-borges-diz-que-sporting-quer-lutar-por-tudo\/","url":"https:\/\/portaltela.pt\/noticias\/2026\/01\/31\/rui-borges-diz-que-sporting-quer-lutar-por-tudo\/","name":"Rui Borges diz que Sporting quer lutar por tudo - Portal Tela Portugal","isPartOf":{"@id":"https:\/\/portaltela.pt\/#website"},"primaryImageOfPage":{"@id":"https:\/\/portaltela.pt\/noticias\/2026\/01\/31\/rui-borges-diz-que-sporting-quer-lutar-por-tudo\/#primaryimage"},"image":{"@id":"https:\/\/portaltela.pt\/noticias\/2026\/01\/31\/rui-borges-diz-que-sporting-quer-lutar-por-tudo\/#primaryimage"},"thumbnailUrl":"https:\/\/portaltela.pt\/s.01k8rhncp4jt1\/2026\/01\/image-2202.jpg","datePublished":"2026-01-31T16:55:00+00:00","author":{"@id":"https:\/\/portaltela.pt\/#\/schema\/person\/c4278d4a6028830caff9ee44b42d32ed"},"breadcrumb":{"@id":"https:\/\/portaltela.pt\/noticias\/2026\/01\/31\/rui-borges-diz-que-sporting-quer-lutar-por-tudo\/#breadcrumb"},"inLanguage":"pt-PT","potentialAction":[{"@type":"ReadAction","target":["https:\/\/portaltela.pt\/noticias\/2026\/01\/31\/rui-borges-diz-que-sporting-quer-lutar-por-tudo\/"]}]},{"@type":"ImageObject","inLanguage":"pt-PT","@id":"https:\/\/portaltela.pt\/noticias\/2026\/01\/31\/rui-borges-diz-que-sporting-quer-lutar-por-tudo\/#primaryimage","url":"https:\/\/portaltela.pt\/s.01k8rhncp4jt1\/2026\/01\/image-2202.jpg","contentUrl":"https:\/\/portaltela.pt\/s.01k8rhncp4jt1\/2026\/01\/image-2202.jpg","width":796,"height":448,"caption":"Rui Borges, treinador do Sporting"},{"@type":"BreadcrumbList","@id":"https:\/\/portaltela.pt\/noticias\/2026\/01\/31\/rui-borges-diz-que-sporting-quer-lutar-por-tudo\/#breadcrumb","itemListElement":[{"@type":"ListItem","position":1,"name":"In\u00edcio","item":"https:\/\/portaltela.pt\/"},{"@type":"ListItem","position":2,"name":"Rui Borges diz que Sporting quer lutar por tudo"}]},{"@type":"WebSite","@id":"https:\/\/portaltela.pt\/#website","url":"https:\/\/portaltela.pt\/","name":"Portal Tela Portugal","description":"","potentialAction":[{"@type":"SearchAction","target":{"@type":"EntryPoint","urlTemplate":"https:\/\/portaltela.pt\/?s={search_term_string}"},"query-input":{"@type":"PropertyValueSpecification","valueRequired":true,"valueName":"search_term_string"}}],"inLanguage":"pt-PT"},{"@type":"Person","@id":"https:\/\/portaltela.pt\/#\/schema\/person\/c4278d4a6028830caff9ee44b42d32ed","name":"Telinha","image":{"@type":"ImageObject","inLanguage":"pt-PT","@id":"https:\/\/portaltela.pt\/s.01k8rhncp4jt1\/2025\/11\/talking-bot-125x125.png","url":"https:\/\/portaltela.pt\/s.01k8rhncp4jt1\/2025\/11\/talking-bot-125x125.png","contentUrl":"https:\/\/portaltela.pt\/s.01k8rhncp4jt1\/2025\/11\/talking-bot-125x125.png","caption":"Telinha"},"sameAs":["https:\/\/portaltela.pt\/"],"url":"https:\/\/portaltela.pt\/por\/367410592786\/"}]}},"_links":{"self":[{"href":"https:\/\/portaltela.pt\/api\/wp\/v2\/posts\/187077","targetHints":{"allow":["GET"]}}],"collection":[{"href":"https:\/\/portaltela.pt\/api\/wp\/v2\/posts"}],"about":[{"href":"https:\/\/portaltela.pt\/api\/wp\/v2\/types\/post"}],"author":[{"embeddable":true,"href":"https:\/\/portaltela.pt\/api\/wp\/v2\/users\/2"}],"replies":[{"embeddable":true,"href":"https:\/\/portaltela.pt\/api\/wp\/v2\/comments?post=187077"}],"version-history":[{"count":0,"href":"https:\/\/portaltela.pt\/api\/wp\/v2\/posts\/187077\/revisions"}],"wp:featuredmedia":[{"embeddable":true,"href":"https:\/\/portaltela.pt\/api\/wp\/v2\/media\/187101"}],"wp:attachment":[{"href":"https:\/\/portaltela.pt\/api\/wp\/v2\/media?parent=187077"}],"wp:term":[{"taxonomy":"category","embeddable":true,"href":"https:\/\/portaltela.pt\/api\/wp\/v2\/categories?post=187077"},{"taxonomy":"post_tag","embeddable":true,"href":"https:\/\/portaltela.pt\/api\/wp\/v2\/tags?post=187077"}],"curies":[{"name":"wp","href":"https:\/\/api.w.org\/{rel}","templated":true}]}}