{"id":187050,"date":"2026-01-31T13:35:09","date_gmt":"2026-01-31T16:35:09","guid":{"rendered":"https:\/\/portaltela.pt\/noticias\/2026\/01\/31\/trump-e-avalanche-mediatica-causam-exaustao-em-nuuk-capital-da-gronelandia\/"},"modified":"2026-01-31T13:35:09","modified_gmt":"2026-01-31T16:35:09","slug":"trump-e-avalanche-mediatica-causam-exaustao-em-nuuk-capital-da-gronelandia","status":"publish","type":"post","link":"https:\/\/portaltela.pt\/noticias\/politica\/2026\/01\/31\/trump-e-avalanche-mediatica-causam-exaustao-em-nuuk-capital-da-gronelandia\/","title":{"rendered":"Trump e avalanche medi\u00e1tica causam exaust\u00e3o em Nuuk, capital da Gronel\u00e2ndia"},"content":{"rendered":"<p>A capital da Gronel\u00e2ndia, Nuuk, vive um momento de colec\u00e7\u00e3o de not\u00edcias e cansa\u00e7o com o intenso fluxo de jornalistas. A cidade tem sido palco de discuss\u00f5es sobre o futuro pol\u00edtico, com especial foco na liga\u00e7\u00e3o da Gronel\u00e2ndia aos Estados Unidos e \u00e0 Dinamarca. A cobertura tem marcado o dia a dia, criando uma atmosfera aten\u00e7ada entre residentes.<\/p>\n<p>Na rua, muitos residentes dizem estar exaustos com a constante presen\u00e7a medi\u00e1tica e com a percep\u00e7\u00e3o de manipula\u00e7\u00e3o de mensagens. Jovens locais, incluindo algu\u00e9m estudando Direito, manifestam cansa\u00e7o, d\u00favidas sobre o apoio \u00e0 independ\u00eancia e receio de influ\u00eancias externas. Outros netos da gera\u00e7\u00e3o atual mostram-se mais ativos politicamente, mas com apreens\u00e3o quanto ao rumo futuro.<\/p>\n<p>Malik, 21 anos, tornou-se conhecido entre o p\u00fablico local e internacional, tendo j\u00e1 passado por diversas emissoras. A visita de Donald Trump Jr a Nuuk, no in\u00edcio do ano, \u00e9 apontada como momento decisivo para a narrativa de uma poss\u00edvel influ\u00eancia externa na regi\u00e3o. Regista-se ainda uma rea\u00e7\u00e3o de parte da popula\u00e7\u00e3o que nega a venda da Gronel\u00e2ndia e que comenta a percep\u00e7\u00e3o de campanhas pol\u00edticas associadas a marcas.<\/p>\n<p>Parn\u00fbna, de 25 anos, demonstra orgulho em tradi\u00e7\u00f5es Inuit, destacando s\u00edmbolos tatuados que representam fam\u00edlia e heran\u00e7a. A identifica\u00e7\u00e3o cultural aparece como resposta \u00e0 press\u00e3o de preservar a l\u00edngua e a identidade locais, com rece\u00e7\u00e3o de que uma integra\u00e7\u00e3o mais profunda com os Estados Unidos poderia alterar esse equil\u00edbrio. A preocupa\u00e7\u00e3o com o impacto cultural persiste entre jovens e adultos que temem a eros\u00e3o da autonomia regional.<\/p>\n<p>A situa\u00e7\u00e3o gerou tamb\u00e9m planos de conting\u00eancia entre alguns residentes, que mencionam potenciais desloca\u00e7\u00f5es para a Dinamarca em caso de agravamento. A instabilidade pol\u00edtica e social alimenta debates sobre o futuro da Gronel\u00e2ndia, com a gera\u00e7\u00e3o mais jovem a exigir maior assertividade na defesa da cultura local e da autonomia.<\/p>\n<p>Caso a Gronel\u00e2ndia venha a ficar sob maior influ\u00eancia externa, o debate p\u00fablico pode intensificar-se entre quem defende independ\u00eancia total, quem apoia uma parceria mais estreita e quem opta por manter o estatuto atual, com a Dinamarca. Donald Trump tem vindo a reiterar o interesse em quest\u00f5es estrat\u00e9gicamente importantes para os EUA, sem, por\u00e9m, chegar a acordos formais.<\/p>\n<h3>Mudan\u00e7a de foco: o que est\u00e1 em jogo<\/h3>\n<p>A imprensa internacional acompanha os desdobramentos na capital Nuuk, enfatizando a percep\u00e7\u00e3o de que a regi\u00e3o pode vir a ter um papel geopol\u00edtico relevante no \u00c1rtico. A Dinamarca mant\u00e9m a responsabilidade administrativa, enquanto EUA e aliados analisam cen\u00e1rios de influ\u00eancia. Entidades locais defendem que a popula\u00e7\u00e3o deve decidir de forma aut\u00f3noma o seu destino.<\/p>\n","protected":false},"excerpt":{"rendered":"<ul>\n<li>Em Nuuk, capital da Gronel\u00e2ndia, a popula\u00e7\u00e3o relata exaust\u00e3o com a avalanche de jornalistas e com as incertezas pol\u00edticas recentes.<\/li>\n<li>Jovens e residentes dizem n\u00e3o querer tornar-se parte dos Estados Unidos, apesar de a gera\u00e7\u00e3o mais nova ganhar voz na pol\u00edtica e no ativismo.<\/li>\n<li>O caso de Malik, 21 anos, ilustra o impacto medi\u00e1tico local: tornou-se figura p\u00fablica internacional e teme que a entrevista de uma jornalista da Lusa seja apenas mais uma apari\u00e7\u00e3o.<\/li>\n<li>O epis\u00f3dio envolvendo Donald Trump Jr., no in\u00edcio do ano, gerou controv\u00e9rsia ao visitar um bar local e associar a Gronel\u00e2ndia a uma campanha MAGA; alguns moradores viram-se usados como ferramenta medi\u00e1tica.<\/li>\n<li>A Casa Branca e autoridades locais discutem, entre EUA, Dinamarca, Gronel\u00e2ndia e NATO, a poss\u00edvel maior influ\u00eancia norte-americana na regi\u00e3o, mas ainda sem resultados concretos.<\/li>\n<\/ul>\n","protected":false},"author":2,"featured_media":187063,"comment_status":"closed","ping_status":"closed","sticky":false,"template":"","format":"standard","meta":{"footnotes":""},"categories":[1,5],"tags":[2503,1600,66,1013,1293,27],"class_list":["post-187050","post","type-post","status-publish","format-standard","has-post-thumbnail","hentry","category-noticias","category-politica","tag-dinamarca","tag-estados-unidos","tag-geopolitica","tag-gronelandia","tag-independencia","tag-relacoes-internacionais"],"yoast_head":"<!-- This site is optimized with the Yoast SEO plugin v27.2 - https:\/\/yoast.com\/product\/yoast-seo-wordpress\/ -->\n<title>Trump e avalanche medi\u00e1tica causam exaust\u00e3o em Nuuk, capital da Gronel\u00e2ndia - Portal Tela Portugal<\/title>\n<meta name=\"robots\" content=\"index, follow, max-snippet:-1, max-image-preview:large, max-video-preview:-1\" \/>\n<meta property=\"og:locale\" content=\"pt_PT\" \/>\n<meta property=\"og:type\" content=\"article\" \/>\n<meta property=\"og:title\" content=\"Trump e avalanche medi\u00e1tica causam exaust\u00e3o em Nuuk, capital da Gronel\u00e2ndia - Portal Tela Portugal\" \/>\n<meta property=\"og:description\" content=\"Em Nuuk, capital da Gronel\u00e2ndia, a popula\u00e7\u00e3o relata exaust\u00e3o com a avalanche de jornalistas e com as incertezas pol\u00edticas recentes. Jovens e residentes dizem n\u00e3o querer tornar-se parte dos Estados Unidos, apesar de a gera\u00e7\u00e3o mais nova ganhar voz na pol\u00edtica e no ativismo. O caso de Malik, 21 anos, ilustra o impacto medi\u00e1tico local: tornou-se figura p\u00fablica internacional e teme que a entrevista de uma jornalista da Lusa seja apenas mais uma apari\u00e7\u00e3o. O epis\u00f3dio envolvendo Donald Trump Jr., no in\u00edcio do ano, gerou controv\u00e9rsia ao visitar um bar local e associar a Gronel\u00e2ndia a uma campanha MAGA; alguns moradores viram-se usados como ferramenta medi\u00e1tica. A Casa Branca e autoridades locais discutem, entre EUA, Dinamarca, Gronel\u00e2ndia e NATO, a poss\u00edvel maior influ\u00eancia norte-americana na regi\u00e3o, mas ainda sem resultados concretos.\" \/>\n<meta property=\"og:url\" content=\"https:\/\/portaltela.pt\/noticias\/2026\/01\/31\/trump-e-avalanche-mediatica-causam-exaustao-em-nuuk-capital-da-gronelandia\/\" \/>\n<meta property=\"og:site_name\" content=\"Portal Tela Portugal\" \/>\n<meta property=\"article:published_time\" content=\"2026-01-31T16:35:09+00:00\" \/>\n<meta name=\"author\" content=\"Telinha\" \/>\n<meta name=\"twitter:card\" content=\"summary_large_image\" \/>\n<meta name=\"twitter:label1\" content=\"Escrito por\" \/>\n\t<meta name=\"twitter:data1\" content=\"Telinha\" \/>\n\t<meta name=\"twitter:label2\" content=\"Tempo estimado de leitura\" \/>\n\t<meta name=\"twitter:data2\" content=\"2 minutos\" \/>\n<script type=\"application\/ld+json\" class=\"yoast-schema-graph\">{\"@context\":\"https:\/\/schema.org\",\"@graph\":[{\"@type\":\"Article\",\"@id\":\"https:\/\/portaltela.pt\/noticias\/2026\/01\/31\/trump-e-avalanche-mediatica-causam-exaustao-em-nuuk-capital-da-gronelandia\/#article\",\"isPartOf\":{\"@id\":\"https:\/\/portaltela.pt\/noticias\/2026\/01\/31\/trump-e-avalanche-mediatica-causam-exaustao-em-nuuk-capital-da-gronelandia\/\"},\"author\":{\"name\":\"Telinha\",\"@id\":\"https:\/\/portaltela.pt\/#\/schema\/person\/c4278d4a6028830caff9ee44b42d32ed\"},\"headline\":\"Trump e avalanche medi\u00e1tica causam exaust\u00e3o em Nuuk, capital da Gronel\u00e2ndia\",\"datePublished\":\"2026-01-31T16:35:09+00:00\",\"mainEntityOfPage\":{\"@id\":\"https:\/\/portaltela.pt\/noticias\/2026\/01\/31\/trump-e-avalanche-mediatica-causam-exaustao-em-nuuk-capital-da-gronelandia\/\"},\"wordCount\":493,\"image\":{\"@id\":\"https:\/\/portaltela.pt\/noticias\/2026\/01\/31\/trump-e-avalanche-mediatica-causam-exaustao-em-nuuk-capital-da-gronelandia\/#primaryimage\"},\"thumbnailUrl\":\"https:\/\/portaltela.pt\/s.01k8rhncp4jt1\/2026\/01\/img_1280x721uu2026-01-31-16-34-01-2263775.jpg\",\"keywords\":[\"Dinamarca\",\"Estados Unidos\",\"geopol\u00edtica\",\"Gronel\u00e2ndia\",\"independ\u00eancia\",\"rela\u00e7\u00f5es internacionais\"],\"articleSection\":[\"Not\u00edcias\",\"Pol\u00edtica\"],\"inLanguage\":\"pt-PT\"},{\"@type\":\"WebPage\",\"@id\":\"https:\/\/portaltela.pt\/noticias\/2026\/01\/31\/trump-e-avalanche-mediatica-causam-exaustao-em-nuuk-capital-da-gronelandia\/\",\"url\":\"https:\/\/portaltela.pt\/noticias\/2026\/01\/31\/trump-e-avalanche-mediatica-causam-exaustao-em-nuuk-capital-da-gronelandia\/\",\"name\":\"Trump e avalanche medi\u00e1tica causam exaust\u00e3o em Nuuk, capital da Gronel\u00e2ndia - Portal Tela Portugal\",\"isPartOf\":{\"@id\":\"https:\/\/portaltela.pt\/#website\"},\"primaryImageOfPage\":{\"@id\":\"https:\/\/portaltela.pt\/noticias\/2026\/01\/31\/trump-e-avalanche-mediatica-causam-exaustao-em-nuuk-capital-da-gronelandia\/#primaryimage\"},\"image\":{\"@id\":\"https:\/\/portaltela.pt\/noticias\/2026\/01\/31\/trump-e-avalanche-mediatica-causam-exaustao-em-nuuk-capital-da-gronelandia\/#primaryimage\"},\"thumbnailUrl\":\"https:\/\/portaltela.pt\/s.01k8rhncp4jt1\/2026\/01\/img_1280x721uu2026-01-31-16-34-01-2263775.jpg\",\"datePublished\":\"2026-01-31T16:35:09+00:00\",\"author\":{\"@id\":\"https:\/\/portaltela.pt\/#\/schema\/person\/c4278d4a6028830caff9ee44b42d32ed\"},\"breadcrumb\":{\"@id\":\"https:\/\/portaltela.pt\/noticias\/2026\/01\/31\/trump-e-avalanche-mediatica-causam-exaustao-em-nuuk-capital-da-gronelandia\/#breadcrumb\"},\"inLanguage\":\"pt-PT\",\"potentialAction\":[{\"@type\":\"ReadAction\",\"target\":[\"https:\/\/portaltela.pt\/noticias\/2026\/01\/31\/trump-e-avalanche-mediatica-causam-exaustao-em-nuuk-capital-da-gronelandia\/\"]}]},{\"@type\":\"ImageObject\",\"inLanguage\":\"pt-PT\",\"@id\":\"https:\/\/portaltela.pt\/noticias\/2026\/01\/31\/trump-e-avalanche-mediatica-causam-exaustao-em-nuuk-capital-da-gronelandia\/#primaryimage\",\"url\":\"https:\/\/portaltela.pt\/s.01k8rhncp4jt1\/2026\/01\/img_1280x721uu2026-01-31-16-34-01-2263775.jpg\",\"contentUrl\":\"https:\/\/portaltela.pt\/s.01k8rhncp4jt1\/2026\/01\/img_1280x721uu2026-01-31-16-34-01-2263775.jpg\",\"width\":796,\"height\":448,\"caption\":\"Militares em Nuuk, capital da Gronel\u00e2ndia\"},{\"@type\":\"BreadcrumbList\",\"@id\":\"https:\/\/portaltela.pt\/noticias\/2026\/01\/31\/trump-e-avalanche-mediatica-causam-exaustao-em-nuuk-capital-da-gronelandia\/#breadcrumb\",\"itemListElement\":[{\"@type\":\"ListItem\",\"position\":1,\"name\":\"In\u00edcio\",\"item\":\"https:\/\/portaltela.pt\/\"},{\"@type\":\"ListItem\",\"position\":2,\"name\":\"Trump e avalanche medi\u00e1tica causam exaust\u00e3o em Nuuk, capital da Gronel\u00e2ndia\"}]},{\"@type\":\"WebSite\",\"@id\":\"https:\/\/portaltela.pt\/#website\",\"url\":\"https:\/\/portaltela.pt\/\",\"name\":\"Portal Tela Portugal\",\"description\":\"\",\"potentialAction\":[{\"@type\":\"SearchAction\",\"target\":{\"@type\":\"EntryPoint\",\"urlTemplate\":\"https:\/\/portaltela.pt\/?s={search_term_string}\"},\"query-input\":{\"@type\":\"PropertyValueSpecification\",\"valueRequired\":true,\"valueName\":\"search_term_string\"}}],\"inLanguage\":\"pt-PT\"},{\"@type\":\"Person\",\"@id\":\"https:\/\/portaltela.pt\/#\/schema\/person\/c4278d4a6028830caff9ee44b42d32ed\",\"name\":\"Telinha\",\"image\":{\"@type\":\"ImageObject\",\"inLanguage\":\"pt-PT\",\"@id\":\"https:\/\/portaltela.pt\/s.01k8rhncp4jt1\/2025\/11\/talking-bot-125x125.png\",\"url\":\"https:\/\/portaltela.pt\/s.01k8rhncp4jt1\/2025\/11\/talking-bot-125x125.png\",\"contentUrl\":\"https:\/\/portaltela.pt\/s.01k8rhncp4jt1\/2025\/11\/talking-bot-125x125.png\",\"caption\":\"Telinha\"},\"sameAs\":[\"https:\/\/portaltela.pt\/\"],\"url\":\"https:\/\/portaltela.pt\/por\/367410592786\/\"}]}<\/script>\n<!-- \/ Yoast SEO plugin. -->","yoast_head_json":{"title":"Trump e avalanche medi\u00e1tica causam exaust\u00e3o em Nuuk, capital da Gronel\u00e2ndia - Portal Tela Portugal","robots":{"index":"index","follow":"follow","max-snippet":"max-snippet:-1","max-image-preview":"max-image-preview:large","max-video-preview":"max-video-preview:-1"},"og_locale":"pt_PT","og_type":"article","og_title":"Trump e avalanche medi\u00e1tica causam exaust\u00e3o em Nuuk, capital da Gronel\u00e2ndia - Portal Tela Portugal","og_description":"Em Nuuk, capital da Gronel\u00e2ndia, a popula\u00e7\u00e3o relata exaust\u00e3o com a avalanche de jornalistas e com as incertezas pol\u00edticas recentes. Jovens e residentes dizem n\u00e3o querer tornar-se parte dos Estados Unidos, apesar de a gera\u00e7\u00e3o mais nova ganhar voz na pol\u00edtica e no ativismo. O caso de Malik, 21 anos, ilustra o impacto medi\u00e1tico local: tornou-se figura p\u00fablica internacional e teme que a entrevista de uma jornalista da Lusa seja apenas mais uma apari\u00e7\u00e3o. O epis\u00f3dio envolvendo Donald Trump Jr., no in\u00edcio do ano, gerou controv\u00e9rsia ao visitar um bar local e associar a Gronel\u00e2ndia a uma campanha MAGA; alguns moradores viram-se usados como ferramenta medi\u00e1tica. A Casa Branca e autoridades locais discutem, entre EUA, Dinamarca, Gronel\u00e2ndia e NATO, a poss\u00edvel maior influ\u00eancia norte-americana na regi\u00e3o, mas ainda sem resultados concretos.","og_url":"https:\/\/portaltela.pt\/noticias\/2026\/01\/31\/trump-e-avalanche-mediatica-causam-exaustao-em-nuuk-capital-da-gronelandia\/","og_site_name":"Portal Tela Portugal","article_published_time":"2026-01-31T16:35:09+00:00","author":"Telinha","twitter_card":"summary_large_image","twitter_misc":{"Escrito por":"Telinha","Tempo estimado de leitura":"2 minutos"},"schema":{"@context":"https:\/\/schema.org","@graph":[{"@type":"Article","@id":"https:\/\/portaltela.pt\/noticias\/2026\/01\/31\/trump-e-avalanche-mediatica-causam-exaustao-em-nuuk-capital-da-gronelandia\/#article","isPartOf":{"@id":"https:\/\/portaltela.pt\/noticias\/2026\/01\/31\/trump-e-avalanche-mediatica-causam-exaustao-em-nuuk-capital-da-gronelandia\/"},"author":{"name":"Telinha","@id":"https:\/\/portaltela.pt\/#\/schema\/person\/c4278d4a6028830caff9ee44b42d32ed"},"headline":"Trump e avalanche medi\u00e1tica causam exaust\u00e3o em Nuuk, capital da Gronel\u00e2ndia","datePublished":"2026-01-31T16:35:09+00:00","mainEntityOfPage":{"@id":"https:\/\/portaltela.pt\/noticias\/2026\/01\/31\/trump-e-avalanche-mediatica-causam-exaustao-em-nuuk-capital-da-gronelandia\/"},"wordCount":493,"image":{"@id":"https:\/\/portaltela.pt\/noticias\/2026\/01\/31\/trump-e-avalanche-mediatica-causam-exaustao-em-nuuk-capital-da-gronelandia\/#primaryimage"},"thumbnailUrl":"https:\/\/portaltela.pt\/s.01k8rhncp4jt1\/2026\/01\/img_1280x721uu2026-01-31-16-34-01-2263775.jpg","keywords":["Dinamarca","Estados Unidos","geopol\u00edtica","Gronel\u00e2ndia","independ\u00eancia","rela\u00e7\u00f5es internacionais"],"articleSection":["Not\u00edcias","Pol\u00edtica"],"inLanguage":"pt-PT"},{"@type":"WebPage","@id":"https:\/\/portaltela.pt\/noticias\/2026\/01\/31\/trump-e-avalanche-mediatica-causam-exaustao-em-nuuk-capital-da-gronelandia\/","url":"https:\/\/portaltela.pt\/noticias\/2026\/01\/31\/trump-e-avalanche-mediatica-causam-exaustao-em-nuuk-capital-da-gronelandia\/","name":"Trump e avalanche medi\u00e1tica causam exaust\u00e3o em Nuuk, capital da Gronel\u00e2ndia - Portal Tela Portugal","isPartOf":{"@id":"https:\/\/portaltela.pt\/#website"},"primaryImageOfPage":{"@id":"https:\/\/portaltela.pt\/noticias\/2026\/01\/31\/trump-e-avalanche-mediatica-causam-exaustao-em-nuuk-capital-da-gronelandia\/#primaryimage"},"image":{"@id":"https:\/\/portaltela.pt\/noticias\/2026\/01\/31\/trump-e-avalanche-mediatica-causam-exaustao-em-nuuk-capital-da-gronelandia\/#primaryimage"},"thumbnailUrl":"https:\/\/portaltela.pt\/s.01k8rhncp4jt1\/2026\/01\/img_1280x721uu2026-01-31-16-34-01-2263775.jpg","datePublished":"2026-01-31T16:35:09+00:00","author":{"@id":"https:\/\/portaltela.pt\/#\/schema\/person\/c4278d4a6028830caff9ee44b42d32ed"},"breadcrumb":{"@id":"https:\/\/portaltela.pt\/noticias\/2026\/01\/31\/trump-e-avalanche-mediatica-causam-exaustao-em-nuuk-capital-da-gronelandia\/#breadcrumb"},"inLanguage":"pt-PT","potentialAction":[{"@type":"ReadAction","target":["https:\/\/portaltela.pt\/noticias\/2026\/01\/31\/trump-e-avalanche-mediatica-causam-exaustao-em-nuuk-capital-da-gronelandia\/"]}]},{"@type":"ImageObject","inLanguage":"pt-PT","@id":"https:\/\/portaltela.pt\/noticias\/2026\/01\/31\/trump-e-avalanche-mediatica-causam-exaustao-em-nuuk-capital-da-gronelandia\/#primaryimage","url":"https:\/\/portaltela.pt\/s.01k8rhncp4jt1\/2026\/01\/img_1280x721uu2026-01-31-16-34-01-2263775.jpg","contentUrl":"https:\/\/portaltela.pt\/s.01k8rhncp4jt1\/2026\/01\/img_1280x721uu2026-01-31-16-34-01-2263775.jpg","width":796,"height":448,"caption":"Militares em Nuuk, capital da Gronel\u00e2ndia"},{"@type":"BreadcrumbList","@id":"https:\/\/portaltela.pt\/noticias\/2026\/01\/31\/trump-e-avalanche-mediatica-causam-exaustao-em-nuuk-capital-da-gronelandia\/#breadcrumb","itemListElement":[{"@type":"ListItem","position":1,"name":"In\u00edcio","item":"https:\/\/portaltela.pt\/"},{"@type":"ListItem","position":2,"name":"Trump e avalanche medi\u00e1tica causam exaust\u00e3o em Nuuk, capital da Gronel\u00e2ndia"}]},{"@type":"WebSite","@id":"https:\/\/portaltela.pt\/#website","url":"https:\/\/portaltela.pt\/","name":"Portal Tela Portugal","description":"","potentialAction":[{"@type":"SearchAction","target":{"@type":"EntryPoint","urlTemplate":"https:\/\/portaltela.pt\/?s={search_term_string}"},"query-input":{"@type":"PropertyValueSpecification","valueRequired":true,"valueName":"search_term_string"}}],"inLanguage":"pt-PT"},{"@type":"Person","@id":"https:\/\/portaltela.pt\/#\/schema\/person\/c4278d4a6028830caff9ee44b42d32ed","name":"Telinha","image":{"@type":"ImageObject","inLanguage":"pt-PT","@id":"https:\/\/portaltela.pt\/s.01k8rhncp4jt1\/2025\/11\/talking-bot-125x125.png","url":"https:\/\/portaltela.pt\/s.01k8rhncp4jt1\/2025\/11\/talking-bot-125x125.png","contentUrl":"https:\/\/portaltela.pt\/s.01k8rhncp4jt1\/2025\/11\/talking-bot-125x125.png","caption":"Telinha"},"sameAs":["https:\/\/portaltela.pt\/"],"url":"https:\/\/portaltela.pt\/por\/367410592786\/"}]}},"_links":{"self":[{"href":"https:\/\/portaltela.pt\/api\/wp\/v2\/posts\/187050","targetHints":{"allow":["GET"]}}],"collection":[{"href":"https:\/\/portaltela.pt\/api\/wp\/v2\/posts"}],"about":[{"href":"https:\/\/portaltela.pt\/api\/wp\/v2\/types\/post"}],"author":[{"embeddable":true,"href":"https:\/\/portaltela.pt\/api\/wp\/v2\/users\/2"}],"replies":[{"embeddable":true,"href":"https:\/\/portaltela.pt\/api\/wp\/v2\/comments?post=187050"}],"version-history":[{"count":0,"href":"https:\/\/portaltela.pt\/api\/wp\/v2\/posts\/187050\/revisions"}],"wp:featuredmedia":[{"embeddable":true,"href":"https:\/\/portaltela.pt\/api\/wp\/v2\/media\/187063"}],"wp:attachment":[{"href":"https:\/\/portaltela.pt\/api\/wp\/v2\/media?parent=187050"}],"wp:term":[{"taxonomy":"category","embeddable":true,"href":"https:\/\/portaltela.pt\/api\/wp\/v2\/categories?post=187050"},{"taxonomy":"post_tag","embeddable":true,"href":"https:\/\/portaltela.pt\/api\/wp\/v2\/tags?post=187050"}],"curies":[{"name":"wp","href":"https:\/\/api.w.org\/{rel}","templated":true}]}}