{"id":187043,"date":"2026-01-31T13:14:59","date_gmt":"2026-01-31T16:14:59","guid":{"rendered":"https:\/\/portaltela.pt\/noticias\/2026\/01\/31\/maison-objet-paris-acolhe-estudantes-da-esart-numa-experiencia-imersiva-de-design\/"},"modified":"2026-01-31T13:14:59","modified_gmt":"2026-01-31T16:14:59","slug":"maison-objet-paris-acolhe-estudantes-da-esart-numa-experiencia-imersiva-de-design","status":"publish","type":"post","link":"https:\/\/portaltela.pt\/noticias\/2026\/01\/31\/maison-objet-paris-acolhe-estudantes-da-esart-numa-experiencia-imersiva-de-design\/","title":{"rendered":"Maison&amp;Objet Paris acolhe estudantes da ESART numa experi\u00eancia imersiva de design"},"content":{"rendered":"<p>A Maison&amp;Objet Paris recebeu um grupo de estudantes da licenciatura em Design de Interiores e Equipamento da Escola Superior de Artes Aplicadas, de Castelo Branco. O objetivo foi proporcionar uma experi\u00eancia imersiva no design contempor\u00e2neo. O evento realizou-se no Parque de Exposi\u00e7\u00f5es Paris Nord Villepinte. Participaram alunos que acompanharam v\u00e1rias \u00e1reas, desde mobili\u00e1rio a ilumina\u00e7\u00e3o. A participa\u00e7\u00e3o permitiu contacto direto com o contexto profissional.<\/p>\n<p>Segundo o Polit\u00e9cnico de Castelo Branco, a iniciativa proporcionou observa\u00e7\u00e3o, aprendizagem e atualiza\u00e7\u00e3o de tend\u00eancias. Os estudantes puderam ler criticamente linguagens emergentes, processos produtivos e abordagens conceptuais do design de interiores no panorama internacional.<\/p>\n<p>Maison&amp;Objet \u00e9 descrita como um laborat\u00f3rio de tend\u00eancias, reunindo cerca de 2.300 marcas de mais de 140 pa\u00edses. O certame inclui confer\u00eancias, palestras e instala\u00e7\u00f5es curatoriais, com foco em inova\u00e7\u00e3o e no futuro do setor. O evento contou com a presen\u00e7a de profissionais, marcas e criadores de renome.<\/p>\n<h3>Extens\u00e3o da experi\u00eancia pela cidade<\/h3>\n<p>Paralelamente, a iniciativa Maison&amp;Objet In The City levou os estudantes a um percurso por showrooms, galerias e espa\u00e7os criativos no centro de Paris. A a\u00e7\u00e3o refor\u00e7ou a liga\u00e7\u00e3o entre o evento e o tecido cultural da capital francesa.<\/p>\n<p>Esta participa\u00e7\u00e3o insere-se na estrat\u00e9gia pedag\u00f3gica da licenciatura em Design de Interiores e Equipamento, fortalecendo a liga\u00e7\u00e3o entre ensino acad\u00e9mico, pr\u00e1tica profissional e o contexto internacional do design contempor\u00e2neo.<\/p>\n","protected":false},"excerpt":{"rendered":"<ul>\n<li>Um grupo de estudantes da licenciatura em Design de Interiores e Equipamento da Escola Superior de Artes Aplicadas de Castelo Branco participou na Maison&amp;Objet Paris, um dos sal\u00f5es internacionais de refer\u00eancia no design de interiores, decora\u00e7\u00e3o e lifestyle.<\/li>\n<li>O evento realizou\u2011se no Parque de Exposi\u00e7\u00f5es Paris Nord Villepinte, reunindo profissionais, marcas e criadores de refer\u00eancia mundial.<\/li>\n<li>A participa\u00e7\u00e3o proporcionou contacto direto com o contexto profissional do design, abrangendo mobili\u00e1rio, ilumina\u00e7\u00e3o, t\u00eaxteis, cer\u00e2mica, objetos decorativos e solu\u00e7\u00f5es para o habitar contempor\u00e2neo.<\/li>\n<li>O Polit\u00e9cnico de Castelo Branco destaca que a experi\u00eancia foi uma oportunidade de observa\u00e7\u00e3o, aprendizagem e atualiza\u00e7\u00e3o de tend\u00eancias, com leitura cr\u00edtica das linguagens emergentes e dos processos produtivos.<\/li>\n<li>A Maison&amp;Objet re\u00fane cerca de 2.300 marcas de mais de 140 pa\u00edses e inclui um vasto programa de confer\u00eancias e instala\u00e7\u00f5es curatoriais; a iniciativa Maison&amp;Objet In The City estendeu a experi\u00eancia a showrooms e galerias em Paris.<\/li>\n<\/ul>\n","protected":false},"author":2,"featured_media":187064,"comment_status":"closed","ping_status":"closed","sticky":false,"template":"","format":"standard","meta":{"footnotes":""},"categories":[1],"tags":[145,143,163,81,845,3163],"class_list":["post-187043","post","type-post","status-publish","format-standard","has-post-thumbnail","hentry","category-noticias","tag-cultura","tag-design","tag-educacao","tag-internacionais","tag-mobiliario","tag-paris"],"yoast_head":"<!-- This site is optimized with the Yoast SEO plugin v27.2 - https:\/\/yoast.com\/product\/yoast-seo-wordpress\/ -->\n<title>Maison&amp;Objet Paris acolhe estudantes da ESART numa experi\u00eancia imersiva de design - Portal Tela Portugal<\/title>\n<meta name=\"robots\" content=\"index, follow, max-snippet:-1, max-image-preview:large, max-video-preview:-1\" \/>\n<meta property=\"og:locale\" content=\"pt_PT\" \/>\n<meta property=\"og:type\" content=\"article\" \/>\n<meta property=\"og:title\" content=\"Maison&amp;Objet Paris acolhe estudantes da ESART numa experi\u00eancia imersiva de design - Portal Tela Portugal\" \/>\n<meta property=\"og:description\" content=\"Um grupo de estudantes da licenciatura em Design de Interiores e Equipamento da Escola Superior de Artes Aplicadas de Castelo Branco participou na Maison&amp;Objet Paris, um dos sal\u00f5es internacionais de refer\u00eancia no design de interiores, decora\u00e7\u00e3o e lifestyle. O evento realizou\u2011se no Parque de Exposi\u00e7\u00f5es Paris Nord Villepinte, reunindo profissionais, marcas e criadores de refer\u00eancia mundial. A participa\u00e7\u00e3o proporcionou contacto direto com o contexto profissional do design, abrangendo mobili\u00e1rio, ilumina\u00e7\u00e3o, t\u00eaxteis, cer\u00e2mica, objetos decorativos e solu\u00e7\u00f5es para o habitar contempor\u00e2neo. O Polit\u00e9cnico de Castelo Branco destaca que a experi\u00eancia foi uma oportunidade de observa\u00e7\u00e3o, aprendizagem e atualiza\u00e7\u00e3o de tend\u00eancias, com leitura cr\u00edtica das linguagens emergentes e dos processos produtivos. A Maison&amp;Objet re\u00fane cerca de 2.300 marcas de mais de 140 pa\u00edses e inclui um vasto programa de confer\u00eancias e instala\u00e7\u00f5es curatoriais; a iniciativa Maison&amp;Objet In The City estendeu a experi\u00eancia a showrooms e galerias em Paris.\" \/>\n<meta property=\"og:url\" content=\"https:\/\/portaltela.pt\/noticias\/2026\/01\/31\/maison-objet-paris-acolhe-estudantes-da-esart-numa-experiencia-imersiva-de-design\/\" \/>\n<meta property=\"og:site_name\" content=\"Portal Tela Portugal\" \/>\n<meta property=\"article:published_time\" content=\"2026-01-31T16:14:59+00:00\" \/>\n<meta name=\"author\" content=\"Telinha\" \/>\n<meta name=\"twitter:card\" content=\"summary_large_image\" \/>\n<meta name=\"twitter:label1\" content=\"Escrito por\" \/>\n\t<meta name=\"twitter:data1\" content=\"Telinha\" \/>\n\t<meta name=\"twitter:label2\" content=\"Tempo estimado de leitura\" \/>\n\t<meta name=\"twitter:data2\" content=\"1 minuto\" \/>\n<script type=\"application\/ld+json\" class=\"yoast-schema-graph\">{\"@context\":\"https:\/\/schema.org\",\"@graph\":[{\"@type\":\"Article\",\"@id\":\"https:\/\/portaltela.pt\/noticias\/2026\/01\/31\/maison-objet-paris-acolhe-estudantes-da-esart-numa-experiencia-imersiva-de-design\/#article\",\"isPartOf\":{\"@id\":\"https:\/\/portaltela.pt\/noticias\/2026\/01\/31\/maison-objet-paris-acolhe-estudantes-da-esart-numa-experiencia-imersiva-de-design\/\"},\"author\":{\"name\":\"Telinha\",\"@id\":\"https:\/\/portaltela.pt\/#\/schema\/person\/c4278d4a6028830caff9ee44b42d32ed\"},\"headline\":\"Maison&amp;Objet Paris acolhe estudantes da ESART numa experi\u00eancia imersiva de design\",\"datePublished\":\"2026-01-31T16:14:59+00:00\",\"mainEntityOfPage\":{\"@id\":\"https:\/\/portaltela.pt\/noticias\/2026\/01\/31\/maison-objet-paris-acolhe-estudantes-da-esart-numa-experiencia-imersiva-de-design\/\"},\"wordCount\":266,\"image\":{\"@id\":\"https:\/\/portaltela.pt\/noticias\/2026\/01\/31\/maison-objet-paris-acolhe-estudantes-da-esart-numa-experiencia-imersiva-de-design\/#primaryimage\"},\"thumbnailUrl\":\"https:\/\/portaltela.pt\/s.01k8rhncp4jt1\/2026\/01\/unnamed-file-6347.jpg\",\"keywords\":[\"cultura\",\"design\",\"educa\u00e7\u00e3o\",\"internacionais\",\"mobili\u00e1rio\",\"Paris\"],\"articleSection\":[\"Not\u00edcias\"],\"inLanguage\":\"pt-PT\"},{\"@type\":\"WebPage\",\"@id\":\"https:\/\/portaltela.pt\/noticias\/2026\/01\/31\/maison-objet-paris-acolhe-estudantes-da-esart-numa-experiencia-imersiva-de-design\/\",\"url\":\"https:\/\/portaltela.pt\/noticias\/2026\/01\/31\/maison-objet-paris-acolhe-estudantes-da-esart-numa-experiencia-imersiva-de-design\/\",\"name\":\"Maison&amp;Objet Paris acolhe estudantes da ESART numa experi\u00eancia imersiva de design - Portal Tela Portugal\",\"isPartOf\":{\"@id\":\"https:\/\/portaltela.pt\/#website\"},\"primaryImageOfPage\":{\"@id\":\"https:\/\/portaltela.pt\/noticias\/2026\/01\/31\/maison-objet-paris-acolhe-estudantes-da-esart-numa-experiencia-imersiva-de-design\/#primaryimage\"},\"image\":{\"@id\":\"https:\/\/portaltela.pt\/noticias\/2026\/01\/31\/maison-objet-paris-acolhe-estudantes-da-esart-numa-experiencia-imersiva-de-design\/#primaryimage\"},\"thumbnailUrl\":\"https:\/\/portaltela.pt\/s.01k8rhncp4jt1\/2026\/01\/unnamed-file-6347.jpg\",\"datePublished\":\"2026-01-31T16:14:59+00:00\",\"author\":{\"@id\":\"https:\/\/portaltela.pt\/#\/schema\/person\/c4278d4a6028830caff9ee44b42d32ed\"},\"breadcrumb\":{\"@id\":\"https:\/\/portaltela.pt\/noticias\/2026\/01\/31\/maison-objet-paris-acolhe-estudantes-da-esart-numa-experiencia-imersiva-de-design\/#breadcrumb\"},\"inLanguage\":\"pt-PT\",\"potentialAction\":[{\"@type\":\"ReadAction\",\"target\":[\"https:\/\/portaltela.pt\/noticias\/2026\/01\/31\/maison-objet-paris-acolhe-estudantes-da-esart-numa-experiencia-imersiva-de-design\/\"]}]},{\"@type\":\"ImageObject\",\"inLanguage\":\"pt-PT\",\"@id\":\"https:\/\/portaltela.pt\/noticias\/2026\/01\/31\/maison-objet-paris-acolhe-estudantes-da-esart-numa-experiencia-imersiva-de-design\/#primaryimage\",\"url\":\"https:\/\/portaltela.pt\/s.01k8rhncp4jt1\/2026\/01\/unnamed-file-6347.jpg\",\"contentUrl\":\"https:\/\/portaltela.pt\/s.01k8rhncp4jt1\/2026\/01\/unnamed-file-6347.jpg\",\"width\":796,\"height\":448,\"caption\":\"Maison&Objet Paris recebe estudantes da ESART para experi\u00eancia imersiva no design contempor\u00e2neo\"},{\"@type\":\"BreadcrumbList\",\"@id\":\"https:\/\/portaltela.pt\/noticias\/2026\/01\/31\/maison-objet-paris-acolhe-estudantes-da-esart-numa-experiencia-imersiva-de-design\/#breadcrumb\",\"itemListElement\":[{\"@type\":\"ListItem\",\"position\":1,\"name\":\"In\u00edcio\",\"item\":\"https:\/\/portaltela.pt\/\"},{\"@type\":\"ListItem\",\"position\":2,\"name\":\"Maison&amp;Objet Paris acolhe estudantes da ESART numa experi\u00eancia imersiva de design\"}]},{\"@type\":\"WebSite\",\"@id\":\"https:\/\/portaltela.pt\/#website\",\"url\":\"https:\/\/portaltela.pt\/\",\"name\":\"Portal Tela Portugal\",\"description\":\"\",\"potentialAction\":[{\"@type\":\"SearchAction\",\"target\":{\"@type\":\"EntryPoint\",\"urlTemplate\":\"https:\/\/portaltela.pt\/?s={search_term_string}\"},\"query-input\":{\"@type\":\"PropertyValueSpecification\",\"valueRequired\":true,\"valueName\":\"search_term_string\"}}],\"inLanguage\":\"pt-PT\"},{\"@type\":\"Person\",\"@id\":\"https:\/\/portaltela.pt\/#\/schema\/person\/c4278d4a6028830caff9ee44b42d32ed\",\"name\":\"Telinha\",\"image\":{\"@type\":\"ImageObject\",\"inLanguage\":\"pt-PT\",\"@id\":\"https:\/\/portaltela.pt\/s.01k8rhncp4jt1\/2025\/11\/talking-bot-125x125.png\",\"url\":\"https:\/\/portaltela.pt\/s.01k8rhncp4jt1\/2025\/11\/talking-bot-125x125.png\",\"contentUrl\":\"https:\/\/portaltela.pt\/s.01k8rhncp4jt1\/2025\/11\/talking-bot-125x125.png\",\"caption\":\"Telinha\"},\"sameAs\":[\"https:\/\/portaltela.pt\/\"],\"url\":\"https:\/\/portaltela.pt\/por\/367410592786\/\"}]}<\/script>\n<!-- \/ Yoast SEO plugin. -->","yoast_head_json":{"title":"Maison&amp;Objet Paris acolhe estudantes da ESART numa experi\u00eancia imersiva de design - Portal Tela Portugal","robots":{"index":"index","follow":"follow","max-snippet":"max-snippet:-1","max-image-preview":"max-image-preview:large","max-video-preview":"max-video-preview:-1"},"og_locale":"pt_PT","og_type":"article","og_title":"Maison&amp;Objet Paris acolhe estudantes da ESART numa experi\u00eancia imersiva de design - Portal Tela Portugal","og_description":"Um grupo de estudantes da licenciatura em Design de Interiores e Equipamento da Escola Superior de Artes Aplicadas de Castelo Branco participou na Maison&amp;Objet Paris, um dos sal\u00f5es internacionais de refer\u00eancia no design de interiores, decora\u00e7\u00e3o e lifestyle. O evento realizou\u2011se no Parque de Exposi\u00e7\u00f5es Paris Nord Villepinte, reunindo profissionais, marcas e criadores de refer\u00eancia mundial. A participa\u00e7\u00e3o proporcionou contacto direto com o contexto profissional do design, abrangendo mobili\u00e1rio, ilumina\u00e7\u00e3o, t\u00eaxteis, cer\u00e2mica, objetos decorativos e solu\u00e7\u00f5es para o habitar contempor\u00e2neo. O Polit\u00e9cnico de Castelo Branco destaca que a experi\u00eancia foi uma oportunidade de observa\u00e7\u00e3o, aprendizagem e atualiza\u00e7\u00e3o de tend\u00eancias, com leitura cr\u00edtica das linguagens emergentes e dos processos produtivos. A Maison&amp;Objet re\u00fane cerca de 2.300 marcas de mais de 140 pa\u00edses e inclui um vasto programa de confer\u00eancias e instala\u00e7\u00f5es curatoriais; a iniciativa Maison&amp;Objet In The City estendeu a experi\u00eancia a showrooms e galerias em Paris.","og_url":"https:\/\/portaltela.pt\/noticias\/2026\/01\/31\/maison-objet-paris-acolhe-estudantes-da-esart-numa-experiencia-imersiva-de-design\/","og_site_name":"Portal Tela Portugal","article_published_time":"2026-01-31T16:14:59+00:00","author":"Telinha","twitter_card":"summary_large_image","twitter_misc":{"Escrito por":"Telinha","Tempo estimado de leitura":"1 minuto"},"schema":{"@context":"https:\/\/schema.org","@graph":[{"@type":"Article","@id":"https:\/\/portaltela.pt\/noticias\/2026\/01\/31\/maison-objet-paris-acolhe-estudantes-da-esart-numa-experiencia-imersiva-de-design\/#article","isPartOf":{"@id":"https:\/\/portaltela.pt\/noticias\/2026\/01\/31\/maison-objet-paris-acolhe-estudantes-da-esart-numa-experiencia-imersiva-de-design\/"},"author":{"name":"Telinha","@id":"https:\/\/portaltela.pt\/#\/schema\/person\/c4278d4a6028830caff9ee44b42d32ed"},"headline":"Maison&amp;Objet Paris acolhe estudantes da ESART numa experi\u00eancia imersiva de design","datePublished":"2026-01-31T16:14:59+00:00","mainEntityOfPage":{"@id":"https:\/\/portaltela.pt\/noticias\/2026\/01\/31\/maison-objet-paris-acolhe-estudantes-da-esart-numa-experiencia-imersiva-de-design\/"},"wordCount":266,"image":{"@id":"https:\/\/portaltela.pt\/noticias\/2026\/01\/31\/maison-objet-paris-acolhe-estudantes-da-esart-numa-experiencia-imersiva-de-design\/#primaryimage"},"thumbnailUrl":"https:\/\/portaltela.pt\/s.01k8rhncp4jt1\/2026\/01\/unnamed-file-6347.jpg","keywords":["cultura","design","educa\u00e7\u00e3o","internacionais","mobili\u00e1rio","Paris"],"articleSection":["Not\u00edcias"],"inLanguage":"pt-PT"},{"@type":"WebPage","@id":"https:\/\/portaltela.pt\/noticias\/2026\/01\/31\/maison-objet-paris-acolhe-estudantes-da-esart-numa-experiencia-imersiva-de-design\/","url":"https:\/\/portaltela.pt\/noticias\/2026\/01\/31\/maison-objet-paris-acolhe-estudantes-da-esart-numa-experiencia-imersiva-de-design\/","name":"Maison&amp;Objet Paris acolhe estudantes da ESART numa experi\u00eancia imersiva de design - Portal Tela Portugal","isPartOf":{"@id":"https:\/\/portaltela.pt\/#website"},"primaryImageOfPage":{"@id":"https:\/\/portaltela.pt\/noticias\/2026\/01\/31\/maison-objet-paris-acolhe-estudantes-da-esart-numa-experiencia-imersiva-de-design\/#primaryimage"},"image":{"@id":"https:\/\/portaltela.pt\/noticias\/2026\/01\/31\/maison-objet-paris-acolhe-estudantes-da-esart-numa-experiencia-imersiva-de-design\/#primaryimage"},"thumbnailUrl":"https:\/\/portaltela.pt\/s.01k8rhncp4jt1\/2026\/01\/unnamed-file-6347.jpg","datePublished":"2026-01-31T16:14:59+00:00","author":{"@id":"https:\/\/portaltela.pt\/#\/schema\/person\/c4278d4a6028830caff9ee44b42d32ed"},"breadcrumb":{"@id":"https:\/\/portaltela.pt\/noticias\/2026\/01\/31\/maison-objet-paris-acolhe-estudantes-da-esart-numa-experiencia-imersiva-de-design\/#breadcrumb"},"inLanguage":"pt-PT","potentialAction":[{"@type":"ReadAction","target":["https:\/\/portaltela.pt\/noticias\/2026\/01\/31\/maison-objet-paris-acolhe-estudantes-da-esart-numa-experiencia-imersiva-de-design\/"]}]},{"@type":"ImageObject","inLanguage":"pt-PT","@id":"https:\/\/portaltela.pt\/noticias\/2026\/01\/31\/maison-objet-paris-acolhe-estudantes-da-esart-numa-experiencia-imersiva-de-design\/#primaryimage","url":"https:\/\/portaltela.pt\/s.01k8rhncp4jt1\/2026\/01\/unnamed-file-6347.jpg","contentUrl":"https:\/\/portaltela.pt\/s.01k8rhncp4jt1\/2026\/01\/unnamed-file-6347.jpg","width":796,"height":448,"caption":"Maison&Objet Paris recebe estudantes da ESART para experi\u00eancia imersiva no design contempor\u00e2neo"},{"@type":"BreadcrumbList","@id":"https:\/\/portaltela.pt\/noticias\/2026\/01\/31\/maison-objet-paris-acolhe-estudantes-da-esart-numa-experiencia-imersiva-de-design\/#breadcrumb","itemListElement":[{"@type":"ListItem","position":1,"name":"In\u00edcio","item":"https:\/\/portaltela.pt\/"},{"@type":"ListItem","position":2,"name":"Maison&amp;Objet Paris acolhe estudantes da ESART numa experi\u00eancia imersiva de design"}]},{"@type":"WebSite","@id":"https:\/\/portaltela.pt\/#website","url":"https:\/\/portaltela.pt\/","name":"Portal Tela Portugal","description":"","potentialAction":[{"@type":"SearchAction","target":{"@type":"EntryPoint","urlTemplate":"https:\/\/portaltela.pt\/?s={search_term_string}"},"query-input":{"@type":"PropertyValueSpecification","valueRequired":true,"valueName":"search_term_string"}}],"inLanguage":"pt-PT"},{"@type":"Person","@id":"https:\/\/portaltela.pt\/#\/schema\/person\/c4278d4a6028830caff9ee44b42d32ed","name":"Telinha","image":{"@type":"ImageObject","inLanguage":"pt-PT","@id":"https:\/\/portaltela.pt\/s.01k8rhncp4jt1\/2025\/11\/talking-bot-125x125.png","url":"https:\/\/portaltela.pt\/s.01k8rhncp4jt1\/2025\/11\/talking-bot-125x125.png","contentUrl":"https:\/\/portaltela.pt\/s.01k8rhncp4jt1\/2025\/11\/talking-bot-125x125.png","caption":"Telinha"},"sameAs":["https:\/\/portaltela.pt\/"],"url":"https:\/\/portaltela.pt\/por\/367410592786\/"}]}},"_links":{"self":[{"href":"https:\/\/portaltela.pt\/api\/wp\/v2\/posts\/187043","targetHints":{"allow":["GET"]}}],"collection":[{"href":"https:\/\/portaltela.pt\/api\/wp\/v2\/posts"}],"about":[{"href":"https:\/\/portaltela.pt\/api\/wp\/v2\/types\/post"}],"author":[{"embeddable":true,"href":"https:\/\/portaltela.pt\/api\/wp\/v2\/users\/2"}],"replies":[{"embeddable":true,"href":"https:\/\/portaltela.pt\/api\/wp\/v2\/comments?post=187043"}],"version-history":[{"count":0,"href":"https:\/\/portaltela.pt\/api\/wp\/v2\/posts\/187043\/revisions"}],"wp:featuredmedia":[{"embeddable":true,"href":"https:\/\/portaltela.pt\/api\/wp\/v2\/media\/187064"}],"wp:attachment":[{"href":"https:\/\/portaltela.pt\/api\/wp\/v2\/media?parent=187043"}],"wp:term":[{"taxonomy":"category","embeddable":true,"href":"https:\/\/portaltela.pt\/api\/wp\/v2\/categories?post=187043"},{"taxonomy":"post_tag","embeddable":true,"href":"https:\/\/portaltela.pt\/api\/wp\/v2\/tags?post=187043"}],"curies":[{"name":"wp","href":"https:\/\/api.w.org\/{rel}","templated":true}]}}