{"id":187029,"date":"2026-01-31T13:15:38","date_gmt":"2026-01-31T16:15:38","guid":{"rendered":"https:\/\/portaltela.pt\/noticias\/2026\/01\/31\/inauguracao-da-exposicao-de-manuel-cargaleiro-em-vila-nova-de-foz-coa\/"},"modified":"2026-01-31T13:15:38","modified_gmt":"2026-01-31T16:15:38","slug":"inauguracao-da-exposicao-de-manuel-cargaleiro-em-vila-nova-de-foz-coa","status":"publish","type":"post","link":"https:\/\/portaltela.pt\/noticias\/2026\/01\/31\/inauguracao-da-exposicao-de-manuel-cargaleiro-em-vila-nova-de-foz-coa\/","title":{"rendered":"Inaugura\u00e7\u00e3o da exposi\u00e7\u00e3o de Manuel Cargaleiro em Vila Nova de Foz C\u00f4a"},"content":{"rendered":"<p>Foi inaugurada a exposi\u00e7\u00e3o \u201cO Gesto como Princ\u00edpio\u201d na Galeria d\u2019Artes do Centro Cultural de Vila Nova de Foz C\u00f4a, no dia 29 de janeiro. A mostra dedicada \u00e0 obra de Manuel Cargaleiro re\u00fane desenhos, obras gr\u00e1ficas e cer\u00e2mica. O ato contou com a presen\u00e7a de convidados oficiais e p\u00fablico.<\/p>\n<p>Entre os presentes esteve Isabel Brito da Mana, esposa do artista e presidente do Conselho de Administra\u00e7\u00e3o da Funda\u00e7\u00e3o Manuel Cargaleiro. Acompanhavam-na membros do Conselho de Administra\u00e7\u00e3o e o diretor da Funda\u00e7\u00e3o, Gon\u00e7alo Magano, respons\u00e1vel pela curadoria da exposi\u00e7\u00e3o.<\/p>\n<p>Marcaram presen\u00e7a tamb\u00e9m representantes institucionais, como Isabel Abreu, em representa\u00e7\u00e3o da C\u00e2mara Municipal de Castelo Branco, o presidente da Funda\u00e7\u00e3o C\u00f4a Parque, Jo\u00e3o Paulo Sousa, e deputados municipais. Foram ainda presidente de junta e outras autoridades locais.<\/p>\n<p>A mostra evidencia o gesto como elemento central da linguagem de Cargaleiro, em uma viagem que refor\u00e7a a import\u00e2ncia da express\u00e3o art\u00edstica do artista. A curadoria acompanha o percurso tem\u00e1tico com foco na constru\u00e7\u00e3o do gesto na obra.<\/p>\n<p>A iniciativa resulta de uma parceria entre o Munic\u00edpio de Vila Nova de Foz C\u00f4a e a Funda\u00e7\u00e3o Manuel Cargaleiro. Integra um programa de circula\u00e7\u00e3o da cole\u00e7\u00e3o que leva a obra do artista a diferentes pontos do pa\u00eds.<\/p>\n<p>A exposi\u00e7\u00e3o entra em funcionamento ao p\u00fablico at\u00e9 ao dia 5 de abril, oferecendo aos visitantes a oportunidade de explorar uma das figuras mais relevantes da arte contempor\u00e2nea portuguesa. fotos: Munic\u00edpio de Vila Nova de Foz C\u00f4a<\/p>\n","protected":false},"excerpt":{"rendered":"<ul>\n<li>Inaugura\u00e7\u00e3o da exposi\u00e7\u00e3o \u201cO Gesto como Princ\u00edpio\u201d de Manuel Cargaleiro na Galeria d\u2019Artes do Centro Cultural de Vila Nova de Foz C\u00f4a, a 29 de janeiro.<\/li>\n<li>Cerim\u00f3nia contou com a presen\u00e7a de Isabel Brito da Mana, esposa do artista e presidente do Conselho de Administra\u00e7\u00e3o da Funda\u00e7\u00e3o Manuel Cargaleiro, acompanhada pelo diretor da Funda\u00e7\u00e3o, Gon\u00e7alo Magano, respons\u00e1vel pela curadoria.<\/li>\n<li>Compareceram representantes institucionais, incluindo Isabel Abreu (C\u00e2mara Municipal de Castelo Branco), Jo\u00e3o Paulo Sousa (Funda\u00e7\u00e3o C\u00f4a Parque), deputados municipais e presidentes de junta.<\/li>\n<li>A mostra re\u00fane desenhos, obras gr\u00e1ficas e cer\u00e2mica, evidenciando o gesto como elemento central da linguagem de Cargaleiro.<\/li>\n<li>A exposi\u00e7\u00e3o \u00e9 resultado de uma parceria entre o Munic\u00edpio de Vila Nova de Foz C\u00f4a e a Funda\u00e7\u00e3o Manuel Cargaleiro e fica patente at\u00e9 5 de abril.<\/li>\n<\/ul>\n","protected":false},"author":2,"featured_media":187054,"comment_status":"closed","ping_status":"closed","sticky":false,"template":"","format":"standard","meta":{"footnotes":""},"categories":[1],"tags":[70,1112,145,1397,2923],"class_list":["post-187029","post","type-post","status-publish","format-standard","has-post-thumbnail","hentry","category-noticias","tag-arte","tag-castelo-branco","tag-cultura","tag-exposicoes","tag-galerias-arquivos"],"yoast_head":"<!-- This site is optimized with the Yoast SEO plugin v27.2 - https:\/\/yoast.com\/product\/yoast-seo-wordpress\/ -->\n<title>Inaugura\u00e7\u00e3o da exposi\u00e7\u00e3o de Manuel Cargaleiro em Vila Nova de Foz C\u00f4a - Portal Tela Portugal<\/title>\n<meta name=\"robots\" content=\"index, follow, max-snippet:-1, max-image-preview:large, max-video-preview:-1\" \/>\n<meta property=\"og:locale\" content=\"pt_PT\" \/>\n<meta property=\"og:type\" content=\"article\" \/>\n<meta property=\"og:title\" content=\"Inaugura\u00e7\u00e3o da exposi\u00e7\u00e3o de Manuel Cargaleiro em Vila Nova de Foz C\u00f4a - Portal Tela Portugal\" \/>\n<meta property=\"og:description\" content=\"Inaugura\u00e7\u00e3o da exposi\u00e7\u00e3o \u201cO Gesto como Princ\u00edpio\u201d de Manuel Cargaleiro na Galeria d\u2019Artes do Centro Cultural de Vila Nova de Foz C\u00f4a, a 29 de janeiro. Cerim\u00f3nia contou com a presen\u00e7a de Isabel Brito da Mana, esposa do artista e presidente do Conselho de Administra\u00e7\u00e3o da Funda\u00e7\u00e3o Manuel Cargaleiro, acompanhada pelo diretor da Funda\u00e7\u00e3o, Gon\u00e7alo Magano, respons\u00e1vel pela curadoria. Compareceram representantes institucionais, incluindo Isabel Abreu (C\u00e2mara Municipal de Castelo Branco), Jo\u00e3o Paulo Sousa (Funda\u00e7\u00e3o C\u00f4a Parque), deputados municipais e presidentes de junta. A mostra re\u00fane desenhos, obras gr\u00e1ficas e cer\u00e2mica, evidenciando o gesto como elemento central da linguagem de Cargaleiro. A exposi\u00e7\u00e3o \u00e9 resultado de uma parceria entre o Munic\u00edpio de Vila Nova de Foz C\u00f4a e a Funda\u00e7\u00e3o Manuel Cargaleiro e fica patente at\u00e9 5 de abril.\" \/>\n<meta property=\"og:url\" content=\"https:\/\/portaltela.pt\/noticias\/2026\/01\/31\/inauguracao-da-exposicao-de-manuel-cargaleiro-em-vila-nova-de-foz-coa\/\" \/>\n<meta property=\"og:site_name\" content=\"Portal Tela Portugal\" \/>\n<meta property=\"article:published_time\" content=\"2026-01-31T16:15:38+00:00\" \/>\n<meta name=\"author\" content=\"Telinha\" \/>\n<meta name=\"twitter:card\" content=\"summary_large_image\" \/>\n<meta name=\"twitter:label1\" content=\"Escrito por\" \/>\n\t<meta name=\"twitter:data1\" content=\"Telinha\" \/>\n\t<meta name=\"twitter:label2\" content=\"Tempo estimado de leitura\" \/>\n\t<meta name=\"twitter:data2\" content=\"1 minuto\" \/>\n<script type=\"application\/ld+json\" class=\"yoast-schema-graph\">{\"@context\":\"https:\/\/schema.org\",\"@graph\":[{\"@type\":\"Article\",\"@id\":\"https:\/\/portaltela.pt\/noticias\/2026\/01\/31\/inauguracao-da-exposicao-de-manuel-cargaleiro-em-vila-nova-de-foz-coa\/#article\",\"isPartOf\":{\"@id\":\"https:\/\/portaltela.pt\/noticias\/2026\/01\/31\/inauguracao-da-exposicao-de-manuel-cargaleiro-em-vila-nova-de-foz-coa\/\"},\"author\":{\"name\":\"Telinha\",\"@id\":\"https:\/\/portaltela.pt\/#\/schema\/person\/c4278d4a6028830caff9ee44b42d32ed\"},\"headline\":\"Inaugura\u00e7\u00e3o da exposi\u00e7\u00e3o de Manuel Cargaleiro em Vila Nova de Foz C\u00f4a\",\"datePublished\":\"2026-01-31T16:15:38+00:00\",\"mainEntityOfPage\":{\"@id\":\"https:\/\/portaltela.pt\/noticias\/2026\/01\/31\/inauguracao-da-exposicao-de-manuel-cargaleiro-em-vila-nova-de-foz-coa\/\"},\"wordCount\":291,\"image\":{\"@id\":\"https:\/\/portaltela.pt\/noticias\/2026\/01\/31\/inauguracao-da-exposicao-de-manuel-cargaleiro-em-vila-nova-de-foz-coa\/#primaryimage\"},\"thumbnailUrl\":\"https:\/\/portaltela.pt\/s.01k8rhncp4jt1\/2026\/01\/unnamed-file-6344.jpg\",\"keywords\":[\"arte\",\"Castelo Branco\",\"cultura\",\"exposi\u00e7\u00f5es\",\"galerias\/arquivos\"],\"articleSection\":[\"Not\u00edcias\"],\"inLanguage\":\"pt-PT\"},{\"@type\":\"WebPage\",\"@id\":\"https:\/\/portaltela.pt\/noticias\/2026\/01\/31\/inauguracao-da-exposicao-de-manuel-cargaleiro-em-vila-nova-de-foz-coa\/\",\"url\":\"https:\/\/portaltela.pt\/noticias\/2026\/01\/31\/inauguracao-da-exposicao-de-manuel-cargaleiro-em-vila-nova-de-foz-coa\/\",\"name\":\"Inaugura\u00e7\u00e3o da exposi\u00e7\u00e3o de Manuel Cargaleiro em Vila Nova de Foz C\u00f4a - Portal Tela Portugal\",\"isPartOf\":{\"@id\":\"https:\/\/portaltela.pt\/#website\"},\"primaryImageOfPage\":{\"@id\":\"https:\/\/portaltela.pt\/noticias\/2026\/01\/31\/inauguracao-da-exposicao-de-manuel-cargaleiro-em-vila-nova-de-foz-coa\/#primaryimage\"},\"image\":{\"@id\":\"https:\/\/portaltela.pt\/noticias\/2026\/01\/31\/inauguracao-da-exposicao-de-manuel-cargaleiro-em-vila-nova-de-foz-coa\/#primaryimage\"},\"thumbnailUrl\":\"https:\/\/portaltela.pt\/s.01k8rhncp4jt1\/2026\/01\/unnamed-file-6344.jpg\",\"datePublished\":\"2026-01-31T16:15:38+00:00\",\"author\":{\"@id\":\"https:\/\/portaltela.pt\/#\/schema\/person\/c4278d4a6028830caff9ee44b42d32ed\"},\"breadcrumb\":{\"@id\":\"https:\/\/portaltela.pt\/noticias\/2026\/01\/31\/inauguracao-da-exposicao-de-manuel-cargaleiro-em-vila-nova-de-foz-coa\/#breadcrumb\"},\"inLanguage\":\"pt-PT\",\"potentialAction\":[{\"@type\":\"ReadAction\",\"target\":[\"https:\/\/portaltela.pt\/noticias\/2026\/01\/31\/inauguracao-da-exposicao-de-manuel-cargaleiro-em-vila-nova-de-foz-coa\/\"]}]},{\"@type\":\"ImageObject\",\"inLanguage\":\"pt-PT\",\"@id\":\"https:\/\/portaltela.pt\/noticias\/2026\/01\/31\/inauguracao-da-exposicao-de-manuel-cargaleiro-em-vila-nova-de-foz-coa\/#primaryimage\",\"url\":\"https:\/\/portaltela.pt\/s.01k8rhncp4jt1\/2026\/01\/unnamed-file-6344.jpg\",\"contentUrl\":\"https:\/\/portaltela.pt\/s.01k8rhncp4jt1\/2026\/01\/unnamed-file-6344.jpg\",\"width\":796,\"height\":448,\"caption\":\"VILA NOVA DE FOZ C\u00d4A: Inaugura\u00e7\u00e3o da exposi\u00e7\u00e3o de Manuel Cargaleiro\"},{\"@type\":\"BreadcrumbList\",\"@id\":\"https:\/\/portaltela.pt\/noticias\/2026\/01\/31\/inauguracao-da-exposicao-de-manuel-cargaleiro-em-vila-nova-de-foz-coa\/#breadcrumb\",\"itemListElement\":[{\"@type\":\"ListItem\",\"position\":1,\"name\":\"In\u00edcio\",\"item\":\"https:\/\/portaltela.pt\/\"},{\"@type\":\"ListItem\",\"position\":2,\"name\":\"Inaugura\u00e7\u00e3o da exposi\u00e7\u00e3o de Manuel Cargaleiro em Vila Nova de Foz C\u00f4a\"}]},{\"@type\":\"WebSite\",\"@id\":\"https:\/\/portaltela.pt\/#website\",\"url\":\"https:\/\/portaltela.pt\/\",\"name\":\"Portal Tela Portugal\",\"description\":\"\",\"potentialAction\":[{\"@type\":\"SearchAction\",\"target\":{\"@type\":\"EntryPoint\",\"urlTemplate\":\"https:\/\/portaltela.pt\/?s={search_term_string}\"},\"query-input\":{\"@type\":\"PropertyValueSpecification\",\"valueRequired\":true,\"valueName\":\"search_term_string\"}}],\"inLanguage\":\"pt-PT\"},{\"@type\":\"Person\",\"@id\":\"https:\/\/portaltela.pt\/#\/schema\/person\/c4278d4a6028830caff9ee44b42d32ed\",\"name\":\"Telinha\",\"image\":{\"@type\":\"ImageObject\",\"inLanguage\":\"pt-PT\",\"@id\":\"https:\/\/portaltela.pt\/s.01k8rhncp4jt1\/2025\/11\/talking-bot-125x125.png\",\"url\":\"https:\/\/portaltela.pt\/s.01k8rhncp4jt1\/2025\/11\/talking-bot-125x125.png\",\"contentUrl\":\"https:\/\/portaltela.pt\/s.01k8rhncp4jt1\/2025\/11\/talking-bot-125x125.png\",\"caption\":\"Telinha\"},\"sameAs\":[\"https:\/\/portaltela.pt\/\"],\"url\":\"https:\/\/portaltela.pt\/por\/367410592786\/\"}]}<\/script>\n<!-- \/ Yoast SEO plugin. -->","yoast_head_json":{"title":"Inaugura\u00e7\u00e3o da exposi\u00e7\u00e3o de Manuel Cargaleiro em Vila Nova de Foz C\u00f4a - Portal Tela Portugal","robots":{"index":"index","follow":"follow","max-snippet":"max-snippet:-1","max-image-preview":"max-image-preview:large","max-video-preview":"max-video-preview:-1"},"og_locale":"pt_PT","og_type":"article","og_title":"Inaugura\u00e7\u00e3o da exposi\u00e7\u00e3o de Manuel Cargaleiro em Vila Nova de Foz C\u00f4a - Portal Tela Portugal","og_description":"Inaugura\u00e7\u00e3o da exposi\u00e7\u00e3o \u201cO Gesto como Princ\u00edpio\u201d de Manuel Cargaleiro na Galeria d\u2019Artes do Centro Cultural de Vila Nova de Foz C\u00f4a, a 29 de janeiro. Cerim\u00f3nia contou com a presen\u00e7a de Isabel Brito da Mana, esposa do artista e presidente do Conselho de Administra\u00e7\u00e3o da Funda\u00e7\u00e3o Manuel Cargaleiro, acompanhada pelo diretor da Funda\u00e7\u00e3o, Gon\u00e7alo Magano, respons\u00e1vel pela curadoria. Compareceram representantes institucionais, incluindo Isabel Abreu (C\u00e2mara Municipal de Castelo Branco), Jo\u00e3o Paulo Sousa (Funda\u00e7\u00e3o C\u00f4a Parque), deputados municipais e presidentes de junta. A mostra re\u00fane desenhos, obras gr\u00e1ficas e cer\u00e2mica, evidenciando o gesto como elemento central da linguagem de Cargaleiro. A exposi\u00e7\u00e3o \u00e9 resultado de uma parceria entre o Munic\u00edpio de Vila Nova de Foz C\u00f4a e a Funda\u00e7\u00e3o Manuel Cargaleiro e fica patente at\u00e9 5 de abril.","og_url":"https:\/\/portaltela.pt\/noticias\/2026\/01\/31\/inauguracao-da-exposicao-de-manuel-cargaleiro-em-vila-nova-de-foz-coa\/","og_site_name":"Portal Tela Portugal","article_published_time":"2026-01-31T16:15:38+00:00","author":"Telinha","twitter_card":"summary_large_image","twitter_misc":{"Escrito por":"Telinha","Tempo estimado de leitura":"1 minuto"},"schema":{"@context":"https:\/\/schema.org","@graph":[{"@type":"Article","@id":"https:\/\/portaltela.pt\/noticias\/2026\/01\/31\/inauguracao-da-exposicao-de-manuel-cargaleiro-em-vila-nova-de-foz-coa\/#article","isPartOf":{"@id":"https:\/\/portaltela.pt\/noticias\/2026\/01\/31\/inauguracao-da-exposicao-de-manuel-cargaleiro-em-vila-nova-de-foz-coa\/"},"author":{"name":"Telinha","@id":"https:\/\/portaltela.pt\/#\/schema\/person\/c4278d4a6028830caff9ee44b42d32ed"},"headline":"Inaugura\u00e7\u00e3o da exposi\u00e7\u00e3o de Manuel Cargaleiro em Vila Nova de Foz C\u00f4a","datePublished":"2026-01-31T16:15:38+00:00","mainEntityOfPage":{"@id":"https:\/\/portaltela.pt\/noticias\/2026\/01\/31\/inauguracao-da-exposicao-de-manuel-cargaleiro-em-vila-nova-de-foz-coa\/"},"wordCount":291,"image":{"@id":"https:\/\/portaltela.pt\/noticias\/2026\/01\/31\/inauguracao-da-exposicao-de-manuel-cargaleiro-em-vila-nova-de-foz-coa\/#primaryimage"},"thumbnailUrl":"https:\/\/portaltela.pt\/s.01k8rhncp4jt1\/2026\/01\/unnamed-file-6344.jpg","keywords":["arte","Castelo Branco","cultura","exposi\u00e7\u00f5es","galerias\/arquivos"],"articleSection":["Not\u00edcias"],"inLanguage":"pt-PT"},{"@type":"WebPage","@id":"https:\/\/portaltela.pt\/noticias\/2026\/01\/31\/inauguracao-da-exposicao-de-manuel-cargaleiro-em-vila-nova-de-foz-coa\/","url":"https:\/\/portaltela.pt\/noticias\/2026\/01\/31\/inauguracao-da-exposicao-de-manuel-cargaleiro-em-vila-nova-de-foz-coa\/","name":"Inaugura\u00e7\u00e3o da exposi\u00e7\u00e3o de Manuel Cargaleiro em Vila Nova de Foz C\u00f4a - Portal Tela Portugal","isPartOf":{"@id":"https:\/\/portaltela.pt\/#website"},"primaryImageOfPage":{"@id":"https:\/\/portaltela.pt\/noticias\/2026\/01\/31\/inauguracao-da-exposicao-de-manuel-cargaleiro-em-vila-nova-de-foz-coa\/#primaryimage"},"image":{"@id":"https:\/\/portaltela.pt\/noticias\/2026\/01\/31\/inauguracao-da-exposicao-de-manuel-cargaleiro-em-vila-nova-de-foz-coa\/#primaryimage"},"thumbnailUrl":"https:\/\/portaltela.pt\/s.01k8rhncp4jt1\/2026\/01\/unnamed-file-6344.jpg","datePublished":"2026-01-31T16:15:38+00:00","author":{"@id":"https:\/\/portaltela.pt\/#\/schema\/person\/c4278d4a6028830caff9ee44b42d32ed"},"breadcrumb":{"@id":"https:\/\/portaltela.pt\/noticias\/2026\/01\/31\/inauguracao-da-exposicao-de-manuel-cargaleiro-em-vila-nova-de-foz-coa\/#breadcrumb"},"inLanguage":"pt-PT","potentialAction":[{"@type":"ReadAction","target":["https:\/\/portaltela.pt\/noticias\/2026\/01\/31\/inauguracao-da-exposicao-de-manuel-cargaleiro-em-vila-nova-de-foz-coa\/"]}]},{"@type":"ImageObject","inLanguage":"pt-PT","@id":"https:\/\/portaltela.pt\/noticias\/2026\/01\/31\/inauguracao-da-exposicao-de-manuel-cargaleiro-em-vila-nova-de-foz-coa\/#primaryimage","url":"https:\/\/portaltela.pt\/s.01k8rhncp4jt1\/2026\/01\/unnamed-file-6344.jpg","contentUrl":"https:\/\/portaltela.pt\/s.01k8rhncp4jt1\/2026\/01\/unnamed-file-6344.jpg","width":796,"height":448,"caption":"VILA NOVA DE FOZ C\u00d4A: Inaugura\u00e7\u00e3o da exposi\u00e7\u00e3o de Manuel Cargaleiro"},{"@type":"BreadcrumbList","@id":"https:\/\/portaltela.pt\/noticias\/2026\/01\/31\/inauguracao-da-exposicao-de-manuel-cargaleiro-em-vila-nova-de-foz-coa\/#breadcrumb","itemListElement":[{"@type":"ListItem","position":1,"name":"In\u00edcio","item":"https:\/\/portaltela.pt\/"},{"@type":"ListItem","position":2,"name":"Inaugura\u00e7\u00e3o da exposi\u00e7\u00e3o de Manuel Cargaleiro em Vila Nova de Foz C\u00f4a"}]},{"@type":"WebSite","@id":"https:\/\/portaltela.pt\/#website","url":"https:\/\/portaltela.pt\/","name":"Portal Tela Portugal","description":"","potentialAction":[{"@type":"SearchAction","target":{"@type":"EntryPoint","urlTemplate":"https:\/\/portaltela.pt\/?s={search_term_string}"},"query-input":{"@type":"PropertyValueSpecification","valueRequired":true,"valueName":"search_term_string"}}],"inLanguage":"pt-PT"},{"@type":"Person","@id":"https:\/\/portaltela.pt\/#\/schema\/person\/c4278d4a6028830caff9ee44b42d32ed","name":"Telinha","image":{"@type":"ImageObject","inLanguage":"pt-PT","@id":"https:\/\/portaltela.pt\/s.01k8rhncp4jt1\/2025\/11\/talking-bot-125x125.png","url":"https:\/\/portaltela.pt\/s.01k8rhncp4jt1\/2025\/11\/talking-bot-125x125.png","contentUrl":"https:\/\/portaltela.pt\/s.01k8rhncp4jt1\/2025\/11\/talking-bot-125x125.png","caption":"Telinha"},"sameAs":["https:\/\/portaltela.pt\/"],"url":"https:\/\/portaltela.pt\/por\/367410592786\/"}]}},"_links":{"self":[{"href":"https:\/\/portaltela.pt\/api\/wp\/v2\/posts\/187029","targetHints":{"allow":["GET"]}}],"collection":[{"href":"https:\/\/portaltela.pt\/api\/wp\/v2\/posts"}],"about":[{"href":"https:\/\/portaltela.pt\/api\/wp\/v2\/types\/post"}],"author":[{"embeddable":true,"href":"https:\/\/portaltela.pt\/api\/wp\/v2\/users\/2"}],"replies":[{"embeddable":true,"href":"https:\/\/portaltela.pt\/api\/wp\/v2\/comments?post=187029"}],"version-history":[{"count":0,"href":"https:\/\/portaltela.pt\/api\/wp\/v2\/posts\/187029\/revisions"}],"wp:featuredmedia":[{"embeddable":true,"href":"https:\/\/portaltela.pt\/api\/wp\/v2\/media\/187054"}],"wp:attachment":[{"href":"https:\/\/portaltela.pt\/api\/wp\/v2\/media?parent=187029"}],"wp:term":[{"taxonomy":"category","embeddable":true,"href":"https:\/\/portaltela.pt\/api\/wp\/v2\/categories?post=187029"},{"taxonomy":"post_tag","embeddable":true,"href":"https:\/\/portaltela.pt\/api\/wp\/v2\/tags?post=187029"}],"curies":[{"name":"wp","href":"https:\/\/api.w.org\/{rel}","templated":true}]}}