{"id":187004,"date":"2026-01-31T12:54:00","date_gmt":"2026-01-31T15:54:00","guid":{"rendered":"https:\/\/portaltela.pt\/noticias\/2026\/01\/31\/trancoso-celebra-xxii-feira-do-fumeiro-e-tradicao-do-nordeste-da-beira\/"},"modified":"2026-01-31T12:54:00","modified_gmt":"2026-01-31T15:54:00","slug":"trancoso-celebra-xxii-feira-do-fumeiro-e-tradicao-do-nordeste-da-beira","status":"publish","type":"post","link":"https:\/\/portaltela.pt\/noticias\/2026\/01\/31\/trancoso-celebra-xxii-feira-do-fumeiro-e-tradicao-do-nordeste-da-beira\/","title":{"rendered":"Trancoso celebra XXII Feira do Fumeiro e tradi\u00e7\u00e3o do Nordeste da Beira"},"content":{"rendered":"<p>O Munic\u00edpio de Trancoso promove, entre 27 e 28 de fevereiro e 1, 7 e 8 de mar\u00e7o, a XXII edi\u00e7\u00e3o da Feira do Fumeiro dos Sabores e do Artesanato do Nordeste da Beira, no Pavilh\u00e3o Multiusos de Trancoso. O evento, organizado em parceria com a AENEBEIRA \u2013 Associa\u00e7\u00e3o Empresarial do Nordeste da Beira, destaca-se como um dos principais da regi\u00e3o.<\/p>\n<p>A edi\u00e7\u00e3o deste ano apresenta um conceito renovado que cruza os melhores sabores do fumeiro beir\u00e3o com a cultura portuguesa do fado. Entre as novidades, contam-se cen\u00e1rios renovados, hor\u00e1rios de funcionamento alargados, espet\u00e1culos tem\u00e1ticos e atividades de fabrico de fumeiro, al\u00e9m da participa\u00e7\u00e3o de munic\u00edpios convidados para promover interc\u00e2mbio cultural e gastron\u00f3mico.<\/p>\n<p>Al\u00e9m disso, a organiza\u00e7\u00e3o refor\u00e7a a liga\u00e7\u00e3o entre tradi\u00e7\u00e3o e oferta tur\u00edstica, visando dinamizar a economia local e valorizar o artesanato da regi\u00e3o. O certame mant\u00e9m o foco na qualidade dos produtos end\u00f3genos e na qualidade da experi\u00eancia para visitantes.<\/p>\n<h3>Programa musical<\/h3>\n<p>Cust\u00f3dio Castelo atua no dia 27 de fevereiro, \u00e0s 21h30, seguindo-se Ant\u00f3nio Pinto Basto no dia 28 de fevereiro, \u00e0s 21h30. Teresinha Landeiro fecha o ciclo no dia 7 de mar\u00e7o, tamb\u00e9m \u00e0s 21h30.<\/p>\n<h3>Import\u00e2ncia cultural e econ\u00f3mica<\/h3>\n<p>A feira refor\u00e7a o reconhecimento regional e nacional do evento, contribuindo para a promo\u00e7\u00e3o dos produtos locais e para a atratividade tur\u00edstica de Trancoso. O p\u00fablico tem, assim, oportunidade de conhecer rituais de fabrico de fumeiro e de acompanhar concertos de nomes da m\u00fasica portuguesa.<\/p>\n","protected":false},"excerpt":{"rendered":"<ul>\n<li>Trancoso recebe a XXII Feira do Fumeiro dos Sabores e do Artesanato do Nordeste da Beira entre 27 e 28 de fevereiro e 1, 7 e 8 de mar\u00e7o, no Pavilh\u00e3o Multiusos.<\/li>\n<li>A organiza\u00e7\u00e3o \u00e9 do Munic\u00edpio de Trancoso em parceria com a AENEBEIRA \u2013 Associa\u00e7\u00e3o Empresarial do Nordeste da Beira.<\/li>\n<li>O conceito retorna renovado, unindo fumeiro beir\u00e3o e cultura portuguesa do fado, com cen\u00e1rios renovados, hor\u00e1rios alargados, espet\u00e1culos tem\u00e1ticos, atividades de fabrico de fumeiro e munic\u00edpios convidados.<\/li>\n<li>O cartaz musical inclui Cust\u00f3dio Castelo (27 de fevereiro), Ant\u00f3nio Pinto Basto (28 de fevereiro) e Teresinha Landeiro (7 de mar\u00e7o), todos \u00e0s 21h30.<\/li>\n<li>A feira mant\u00e9m-se como refer\u00eancia regional e nacional, valorizando produtos end\u00f3genos, artesanato local e dinamizando a economia e o turismo do concelho.<\/li>\n<\/ul>\n","protected":false},"author":2,"featured_media":187026,"comment_status":"closed","ping_status":"closed","sticky":false,"template":"","format":"standard","meta":{"footnotes":""},"categories":[1],"tags":[222,1846,145,219,2236,169],"class_list":["post-187004","post","type-post","status-publish","format-standard","has-post-thumbnail","hentry","category-noticias","tag-artesanato","tag-beira-interior","tag-cultura","tag-gastronomia","tag-trancoso","tag-turismo"],"yoast_head":"<!-- This site is optimized with the Yoast SEO plugin v27.2 - https:\/\/yoast.com\/product\/yoast-seo-wordpress\/ -->\n<title>Trancoso celebra XXII Feira do Fumeiro e tradi\u00e7\u00e3o do Nordeste da Beira - Portal Tela Portugal<\/title>\n<meta name=\"robots\" content=\"index, follow, max-snippet:-1, max-image-preview:large, max-video-preview:-1\" \/>\n<meta property=\"og:locale\" content=\"pt_PT\" \/>\n<meta property=\"og:type\" content=\"article\" \/>\n<meta property=\"og:title\" content=\"Trancoso celebra XXII Feira do Fumeiro e tradi\u00e7\u00e3o do Nordeste da Beira - Portal Tela Portugal\" \/>\n<meta property=\"og:description\" content=\"Trancoso recebe a XXII Feira do Fumeiro dos Sabores e do Artesanato do Nordeste da Beira entre 27 e 28 de fevereiro e 1, 7 e 8 de mar\u00e7o, no Pavilh\u00e3o Multiusos. A organiza\u00e7\u00e3o \u00e9 do Munic\u00edpio de Trancoso em parceria com a AENEBEIRA \u2013 Associa\u00e7\u00e3o Empresarial do Nordeste da Beira. O conceito retorna renovado, unindo fumeiro beir\u00e3o e cultura portuguesa do fado, com cen\u00e1rios renovados, hor\u00e1rios alargados, espet\u00e1culos tem\u00e1ticos, atividades de fabrico de fumeiro e munic\u00edpios convidados. O cartaz musical inclui Cust\u00f3dio Castelo (27 de fevereiro), Ant\u00f3nio Pinto Basto (28 de fevereiro) e Teresinha Landeiro (7 de mar\u00e7o), todos \u00e0s 21h30. A feira mant\u00e9m-se como refer\u00eancia regional e nacional, valorizando produtos end\u00f3genos, artesanato local e dinamizando a economia e o turismo do concelho.\" \/>\n<meta property=\"og:url\" content=\"https:\/\/portaltela.pt\/noticias\/2026\/01\/31\/trancoso-celebra-xxii-feira-do-fumeiro-e-tradicao-do-nordeste-da-beira\/\" \/>\n<meta property=\"og:site_name\" content=\"Portal Tela Portugal\" \/>\n<meta property=\"article:published_time\" content=\"2026-01-31T15:54:00+00:00\" \/>\n<meta name=\"author\" content=\"Telinha\" \/>\n<meta name=\"twitter:card\" content=\"summary_large_image\" \/>\n<meta name=\"twitter:label1\" content=\"Escrito por\" \/>\n\t<meta name=\"twitter:data1\" content=\"Telinha\" \/>\n\t<meta name=\"twitter:label2\" content=\"Tempo estimado de leitura\" \/>\n\t<meta name=\"twitter:data2\" content=\"1 minuto\" \/>\n<script type=\"application\/ld+json\" class=\"yoast-schema-graph\">{\"@context\":\"https:\/\/schema.org\",\"@graph\":[{\"@type\":\"Article\",\"@id\":\"https:\/\/portaltela.pt\/noticias\/2026\/01\/31\/trancoso-celebra-xxii-feira-do-fumeiro-e-tradicao-do-nordeste-da-beira\/#article\",\"isPartOf\":{\"@id\":\"https:\/\/portaltela.pt\/noticias\/2026\/01\/31\/trancoso-celebra-xxii-feira-do-fumeiro-e-tradicao-do-nordeste-da-beira\/\"},\"author\":{\"name\":\"Telinha\",\"@id\":\"https:\/\/portaltela.pt\/#\/schema\/person\/c4278d4a6028830caff9ee44b42d32ed\"},\"headline\":\"Trancoso celebra XXII Feira do Fumeiro e tradi\u00e7\u00e3o do Nordeste da Beira\",\"datePublished\":\"2026-01-31T15:54:00+00:00\",\"mainEntityOfPage\":{\"@id\":\"https:\/\/portaltela.pt\/noticias\/2026\/01\/31\/trancoso-celebra-xxii-feira-do-fumeiro-e-tradicao-do-nordeste-da-beira\/\"},\"wordCount\":280,\"image\":{\"@id\":\"https:\/\/portaltela.pt\/noticias\/2026\/01\/31\/trancoso-celebra-xxii-feira-do-fumeiro-e-tradicao-do-nordeste-da-beira\/#primaryimage\"},\"thumbnailUrl\":\"https:\/\/portaltela.pt\/s.01k8rhncp4jt1\/2026\/01\/unnamed-file-6342.jpg\",\"keywords\":[\"artesanato\",\"Beira Interior\",\"cultura\",\"gastronomia\",\"Trancoso\",\"turismo\"],\"articleSection\":[\"Not\u00edcias\"],\"inLanguage\":\"pt-PT\"},{\"@type\":\"WebPage\",\"@id\":\"https:\/\/portaltela.pt\/noticias\/2026\/01\/31\/trancoso-celebra-xxii-feira-do-fumeiro-e-tradicao-do-nordeste-da-beira\/\",\"url\":\"https:\/\/portaltela.pt\/noticias\/2026\/01\/31\/trancoso-celebra-xxii-feira-do-fumeiro-e-tradicao-do-nordeste-da-beira\/\",\"name\":\"Trancoso celebra XXII Feira do Fumeiro e tradi\u00e7\u00e3o do Nordeste da Beira - Portal Tela Portugal\",\"isPartOf\":{\"@id\":\"https:\/\/portaltela.pt\/#website\"},\"primaryImageOfPage\":{\"@id\":\"https:\/\/portaltela.pt\/noticias\/2026\/01\/31\/trancoso-celebra-xxii-feira-do-fumeiro-e-tradicao-do-nordeste-da-beira\/#primaryimage\"},\"image\":{\"@id\":\"https:\/\/portaltela.pt\/noticias\/2026\/01\/31\/trancoso-celebra-xxii-feira-do-fumeiro-e-tradicao-do-nordeste-da-beira\/#primaryimage\"},\"thumbnailUrl\":\"https:\/\/portaltela.pt\/s.01k8rhncp4jt1\/2026\/01\/unnamed-file-6342.jpg\",\"datePublished\":\"2026-01-31T15:54:00+00:00\",\"author\":{\"@id\":\"https:\/\/portaltela.pt\/#\/schema\/person\/c4278d4a6028830caff9ee44b42d32ed\"},\"breadcrumb\":{\"@id\":\"https:\/\/portaltela.pt\/noticias\/2026\/01\/31\/trancoso-celebra-xxii-feira-do-fumeiro-e-tradicao-do-nordeste-da-beira\/#breadcrumb\"},\"inLanguage\":\"pt-PT\",\"potentialAction\":[{\"@type\":\"ReadAction\",\"target\":[\"https:\/\/portaltela.pt\/noticias\/2026\/01\/31\/trancoso-celebra-xxii-feira-do-fumeiro-e-tradicao-do-nordeste-da-beira\/\"]}]},{\"@type\":\"ImageObject\",\"inLanguage\":\"pt-PT\",\"@id\":\"https:\/\/portaltela.pt\/noticias\/2026\/01\/31\/trancoso-celebra-xxii-feira-do-fumeiro-e-tradicao-do-nordeste-da-beira\/#primaryimage\",\"url\":\"https:\/\/portaltela.pt\/s.01k8rhncp4jt1\/2026\/01\/unnamed-file-6342.jpg\",\"contentUrl\":\"https:\/\/portaltela.pt\/s.01k8rhncp4jt1\/2026\/01\/unnamed-file-6342.jpg\",\"width\":796,\"height\":448,\"caption\":\"TRANCOSO: XXII Feira do Fumeiro celebra sabores e tradi\u00e7\u00e3o do Nordeste da Beira\"},{\"@type\":\"BreadcrumbList\",\"@id\":\"https:\/\/portaltela.pt\/noticias\/2026\/01\/31\/trancoso-celebra-xxii-feira-do-fumeiro-e-tradicao-do-nordeste-da-beira\/#breadcrumb\",\"itemListElement\":[{\"@type\":\"ListItem\",\"position\":1,\"name\":\"In\u00edcio\",\"item\":\"https:\/\/portaltela.pt\/\"},{\"@type\":\"ListItem\",\"position\":2,\"name\":\"Trancoso celebra XXII Feira do Fumeiro e tradi\u00e7\u00e3o do Nordeste da Beira\"}]},{\"@type\":\"WebSite\",\"@id\":\"https:\/\/portaltela.pt\/#website\",\"url\":\"https:\/\/portaltela.pt\/\",\"name\":\"Portal Tela Portugal\",\"description\":\"\",\"potentialAction\":[{\"@type\":\"SearchAction\",\"target\":{\"@type\":\"EntryPoint\",\"urlTemplate\":\"https:\/\/portaltela.pt\/?s={search_term_string}\"},\"query-input\":{\"@type\":\"PropertyValueSpecification\",\"valueRequired\":true,\"valueName\":\"search_term_string\"}}],\"inLanguage\":\"pt-PT\"},{\"@type\":\"Person\",\"@id\":\"https:\/\/portaltela.pt\/#\/schema\/person\/c4278d4a6028830caff9ee44b42d32ed\",\"name\":\"Telinha\",\"image\":{\"@type\":\"ImageObject\",\"inLanguage\":\"pt-PT\",\"@id\":\"https:\/\/portaltela.pt\/s.01k8rhncp4jt1\/2025\/11\/talking-bot-125x125.png\",\"url\":\"https:\/\/portaltela.pt\/s.01k8rhncp4jt1\/2025\/11\/talking-bot-125x125.png\",\"contentUrl\":\"https:\/\/portaltela.pt\/s.01k8rhncp4jt1\/2025\/11\/talking-bot-125x125.png\",\"caption\":\"Telinha\"},\"sameAs\":[\"https:\/\/portaltela.pt\/\"],\"url\":\"https:\/\/portaltela.pt\/por\/367410592786\/\"}]}<\/script>\n<!-- \/ Yoast SEO plugin. -->","yoast_head_json":{"title":"Trancoso celebra XXII Feira do Fumeiro e tradi\u00e7\u00e3o do Nordeste da Beira - Portal Tela Portugal","robots":{"index":"index","follow":"follow","max-snippet":"max-snippet:-1","max-image-preview":"max-image-preview:large","max-video-preview":"max-video-preview:-1"},"og_locale":"pt_PT","og_type":"article","og_title":"Trancoso celebra XXII Feira do Fumeiro e tradi\u00e7\u00e3o do Nordeste da Beira - Portal Tela Portugal","og_description":"Trancoso recebe a XXII Feira do Fumeiro dos Sabores e do Artesanato do Nordeste da Beira entre 27 e 28 de fevereiro e 1, 7 e 8 de mar\u00e7o, no Pavilh\u00e3o Multiusos. A organiza\u00e7\u00e3o \u00e9 do Munic\u00edpio de Trancoso em parceria com a AENEBEIRA \u2013 Associa\u00e7\u00e3o Empresarial do Nordeste da Beira. O conceito retorna renovado, unindo fumeiro beir\u00e3o e cultura portuguesa do fado, com cen\u00e1rios renovados, hor\u00e1rios alargados, espet\u00e1culos tem\u00e1ticos, atividades de fabrico de fumeiro e munic\u00edpios convidados. O cartaz musical inclui Cust\u00f3dio Castelo (27 de fevereiro), Ant\u00f3nio Pinto Basto (28 de fevereiro) e Teresinha Landeiro (7 de mar\u00e7o), todos \u00e0s 21h30. A feira mant\u00e9m-se como refer\u00eancia regional e nacional, valorizando produtos end\u00f3genos, artesanato local e dinamizando a economia e o turismo do concelho.","og_url":"https:\/\/portaltela.pt\/noticias\/2026\/01\/31\/trancoso-celebra-xxii-feira-do-fumeiro-e-tradicao-do-nordeste-da-beira\/","og_site_name":"Portal Tela Portugal","article_published_time":"2026-01-31T15:54:00+00:00","author":"Telinha","twitter_card":"summary_large_image","twitter_misc":{"Escrito por":"Telinha","Tempo estimado de leitura":"1 minuto"},"schema":{"@context":"https:\/\/schema.org","@graph":[{"@type":"Article","@id":"https:\/\/portaltela.pt\/noticias\/2026\/01\/31\/trancoso-celebra-xxii-feira-do-fumeiro-e-tradicao-do-nordeste-da-beira\/#article","isPartOf":{"@id":"https:\/\/portaltela.pt\/noticias\/2026\/01\/31\/trancoso-celebra-xxii-feira-do-fumeiro-e-tradicao-do-nordeste-da-beira\/"},"author":{"name":"Telinha","@id":"https:\/\/portaltela.pt\/#\/schema\/person\/c4278d4a6028830caff9ee44b42d32ed"},"headline":"Trancoso celebra XXII Feira do Fumeiro e tradi\u00e7\u00e3o do Nordeste da Beira","datePublished":"2026-01-31T15:54:00+00:00","mainEntityOfPage":{"@id":"https:\/\/portaltela.pt\/noticias\/2026\/01\/31\/trancoso-celebra-xxii-feira-do-fumeiro-e-tradicao-do-nordeste-da-beira\/"},"wordCount":280,"image":{"@id":"https:\/\/portaltela.pt\/noticias\/2026\/01\/31\/trancoso-celebra-xxii-feira-do-fumeiro-e-tradicao-do-nordeste-da-beira\/#primaryimage"},"thumbnailUrl":"https:\/\/portaltela.pt\/s.01k8rhncp4jt1\/2026\/01\/unnamed-file-6342.jpg","keywords":["artesanato","Beira Interior","cultura","gastronomia","Trancoso","turismo"],"articleSection":["Not\u00edcias"],"inLanguage":"pt-PT"},{"@type":"WebPage","@id":"https:\/\/portaltela.pt\/noticias\/2026\/01\/31\/trancoso-celebra-xxii-feira-do-fumeiro-e-tradicao-do-nordeste-da-beira\/","url":"https:\/\/portaltela.pt\/noticias\/2026\/01\/31\/trancoso-celebra-xxii-feira-do-fumeiro-e-tradicao-do-nordeste-da-beira\/","name":"Trancoso celebra XXII Feira do Fumeiro e tradi\u00e7\u00e3o do Nordeste da Beira - Portal Tela Portugal","isPartOf":{"@id":"https:\/\/portaltela.pt\/#website"},"primaryImageOfPage":{"@id":"https:\/\/portaltela.pt\/noticias\/2026\/01\/31\/trancoso-celebra-xxii-feira-do-fumeiro-e-tradicao-do-nordeste-da-beira\/#primaryimage"},"image":{"@id":"https:\/\/portaltela.pt\/noticias\/2026\/01\/31\/trancoso-celebra-xxii-feira-do-fumeiro-e-tradicao-do-nordeste-da-beira\/#primaryimage"},"thumbnailUrl":"https:\/\/portaltela.pt\/s.01k8rhncp4jt1\/2026\/01\/unnamed-file-6342.jpg","datePublished":"2026-01-31T15:54:00+00:00","author":{"@id":"https:\/\/portaltela.pt\/#\/schema\/person\/c4278d4a6028830caff9ee44b42d32ed"},"breadcrumb":{"@id":"https:\/\/portaltela.pt\/noticias\/2026\/01\/31\/trancoso-celebra-xxii-feira-do-fumeiro-e-tradicao-do-nordeste-da-beira\/#breadcrumb"},"inLanguage":"pt-PT","potentialAction":[{"@type":"ReadAction","target":["https:\/\/portaltela.pt\/noticias\/2026\/01\/31\/trancoso-celebra-xxii-feira-do-fumeiro-e-tradicao-do-nordeste-da-beira\/"]}]},{"@type":"ImageObject","inLanguage":"pt-PT","@id":"https:\/\/portaltela.pt\/noticias\/2026\/01\/31\/trancoso-celebra-xxii-feira-do-fumeiro-e-tradicao-do-nordeste-da-beira\/#primaryimage","url":"https:\/\/portaltela.pt\/s.01k8rhncp4jt1\/2026\/01\/unnamed-file-6342.jpg","contentUrl":"https:\/\/portaltela.pt\/s.01k8rhncp4jt1\/2026\/01\/unnamed-file-6342.jpg","width":796,"height":448,"caption":"TRANCOSO: XXII Feira do Fumeiro celebra sabores e tradi\u00e7\u00e3o do Nordeste da Beira"},{"@type":"BreadcrumbList","@id":"https:\/\/portaltela.pt\/noticias\/2026\/01\/31\/trancoso-celebra-xxii-feira-do-fumeiro-e-tradicao-do-nordeste-da-beira\/#breadcrumb","itemListElement":[{"@type":"ListItem","position":1,"name":"In\u00edcio","item":"https:\/\/portaltela.pt\/"},{"@type":"ListItem","position":2,"name":"Trancoso celebra XXII Feira do Fumeiro e tradi\u00e7\u00e3o do Nordeste da Beira"}]},{"@type":"WebSite","@id":"https:\/\/portaltela.pt\/#website","url":"https:\/\/portaltela.pt\/","name":"Portal Tela Portugal","description":"","potentialAction":[{"@type":"SearchAction","target":{"@type":"EntryPoint","urlTemplate":"https:\/\/portaltela.pt\/?s={search_term_string}"},"query-input":{"@type":"PropertyValueSpecification","valueRequired":true,"valueName":"search_term_string"}}],"inLanguage":"pt-PT"},{"@type":"Person","@id":"https:\/\/portaltela.pt\/#\/schema\/person\/c4278d4a6028830caff9ee44b42d32ed","name":"Telinha","image":{"@type":"ImageObject","inLanguage":"pt-PT","@id":"https:\/\/portaltela.pt\/s.01k8rhncp4jt1\/2025\/11\/talking-bot-125x125.png","url":"https:\/\/portaltela.pt\/s.01k8rhncp4jt1\/2025\/11\/talking-bot-125x125.png","contentUrl":"https:\/\/portaltela.pt\/s.01k8rhncp4jt1\/2025\/11\/talking-bot-125x125.png","caption":"Telinha"},"sameAs":["https:\/\/portaltela.pt\/"],"url":"https:\/\/portaltela.pt\/por\/367410592786\/"}]}},"_links":{"self":[{"href":"https:\/\/portaltela.pt\/api\/wp\/v2\/posts\/187004","targetHints":{"allow":["GET"]}}],"collection":[{"href":"https:\/\/portaltela.pt\/api\/wp\/v2\/posts"}],"about":[{"href":"https:\/\/portaltela.pt\/api\/wp\/v2\/types\/post"}],"author":[{"embeddable":true,"href":"https:\/\/portaltela.pt\/api\/wp\/v2\/users\/2"}],"replies":[{"embeddable":true,"href":"https:\/\/portaltela.pt\/api\/wp\/v2\/comments?post=187004"}],"version-history":[{"count":0,"href":"https:\/\/portaltela.pt\/api\/wp\/v2\/posts\/187004\/revisions"}],"wp:featuredmedia":[{"embeddable":true,"href":"https:\/\/portaltela.pt\/api\/wp\/v2\/media\/187026"}],"wp:attachment":[{"href":"https:\/\/portaltela.pt\/api\/wp\/v2\/media?parent=187004"}],"wp:term":[{"taxonomy":"category","embeddable":true,"href":"https:\/\/portaltela.pt\/api\/wp\/v2\/categories?post=187004"},{"taxonomy":"post_tag","embeddable":true,"href":"https:\/\/portaltela.pt\/api\/wp\/v2\/tags?post=187004"}],"curies":[{"name":"wp","href":"https:\/\/api.w.org\/{rel}","templated":true}]}}