{"id":186994,"date":"2026-01-31T12:55:00","date_gmt":"2026-01-31T15:55:00","guid":{"rendered":"https:\/\/portaltela.pt\/noticias\/2026\/01\/31\/afvr-antecipa-20-a-jornada-da-divisao-de-honra\/"},"modified":"2026-01-31T12:55:00","modified_gmt":"2026-01-31T15:55:00","slug":"afvr-antecipa-20-a-jornada-da-divisao-de-honra","status":"publish","type":"post","link":"https:\/\/portaltela.pt\/desporto\/futebol\/2026\/01\/31\/afvr-antecipa-20-a-jornada-da-divisao-de-honra\/","title":{"rendered":"AFVR antecipa 20.\u00aa jornada da Divis\u00e3o de Honra"},"content":{"rendered":"<p>A 20.\u00aa jornada da Divis\u00e3o de Honra da AF Vila Real est\u00e1 marcada para domingo, 1 de fevereiro. Os jogos re\u00fanem equipas em momentos distintos da \u00e9poca, segundo a posi\u00e7\u00e3o na classifica\u00e7\u00e3o atual. O evento fica completo com um confronto j\u00e1 realizado entre Constantim e Vidago, que terminou com vit\u00f3ria do Vidago por 2-1.<\/p>\n<p>A partida entre Constantim e Vidago j\u00e1 ocorreu a 22 de outubro, com Vidago a vencer. Nesta ronda, as duas equipas voltam a medir for\u00e7as no encontro Vidago\u2013Constantim, desta vez para cumprir a 3.\u00aa jornada.<\/p>\n<h3>Partidas em an\u00e1lise<\/h3>\n<p>Em Atei, o Sabroso ocupa o 15.\u00ba lugar com 9 pontos, frente aos 11.\u00ba lugar do Atei, com 23 pontos. A equipa de casa marcou 24 golos e sofreu 42, contra 14 marcados e 51 sofridos do Sabroso.<\/p>\n<p>O GD Cerva recebe o GD Valpa\u00e7os. O Cerva est\u00e1 12.\u00ba, com 17 pontos, 18 golos marcados e 34 sofridos. O Valpa\u00e7os segue em 10.\u00ba, com 28 pontos, 31 marcados e 22 sofridos.<\/p>\n<p>Cumieira, 14.\u00ba, mede for\u00e7as com o FC Fontelas, \u00faltimo classificado em 17.\u00ba, com 3 pontos. A Cumieira tem 11 pontos, 14 marcados e 35 sofridos, diante dos 10 golos marcados e 79 sofridos do Fontelas.<\/p>\n<p>Em Vila Pouca de Aguiar, o terceiro lugar recebe o FC Santa Marta, 9.\u00ba, com 28 pontos. A equipa local soma 39 golos marcados e 10 sofridos, enquanto o Santa Marta tem 21 marcados e 24 sofridos.<\/p>\n<p>O Mes\u00e3o Frio, 8.\u00ba com 31 pontos, recebe o Abambres, 16.\u00ba com 6 pontos. O Mes\u00e3o Frio tem 33 golos marcados e 24 sofridos; o Abambres soma 12 marcados e 56 sofridos.<\/p>\n<p>Lidera o SC R\u00e9gua, provisoriamente em 1.\u00ba com 46 pontos, 58 marcados e 10 sofridos. O Vilar de Perdizes \u00e9 6.\u00ba, com 31 pontos, 42 golos marcados e 17 sofridos.<\/p>\n<p>O Juventude de Pedras Salgadas, 7.\u00ba com 31 pontos, recebe o Mondinense, 4.\u00ba, com 34 pontos. Mondinense tem 37 marcados e 13 sofridos; Pedras Salgadas soma 39 marcados e 24 sofridos, prometendo jogo equilibrado.<\/p>\n<p>Frente fria fica o CDC Montalegre, l\u00edder em segundo, com 44 pontos, 49 golos marcados e apenas 5 sofridos.<\/p>\n","protected":false},"excerpt":{"rendered":"<ul>\n<li>A 20.\u00aa jornada da Divis\u00e3o de Honra da AF Vila Real realiza-se no domingo, dia 1 de fevereiro, com v\u00e1rios duelos entre equipas em momentos distintos da \u00e9poca.<\/li>\n<li>Constantim e Vidago voltam a encontrar-se para cumprir o jogo da 3.\u00aa jornada, ap\u00f3s o duelo da ronda anterior ter ficado em 2-1 a favor do Vidago.<\/li>\n<li>Em Atei, o 11\u00ba classificado, com 23 pontos, recebe o Sabroso, 15.\u00ba, com nove pontos; no GD Cerva joga-se contra o GD Valpa\u00e7os, 12.\u00ba vs 10.\u00ba; e Cumieira, 14.\u00ba, recebe o FC Fontelas, \u00faltimo, 17.\u00ba.<\/li>\n<li>Em Vila Pouca de Aguiar, o l\u00edder SC R\u00e9gua, com 46 pontos, joga com o Vilar de Perdizes; o Mes\u00e3o Frio, 8.\u00ba, recebe o Abambres, 16.\u00ba; j\u00e1 a Cumieira mede for\u00e7as com o FC Fontelas.<\/li>\n<li>Juventude de Pedras Salgadas, 7.\u00ba com 31 pontos, recebe o Mondinense, 4.\u00ba; por outro lado, o Montalegre fica de folga, ocupando o 2.\u00ba lugar com 44 pontos.<\/li>\n<\/ul>\n","protected":false},"author":2,"featured_media":187021,"comment_status":"closed","ping_status":"closed","sticky":false,"template":"","format":"standard","meta":{"footnotes":""},"categories":[21,24],"tags":[3955,32,1390,1393,2146,1665],"class_list":["post-186994","post","type-post","status-publish","format-standard","has-post-thumbnail","hentry","category-desporto","category-futebol","tag-divisao-de-honra-serie-b","tag-futebol","tag-mondinense","tag-pedras-salgadas","tag-valpacos","tag-vila-real"],"yoast_head":"<!-- This site is optimized with the Yoast SEO plugin v27.2 - https:\/\/yoast.com\/product\/yoast-seo-wordpress\/ -->\n<title>AFVR antecipa 20.\u00aa jornada da Divis\u00e3o de Honra - Portal Tela Portugal<\/title>\n<meta name=\"robots\" content=\"index, follow, max-snippet:-1, max-image-preview:large, max-video-preview:-1\" \/>\n<meta property=\"og:locale\" content=\"pt_PT\" \/>\n<meta property=\"og:type\" content=\"article\" \/>\n<meta property=\"og:title\" content=\"AFVR antecipa 20.\u00aa jornada da Divis\u00e3o de Honra - Portal Tela Portugal\" \/>\n<meta property=\"og:description\" content=\"A 20.\u00aa jornada da Divis\u00e3o de Honra da AF Vila Real realiza-se no domingo, dia 1 de fevereiro, com v\u00e1rios duelos entre equipas em momentos distintos da \u00e9poca. Constantim e Vidago voltam a encontrar-se para cumprir o jogo da 3.\u00aa jornada, ap\u00f3s o duelo da ronda anterior ter ficado em 2-1 a favor do Vidago. Em Atei, o 11\u00ba classificado, com 23 pontos, recebe o Sabroso, 15.\u00ba, com nove pontos; no GD Cerva joga-se contra o GD Valpa\u00e7os, 12.\u00ba vs 10.\u00ba; e Cumieira, 14.\u00ba, recebe o FC Fontelas, \u00faltimo, 17.\u00ba. Em Vila Pouca de Aguiar, o l\u00edder SC R\u00e9gua, com 46 pontos, joga com o Vilar de Perdizes; o Mes\u00e3o Frio, 8.\u00ba, recebe o Abambres, 16.\u00ba; j\u00e1 a Cumieira mede for\u00e7as com o FC Fontelas. Juventude de Pedras Salgadas, 7.\u00ba com 31 pontos, recebe o Mondinense, 4.\u00ba; por outro lado, o Montalegre fica de folga, ocupando o 2.\u00ba lugar com 44 pontos.\" \/>\n<meta property=\"og:url\" content=\"https:\/\/portaltela.pt\/noticias\/2026\/01\/31\/afvr-antecipa-20-a-jornada-da-divisao-de-honra\/\" \/>\n<meta property=\"og:site_name\" content=\"Portal Tela Portugal\" \/>\n<meta property=\"article:published_time\" content=\"2026-01-31T15:55:00+00:00\" \/>\n<meta name=\"author\" content=\"Telinha\" \/>\n<meta name=\"twitter:card\" content=\"summary_large_image\" \/>\n<meta name=\"twitter:label1\" content=\"Escrito por\" \/>\n\t<meta name=\"twitter:data1\" content=\"Telinha\" \/>\n\t<meta name=\"twitter:label2\" content=\"Tempo estimado de leitura\" \/>\n\t<meta name=\"twitter:data2\" content=\"2 minutos\" \/>\n<script type=\"application\/ld+json\" class=\"yoast-schema-graph\">{\"@context\":\"https:\/\/schema.org\",\"@graph\":[{\"@type\":\"Article\",\"@id\":\"https:\/\/portaltela.pt\/noticias\/2026\/01\/31\/afvr-antecipa-20-a-jornada-da-divisao-de-honra\/#article\",\"isPartOf\":{\"@id\":\"https:\/\/portaltela.pt\/noticias\/2026\/01\/31\/afvr-antecipa-20-a-jornada-da-divisao-de-honra\/\"},\"author\":{\"name\":\"Telinha\",\"@id\":\"https:\/\/portaltela.pt\/#\/schema\/person\/c4278d4a6028830caff9ee44b42d32ed\"},\"headline\":\"AFVR antecipa 20.\u00aa jornada da Divis\u00e3o de Honra\",\"datePublished\":\"2026-01-31T15:55:00+00:00\",\"mainEntityOfPage\":{\"@id\":\"https:\/\/portaltela.pt\/noticias\/2026\/01\/31\/afvr-antecipa-20-a-jornada-da-divisao-de-honra\/\"},\"wordCount\":311,\"image\":{\"@id\":\"https:\/\/portaltela.pt\/noticias\/2026\/01\/31\/afvr-antecipa-20-a-jornada-da-divisao-de-honra\/#primaryimage\"},\"thumbnailUrl\":\"https:\/\/portaltela.pt\/s.01k8rhncp4jt1\/2026\/01\/unnamed-file-6341.jpg\",\"keywords\":[\"Divis\u00e3o de Honra \u2014 S\u00e9rie B\",\"futebol\",\"Mondinense\",\"Pedras Salgadas\",\"Valpa\u00e7os\",\"Vila Real\"],\"articleSection\":[\"Desporto\",\"Futebol\"],\"inLanguage\":\"pt-PT\"},{\"@type\":\"WebPage\",\"@id\":\"https:\/\/portaltela.pt\/noticias\/2026\/01\/31\/afvr-antecipa-20-a-jornada-da-divisao-de-honra\/\",\"url\":\"https:\/\/portaltela.pt\/noticias\/2026\/01\/31\/afvr-antecipa-20-a-jornada-da-divisao-de-honra\/\",\"name\":\"AFVR antecipa 20.\u00aa jornada da Divis\u00e3o de Honra - Portal Tela Portugal\",\"isPartOf\":{\"@id\":\"https:\/\/portaltela.pt\/#website\"},\"primaryImageOfPage\":{\"@id\":\"https:\/\/portaltela.pt\/noticias\/2026\/01\/31\/afvr-antecipa-20-a-jornada-da-divisao-de-honra\/#primaryimage\"},\"image\":{\"@id\":\"https:\/\/portaltela.pt\/noticias\/2026\/01\/31\/afvr-antecipa-20-a-jornada-da-divisao-de-honra\/#primaryimage\"},\"thumbnailUrl\":\"https:\/\/portaltela.pt\/s.01k8rhncp4jt1\/2026\/01\/unnamed-file-6341.jpg\",\"datePublished\":\"2026-01-31T15:55:00+00:00\",\"author\":{\"@id\":\"https:\/\/portaltela.pt\/#\/schema\/person\/c4278d4a6028830caff9ee44b42d32ed\"},\"breadcrumb\":{\"@id\":\"https:\/\/portaltela.pt\/noticias\/2026\/01\/31\/afvr-antecipa-20-a-jornada-da-divisao-de-honra\/#breadcrumb\"},\"inLanguage\":\"pt-PT\",\"potentialAction\":[{\"@type\":\"ReadAction\",\"target\":[\"https:\/\/portaltela.pt\/noticias\/2026\/01\/31\/afvr-antecipa-20-a-jornada-da-divisao-de-honra\/\"]}]},{\"@type\":\"ImageObject\",\"inLanguage\":\"pt-PT\",\"@id\":\"https:\/\/portaltela.pt\/noticias\/2026\/01\/31\/afvr-antecipa-20-a-jornada-da-divisao-de-honra\/#primaryimage\",\"url\":\"https:\/\/portaltela.pt\/s.01k8rhncp4jt1\/2026\/01\/unnamed-file-6341.jpg\",\"contentUrl\":\"https:\/\/portaltela.pt\/s.01k8rhncp4jt1\/2026\/01\/unnamed-file-6341.jpg\",\"width\":796,\"height\":448,\"caption\":\"AFVR: resultados, marcadores e classifica\u00e7\u00e3o da \u00faltima jornada da Divis\u00e3o de Honra\"},{\"@type\":\"BreadcrumbList\",\"@id\":\"https:\/\/portaltela.pt\/noticias\/2026\/01\/31\/afvr-antecipa-20-a-jornada-da-divisao-de-honra\/#breadcrumb\",\"itemListElement\":[{\"@type\":\"ListItem\",\"position\":1,\"name\":\"In\u00edcio\",\"item\":\"https:\/\/portaltela.pt\/\"},{\"@type\":\"ListItem\",\"position\":2,\"name\":\"AFVR antecipa 20.\u00aa jornada da Divis\u00e3o de Honra\"}]},{\"@type\":\"WebSite\",\"@id\":\"https:\/\/portaltela.pt\/#website\",\"url\":\"https:\/\/portaltela.pt\/\",\"name\":\"Portal Tela Portugal\",\"description\":\"\",\"potentialAction\":[{\"@type\":\"SearchAction\",\"target\":{\"@type\":\"EntryPoint\",\"urlTemplate\":\"https:\/\/portaltela.pt\/?s={search_term_string}\"},\"query-input\":{\"@type\":\"PropertyValueSpecification\",\"valueRequired\":true,\"valueName\":\"search_term_string\"}}],\"inLanguage\":\"pt-PT\"},{\"@type\":\"Person\",\"@id\":\"https:\/\/portaltela.pt\/#\/schema\/person\/c4278d4a6028830caff9ee44b42d32ed\",\"name\":\"Telinha\",\"image\":{\"@type\":\"ImageObject\",\"inLanguage\":\"pt-PT\",\"@id\":\"https:\/\/portaltela.pt\/s.01k8rhncp4jt1\/2025\/11\/talking-bot-125x125.png\",\"url\":\"https:\/\/portaltela.pt\/s.01k8rhncp4jt1\/2025\/11\/talking-bot-125x125.png\",\"contentUrl\":\"https:\/\/portaltela.pt\/s.01k8rhncp4jt1\/2025\/11\/talking-bot-125x125.png\",\"caption\":\"Telinha\"},\"sameAs\":[\"https:\/\/portaltela.pt\/\"],\"url\":\"https:\/\/portaltela.pt\/por\/367410592786\/\"}]}<\/script>\n<!-- \/ Yoast SEO plugin. -->","yoast_head_json":{"title":"AFVR antecipa 20.\u00aa jornada da Divis\u00e3o de Honra - Portal Tela Portugal","robots":{"index":"index","follow":"follow","max-snippet":"max-snippet:-1","max-image-preview":"max-image-preview:large","max-video-preview":"max-video-preview:-1"},"og_locale":"pt_PT","og_type":"article","og_title":"AFVR antecipa 20.\u00aa jornada da Divis\u00e3o de Honra - Portal Tela Portugal","og_description":"A 20.\u00aa jornada da Divis\u00e3o de Honra da AF Vila Real realiza-se no domingo, dia 1 de fevereiro, com v\u00e1rios duelos entre equipas em momentos distintos da \u00e9poca. Constantim e Vidago voltam a encontrar-se para cumprir o jogo da 3.\u00aa jornada, ap\u00f3s o duelo da ronda anterior ter ficado em 2-1 a favor do Vidago. Em Atei, o 11\u00ba classificado, com 23 pontos, recebe o Sabroso, 15.\u00ba, com nove pontos; no GD Cerva joga-se contra o GD Valpa\u00e7os, 12.\u00ba vs 10.\u00ba; e Cumieira, 14.\u00ba, recebe o FC Fontelas, \u00faltimo, 17.\u00ba. Em Vila Pouca de Aguiar, o l\u00edder SC R\u00e9gua, com 46 pontos, joga com o Vilar de Perdizes; o Mes\u00e3o Frio, 8.\u00ba, recebe o Abambres, 16.\u00ba; j\u00e1 a Cumieira mede for\u00e7as com o FC Fontelas. Juventude de Pedras Salgadas, 7.\u00ba com 31 pontos, recebe o Mondinense, 4.\u00ba; por outro lado, o Montalegre fica de folga, ocupando o 2.\u00ba lugar com 44 pontos.","og_url":"https:\/\/portaltela.pt\/noticias\/2026\/01\/31\/afvr-antecipa-20-a-jornada-da-divisao-de-honra\/","og_site_name":"Portal Tela Portugal","article_published_time":"2026-01-31T15:55:00+00:00","author":"Telinha","twitter_card":"summary_large_image","twitter_misc":{"Escrito por":"Telinha","Tempo estimado de leitura":"2 minutos"},"schema":{"@context":"https:\/\/schema.org","@graph":[{"@type":"Article","@id":"https:\/\/portaltela.pt\/noticias\/2026\/01\/31\/afvr-antecipa-20-a-jornada-da-divisao-de-honra\/#article","isPartOf":{"@id":"https:\/\/portaltela.pt\/noticias\/2026\/01\/31\/afvr-antecipa-20-a-jornada-da-divisao-de-honra\/"},"author":{"name":"Telinha","@id":"https:\/\/portaltela.pt\/#\/schema\/person\/c4278d4a6028830caff9ee44b42d32ed"},"headline":"AFVR antecipa 20.\u00aa jornada da Divis\u00e3o de Honra","datePublished":"2026-01-31T15:55:00+00:00","mainEntityOfPage":{"@id":"https:\/\/portaltela.pt\/noticias\/2026\/01\/31\/afvr-antecipa-20-a-jornada-da-divisao-de-honra\/"},"wordCount":311,"image":{"@id":"https:\/\/portaltela.pt\/noticias\/2026\/01\/31\/afvr-antecipa-20-a-jornada-da-divisao-de-honra\/#primaryimage"},"thumbnailUrl":"https:\/\/portaltela.pt\/s.01k8rhncp4jt1\/2026\/01\/unnamed-file-6341.jpg","keywords":["Divis\u00e3o de Honra \u2014 S\u00e9rie B","futebol","Mondinense","Pedras Salgadas","Valpa\u00e7os","Vila Real"],"articleSection":["Desporto","Futebol"],"inLanguage":"pt-PT"},{"@type":"WebPage","@id":"https:\/\/portaltela.pt\/noticias\/2026\/01\/31\/afvr-antecipa-20-a-jornada-da-divisao-de-honra\/","url":"https:\/\/portaltela.pt\/noticias\/2026\/01\/31\/afvr-antecipa-20-a-jornada-da-divisao-de-honra\/","name":"AFVR antecipa 20.\u00aa jornada da Divis\u00e3o de Honra - Portal Tela Portugal","isPartOf":{"@id":"https:\/\/portaltela.pt\/#website"},"primaryImageOfPage":{"@id":"https:\/\/portaltela.pt\/noticias\/2026\/01\/31\/afvr-antecipa-20-a-jornada-da-divisao-de-honra\/#primaryimage"},"image":{"@id":"https:\/\/portaltela.pt\/noticias\/2026\/01\/31\/afvr-antecipa-20-a-jornada-da-divisao-de-honra\/#primaryimage"},"thumbnailUrl":"https:\/\/portaltela.pt\/s.01k8rhncp4jt1\/2026\/01\/unnamed-file-6341.jpg","datePublished":"2026-01-31T15:55:00+00:00","author":{"@id":"https:\/\/portaltela.pt\/#\/schema\/person\/c4278d4a6028830caff9ee44b42d32ed"},"breadcrumb":{"@id":"https:\/\/portaltela.pt\/noticias\/2026\/01\/31\/afvr-antecipa-20-a-jornada-da-divisao-de-honra\/#breadcrumb"},"inLanguage":"pt-PT","potentialAction":[{"@type":"ReadAction","target":["https:\/\/portaltela.pt\/noticias\/2026\/01\/31\/afvr-antecipa-20-a-jornada-da-divisao-de-honra\/"]}]},{"@type":"ImageObject","inLanguage":"pt-PT","@id":"https:\/\/portaltela.pt\/noticias\/2026\/01\/31\/afvr-antecipa-20-a-jornada-da-divisao-de-honra\/#primaryimage","url":"https:\/\/portaltela.pt\/s.01k8rhncp4jt1\/2026\/01\/unnamed-file-6341.jpg","contentUrl":"https:\/\/portaltela.pt\/s.01k8rhncp4jt1\/2026\/01\/unnamed-file-6341.jpg","width":796,"height":448,"caption":"AFVR: resultados, marcadores e classifica\u00e7\u00e3o da \u00faltima jornada da Divis\u00e3o de Honra"},{"@type":"BreadcrumbList","@id":"https:\/\/portaltela.pt\/noticias\/2026\/01\/31\/afvr-antecipa-20-a-jornada-da-divisao-de-honra\/#breadcrumb","itemListElement":[{"@type":"ListItem","position":1,"name":"In\u00edcio","item":"https:\/\/portaltela.pt\/"},{"@type":"ListItem","position":2,"name":"AFVR antecipa 20.\u00aa jornada da Divis\u00e3o de Honra"}]},{"@type":"WebSite","@id":"https:\/\/portaltela.pt\/#website","url":"https:\/\/portaltela.pt\/","name":"Portal Tela Portugal","description":"","potentialAction":[{"@type":"SearchAction","target":{"@type":"EntryPoint","urlTemplate":"https:\/\/portaltela.pt\/?s={search_term_string}"},"query-input":{"@type":"PropertyValueSpecification","valueRequired":true,"valueName":"search_term_string"}}],"inLanguage":"pt-PT"},{"@type":"Person","@id":"https:\/\/portaltela.pt\/#\/schema\/person\/c4278d4a6028830caff9ee44b42d32ed","name":"Telinha","image":{"@type":"ImageObject","inLanguage":"pt-PT","@id":"https:\/\/portaltela.pt\/s.01k8rhncp4jt1\/2025\/11\/talking-bot-125x125.png","url":"https:\/\/portaltela.pt\/s.01k8rhncp4jt1\/2025\/11\/talking-bot-125x125.png","contentUrl":"https:\/\/portaltela.pt\/s.01k8rhncp4jt1\/2025\/11\/talking-bot-125x125.png","caption":"Telinha"},"sameAs":["https:\/\/portaltela.pt\/"],"url":"https:\/\/portaltela.pt\/por\/367410592786\/"}]}},"_links":{"self":[{"href":"https:\/\/portaltela.pt\/api\/wp\/v2\/posts\/186994","targetHints":{"allow":["GET"]}}],"collection":[{"href":"https:\/\/portaltela.pt\/api\/wp\/v2\/posts"}],"about":[{"href":"https:\/\/portaltela.pt\/api\/wp\/v2\/types\/post"}],"author":[{"embeddable":true,"href":"https:\/\/portaltela.pt\/api\/wp\/v2\/users\/2"}],"replies":[{"embeddable":true,"href":"https:\/\/portaltela.pt\/api\/wp\/v2\/comments?post=186994"}],"version-history":[{"count":0,"href":"https:\/\/portaltela.pt\/api\/wp\/v2\/posts\/186994\/revisions"}],"wp:featuredmedia":[{"embeddable":true,"href":"https:\/\/portaltela.pt\/api\/wp\/v2\/media\/187021"}],"wp:attachment":[{"href":"https:\/\/portaltela.pt\/api\/wp\/v2\/media?parent=186994"}],"wp:term":[{"taxonomy":"category","embeddable":true,"href":"https:\/\/portaltela.pt\/api\/wp\/v2\/categories?post=186994"},{"taxonomy":"post_tag","embeddable":true,"href":"https:\/\/portaltela.pt\/api\/wp\/v2\/tags?post=186994"}],"curies":[{"name":"wp","href":"https:\/\/api.w.org\/{rel}","templated":true}]}}