{"id":186993,"date":"2026-01-31T13:28:49","date_gmt":"2026-01-31T16:28:49","guid":{"rendered":"https:\/\/portaltela.pt\/noticias\/2026\/01\/31\/fpf-planeia-reformular-quadros-competitivos-e-direitos-televisivos\/"},"modified":"2026-01-31T13:28:49","modified_gmt":"2026-01-31T16:28:49","slug":"fpf-planeia-reformular-quadros-competitivos-e-direitos-televisivos","status":"publish","type":"post","link":"https:\/\/portaltela.pt\/desporto\/futebol\/2026\/01\/31\/fpf-planeia-reformular-quadros-competitivos-e-direitos-televisivos\/","title":{"rendered":"FPF planeia reformular quadros competitivos e direitos televisivos"},"content":{"rendered":"<p>A Federa\u00e7\u00e3o Portuguesa de Futebol (FPF) anunciou, este fim de semana, as linhas gerais do seu plano estrat\u00e9gico para 2024-2029. O objetivo \u00e9 reformular quadros competitivos e os direitos televisivos, entre outras medidas.<\/p>\n<p>O presidente Pedro Proen\u00e7a participa desde h\u00e1 um ano na lideran\u00e7a da FPF, ap\u00f3s substituir Fernando Gomes. O an\u00fancio foi feito pelo diretor executivo Vasco Pinho durante o Congresso do Futebol Portugu\u00eas, realizado na Cidade do Futebol, em Oeiras.<\/p>\n<p>O Congresso serviu de palco para apresentar mais de 100 propostas que visam refor\u00e7ar a sustentabilidade, a competitividade e a coes\u00e3o do futebol nacional. Entre elas, a reformula\u00e7\u00e3o das provas sob tutela da FPF.<\/p>\n<p>A agenda inclui altera\u00e7\u00f5es na Ta\u00e7a de Portugal, com os grandes clubes entrando numa ronda posterior e as meias-finais a um \u00fanico jogo, al\u00e9m da Superta\u00e7a num modelo de final-four. O Campeonato de Portugal tamb\u00e9m deve sofrer ajustes.<\/p>\n<h3>Centraliza\u00e7\u00e3o dos direitos televisivos<\/h3>\n<p>Pretende-se implementar uma cl\u00e1usula de solidariedade nos contratos para distribuir melhor os recursos entre clubes, com a centraliza\u00e7\u00e3o a iniciar-se nas competi\u00e7\u00f5es da Liga Portuguesa de Futebol Profissional (LPFP) a partir de 2028\/29.<\/p>\n<p>A FPF detalha ainda a harmoniza\u00e7\u00e3o regulat\u00f3ria entre provas nacionais, distritais e regionais, e o lan\u00e7amento de um novo modelo de financiamento que articularia associa\u00e7\u00f5es, Liga e clubes. O walking football tamb\u00e9m figura entre as medidas.<\/p>\n<p>No \u00e2mbito da forma\u00e7\u00e3o, a Federa\u00e7\u00e3o aponta a cria\u00e7\u00e3o de uma Universidade do Futebol e a implementa\u00e7\u00e3o de uma licenciatura dedicada \u00e0 modalidade.<\/p>\n<p>A pr\u00f3xima edi\u00e7\u00e3o do congresso j\u00e1 tem data marcada para 29 e 30 de janeiro de 2027. Os respons\u00e1veis asseguram continuidade do processo de reformula\u00e7\u00e3o, com continuidade de consultas e planeamento.<\/p>\n","protected":false},"excerpt":{"rendered":"<ul>\n<li>A FPF vai reformular quadros competitivos e direitos televisivos, apresentando o plano estrat\u00e9gico em 24 de fevereiro, exatamente um ano ap\u00f3s Pedro Proen\u00e7a ter substitu\u00eddo Fernando Gomes.<\/li>\n<li>No Congresso do Futebol, em Oeiras, foram apresentadas mais de cem propostas para refor\u00e7ar sustentabilidade, competitividade e coes\u00e3o da modalidade.<\/li>\n<li>As altera\u00e7\u00f5es incluem a Ta\u00e7a de Portugal com os \u201cgrandes\u201d entrando numa ronda mais tardia, meias-finais a um s\u00f3 jogo, a Superta\u00e7a no formato de final-four, bem como mudan\u00e7as no Campeonato de Portugal e na Liga Revela\u00e7\u00e3o.<\/li>\n<li>Sobre a centraliza\u00e7\u00e3o dos direitos televisivos, a implementa\u2011\u00e7\u00e3o nas competi\u00e7\u00f5es da Liga Portuguesa de Futebol Profissional fica para 2028\/29, com cl\u00e1usula de solidariedade para distribuir melhor os recursos entre clubes.<\/li>\n<li>Outras medidas destacadas: harmoniza\u00e7\u00e3o regulat\u00f3ria entre provas nacionais, novo modelo de financiamento da FPF, cria\u00e7\u00e3o do Walking Football competitivo e uma Universidade do Futebol com licenciatura; o pr\u00f3ximo congresso est\u00e1 marcado para 29 e 30 de janeiro de 2027.<\/li>\n<\/ul>\n","protected":false},"author":2,"featured_media":187005,"comment_status":"closed","ping_status":"closed","sticky":false,"template":"","format":"standard","meta":{"footnotes":""},"categories":[21,24],"tags":[227,152,32,2107,1936,1266],"class_list":["post-186993","post","type-post","status-publish","format-standard","has-post-thumbnail","hentry","category-desporto","category-futebol","tag-campeonato","tag-desporto","tag-futebol","tag-propostas","tag-supertaca-candido-de-oliveira","tag-taca-de-portugal"],"yoast_head":"<!-- This site is optimized with the Yoast SEO plugin v27.2 - https:\/\/yoast.com\/product\/yoast-seo-wordpress\/ -->\n<title>FPF planeia reformular quadros competitivos e direitos televisivos - Portal Tela Portugal<\/title>\n<meta name=\"robots\" content=\"index, follow, max-snippet:-1, max-image-preview:large, max-video-preview:-1\" \/>\n<meta property=\"og:locale\" content=\"pt_PT\" \/>\n<meta property=\"og:type\" content=\"article\" \/>\n<meta property=\"og:title\" content=\"FPF planeia reformular quadros competitivos e direitos televisivos - Portal Tela Portugal\" \/>\n<meta property=\"og:description\" content=\"A FPF vai reformular quadros competitivos e direitos televisivos, apresentando o plano estrat\u00e9gico em 24 de fevereiro, exatamente um ano ap\u00f3s Pedro Proen\u00e7a ter substitu\u00eddo Fernando Gomes. No Congresso do Futebol, em Oeiras, foram apresentadas mais de cem propostas para refor\u00e7ar sustentabilidade, competitividade e coes\u00e3o da modalidade. As altera\u00e7\u00f5es incluem a Ta\u00e7a de Portugal com os \u201cgrandes\u201d entrando numa ronda mais tardia, meias-finais a um s\u00f3 jogo, a Superta\u00e7a no formato de final-four, bem como mudan\u00e7as no Campeonato de Portugal e na Liga Revela\u00e7\u00e3o. Sobre a centraliza\u00e7\u00e3o dos direitos televisivos, a implementa\u2011\u00e7\u00e3o nas competi\u00e7\u00f5es da Liga Portuguesa de Futebol Profissional fica para 2028\/29, com cl\u00e1usula de solidariedade para distribuir melhor os recursos entre clubes. Outras medidas destacadas: harmoniza\u00e7\u00e3o regulat\u00f3ria entre provas nacionais, novo modelo de financiamento da FPF, cria\u00e7\u00e3o do Walking Football competitivo e uma Universidade do Futebol com licenciatura; o pr\u00f3ximo congresso est\u00e1 marcado para 29 e 30 de janeiro de 2027.\" \/>\n<meta property=\"og:url\" content=\"https:\/\/portaltela.pt\/noticias\/2026\/01\/31\/fpf-planeia-reformular-quadros-competitivos-e-direitos-televisivos\/\" \/>\n<meta property=\"og:site_name\" content=\"Portal Tela Portugal\" \/>\n<meta property=\"article:published_time\" content=\"2026-01-31T16:28:49+00:00\" \/>\n<meta name=\"author\" content=\"Telinha\" \/>\n<meta name=\"twitter:card\" content=\"summary_large_image\" \/>\n<meta name=\"twitter:label1\" content=\"Escrito por\" \/>\n\t<meta name=\"twitter:data1\" content=\"Telinha\" \/>\n\t<meta name=\"twitter:label2\" content=\"Tempo estimado de leitura\" \/>\n\t<meta name=\"twitter:data2\" content=\"1 minuto\" \/>\n<script type=\"application\/ld+json\" class=\"yoast-schema-graph\">{\"@context\":\"https:\/\/schema.org\",\"@graph\":[{\"@type\":\"Article\",\"@id\":\"https:\/\/portaltela.pt\/noticias\/2026\/01\/31\/fpf-planeia-reformular-quadros-competitivos-e-direitos-televisivos\/#article\",\"isPartOf\":{\"@id\":\"https:\/\/portaltela.pt\/noticias\/2026\/01\/31\/fpf-planeia-reformular-quadros-competitivos-e-direitos-televisivos\/\"},\"author\":{\"name\":\"Telinha\",\"@id\":\"https:\/\/portaltela.pt\/#\/schema\/person\/c4278d4a6028830caff9ee44b42d32ed\"},\"headline\":\"FPF planeia reformular quadros competitivos e direitos televisivos\",\"datePublished\":\"2026-01-31T16:28:49+00:00\",\"mainEntityOfPage\":{\"@id\":\"https:\/\/portaltela.pt\/noticias\/2026\/01\/31\/fpf-planeia-reformular-quadros-competitivos-e-direitos-televisivos\/\"},\"wordCount\":304,\"image\":{\"@id\":\"https:\/\/portaltela.pt\/noticias\/2026\/01\/31\/fpf-planeia-reformular-quadros-competitivos-e-direitos-televisivos\/#primaryimage\"},\"thumbnailUrl\":\"https:\/\/portaltela.pt\/s.01k8rhncp4jt1\/2026\/01\/img_1500x1000uu2025-12-02-19-44-49-2252047.jpg\",\"keywords\":[\"campeonato\",\"desporto\",\"futebol\",\"propostas\",\"Superta\u00e7a C\u00e2ndido de Oliveira\",\"Ta\u00e7a de Portugal\"],\"articleSection\":[\"Desporto\",\"Futebol\"],\"inLanguage\":\"pt-PT\"},{\"@type\":\"WebPage\",\"@id\":\"https:\/\/portaltela.pt\/noticias\/2026\/01\/31\/fpf-planeia-reformular-quadros-competitivos-e-direitos-televisivos\/\",\"url\":\"https:\/\/portaltela.pt\/noticias\/2026\/01\/31\/fpf-planeia-reformular-quadros-competitivos-e-direitos-televisivos\/\",\"name\":\"FPF planeia reformular quadros competitivos e direitos televisivos - Portal Tela Portugal\",\"isPartOf\":{\"@id\":\"https:\/\/portaltela.pt\/#website\"},\"primaryImageOfPage\":{\"@id\":\"https:\/\/portaltela.pt\/noticias\/2026\/01\/31\/fpf-planeia-reformular-quadros-competitivos-e-direitos-televisivos\/#primaryimage\"},\"image\":{\"@id\":\"https:\/\/portaltela.pt\/noticias\/2026\/01\/31\/fpf-planeia-reformular-quadros-competitivos-e-direitos-televisivos\/#primaryimage\"},\"thumbnailUrl\":\"https:\/\/portaltela.pt\/s.01k8rhncp4jt1\/2026\/01\/img_1500x1000uu2025-12-02-19-44-49-2252047.jpg\",\"datePublished\":\"2026-01-31T16:28:49+00:00\",\"author\":{\"@id\":\"https:\/\/portaltela.pt\/#\/schema\/person\/c4278d4a6028830caff9ee44b42d32ed\"},\"breadcrumb\":{\"@id\":\"https:\/\/portaltela.pt\/noticias\/2026\/01\/31\/fpf-planeia-reformular-quadros-competitivos-e-direitos-televisivos\/#breadcrumb\"},\"inLanguage\":\"pt-PT\",\"potentialAction\":[{\"@type\":\"ReadAction\",\"target\":[\"https:\/\/portaltela.pt\/noticias\/2026\/01\/31\/fpf-planeia-reformular-quadros-competitivos-e-direitos-televisivos\/\"]}]},{\"@type\":\"ImageObject\",\"inLanguage\":\"pt-PT\",\"@id\":\"https:\/\/portaltela.pt\/noticias\/2026\/01\/31\/fpf-planeia-reformular-quadros-competitivos-e-direitos-televisivos\/#primaryimage\",\"url\":\"https:\/\/portaltela.pt\/s.01k8rhncp4jt1\/2026\/01\/img_1500x1000uu2025-12-02-19-44-49-2252047.jpg\",\"contentUrl\":\"https:\/\/portaltela.pt\/s.01k8rhncp4jt1\/2026\/01\/img_1500x1000uu2025-12-02-19-44-49-2252047.jpg\",\"width\":796,\"height\":448,\"caption\":\"Federa\u00e7\u00e3o Portuguesa de Futebol\"},{\"@type\":\"BreadcrumbList\",\"@id\":\"https:\/\/portaltela.pt\/noticias\/2026\/01\/31\/fpf-planeia-reformular-quadros-competitivos-e-direitos-televisivos\/#breadcrumb\",\"itemListElement\":[{\"@type\":\"ListItem\",\"position\":1,\"name\":\"In\u00edcio\",\"item\":\"https:\/\/portaltela.pt\/\"},{\"@type\":\"ListItem\",\"position\":2,\"name\":\"FPF planeia reformular quadros competitivos e direitos televisivos\"}]},{\"@type\":\"WebSite\",\"@id\":\"https:\/\/portaltela.pt\/#website\",\"url\":\"https:\/\/portaltela.pt\/\",\"name\":\"Portal Tela Portugal\",\"description\":\"\",\"potentialAction\":[{\"@type\":\"SearchAction\",\"target\":{\"@type\":\"EntryPoint\",\"urlTemplate\":\"https:\/\/portaltela.pt\/?s={search_term_string}\"},\"query-input\":{\"@type\":\"PropertyValueSpecification\",\"valueRequired\":true,\"valueName\":\"search_term_string\"}}],\"inLanguage\":\"pt-PT\"},{\"@type\":\"Person\",\"@id\":\"https:\/\/portaltela.pt\/#\/schema\/person\/c4278d4a6028830caff9ee44b42d32ed\",\"name\":\"Telinha\",\"image\":{\"@type\":\"ImageObject\",\"inLanguage\":\"pt-PT\",\"@id\":\"https:\/\/portaltela.pt\/s.01k8rhncp4jt1\/2025\/11\/talking-bot-125x125.png\",\"url\":\"https:\/\/portaltela.pt\/s.01k8rhncp4jt1\/2025\/11\/talking-bot-125x125.png\",\"contentUrl\":\"https:\/\/portaltela.pt\/s.01k8rhncp4jt1\/2025\/11\/talking-bot-125x125.png\",\"caption\":\"Telinha\"},\"sameAs\":[\"https:\/\/portaltela.pt\/\"],\"url\":\"https:\/\/portaltela.pt\/por\/367410592786\/\"}]}<\/script>\n<!-- \/ Yoast SEO plugin. -->","yoast_head_json":{"title":"FPF planeia reformular quadros competitivos e direitos televisivos - Portal Tela Portugal","robots":{"index":"index","follow":"follow","max-snippet":"max-snippet:-1","max-image-preview":"max-image-preview:large","max-video-preview":"max-video-preview:-1"},"og_locale":"pt_PT","og_type":"article","og_title":"FPF planeia reformular quadros competitivos e direitos televisivos - Portal Tela Portugal","og_description":"A FPF vai reformular quadros competitivos e direitos televisivos, apresentando o plano estrat\u00e9gico em 24 de fevereiro, exatamente um ano ap\u00f3s Pedro Proen\u00e7a ter substitu\u00eddo Fernando Gomes. No Congresso do Futebol, em Oeiras, foram apresentadas mais de cem propostas para refor\u00e7ar sustentabilidade, competitividade e coes\u00e3o da modalidade. As altera\u00e7\u00f5es incluem a Ta\u00e7a de Portugal com os \u201cgrandes\u201d entrando numa ronda mais tardia, meias-finais a um s\u00f3 jogo, a Superta\u00e7a no formato de final-four, bem como mudan\u00e7as no Campeonato de Portugal e na Liga Revela\u00e7\u00e3o. Sobre a centraliza\u00e7\u00e3o dos direitos televisivos, a implementa\u2011\u00e7\u00e3o nas competi\u00e7\u00f5es da Liga Portuguesa de Futebol Profissional fica para 2028\/29, com cl\u00e1usula de solidariedade para distribuir melhor os recursos entre clubes. Outras medidas destacadas: harmoniza\u00e7\u00e3o regulat\u00f3ria entre provas nacionais, novo modelo de financiamento da FPF, cria\u00e7\u00e3o do Walking Football competitivo e uma Universidade do Futebol com licenciatura; o pr\u00f3ximo congresso est\u00e1 marcado para 29 e 30 de janeiro de 2027.","og_url":"https:\/\/portaltela.pt\/noticias\/2026\/01\/31\/fpf-planeia-reformular-quadros-competitivos-e-direitos-televisivos\/","og_site_name":"Portal Tela Portugal","article_published_time":"2026-01-31T16:28:49+00:00","author":"Telinha","twitter_card":"summary_large_image","twitter_misc":{"Escrito por":"Telinha","Tempo estimado de leitura":"1 minuto"},"schema":{"@context":"https:\/\/schema.org","@graph":[{"@type":"Article","@id":"https:\/\/portaltela.pt\/noticias\/2026\/01\/31\/fpf-planeia-reformular-quadros-competitivos-e-direitos-televisivos\/#article","isPartOf":{"@id":"https:\/\/portaltela.pt\/noticias\/2026\/01\/31\/fpf-planeia-reformular-quadros-competitivos-e-direitos-televisivos\/"},"author":{"name":"Telinha","@id":"https:\/\/portaltela.pt\/#\/schema\/person\/c4278d4a6028830caff9ee44b42d32ed"},"headline":"FPF planeia reformular quadros competitivos e direitos televisivos","datePublished":"2026-01-31T16:28:49+00:00","mainEntityOfPage":{"@id":"https:\/\/portaltela.pt\/noticias\/2026\/01\/31\/fpf-planeia-reformular-quadros-competitivos-e-direitos-televisivos\/"},"wordCount":304,"image":{"@id":"https:\/\/portaltela.pt\/noticias\/2026\/01\/31\/fpf-planeia-reformular-quadros-competitivos-e-direitos-televisivos\/#primaryimage"},"thumbnailUrl":"https:\/\/portaltela.pt\/s.01k8rhncp4jt1\/2026\/01\/img_1500x1000uu2025-12-02-19-44-49-2252047.jpg","keywords":["campeonato","desporto","futebol","propostas","Superta\u00e7a C\u00e2ndido de Oliveira","Ta\u00e7a de Portugal"],"articleSection":["Desporto","Futebol"],"inLanguage":"pt-PT"},{"@type":"WebPage","@id":"https:\/\/portaltela.pt\/noticias\/2026\/01\/31\/fpf-planeia-reformular-quadros-competitivos-e-direitos-televisivos\/","url":"https:\/\/portaltela.pt\/noticias\/2026\/01\/31\/fpf-planeia-reformular-quadros-competitivos-e-direitos-televisivos\/","name":"FPF planeia reformular quadros competitivos e direitos televisivos - Portal Tela Portugal","isPartOf":{"@id":"https:\/\/portaltela.pt\/#website"},"primaryImageOfPage":{"@id":"https:\/\/portaltela.pt\/noticias\/2026\/01\/31\/fpf-planeia-reformular-quadros-competitivos-e-direitos-televisivos\/#primaryimage"},"image":{"@id":"https:\/\/portaltela.pt\/noticias\/2026\/01\/31\/fpf-planeia-reformular-quadros-competitivos-e-direitos-televisivos\/#primaryimage"},"thumbnailUrl":"https:\/\/portaltela.pt\/s.01k8rhncp4jt1\/2026\/01\/img_1500x1000uu2025-12-02-19-44-49-2252047.jpg","datePublished":"2026-01-31T16:28:49+00:00","author":{"@id":"https:\/\/portaltela.pt\/#\/schema\/person\/c4278d4a6028830caff9ee44b42d32ed"},"breadcrumb":{"@id":"https:\/\/portaltela.pt\/noticias\/2026\/01\/31\/fpf-planeia-reformular-quadros-competitivos-e-direitos-televisivos\/#breadcrumb"},"inLanguage":"pt-PT","potentialAction":[{"@type":"ReadAction","target":["https:\/\/portaltela.pt\/noticias\/2026\/01\/31\/fpf-planeia-reformular-quadros-competitivos-e-direitos-televisivos\/"]}]},{"@type":"ImageObject","inLanguage":"pt-PT","@id":"https:\/\/portaltela.pt\/noticias\/2026\/01\/31\/fpf-planeia-reformular-quadros-competitivos-e-direitos-televisivos\/#primaryimage","url":"https:\/\/portaltela.pt\/s.01k8rhncp4jt1\/2026\/01\/img_1500x1000uu2025-12-02-19-44-49-2252047.jpg","contentUrl":"https:\/\/portaltela.pt\/s.01k8rhncp4jt1\/2026\/01\/img_1500x1000uu2025-12-02-19-44-49-2252047.jpg","width":796,"height":448,"caption":"Federa\u00e7\u00e3o Portuguesa de Futebol"},{"@type":"BreadcrumbList","@id":"https:\/\/portaltela.pt\/noticias\/2026\/01\/31\/fpf-planeia-reformular-quadros-competitivos-e-direitos-televisivos\/#breadcrumb","itemListElement":[{"@type":"ListItem","position":1,"name":"In\u00edcio","item":"https:\/\/portaltela.pt\/"},{"@type":"ListItem","position":2,"name":"FPF planeia reformular quadros competitivos e direitos televisivos"}]},{"@type":"WebSite","@id":"https:\/\/portaltela.pt\/#website","url":"https:\/\/portaltela.pt\/","name":"Portal Tela Portugal","description":"","potentialAction":[{"@type":"SearchAction","target":{"@type":"EntryPoint","urlTemplate":"https:\/\/portaltela.pt\/?s={search_term_string}"},"query-input":{"@type":"PropertyValueSpecification","valueRequired":true,"valueName":"search_term_string"}}],"inLanguage":"pt-PT"},{"@type":"Person","@id":"https:\/\/portaltela.pt\/#\/schema\/person\/c4278d4a6028830caff9ee44b42d32ed","name":"Telinha","image":{"@type":"ImageObject","inLanguage":"pt-PT","@id":"https:\/\/portaltela.pt\/s.01k8rhncp4jt1\/2025\/11\/talking-bot-125x125.png","url":"https:\/\/portaltela.pt\/s.01k8rhncp4jt1\/2025\/11\/talking-bot-125x125.png","contentUrl":"https:\/\/portaltela.pt\/s.01k8rhncp4jt1\/2025\/11\/talking-bot-125x125.png","caption":"Telinha"},"sameAs":["https:\/\/portaltela.pt\/"],"url":"https:\/\/portaltela.pt\/por\/367410592786\/"}]}},"_links":{"self":[{"href":"https:\/\/portaltela.pt\/api\/wp\/v2\/posts\/186993","targetHints":{"allow":["GET"]}}],"collection":[{"href":"https:\/\/portaltela.pt\/api\/wp\/v2\/posts"}],"about":[{"href":"https:\/\/portaltela.pt\/api\/wp\/v2\/types\/post"}],"author":[{"embeddable":true,"href":"https:\/\/portaltela.pt\/api\/wp\/v2\/users\/2"}],"replies":[{"embeddable":true,"href":"https:\/\/portaltela.pt\/api\/wp\/v2\/comments?post=186993"}],"version-history":[{"count":0,"href":"https:\/\/portaltela.pt\/api\/wp\/v2\/posts\/186993\/revisions"}],"wp:featuredmedia":[{"embeddable":true,"href":"https:\/\/portaltela.pt\/api\/wp\/v2\/media\/187005"}],"wp:attachment":[{"href":"https:\/\/portaltela.pt\/api\/wp\/v2\/media?parent=186993"}],"wp:term":[{"taxonomy":"category","embeddable":true,"href":"https:\/\/portaltela.pt\/api\/wp\/v2\/categories?post=186993"},{"taxonomy":"post_tag","embeddable":true,"href":"https:\/\/portaltela.pt\/api\/wp\/v2\/tags?post=186993"}],"curies":[{"name":"wp","href":"https:\/\/api.w.org\/{rel}","templated":true}]}}