{"id":186946,"date":"2026-01-31T12:21:51","date_gmt":"2026-01-31T15:21:51","guid":{"rendered":"https:\/\/portaltela.pt\/noticias\/2026\/01\/31\/bombeiros-de-santo-tirso-apoiam-populacao-de-ferreira-do-zezere\/"},"modified":"2026-01-31T12:21:51","modified_gmt":"2026-01-31T15:21:51","slug":"bombeiros-de-santo-tirso-apoiam-populacao-de-ferreira-do-zezere","status":"publish","type":"post","link":"https:\/\/portaltela.pt\/noticias\/2026\/01\/31\/bombeiros-de-santo-tirso-apoiam-populacao-de-ferreira-do-zezere\/","title":{"rendered":"Bombeiros de Santo Tirso apoiam popula\u00e7\u00e3o de Ferreira do Z\u00eazere"},"content":{"rendered":"<p>Os Bombeiros Volunt\u00e1rios de Santo Tirso deslocaram-se ao concelho de Ferreira do Z\u00eazere para apoiar popula\u00e7\u00f5es afetadas pelo mau tempo, que causou danos e constrangimentos em v\u00e1rias localidades. A miss\u00e3o envolve o apoio \u00e0s atividades de limpeza e desobstru\u00e7\u00e3o de vias. O objetivo \u00e9 restabelecer condi\u00e7\u00f5es de seguran\u00e7a e prestar aux\u00edlio direto \u00e0 comunidade.<\/p>\n<p>A opera\u00e7\u00e3o mobilizou um dispositivo alargado de meios humanos e materiais, orientado para responder \u00e0s necessidades mais urgentes da popula\u00e7\u00e3o. A atua\u00e7\u00e3o foca-se na rapidez de resposta e na coordena\u00e7\u00e3o entre entidades locais.<\/p>\n<h3>Equipamentos e meios mobilizados<\/h3>\n<p>No terreno estiveram dois cami\u00f5es porta-m\u00e1quinas, uma retroescavadora, uma bomba de grande capacidade, gerador de 100 kVA, gerador trif\u00e1sico, viatura ligeira, motosserras e ve\u00edculo de comando t\u00e9cnico. A grua telesc\u00f3pica com alcance de 16 metros tamb\u00e9m participou.<\/p>\n<p>Segundo o comandante Pedro Sim\u00e3o Santos, a miss\u00e3o constitui um apoio solid\u00e1rio para mitigar impactos do mau tempo. Destacou a import\u00e2ncia da articula\u00e7\u00e3o entre entidades e da r\u00e1pida mobiliza\u00e7\u00e3o de recursos.<\/p>\n<p>Parte do material pesado foi disponibilizado junto da comunidade, com o apoio de empresas e particulares, refor\u00e7ando a capacidade de interven\u00e7\u00e3o no terreno. A equipa dos Vermelhos mant\u00e9m atua\u00e7\u00e3o em Ferreira do Z\u00eazere at\u00e9 este domingo.<\/p>\n","protected":false},"excerpt":{"rendered":"<ul>\n<li>Bombeiros Volunt\u00e1rios de Santo Tirso deslocaram-se a Ferreira do Z\u00eazere para apoiar popula\u00e7\u00f5es afetadas pelo mau tempo.<\/li>\n<li>O dispositivo alargado de meios humanos e materiais inclui dois cami\u00f5es porta-m\u00e1quinas, uma retroescavadora, uma bomba de grande capacidade, geradores, uma viatura ligeira, motosserras, um ve\u00edculo de comando t\u00e9cnico e uma grua telesc\u00f3pica de 16 metros.<\/li>\n<li>A miss\u00e3o foca-se em trabalhos de limpeza, desobstru\u00e7\u00e3o de vias, reposi\u00e7\u00e3o de condi\u00e7\u00f5es de seguran\u00e7a e aux\u00edlio direto \u00e0 comunidade.<\/li>\n<li>O comandante Pedro Sim\u00e3o Santos real\u00e7ou a articula\u00e7\u00e3o entre entidades, a r\u00e1pida mobiliza\u00e7\u00e3o de recursos e o envolvimento de empresas e particulares para refor\u00e7ar a interven\u00e7\u00e3o.<\/li>\n<li>A equipa dos Bombeiros Volunt\u00e1rios de Santo Tirso vai permanecer em Ferreira do Z\u00eazere at\u00e9 este domingo.<\/li>\n<\/ul>\n","protected":false},"author":2,"featured_media":186963,"comment_status":"closed","ping_status":"closed","sticky":false,"template":"","format":"standard","meta":{"footnotes":""},"categories":[1],"tags":[3035,4590,4723,4107,1146,4071],"class_list":["post-186946","post","type-post","status-publish","format-standard","has-post-thumbnail","hentry","category-noticias","tag-comunidade","tag-desabrigos","tag-desobstrucao","tag-limpeza-de-vias","tag-santo-tirso","tag-solidariedade-social"],"yoast_head":"<!-- This site is optimized with the Yoast SEO plugin v27.2 - https:\/\/yoast.com\/product\/yoast-seo-wordpress\/ -->\n<title>Bombeiros de Santo Tirso apoiam popula\u00e7\u00e3o de Ferreira do Z\u00eazere - Portal Tela Portugal<\/title>\n<meta name=\"robots\" content=\"index, follow, max-snippet:-1, max-image-preview:large, max-video-preview:-1\" \/>\n<meta property=\"og:locale\" content=\"pt_PT\" \/>\n<meta property=\"og:type\" content=\"article\" \/>\n<meta property=\"og:title\" content=\"Bombeiros de Santo Tirso apoiam popula\u00e7\u00e3o de Ferreira do Z\u00eazere - Portal Tela Portugal\" \/>\n<meta property=\"og:description\" content=\"Bombeiros Volunt\u00e1rios de Santo Tirso deslocaram-se a Ferreira do Z\u00eazere para apoiar popula\u00e7\u00f5es afetadas pelo mau tempo. O dispositivo alargado de meios humanos e materiais inclui dois cami\u00f5es porta-m\u00e1quinas, uma retroescavadora, uma bomba de grande capacidade, geradores, uma viatura ligeira, motosserras, um ve\u00edculo de comando t\u00e9cnico e uma grua telesc\u00f3pica de 16 metros. A miss\u00e3o foca-se em trabalhos de limpeza, desobstru\u00e7\u00e3o de vias, reposi\u00e7\u00e3o de condi\u00e7\u00f5es de seguran\u00e7a e aux\u00edlio direto \u00e0 comunidade. O comandante Pedro Sim\u00e3o Santos real\u00e7ou a articula\u00e7\u00e3o entre entidades, a r\u00e1pida mobiliza\u00e7\u00e3o de recursos e o envolvimento de empresas e particulares para refor\u00e7ar a interven\u00e7\u00e3o. A equipa dos Bombeiros Volunt\u00e1rios de Santo Tirso vai permanecer em Ferreira do Z\u00eazere at\u00e9 este domingo.\" \/>\n<meta property=\"og:url\" content=\"https:\/\/portaltela.pt\/noticias\/2026\/01\/31\/bombeiros-de-santo-tirso-apoiam-populacao-de-ferreira-do-zezere\/\" \/>\n<meta property=\"og:site_name\" content=\"Portal Tela Portugal\" \/>\n<meta property=\"article:published_time\" content=\"2026-01-31T15:21:51+00:00\" \/>\n<meta name=\"author\" content=\"Telinha\" \/>\n<meta name=\"twitter:card\" content=\"summary_large_image\" \/>\n<meta name=\"twitter:label1\" content=\"Escrito por\" \/>\n\t<meta name=\"twitter:data1\" content=\"Telinha\" \/>\n\t<meta name=\"twitter:label2\" content=\"Tempo estimado de leitura\" \/>\n\t<meta name=\"twitter:data2\" content=\"1 minuto\" \/>\n<script type=\"application\/ld+json\" class=\"yoast-schema-graph\">{\"@context\":\"https:\/\/schema.org\",\"@graph\":[{\"@type\":\"Article\",\"@id\":\"https:\/\/portaltela.pt\/noticias\/2026\/01\/31\/bombeiros-de-santo-tirso-apoiam-populacao-de-ferreira-do-zezere\/#article\",\"isPartOf\":{\"@id\":\"https:\/\/portaltela.pt\/noticias\/2026\/01\/31\/bombeiros-de-santo-tirso-apoiam-populacao-de-ferreira-do-zezere\/\"},\"author\":{\"name\":\"Telinha\",\"@id\":\"https:\/\/portaltela.pt\/#\/schema\/person\/c4278d4a6028830caff9ee44b42d32ed\"},\"headline\":\"Bombeiros de Santo Tirso apoiam popula\u00e7\u00e3o de Ferreira do Z\u00eazere\",\"datePublished\":\"2026-01-31T15:21:51+00:00\",\"mainEntityOfPage\":{\"@id\":\"https:\/\/portaltela.pt\/noticias\/2026\/01\/31\/bombeiros-de-santo-tirso-apoiam-populacao-de-ferreira-do-zezere\/\"},\"wordCount\":235,\"image\":{\"@id\":\"https:\/\/portaltela.pt\/noticias\/2026\/01\/31\/bombeiros-de-santo-tirso-apoiam-populacao-de-ferreira-do-zezere\/#primaryimage\"},\"thumbnailUrl\":\"https:\/\/portaltela.pt\/s.01k8rhncp4jt1\/2026\/01\/bombeirosvermelhos_ferreirazezere.jpg\",\"keywords\":[\"comunidade\",\"desabrigos\",\"desobstru\u00e7\u00e3o\",\"limpeza de vias\",\"Santo Tirso\",\"Solidariedade Social\"],\"articleSection\":[\"Not\u00edcias\"],\"inLanguage\":\"pt-PT\"},{\"@type\":\"WebPage\",\"@id\":\"https:\/\/portaltela.pt\/noticias\/2026\/01\/31\/bombeiros-de-santo-tirso-apoiam-populacao-de-ferreira-do-zezere\/\",\"url\":\"https:\/\/portaltela.pt\/noticias\/2026\/01\/31\/bombeiros-de-santo-tirso-apoiam-populacao-de-ferreira-do-zezere\/\",\"name\":\"Bombeiros de Santo Tirso apoiam popula\u00e7\u00e3o de Ferreira do Z\u00eazere - Portal Tela Portugal\",\"isPartOf\":{\"@id\":\"https:\/\/portaltela.pt\/#website\"},\"primaryImageOfPage\":{\"@id\":\"https:\/\/portaltela.pt\/noticias\/2026\/01\/31\/bombeiros-de-santo-tirso-apoiam-populacao-de-ferreira-do-zezere\/#primaryimage\"},\"image\":{\"@id\":\"https:\/\/portaltela.pt\/noticias\/2026\/01\/31\/bombeiros-de-santo-tirso-apoiam-populacao-de-ferreira-do-zezere\/#primaryimage\"},\"thumbnailUrl\":\"https:\/\/portaltela.pt\/s.01k8rhncp4jt1\/2026\/01\/bombeirosvermelhos_ferreirazezere.jpg\",\"datePublished\":\"2026-01-31T15:21:51+00:00\",\"author\":{\"@id\":\"https:\/\/portaltela.pt\/#\/schema\/person\/c4278d4a6028830caff9ee44b42d32ed\"},\"breadcrumb\":{\"@id\":\"https:\/\/portaltela.pt\/noticias\/2026\/01\/31\/bombeiros-de-santo-tirso-apoiam-populacao-de-ferreira-do-zezere\/#breadcrumb\"},\"inLanguage\":\"pt-PT\",\"potentialAction\":[{\"@type\":\"ReadAction\",\"target\":[\"https:\/\/portaltela.pt\/noticias\/2026\/01\/31\/bombeiros-de-santo-tirso-apoiam-populacao-de-ferreira-do-zezere\/\"]}]},{\"@type\":\"ImageObject\",\"inLanguage\":\"pt-PT\",\"@id\":\"https:\/\/portaltela.pt\/noticias\/2026\/01\/31\/bombeiros-de-santo-tirso-apoiam-populacao-de-ferreira-do-zezere\/#primaryimage\",\"url\":\"https:\/\/portaltela.pt\/s.01k8rhncp4jt1\/2026\/01\/bombeirosvermelhos_ferreirazezere.jpg\",\"contentUrl\":\"https:\/\/portaltela.pt\/s.01k8rhncp4jt1\/2026\/01\/bombeirosvermelhos_ferreirazezere.jpg\",\"width\":796,\"height\":448,\"caption\":\"Bombeiros de Santo Tirso mobilizados para apoiar popula\u00e7\u00e3o de Ferreira do Z\u00eazere\"},{\"@type\":\"BreadcrumbList\",\"@id\":\"https:\/\/portaltela.pt\/noticias\/2026\/01\/31\/bombeiros-de-santo-tirso-apoiam-populacao-de-ferreira-do-zezere\/#breadcrumb\",\"itemListElement\":[{\"@type\":\"ListItem\",\"position\":1,\"name\":\"In\u00edcio\",\"item\":\"https:\/\/portaltela.pt\/\"},{\"@type\":\"ListItem\",\"position\":2,\"name\":\"Bombeiros de Santo Tirso apoiam popula\u00e7\u00e3o de Ferreira do Z\u00eazere\"}]},{\"@type\":\"WebSite\",\"@id\":\"https:\/\/portaltela.pt\/#website\",\"url\":\"https:\/\/portaltela.pt\/\",\"name\":\"Portal Tela Portugal\",\"description\":\"\",\"potentialAction\":[{\"@type\":\"SearchAction\",\"target\":{\"@type\":\"EntryPoint\",\"urlTemplate\":\"https:\/\/portaltela.pt\/?s={search_term_string}\"},\"query-input\":{\"@type\":\"PropertyValueSpecification\",\"valueRequired\":true,\"valueName\":\"search_term_string\"}}],\"inLanguage\":\"pt-PT\"},{\"@type\":\"Person\",\"@id\":\"https:\/\/portaltela.pt\/#\/schema\/person\/c4278d4a6028830caff9ee44b42d32ed\",\"name\":\"Telinha\",\"image\":{\"@type\":\"ImageObject\",\"inLanguage\":\"pt-PT\",\"@id\":\"https:\/\/portaltela.pt\/s.01k8rhncp4jt1\/2025\/11\/talking-bot-125x125.png\",\"url\":\"https:\/\/portaltela.pt\/s.01k8rhncp4jt1\/2025\/11\/talking-bot-125x125.png\",\"contentUrl\":\"https:\/\/portaltela.pt\/s.01k8rhncp4jt1\/2025\/11\/talking-bot-125x125.png\",\"caption\":\"Telinha\"},\"sameAs\":[\"https:\/\/portaltela.pt\/\"],\"url\":\"https:\/\/portaltela.pt\/por\/367410592786\/\"}]}<\/script>\n<!-- \/ Yoast SEO plugin. -->","yoast_head_json":{"title":"Bombeiros de Santo Tirso apoiam popula\u00e7\u00e3o de Ferreira do Z\u00eazere - Portal Tela Portugal","robots":{"index":"index","follow":"follow","max-snippet":"max-snippet:-1","max-image-preview":"max-image-preview:large","max-video-preview":"max-video-preview:-1"},"og_locale":"pt_PT","og_type":"article","og_title":"Bombeiros de Santo Tirso apoiam popula\u00e7\u00e3o de Ferreira do Z\u00eazere - Portal Tela Portugal","og_description":"Bombeiros Volunt\u00e1rios de Santo Tirso deslocaram-se a Ferreira do Z\u00eazere para apoiar popula\u00e7\u00f5es afetadas pelo mau tempo. O dispositivo alargado de meios humanos e materiais inclui dois cami\u00f5es porta-m\u00e1quinas, uma retroescavadora, uma bomba de grande capacidade, geradores, uma viatura ligeira, motosserras, um ve\u00edculo de comando t\u00e9cnico e uma grua telesc\u00f3pica de 16 metros. A miss\u00e3o foca-se em trabalhos de limpeza, desobstru\u00e7\u00e3o de vias, reposi\u00e7\u00e3o de condi\u00e7\u00f5es de seguran\u00e7a e aux\u00edlio direto \u00e0 comunidade. O comandante Pedro Sim\u00e3o Santos real\u00e7ou a articula\u00e7\u00e3o entre entidades, a r\u00e1pida mobiliza\u00e7\u00e3o de recursos e o envolvimento de empresas e particulares para refor\u00e7ar a interven\u00e7\u00e3o. A equipa dos Bombeiros Volunt\u00e1rios de Santo Tirso vai permanecer em Ferreira do Z\u00eazere at\u00e9 este domingo.","og_url":"https:\/\/portaltela.pt\/noticias\/2026\/01\/31\/bombeiros-de-santo-tirso-apoiam-populacao-de-ferreira-do-zezere\/","og_site_name":"Portal Tela Portugal","article_published_time":"2026-01-31T15:21:51+00:00","author":"Telinha","twitter_card":"summary_large_image","twitter_misc":{"Escrito por":"Telinha","Tempo estimado de leitura":"1 minuto"},"schema":{"@context":"https:\/\/schema.org","@graph":[{"@type":"Article","@id":"https:\/\/portaltela.pt\/noticias\/2026\/01\/31\/bombeiros-de-santo-tirso-apoiam-populacao-de-ferreira-do-zezere\/#article","isPartOf":{"@id":"https:\/\/portaltela.pt\/noticias\/2026\/01\/31\/bombeiros-de-santo-tirso-apoiam-populacao-de-ferreira-do-zezere\/"},"author":{"name":"Telinha","@id":"https:\/\/portaltela.pt\/#\/schema\/person\/c4278d4a6028830caff9ee44b42d32ed"},"headline":"Bombeiros de Santo Tirso apoiam popula\u00e7\u00e3o de Ferreira do Z\u00eazere","datePublished":"2026-01-31T15:21:51+00:00","mainEntityOfPage":{"@id":"https:\/\/portaltela.pt\/noticias\/2026\/01\/31\/bombeiros-de-santo-tirso-apoiam-populacao-de-ferreira-do-zezere\/"},"wordCount":235,"image":{"@id":"https:\/\/portaltela.pt\/noticias\/2026\/01\/31\/bombeiros-de-santo-tirso-apoiam-populacao-de-ferreira-do-zezere\/#primaryimage"},"thumbnailUrl":"https:\/\/portaltela.pt\/s.01k8rhncp4jt1\/2026\/01\/bombeirosvermelhos_ferreirazezere.jpg","keywords":["comunidade","desabrigos","desobstru\u00e7\u00e3o","limpeza de vias","Santo Tirso","Solidariedade Social"],"articleSection":["Not\u00edcias"],"inLanguage":"pt-PT"},{"@type":"WebPage","@id":"https:\/\/portaltela.pt\/noticias\/2026\/01\/31\/bombeiros-de-santo-tirso-apoiam-populacao-de-ferreira-do-zezere\/","url":"https:\/\/portaltela.pt\/noticias\/2026\/01\/31\/bombeiros-de-santo-tirso-apoiam-populacao-de-ferreira-do-zezere\/","name":"Bombeiros de Santo Tirso apoiam popula\u00e7\u00e3o de Ferreira do Z\u00eazere - Portal Tela Portugal","isPartOf":{"@id":"https:\/\/portaltela.pt\/#website"},"primaryImageOfPage":{"@id":"https:\/\/portaltela.pt\/noticias\/2026\/01\/31\/bombeiros-de-santo-tirso-apoiam-populacao-de-ferreira-do-zezere\/#primaryimage"},"image":{"@id":"https:\/\/portaltela.pt\/noticias\/2026\/01\/31\/bombeiros-de-santo-tirso-apoiam-populacao-de-ferreira-do-zezere\/#primaryimage"},"thumbnailUrl":"https:\/\/portaltela.pt\/s.01k8rhncp4jt1\/2026\/01\/bombeirosvermelhos_ferreirazezere.jpg","datePublished":"2026-01-31T15:21:51+00:00","author":{"@id":"https:\/\/portaltela.pt\/#\/schema\/person\/c4278d4a6028830caff9ee44b42d32ed"},"breadcrumb":{"@id":"https:\/\/portaltela.pt\/noticias\/2026\/01\/31\/bombeiros-de-santo-tirso-apoiam-populacao-de-ferreira-do-zezere\/#breadcrumb"},"inLanguage":"pt-PT","potentialAction":[{"@type":"ReadAction","target":["https:\/\/portaltela.pt\/noticias\/2026\/01\/31\/bombeiros-de-santo-tirso-apoiam-populacao-de-ferreira-do-zezere\/"]}]},{"@type":"ImageObject","inLanguage":"pt-PT","@id":"https:\/\/portaltela.pt\/noticias\/2026\/01\/31\/bombeiros-de-santo-tirso-apoiam-populacao-de-ferreira-do-zezere\/#primaryimage","url":"https:\/\/portaltela.pt\/s.01k8rhncp4jt1\/2026\/01\/bombeirosvermelhos_ferreirazezere.jpg","contentUrl":"https:\/\/portaltela.pt\/s.01k8rhncp4jt1\/2026\/01\/bombeirosvermelhos_ferreirazezere.jpg","width":796,"height":448,"caption":"Bombeiros de Santo Tirso mobilizados para apoiar popula\u00e7\u00e3o de Ferreira do Z\u00eazere"},{"@type":"BreadcrumbList","@id":"https:\/\/portaltela.pt\/noticias\/2026\/01\/31\/bombeiros-de-santo-tirso-apoiam-populacao-de-ferreira-do-zezere\/#breadcrumb","itemListElement":[{"@type":"ListItem","position":1,"name":"In\u00edcio","item":"https:\/\/portaltela.pt\/"},{"@type":"ListItem","position":2,"name":"Bombeiros de Santo Tirso apoiam popula\u00e7\u00e3o de Ferreira do Z\u00eazere"}]},{"@type":"WebSite","@id":"https:\/\/portaltela.pt\/#website","url":"https:\/\/portaltela.pt\/","name":"Portal Tela Portugal","description":"","potentialAction":[{"@type":"SearchAction","target":{"@type":"EntryPoint","urlTemplate":"https:\/\/portaltela.pt\/?s={search_term_string}"},"query-input":{"@type":"PropertyValueSpecification","valueRequired":true,"valueName":"search_term_string"}}],"inLanguage":"pt-PT"},{"@type":"Person","@id":"https:\/\/portaltela.pt\/#\/schema\/person\/c4278d4a6028830caff9ee44b42d32ed","name":"Telinha","image":{"@type":"ImageObject","inLanguage":"pt-PT","@id":"https:\/\/portaltela.pt\/s.01k8rhncp4jt1\/2025\/11\/talking-bot-125x125.png","url":"https:\/\/portaltela.pt\/s.01k8rhncp4jt1\/2025\/11\/talking-bot-125x125.png","contentUrl":"https:\/\/portaltela.pt\/s.01k8rhncp4jt1\/2025\/11\/talking-bot-125x125.png","caption":"Telinha"},"sameAs":["https:\/\/portaltela.pt\/"],"url":"https:\/\/portaltela.pt\/por\/367410592786\/"}]}},"_links":{"self":[{"href":"https:\/\/portaltela.pt\/api\/wp\/v2\/posts\/186946","targetHints":{"allow":["GET"]}}],"collection":[{"href":"https:\/\/portaltela.pt\/api\/wp\/v2\/posts"}],"about":[{"href":"https:\/\/portaltela.pt\/api\/wp\/v2\/types\/post"}],"author":[{"embeddable":true,"href":"https:\/\/portaltela.pt\/api\/wp\/v2\/users\/2"}],"replies":[{"embeddable":true,"href":"https:\/\/portaltela.pt\/api\/wp\/v2\/comments?post=186946"}],"version-history":[{"count":0,"href":"https:\/\/portaltela.pt\/api\/wp\/v2\/posts\/186946\/revisions"}],"wp:featuredmedia":[{"embeddable":true,"href":"https:\/\/portaltela.pt\/api\/wp\/v2\/media\/186963"}],"wp:attachment":[{"href":"https:\/\/portaltela.pt\/api\/wp\/v2\/media?parent=186946"}],"wp:term":[{"taxonomy":"category","embeddable":true,"href":"https:\/\/portaltela.pt\/api\/wp\/v2\/categories?post=186946"},{"taxonomy":"post_tag","embeddable":true,"href":"https:\/\/portaltela.pt\/api\/wp\/v2\/tags?post=186946"}],"curies":[{"name":"wp","href":"https:\/\/api.w.org\/{rel}","templated":true}]}}