{"id":186925,"date":"2026-01-31T12:03:19","date_gmt":"2026-01-31T15:03:19","guid":{"rendered":"https:\/\/portaltela.pt\/noticias\/2026\/01\/31\/aviso-amarelo-chuvas-por-vezes-fortes-com-possibilidade-de-granizo\/"},"modified":"2026-01-31T12:03:19","modified_gmt":"2026-01-31T15:03:19","slug":"aviso-amarelo-chuvas-por-vezes-fortes-com-possibilidade-de-granizo","status":"publish","type":"post","link":"https:\/\/portaltela.pt\/noticias\/2026\/01\/31\/aviso-amarelo-chuvas-por-vezes-fortes-com-possibilidade-de-granizo\/","title":{"rendered":"Aviso Amarelo: chuvas por vezes fortes com possibilidade de granizo"},"content":{"rendered":"<p>O Servi\u00e7o Municipal de Prote\u00e7\u00e3o Civil informou que o Instituto Portugu\u00eas do Mar e da Atmosfera emitiu um aviso amarelo para per\u00edodos de chuva, por vezes fortes, com possibilidade de granizo e trovoada. O fen\u00f3meno est\u00e1 previsto entre as 0h00 e as 06h00 do dia 2 de fevereiro de 2026.<\/p>\n<p>O aviso abrange o territ\u00f3rio nacional, conforme avalia\u00e7\u00e3o do IPMA, ao qual se associa o Servi\u00e7o Municipal de Prote\u00e7\u00e3o Civil na dissemina\u00e7\u00e3o da alerta.<\/p>\n<p>Para j\u00e1, n\u00e3o foram divulgadas medidas espec\u00edficas adicionais pelas autoridades locais, que seguem monitorizando a evolu\u00e7\u00e3o do tempo e manter\u00e3o a popula\u00e7\u00e3o informada.<\/p>\n<p>Fonte: Instituto Portugu\u00eas do Mar e da Atmosfera e Servi\u00e7o Municipal de Prote\u00e7\u00e3o Civil.<\/p>\n","protected":false},"excerpt":{"rendered":"<ul>\n<li>O Instituto Portugu\u00eas do Mar e da Atmosfera emitiu aviso amarelo para chuva entre 0h00 e 06h00 do dia 2 de fevereiro de 2026.<\/li>\n<li>O avisado indica per\u00edodos de chuva por vezes forte, com possibilidade de granizo e trovoada.<\/li>\n<li>A informa\u00e7\u00e3o foi comunicada pelo Servi\u00e7o Municipal de Prote\u00e7\u00e3o Civil.<\/li>\n<li>O objetivo \u00e9 alertar para eventuais condi\u00e7\u00f5es meteorol\u00f3gicas adversas durante esse intervalo.<\/li>\n<li>Recomenda-se aten\u00e7\u00e3o e adotar medidas de prote\u00e7\u00e3o civil conforme necess\u00e1rio.<\/li>\n<\/ul>\n","protected":false},"author":2,"featured_media":186955,"comment_status":"closed","ping_status":"closed","sticky":false,"template":"","format":"standard","meta":{"footnotes":""},"categories":[1],"tags":[3658,3931,2161,1014,320],"class_list":["post-186925","post","type-post","status-publish","format-standard","has-post-thumbnail","hentry","category-noticias","tag-aviso-amarelo","tag-chuva-forte","tag-granizo","tag-portugal","tag-protecao-civil"],"yoast_head":"<!-- This site is optimized with the Yoast SEO plugin v27.2 - https:\/\/yoast.com\/product\/yoast-seo-wordpress\/ -->\n<title>Aviso Amarelo: chuvas por vezes fortes com possibilidade de granizo - Portal Tela Portugal<\/title>\n<meta name=\"robots\" content=\"index, follow, max-snippet:-1, max-image-preview:large, max-video-preview:-1\" \/>\n<meta property=\"og:locale\" content=\"pt_PT\" \/>\n<meta property=\"og:type\" content=\"article\" \/>\n<meta property=\"og:title\" content=\"Aviso Amarelo: chuvas por vezes fortes com possibilidade de granizo - Portal Tela Portugal\" \/>\n<meta property=\"og:description\" content=\"O Instituto Portugu\u00eas do Mar e da Atmosfera emitiu aviso amarelo para chuva entre 0h00 e 06h00 do dia 2 de fevereiro de 2026. O avisado indica per\u00edodos de chuva por vezes forte, com possibilidade de granizo e trovoada. A informa\u00e7\u00e3o foi comunicada pelo Servi\u00e7o Municipal de Prote\u00e7\u00e3o Civil. O objetivo \u00e9 alertar para eventuais condi\u00e7\u00f5es meteorol\u00f3gicas adversas durante esse intervalo. Recomenda-se aten\u00e7\u00e3o e adotar medidas de prote\u00e7\u00e3o civil conforme necess\u00e1rio.\" \/>\n<meta property=\"og:url\" content=\"https:\/\/portaltela.pt\/noticias\/2026\/01\/31\/aviso-amarelo-chuvas-por-vezes-fortes-com-possibilidade-de-granizo\/\" \/>\n<meta property=\"og:site_name\" content=\"Portal Tela Portugal\" \/>\n<meta property=\"article:published_time\" content=\"2026-01-31T15:03:19+00:00\" \/>\n<meta name=\"author\" content=\"Telinha\" \/>\n<meta name=\"twitter:card\" content=\"summary_large_image\" \/>\n<meta name=\"twitter:label1\" content=\"Escrito por\" \/>\n\t<meta name=\"twitter:data1\" content=\"Telinha\" \/>\n\t<meta name=\"twitter:label2\" content=\"Tempo estimado de leitura\" \/>\n\t<meta name=\"twitter:data2\" content=\"1 minuto\" \/>\n<script type=\"application\/ld+json\" class=\"yoast-schema-graph\">{\"@context\":\"https:\/\/schema.org\",\"@graph\":[{\"@type\":\"Article\",\"@id\":\"https:\/\/portaltela.pt\/noticias\/2026\/01\/31\/aviso-amarelo-chuvas-por-vezes-fortes-com-possibilidade-de-granizo\/#article\",\"isPartOf\":{\"@id\":\"https:\/\/portaltela.pt\/noticias\/2026\/01\/31\/aviso-amarelo-chuvas-por-vezes-fortes-com-possibilidade-de-granizo\/\"},\"author\":{\"name\":\"Telinha\",\"@id\":\"https:\/\/portaltela.pt\/#\/schema\/person\/c4278d4a6028830caff9ee44b42d32ed\"},\"headline\":\"Aviso Amarelo: chuvas por vezes fortes com possibilidade de granizo\",\"datePublished\":\"2026-01-31T15:03:19+00:00\",\"mainEntityOfPage\":{\"@id\":\"https:\/\/portaltela.pt\/noticias\/2026\/01\/31\/aviso-amarelo-chuvas-por-vezes-fortes-com-possibilidade-de-granizo\/\"},\"wordCount\":137,\"image\":{\"@id\":\"https:\/\/portaltela.pt\/noticias\/2026\/01\/31\/aviso-amarelo-chuvas-por-vezes-fortes-com-possibilidade-de-granizo\/#primaryimage\"},\"thumbnailUrl\":\"https:\/\/portaltela.pt\/s.01k8rhncp4jt1\/2026\/01\/unnamed-file-6336.jpg\",\"keywords\":[\"aviso amarelo\",\"chuva forte\",\"granizo\",\"Portugal\",\"prote\u00e7\u00e3o civil\"],\"articleSection\":[\"Not\u00edcias\"],\"inLanguage\":\"pt-PT\"},{\"@type\":\"WebPage\",\"@id\":\"https:\/\/portaltela.pt\/noticias\/2026\/01\/31\/aviso-amarelo-chuvas-por-vezes-fortes-com-possibilidade-de-granizo\/\",\"url\":\"https:\/\/portaltela.pt\/noticias\/2026\/01\/31\/aviso-amarelo-chuvas-por-vezes-fortes-com-possibilidade-de-granizo\/\",\"name\":\"Aviso Amarelo: chuvas por vezes fortes com possibilidade de granizo - Portal Tela Portugal\",\"isPartOf\":{\"@id\":\"https:\/\/portaltela.pt\/#website\"},\"primaryImageOfPage\":{\"@id\":\"https:\/\/portaltela.pt\/noticias\/2026\/01\/31\/aviso-amarelo-chuvas-por-vezes-fortes-com-possibilidade-de-granizo\/#primaryimage\"},\"image\":{\"@id\":\"https:\/\/portaltela.pt\/noticias\/2026\/01\/31\/aviso-amarelo-chuvas-por-vezes-fortes-com-possibilidade-de-granizo\/#primaryimage\"},\"thumbnailUrl\":\"https:\/\/portaltela.pt\/s.01k8rhncp4jt1\/2026\/01\/unnamed-file-6336.jpg\",\"datePublished\":\"2026-01-31T15:03:19+00:00\",\"author\":{\"@id\":\"https:\/\/portaltela.pt\/#\/schema\/person\/c4278d4a6028830caff9ee44b42d32ed\"},\"breadcrumb\":{\"@id\":\"https:\/\/portaltela.pt\/noticias\/2026\/01\/31\/aviso-amarelo-chuvas-por-vezes-fortes-com-possibilidade-de-granizo\/#breadcrumb\"},\"inLanguage\":\"pt-PT\",\"potentialAction\":[{\"@type\":\"ReadAction\",\"target\":[\"https:\/\/portaltela.pt\/noticias\/2026\/01\/31\/aviso-amarelo-chuvas-por-vezes-fortes-com-possibilidade-de-granizo\/\"]}]},{\"@type\":\"ImageObject\",\"inLanguage\":\"pt-PT\",\"@id\":\"https:\/\/portaltela.pt\/noticias\/2026\/01\/31\/aviso-amarelo-chuvas-por-vezes-fortes-com-possibilidade-de-granizo\/#primaryimage\",\"url\":\"https:\/\/portaltela.pt\/s.01k8rhncp4jt1\/2026\/01\/unnamed-file-6336.jpg\",\"contentUrl\":\"https:\/\/portaltela.pt\/s.01k8rhncp4jt1\/2026\/01\/unnamed-file-6336.jpg\",\"width\":796,\"height\":448,\"caption\":\"Aviso Amarelo | Per\u00edodos de Chuva, por vezes forte, podendo ser de granizo e ac\u2026\"},{\"@type\":\"BreadcrumbList\",\"@id\":\"https:\/\/portaltela.pt\/noticias\/2026\/01\/31\/aviso-amarelo-chuvas-por-vezes-fortes-com-possibilidade-de-granizo\/#breadcrumb\",\"itemListElement\":[{\"@type\":\"ListItem\",\"position\":1,\"name\":\"In\u00edcio\",\"item\":\"https:\/\/portaltela.pt\/\"},{\"@type\":\"ListItem\",\"position\":2,\"name\":\"Aviso Amarelo: chuvas por vezes fortes com possibilidade de granizo\"}]},{\"@type\":\"WebSite\",\"@id\":\"https:\/\/portaltela.pt\/#website\",\"url\":\"https:\/\/portaltela.pt\/\",\"name\":\"Portal Tela Portugal\",\"description\":\"\",\"potentialAction\":[{\"@type\":\"SearchAction\",\"target\":{\"@type\":\"EntryPoint\",\"urlTemplate\":\"https:\/\/portaltela.pt\/?s={search_term_string}\"},\"query-input\":{\"@type\":\"PropertyValueSpecification\",\"valueRequired\":true,\"valueName\":\"search_term_string\"}}],\"inLanguage\":\"pt-PT\"},{\"@type\":\"Person\",\"@id\":\"https:\/\/portaltela.pt\/#\/schema\/person\/c4278d4a6028830caff9ee44b42d32ed\",\"name\":\"Telinha\",\"image\":{\"@type\":\"ImageObject\",\"inLanguage\":\"pt-PT\",\"@id\":\"https:\/\/portaltela.pt\/s.01k8rhncp4jt1\/2025\/11\/talking-bot-125x125.png\",\"url\":\"https:\/\/portaltela.pt\/s.01k8rhncp4jt1\/2025\/11\/talking-bot-125x125.png\",\"contentUrl\":\"https:\/\/portaltela.pt\/s.01k8rhncp4jt1\/2025\/11\/talking-bot-125x125.png\",\"caption\":\"Telinha\"},\"sameAs\":[\"https:\/\/portaltela.pt\/\"],\"url\":\"https:\/\/portaltela.pt\/por\/367410592786\/\"}]}<\/script>\n<!-- \/ Yoast SEO plugin. -->","yoast_head_json":{"title":"Aviso Amarelo: chuvas por vezes fortes com possibilidade de granizo - Portal Tela Portugal","robots":{"index":"index","follow":"follow","max-snippet":"max-snippet:-1","max-image-preview":"max-image-preview:large","max-video-preview":"max-video-preview:-1"},"og_locale":"pt_PT","og_type":"article","og_title":"Aviso Amarelo: chuvas por vezes fortes com possibilidade de granizo - Portal Tela Portugal","og_description":"O Instituto Portugu\u00eas do Mar e da Atmosfera emitiu aviso amarelo para chuva entre 0h00 e 06h00 do dia 2 de fevereiro de 2026. O avisado indica per\u00edodos de chuva por vezes forte, com possibilidade de granizo e trovoada. A informa\u00e7\u00e3o foi comunicada pelo Servi\u00e7o Municipal de Prote\u00e7\u00e3o Civil. O objetivo \u00e9 alertar para eventuais condi\u00e7\u00f5es meteorol\u00f3gicas adversas durante esse intervalo. Recomenda-se aten\u00e7\u00e3o e adotar medidas de prote\u00e7\u00e3o civil conforme necess\u00e1rio.","og_url":"https:\/\/portaltela.pt\/noticias\/2026\/01\/31\/aviso-amarelo-chuvas-por-vezes-fortes-com-possibilidade-de-granizo\/","og_site_name":"Portal Tela Portugal","article_published_time":"2026-01-31T15:03:19+00:00","author":"Telinha","twitter_card":"summary_large_image","twitter_misc":{"Escrito por":"Telinha","Tempo estimado de leitura":"1 minuto"},"schema":{"@context":"https:\/\/schema.org","@graph":[{"@type":"Article","@id":"https:\/\/portaltela.pt\/noticias\/2026\/01\/31\/aviso-amarelo-chuvas-por-vezes-fortes-com-possibilidade-de-granizo\/#article","isPartOf":{"@id":"https:\/\/portaltela.pt\/noticias\/2026\/01\/31\/aviso-amarelo-chuvas-por-vezes-fortes-com-possibilidade-de-granizo\/"},"author":{"name":"Telinha","@id":"https:\/\/portaltela.pt\/#\/schema\/person\/c4278d4a6028830caff9ee44b42d32ed"},"headline":"Aviso Amarelo: chuvas por vezes fortes com possibilidade de granizo","datePublished":"2026-01-31T15:03:19+00:00","mainEntityOfPage":{"@id":"https:\/\/portaltela.pt\/noticias\/2026\/01\/31\/aviso-amarelo-chuvas-por-vezes-fortes-com-possibilidade-de-granizo\/"},"wordCount":137,"image":{"@id":"https:\/\/portaltela.pt\/noticias\/2026\/01\/31\/aviso-amarelo-chuvas-por-vezes-fortes-com-possibilidade-de-granizo\/#primaryimage"},"thumbnailUrl":"https:\/\/portaltela.pt\/s.01k8rhncp4jt1\/2026\/01\/unnamed-file-6336.jpg","keywords":["aviso amarelo","chuva forte","granizo","Portugal","prote\u00e7\u00e3o civil"],"articleSection":["Not\u00edcias"],"inLanguage":"pt-PT"},{"@type":"WebPage","@id":"https:\/\/portaltela.pt\/noticias\/2026\/01\/31\/aviso-amarelo-chuvas-por-vezes-fortes-com-possibilidade-de-granizo\/","url":"https:\/\/portaltela.pt\/noticias\/2026\/01\/31\/aviso-amarelo-chuvas-por-vezes-fortes-com-possibilidade-de-granizo\/","name":"Aviso Amarelo: chuvas por vezes fortes com possibilidade de granizo - Portal Tela Portugal","isPartOf":{"@id":"https:\/\/portaltela.pt\/#website"},"primaryImageOfPage":{"@id":"https:\/\/portaltela.pt\/noticias\/2026\/01\/31\/aviso-amarelo-chuvas-por-vezes-fortes-com-possibilidade-de-granizo\/#primaryimage"},"image":{"@id":"https:\/\/portaltela.pt\/noticias\/2026\/01\/31\/aviso-amarelo-chuvas-por-vezes-fortes-com-possibilidade-de-granizo\/#primaryimage"},"thumbnailUrl":"https:\/\/portaltela.pt\/s.01k8rhncp4jt1\/2026\/01\/unnamed-file-6336.jpg","datePublished":"2026-01-31T15:03:19+00:00","author":{"@id":"https:\/\/portaltela.pt\/#\/schema\/person\/c4278d4a6028830caff9ee44b42d32ed"},"breadcrumb":{"@id":"https:\/\/portaltela.pt\/noticias\/2026\/01\/31\/aviso-amarelo-chuvas-por-vezes-fortes-com-possibilidade-de-granizo\/#breadcrumb"},"inLanguage":"pt-PT","potentialAction":[{"@type":"ReadAction","target":["https:\/\/portaltela.pt\/noticias\/2026\/01\/31\/aviso-amarelo-chuvas-por-vezes-fortes-com-possibilidade-de-granizo\/"]}]},{"@type":"ImageObject","inLanguage":"pt-PT","@id":"https:\/\/portaltela.pt\/noticias\/2026\/01\/31\/aviso-amarelo-chuvas-por-vezes-fortes-com-possibilidade-de-granizo\/#primaryimage","url":"https:\/\/portaltela.pt\/s.01k8rhncp4jt1\/2026\/01\/unnamed-file-6336.jpg","contentUrl":"https:\/\/portaltela.pt\/s.01k8rhncp4jt1\/2026\/01\/unnamed-file-6336.jpg","width":796,"height":448,"caption":"Aviso Amarelo | Per\u00edodos de Chuva, por vezes forte, podendo ser de granizo e ac\u2026"},{"@type":"BreadcrumbList","@id":"https:\/\/portaltela.pt\/noticias\/2026\/01\/31\/aviso-amarelo-chuvas-por-vezes-fortes-com-possibilidade-de-granizo\/#breadcrumb","itemListElement":[{"@type":"ListItem","position":1,"name":"In\u00edcio","item":"https:\/\/portaltela.pt\/"},{"@type":"ListItem","position":2,"name":"Aviso Amarelo: chuvas por vezes fortes com possibilidade de granizo"}]},{"@type":"WebSite","@id":"https:\/\/portaltela.pt\/#website","url":"https:\/\/portaltela.pt\/","name":"Portal Tela Portugal","description":"","potentialAction":[{"@type":"SearchAction","target":{"@type":"EntryPoint","urlTemplate":"https:\/\/portaltela.pt\/?s={search_term_string}"},"query-input":{"@type":"PropertyValueSpecification","valueRequired":true,"valueName":"search_term_string"}}],"inLanguage":"pt-PT"},{"@type":"Person","@id":"https:\/\/portaltela.pt\/#\/schema\/person\/c4278d4a6028830caff9ee44b42d32ed","name":"Telinha","image":{"@type":"ImageObject","inLanguage":"pt-PT","@id":"https:\/\/portaltela.pt\/s.01k8rhncp4jt1\/2025\/11\/talking-bot-125x125.png","url":"https:\/\/portaltela.pt\/s.01k8rhncp4jt1\/2025\/11\/talking-bot-125x125.png","contentUrl":"https:\/\/portaltela.pt\/s.01k8rhncp4jt1\/2025\/11\/talking-bot-125x125.png","caption":"Telinha"},"sameAs":["https:\/\/portaltela.pt\/"],"url":"https:\/\/portaltela.pt\/por\/367410592786\/"}]}},"_links":{"self":[{"href":"https:\/\/portaltela.pt\/api\/wp\/v2\/posts\/186925","targetHints":{"allow":["GET"]}}],"collection":[{"href":"https:\/\/portaltela.pt\/api\/wp\/v2\/posts"}],"about":[{"href":"https:\/\/portaltela.pt\/api\/wp\/v2\/types\/post"}],"author":[{"embeddable":true,"href":"https:\/\/portaltela.pt\/api\/wp\/v2\/users\/2"}],"replies":[{"embeddable":true,"href":"https:\/\/portaltela.pt\/api\/wp\/v2\/comments?post=186925"}],"version-history":[{"count":0,"href":"https:\/\/portaltela.pt\/api\/wp\/v2\/posts\/186925\/revisions"}],"wp:featuredmedia":[{"embeddable":true,"href":"https:\/\/portaltela.pt\/api\/wp\/v2\/media\/186955"}],"wp:attachment":[{"href":"https:\/\/portaltela.pt\/api\/wp\/v2\/media?parent=186925"}],"wp:term":[{"taxonomy":"category","embeddable":true,"href":"https:\/\/portaltela.pt\/api\/wp\/v2\/categories?post=186925"},{"taxonomy":"post_tag","embeddable":true,"href":"https:\/\/portaltela.pt\/api\/wp\/v2\/tags?post=186925"}],"curies":[{"name":"wp","href":"https:\/\/api.w.org\/{rel}","templated":true}]}}