{"id":186839,"date":"2026-01-31T12:00:00","date_gmt":"2026-01-31T15:00:00","guid":{"rendered":"https:\/\/portaltela.pt\/noticias\/2026\/01\/31\/joao-fortes-diz-que-pais-que-respeita-quem-o-defendeu-sabe-para-onde-quer-ir\/"},"modified":"2026-01-31T12:00:00","modified_gmt":"2026-01-31T15:00:00","slug":"joao-fortes-diz-que-pais-que-respeita-quem-o-defendeu-sabe-para-onde-quer-ir","status":"publish","type":"post","link":"https:\/\/portaltela.pt\/noticias\/2026\/01\/31\/joao-fortes-diz-que-pais-que-respeita-quem-o-defendeu-sabe-para-onde-quer-ir\/","title":{"rendered":"Jo\u00e3o Fortes diz que pa\u00eds que respeita quem o defendeu sabe para onde quer ir"},"content":{"rendered":"<p>Jo\u00e3o Fortes, presidente da C\u00e2mara Municipal de Mour\u00e3o, afirmou neste s\u00e1bado que a celebra\u00e7\u00e3o dos 100 anos do N\u00facleo de Mour\u00e3o da Liga dos Combatentes \u00e9 um ato de justi\u00e7a hist\u00f3rica e um reconhecimento p\u00fablico a quem serviu Portugal em tempos de conflito e miss\u00e3o. A cerim\u00f3nia decorreu no concelho.<\/p>\n<p>O autarca destacou que o centen\u00e1rio representa um significado institucional e pol\u00edtico, traduzindo o respeito coletivo por quem defendeu o pa\u00eds. Fortes sublinhou que Portugal n\u00e3o se afirma por acaso, dependendo de homens e mulheres dispostos a servir, proteger e defender os valores da Na\u00e7\u00e3o.<\/p>\n<p>Al\u00e9m disso, refor\u00e7ou que as For\u00e7as Armadas s\u00e3o um pilar do Estado portugu\u00eas e que, sem institui\u00e7\u00f5es militares cred\u00edveis, n\u00e3o h\u00e1 verdadeira independ\u00eancia nem seguran\u00e7a coletiva. A Liga dos Combatentes foi apresentada como elo entre o Estado, combatentes e sociedade civil.<\/p>\n<h3>Reconhecimento e compromisso<\/h3>\n<p>O presidente da C\u00e2mara recordou o papel da Liga dos Combatentes como ponto de liga\u00e7\u00e3o entre o Estado, os combatentes e a comunidade, sublinhando valores como dever, disciplina, lealdade e servi\u00e7o \u00e0 causa comum. Celebrar o centen\u00e1rio n\u00e3o \u00e9 nostalgia, \u00e9 compromisso com a mem\u00f3ria e o futuro.<\/p>\n<p>Foi anunciado um protocolo de apoio financeiro entre a autarquia e o N\u00facleo de Mour\u00e3o da Liga dos Combatentes, para mitigar despesas das comemora\u00e7\u00f5es e refor\u00e7ar o suporte institucional ao movimento local. A medida visa facilitar as atividades do n\u00facleo.<\/p>\n<p>Fortes tamb\u00e9m afirmou a necessidade de dotar as associa\u00e7\u00f5es do concelho de melhores condi\u00e7\u00f5es e real\u00e7ou a ideia de reabilitar espa\u00e7os que funcionem como casa comum do movimento associativo. O autarca agradeceu o trabalho do N\u00facleo ao longo dos anos.<\/p>\n<p>Ao dirigirem-se ao N\u00facleo e ao presidente, o message foi de reconhecimento pelo trabalho de d\u00e9cadas, com atua\u00e7\u00e3o discreta, mas firme, mantendo o passado presente e a vis\u00e3o para o futuro. Fortes enfatizou que um pa\u00eds que respeita quem defendeu sabe para onde quer ir.<\/p>\n","protected":false},"excerpt":{"rendered":"<ul>\n<li>O presidente da C\u00e2mara Municipal de Mour\u00e3o, Jo\u00e3o Fortes, afirmou que a celebra\u00e7\u00e3o dos 100 anos do N\u00facleo de Mour\u00e3o da Liga dos Combatentes \u00e9 \u201cato de justi\u00e7a hist\u00f3rica\u201d e reconhecimento p\u00fablico a quem serviu Portugal em conflito e miss\u00e3o.<\/li>\n<li>Durante a cerim\u00f3nia, Fortes disse que o centen\u00e1rio tem significado institucional e pol\u00edtico, representando respeito coletivo pelos que defenderam o pa\u00eds.<\/li>\n<li>Fortes destacou as For\u00e7as Armadas como pilar do Estado e o papel da Liga dos Combatentes como liga\u00e7\u00e3o entre o Estado, combatentes e sociedade civil.<\/li>\n<li>Anunciou um protocolo de apoio financeiro entre a autarquia e o N\u00facleo de Mour\u00e3o para mitigar despesas das atividades comemorativas e apoiar o trabalho da estrutura local; mencionou tamb\u00e9m a melhoria de espa\u00e7os para casa comum do movimento associativo.<\/li>\n<li>Encerrou com reconhecimento ao trabalho da institui\u00e7\u00e3o, afirmando que um pa\u00eds que respeita quem o defendeu sabe para onde quer ir.<\/li>\n<\/ul>\n","protected":false},"author":2,"featured_media":186857,"comment_status":"closed","ping_status":"closed","sticky":false,"template":"","format":"standard","meta":{"footnotes":""},"categories":[1],"tags":[1788,4846,703,4220,1779,4179],"class_list":["post-186839","post","type-post","status-publish","format-standard","has-post-thumbnail","hentry","category-noticias","tag-a-liga","tag-administracao-local","tag-camara","tag-disciplina","tag-forcas-armadas","tag-movimento-associativo"],"yoast_head":"<!-- This site is optimized with the Yoast SEO plugin v27.2 - https:\/\/yoast.com\/product\/yoast-seo-wordpress\/ -->\n<title>Jo\u00e3o Fortes diz que pa\u00eds que respeita quem o defendeu sabe para onde quer ir - Portal Tela Portugal<\/title>\n<meta name=\"robots\" content=\"index, follow, max-snippet:-1, max-image-preview:large, max-video-preview:-1\" \/>\n<meta property=\"og:locale\" content=\"pt_PT\" \/>\n<meta property=\"og:type\" content=\"article\" \/>\n<meta property=\"og:title\" content=\"Jo\u00e3o Fortes diz que pa\u00eds que respeita quem o defendeu sabe para onde quer ir - Portal Tela Portugal\" \/>\n<meta property=\"og:description\" content=\"O presidente da C\u00e2mara Municipal de Mour\u00e3o, Jo\u00e3o Fortes, afirmou que a celebra\u00e7\u00e3o dos 100 anos do N\u00facleo de Mour\u00e3o da Liga dos Combatentes \u00e9 \u201cato de justi\u00e7a hist\u00f3rica\u201d e reconhecimento p\u00fablico a quem serviu Portugal em conflito e miss\u00e3o. Durante a cerim\u00f3nia, Fortes disse que o centen\u00e1rio tem significado institucional e pol\u00edtico, representando respeito coletivo pelos que defenderam o pa\u00eds. Fortes destacou as For\u00e7as Armadas como pilar do Estado e o papel da Liga dos Combatentes como liga\u00e7\u00e3o entre o Estado, combatentes e sociedade civil. Anunciou um protocolo de apoio financeiro entre a autarquia e o N\u00facleo de Mour\u00e3o para mitigar despesas das atividades comemorativas e apoiar o trabalho da estrutura local; mencionou tamb\u00e9m a melhoria de espa\u00e7os para casa comum do movimento associativo. Encerrou com reconhecimento ao trabalho da institui\u00e7\u00e3o, afirmando que um pa\u00eds que respeita quem o defendeu sabe para onde quer ir.\" \/>\n<meta property=\"og:url\" content=\"https:\/\/portaltela.pt\/noticias\/2026\/01\/31\/joao-fortes-diz-que-pais-que-respeita-quem-o-defendeu-sabe-para-onde-quer-ir\/\" \/>\n<meta property=\"og:site_name\" content=\"Portal Tela Portugal\" \/>\n<meta property=\"article:published_time\" content=\"2026-01-31T15:00:00+00:00\" \/>\n<meta name=\"author\" content=\"Telinha\" \/>\n<meta name=\"twitter:card\" content=\"summary_large_image\" \/>\n<meta name=\"twitter:label1\" content=\"Escrito por\" \/>\n\t<meta name=\"twitter:data1\" content=\"Telinha\" \/>\n\t<meta name=\"twitter:label2\" content=\"Tempo estimado de leitura\" \/>\n\t<meta name=\"twitter:data2\" content=\"2 minutos\" \/>\n<script type=\"application\/ld+json\" class=\"yoast-schema-graph\">{\"@context\":\"https:\/\/schema.org\",\"@graph\":[{\"@type\":\"Article\",\"@id\":\"https:\/\/portaltela.pt\/noticias\/2026\/01\/31\/joao-fortes-diz-que-pais-que-respeita-quem-o-defendeu-sabe-para-onde-quer-ir\/#article\",\"isPartOf\":{\"@id\":\"https:\/\/portaltela.pt\/noticias\/2026\/01\/31\/joao-fortes-diz-que-pais-que-respeita-quem-o-defendeu-sabe-para-onde-quer-ir\/\"},\"author\":{\"name\":\"Telinha\",\"@id\":\"https:\/\/portaltela.pt\/#\/schema\/person\/c4278d4a6028830caff9ee44b42d32ed\"},\"headline\":\"Jo\u00e3o Fortes diz que pa\u00eds que respeita quem o defendeu sabe para onde quer ir\",\"datePublished\":\"2026-01-31T15:00:00+00:00\",\"mainEntityOfPage\":{\"@id\":\"https:\/\/portaltela.pt\/noticias\/2026\/01\/31\/joao-fortes-diz-que-pais-que-respeita-quem-o-defendeu-sabe-para-onde-quer-ir\/\"},\"wordCount\":373,\"image\":{\"@id\":\"https:\/\/portaltela.pt\/noticias\/2026\/01\/31\/joao-fortes-diz-que-pais-que-respeita-quem-o-defendeu-sabe-para-onde-quer-ir\/#primaryimage\"},\"thumbnailUrl\":\"https:\/\/portaltela.pt\/s.01k8rhncp4jt1\/2026\/01\/mourao_liga_combatentes_jan26032.jpg\",\"keywords\":[\"A Liga\",\"Administra\u00e7\u00e3o Local\",\"c\u00e2mara\",\"disciplina\",\"For\u00e7as Armadas\",\"movimento associativo\"],\"articleSection\":[\"Not\u00edcias\"],\"inLanguage\":\"pt-PT\"},{\"@type\":\"WebPage\",\"@id\":\"https:\/\/portaltela.pt\/noticias\/2026\/01\/31\/joao-fortes-diz-que-pais-que-respeita-quem-o-defendeu-sabe-para-onde-quer-ir\/\",\"url\":\"https:\/\/portaltela.pt\/noticias\/2026\/01\/31\/joao-fortes-diz-que-pais-que-respeita-quem-o-defendeu-sabe-para-onde-quer-ir\/\",\"name\":\"Jo\u00e3o Fortes diz que pa\u00eds que respeita quem o defendeu sabe para onde quer ir - Portal Tela Portugal\",\"isPartOf\":{\"@id\":\"https:\/\/portaltela.pt\/#website\"},\"primaryImageOfPage\":{\"@id\":\"https:\/\/portaltela.pt\/noticias\/2026\/01\/31\/joao-fortes-diz-que-pais-que-respeita-quem-o-defendeu-sabe-para-onde-quer-ir\/#primaryimage\"},\"image\":{\"@id\":\"https:\/\/portaltela.pt\/noticias\/2026\/01\/31\/joao-fortes-diz-que-pais-que-respeita-quem-o-defendeu-sabe-para-onde-quer-ir\/#primaryimage\"},\"thumbnailUrl\":\"https:\/\/portaltela.pt\/s.01k8rhncp4jt1\/2026\/01\/mourao_liga_combatentes_jan26032.jpg\",\"datePublished\":\"2026-01-31T15:00:00+00:00\",\"author\":{\"@id\":\"https:\/\/portaltela.pt\/#\/schema\/person\/c4278d4a6028830caff9ee44b42d32ed\"},\"breadcrumb\":{\"@id\":\"https:\/\/portaltela.pt\/noticias\/2026\/01\/31\/joao-fortes-diz-que-pais-que-respeita-quem-o-defendeu-sabe-para-onde-quer-ir\/#breadcrumb\"},\"inLanguage\":\"pt-PT\",\"potentialAction\":[{\"@type\":\"ReadAction\",\"target\":[\"https:\/\/portaltela.pt\/noticias\/2026\/01\/31\/joao-fortes-diz-que-pais-que-respeita-quem-o-defendeu-sabe-para-onde-quer-ir\/\"]}]},{\"@type\":\"ImageObject\",\"inLanguage\":\"pt-PT\",\"@id\":\"https:\/\/portaltela.pt\/noticias\/2026\/01\/31\/joao-fortes-diz-que-pais-que-respeita-quem-o-defendeu-sabe-para-onde-quer-ir\/#primaryimage\",\"url\":\"https:\/\/portaltela.pt\/s.01k8rhncp4jt1\/2026\/01\/mourao_liga_combatentes_jan26032.jpg\",\"contentUrl\":\"https:\/\/portaltela.pt\/s.01k8rhncp4jt1\/2026\/01\/mourao_liga_combatentes_jan26032.jpg\",\"width\":796,\"height\":448,\"caption\":\"Jo\u00e3o Fortes defende que \u201cum pa\u00eds que respeita quem o defendeu sabe para onde quer ir\u201d\"},{\"@type\":\"BreadcrumbList\",\"@id\":\"https:\/\/portaltela.pt\/noticias\/2026\/01\/31\/joao-fortes-diz-que-pais-que-respeita-quem-o-defendeu-sabe-para-onde-quer-ir\/#breadcrumb\",\"itemListElement\":[{\"@type\":\"ListItem\",\"position\":1,\"name\":\"In\u00edcio\",\"item\":\"https:\/\/portaltela.pt\/\"},{\"@type\":\"ListItem\",\"position\":2,\"name\":\"Jo\u00e3o Fortes diz que pa\u00eds que respeita quem o defendeu sabe para onde quer ir\"}]},{\"@type\":\"WebSite\",\"@id\":\"https:\/\/portaltela.pt\/#website\",\"url\":\"https:\/\/portaltela.pt\/\",\"name\":\"Portal Tela Portugal\",\"description\":\"\",\"potentialAction\":[{\"@type\":\"SearchAction\",\"target\":{\"@type\":\"EntryPoint\",\"urlTemplate\":\"https:\/\/portaltela.pt\/?s={search_term_string}\"},\"query-input\":{\"@type\":\"PropertyValueSpecification\",\"valueRequired\":true,\"valueName\":\"search_term_string\"}}],\"inLanguage\":\"pt-PT\"},{\"@type\":\"Person\",\"@id\":\"https:\/\/portaltela.pt\/#\/schema\/person\/c4278d4a6028830caff9ee44b42d32ed\",\"name\":\"Telinha\",\"image\":{\"@type\":\"ImageObject\",\"inLanguage\":\"pt-PT\",\"@id\":\"https:\/\/portaltela.pt\/s.01k8rhncp4jt1\/2025\/11\/talking-bot-125x125.png\",\"url\":\"https:\/\/portaltela.pt\/s.01k8rhncp4jt1\/2025\/11\/talking-bot-125x125.png\",\"contentUrl\":\"https:\/\/portaltela.pt\/s.01k8rhncp4jt1\/2025\/11\/talking-bot-125x125.png\",\"caption\":\"Telinha\"},\"sameAs\":[\"https:\/\/portaltela.pt\/\"],\"url\":\"https:\/\/portaltela.pt\/por\/367410592786\/\"}]}<\/script>\n<!-- \/ Yoast SEO plugin. -->","yoast_head_json":{"title":"Jo\u00e3o Fortes diz que pa\u00eds que respeita quem o defendeu sabe para onde quer ir - Portal Tela Portugal","robots":{"index":"index","follow":"follow","max-snippet":"max-snippet:-1","max-image-preview":"max-image-preview:large","max-video-preview":"max-video-preview:-1"},"og_locale":"pt_PT","og_type":"article","og_title":"Jo\u00e3o Fortes diz que pa\u00eds que respeita quem o defendeu sabe para onde quer ir - Portal Tela Portugal","og_description":"O presidente da C\u00e2mara Municipal de Mour\u00e3o, Jo\u00e3o Fortes, afirmou que a celebra\u00e7\u00e3o dos 100 anos do N\u00facleo de Mour\u00e3o da Liga dos Combatentes \u00e9 \u201cato de justi\u00e7a hist\u00f3rica\u201d e reconhecimento p\u00fablico a quem serviu Portugal em conflito e miss\u00e3o. Durante a cerim\u00f3nia, Fortes disse que o centen\u00e1rio tem significado institucional e pol\u00edtico, representando respeito coletivo pelos que defenderam o pa\u00eds. Fortes destacou as For\u00e7as Armadas como pilar do Estado e o papel da Liga dos Combatentes como liga\u00e7\u00e3o entre o Estado, combatentes e sociedade civil. Anunciou um protocolo de apoio financeiro entre a autarquia e o N\u00facleo de Mour\u00e3o para mitigar despesas das atividades comemorativas e apoiar o trabalho da estrutura local; mencionou tamb\u00e9m a melhoria de espa\u00e7os para casa comum do movimento associativo. Encerrou com reconhecimento ao trabalho da institui\u00e7\u00e3o, afirmando que um pa\u00eds que respeita quem o defendeu sabe para onde quer ir.","og_url":"https:\/\/portaltela.pt\/noticias\/2026\/01\/31\/joao-fortes-diz-que-pais-que-respeita-quem-o-defendeu-sabe-para-onde-quer-ir\/","og_site_name":"Portal Tela Portugal","article_published_time":"2026-01-31T15:00:00+00:00","author":"Telinha","twitter_card":"summary_large_image","twitter_misc":{"Escrito por":"Telinha","Tempo estimado de leitura":"2 minutos"},"schema":{"@context":"https:\/\/schema.org","@graph":[{"@type":"Article","@id":"https:\/\/portaltela.pt\/noticias\/2026\/01\/31\/joao-fortes-diz-que-pais-que-respeita-quem-o-defendeu-sabe-para-onde-quer-ir\/#article","isPartOf":{"@id":"https:\/\/portaltela.pt\/noticias\/2026\/01\/31\/joao-fortes-diz-que-pais-que-respeita-quem-o-defendeu-sabe-para-onde-quer-ir\/"},"author":{"name":"Telinha","@id":"https:\/\/portaltela.pt\/#\/schema\/person\/c4278d4a6028830caff9ee44b42d32ed"},"headline":"Jo\u00e3o Fortes diz que pa\u00eds que respeita quem o defendeu sabe para onde quer ir","datePublished":"2026-01-31T15:00:00+00:00","mainEntityOfPage":{"@id":"https:\/\/portaltela.pt\/noticias\/2026\/01\/31\/joao-fortes-diz-que-pais-que-respeita-quem-o-defendeu-sabe-para-onde-quer-ir\/"},"wordCount":373,"image":{"@id":"https:\/\/portaltela.pt\/noticias\/2026\/01\/31\/joao-fortes-diz-que-pais-que-respeita-quem-o-defendeu-sabe-para-onde-quer-ir\/#primaryimage"},"thumbnailUrl":"https:\/\/portaltela.pt\/s.01k8rhncp4jt1\/2026\/01\/mourao_liga_combatentes_jan26032.jpg","keywords":["A Liga","Administra\u00e7\u00e3o Local","c\u00e2mara","disciplina","For\u00e7as Armadas","movimento associativo"],"articleSection":["Not\u00edcias"],"inLanguage":"pt-PT"},{"@type":"WebPage","@id":"https:\/\/portaltela.pt\/noticias\/2026\/01\/31\/joao-fortes-diz-que-pais-que-respeita-quem-o-defendeu-sabe-para-onde-quer-ir\/","url":"https:\/\/portaltela.pt\/noticias\/2026\/01\/31\/joao-fortes-diz-que-pais-que-respeita-quem-o-defendeu-sabe-para-onde-quer-ir\/","name":"Jo\u00e3o Fortes diz que pa\u00eds que respeita quem o defendeu sabe para onde quer ir - Portal Tela Portugal","isPartOf":{"@id":"https:\/\/portaltela.pt\/#website"},"primaryImageOfPage":{"@id":"https:\/\/portaltela.pt\/noticias\/2026\/01\/31\/joao-fortes-diz-que-pais-que-respeita-quem-o-defendeu-sabe-para-onde-quer-ir\/#primaryimage"},"image":{"@id":"https:\/\/portaltela.pt\/noticias\/2026\/01\/31\/joao-fortes-diz-que-pais-que-respeita-quem-o-defendeu-sabe-para-onde-quer-ir\/#primaryimage"},"thumbnailUrl":"https:\/\/portaltela.pt\/s.01k8rhncp4jt1\/2026\/01\/mourao_liga_combatentes_jan26032.jpg","datePublished":"2026-01-31T15:00:00+00:00","author":{"@id":"https:\/\/portaltela.pt\/#\/schema\/person\/c4278d4a6028830caff9ee44b42d32ed"},"breadcrumb":{"@id":"https:\/\/portaltela.pt\/noticias\/2026\/01\/31\/joao-fortes-diz-que-pais-que-respeita-quem-o-defendeu-sabe-para-onde-quer-ir\/#breadcrumb"},"inLanguage":"pt-PT","potentialAction":[{"@type":"ReadAction","target":["https:\/\/portaltela.pt\/noticias\/2026\/01\/31\/joao-fortes-diz-que-pais-que-respeita-quem-o-defendeu-sabe-para-onde-quer-ir\/"]}]},{"@type":"ImageObject","inLanguage":"pt-PT","@id":"https:\/\/portaltela.pt\/noticias\/2026\/01\/31\/joao-fortes-diz-que-pais-que-respeita-quem-o-defendeu-sabe-para-onde-quer-ir\/#primaryimage","url":"https:\/\/portaltela.pt\/s.01k8rhncp4jt1\/2026\/01\/mourao_liga_combatentes_jan26032.jpg","contentUrl":"https:\/\/portaltela.pt\/s.01k8rhncp4jt1\/2026\/01\/mourao_liga_combatentes_jan26032.jpg","width":796,"height":448,"caption":"Jo\u00e3o Fortes defende que \u201cum pa\u00eds que respeita quem o defendeu sabe para onde quer ir\u201d"},{"@type":"BreadcrumbList","@id":"https:\/\/portaltela.pt\/noticias\/2026\/01\/31\/joao-fortes-diz-que-pais-que-respeita-quem-o-defendeu-sabe-para-onde-quer-ir\/#breadcrumb","itemListElement":[{"@type":"ListItem","position":1,"name":"In\u00edcio","item":"https:\/\/portaltela.pt\/"},{"@type":"ListItem","position":2,"name":"Jo\u00e3o Fortes diz que pa\u00eds que respeita quem o defendeu sabe para onde quer ir"}]},{"@type":"WebSite","@id":"https:\/\/portaltela.pt\/#website","url":"https:\/\/portaltela.pt\/","name":"Portal Tela Portugal","description":"","potentialAction":[{"@type":"SearchAction","target":{"@type":"EntryPoint","urlTemplate":"https:\/\/portaltela.pt\/?s={search_term_string}"},"query-input":{"@type":"PropertyValueSpecification","valueRequired":true,"valueName":"search_term_string"}}],"inLanguage":"pt-PT"},{"@type":"Person","@id":"https:\/\/portaltela.pt\/#\/schema\/person\/c4278d4a6028830caff9ee44b42d32ed","name":"Telinha","image":{"@type":"ImageObject","inLanguage":"pt-PT","@id":"https:\/\/portaltela.pt\/s.01k8rhncp4jt1\/2025\/11\/talking-bot-125x125.png","url":"https:\/\/portaltela.pt\/s.01k8rhncp4jt1\/2025\/11\/talking-bot-125x125.png","contentUrl":"https:\/\/portaltela.pt\/s.01k8rhncp4jt1\/2025\/11\/talking-bot-125x125.png","caption":"Telinha"},"sameAs":["https:\/\/portaltela.pt\/"],"url":"https:\/\/portaltela.pt\/por\/367410592786\/"}]}},"_links":{"self":[{"href":"https:\/\/portaltela.pt\/api\/wp\/v2\/posts\/186839","targetHints":{"allow":["GET"]}}],"collection":[{"href":"https:\/\/portaltela.pt\/api\/wp\/v2\/posts"}],"about":[{"href":"https:\/\/portaltela.pt\/api\/wp\/v2\/types\/post"}],"author":[{"embeddable":true,"href":"https:\/\/portaltela.pt\/api\/wp\/v2\/users\/2"}],"replies":[{"embeddable":true,"href":"https:\/\/portaltela.pt\/api\/wp\/v2\/comments?post=186839"}],"version-history":[{"count":0,"href":"https:\/\/portaltela.pt\/api\/wp\/v2\/posts\/186839\/revisions"}],"wp:featuredmedia":[{"embeddable":true,"href":"https:\/\/portaltela.pt\/api\/wp\/v2\/media\/186857"}],"wp:attachment":[{"href":"https:\/\/portaltela.pt\/api\/wp\/v2\/media?parent=186839"}],"wp:term":[{"taxonomy":"category","embeddable":true,"href":"https:\/\/portaltela.pt\/api\/wp\/v2\/categories?post=186839"},{"taxonomy":"post_tag","embeddable":true,"href":"https:\/\/portaltela.pt\/api\/wp\/v2\/tags?post=186839"}],"curies":[{"name":"wp","href":"https:\/\/api.w.org\/{rel}","templated":true}]}}