{"id":186780,"date":"2026-01-31T11:28:02","date_gmt":"2026-01-31T14:28:02","guid":{"rendered":"https:\/\/portaltela.pt\/noticias\/2026\/01\/31\/af-leiria-vai-pedir-apoio-financeiro-a-fpf-e-ao-governo\/"},"modified":"2026-01-31T11:28:02","modified_gmt":"2026-01-31T14:28:02","slug":"af-leiria-vai-pedir-apoio-financeiro-a-fpf-e-ao-governo","status":"publish","type":"post","link":"https:\/\/portaltela.pt\/desporto\/futebol\/2026\/01\/31\/af-leiria-vai-pedir-apoio-financeiro-a-fpf-e-ao-governo\/","title":{"rendered":"AF Leiria vai pedir apoio financeiro \u00e0 FPF e ao Governo"},"content":{"rendered":"<p>Durante o segundo dia do Congresso da Federa\u00e7\u00e3o Portuguesa de Futebol (FPF) na Cidade do Futebol, o presidente da AF de Leiria, Carlos Mota Carvalho, afirmou estar preocupado com danos graves nas instala\u00e7\u00f5es desportivas causados pela depress\u00e3o Kristin. A declara\u00e7\u00e3o ocorreu no \u00e2mbito do encontro.<\/p>\n<p>O dirigente descreveu estragos significativos em campos de futebol e pavilh\u00f5es, com telhados danificados e pisos comprometidos, o que pode atrasar o retorno da pr\u00e1tica desportiva na regi\u00e3o. Ainda n\u00e3o h\u00e1 estimativa oficial dos valores.<\/p>\n<p>Foram apontadas falhas de rede que dificultam a comunica\u00e7\u00e3o com os clubes para quantificar os danos e definir medidas de apoio. Carvalho deixou o foco na necessidade de uni\u00e3o entre clubes, autarquias e comunidade para ultrapassar a crise.<\/p>\n<p>O respons\u00e1vel revelou contactos com o presidente da FPF, Pedro Proen\u00e7a, que assegurou uma visita ao local, sem prometer apoio financeiro. A AF de Leiria pretende pedir apoio financeiro \u00e0 FPF e ao Governo para facilitar a reativa\u00e7\u00e3o das atividades desportivas.<\/p>\n<h3>Apoio financeiro e pr\u00f3ximos passos<\/h3>\n<p>A devolu\u00e7\u00e3o \u00e0 normalidade depende de investimentos externos. Em caso de aus\u00eancia de apoio, os clubes de Leiria podem enfrentar dificuldades acrescidas para retomar a pr\u00e1tica, segundo o interlocutor. A avalia\u00e7\u00e3o de preju\u00edzos continua em curso.<\/p>\n","protected":false},"excerpt":{"rendered":"<ul>\n<li>O presidente da Associa\u00e7\u00e3o de Futebol de Leiria, Carlos Mota Carvalho, disse estar preocupado com os danos avultados nas instala\u00e7\u00f5es desportivas causados pela depress\u00e3o Kristin.<\/li>\n<li>A comunica\u00e7\u00e3o com os clubes est\u00e1 a falhar devido a problemas de rede e internet na regi\u00e3o, complicando o levantamento de danos e necessidades de apoio.<\/li>\n<li>Sem quantificar, mencionou danos de milhares de euros em campos de futebol e pavilh\u00f5es, incluindo telhados destru\u00eddos e pisos danificados pela chuva.<\/li>\n<li>Refor\u00e7ou que ser\u00e1 necess\u00e1ria grande uni\u00e3o, sacrif\u00edcio e resili\u00eancia entre todos para reativar a pr\u00e1tica desportiva.<\/li>\n<li>Foi contactado pelo presidente da Federa\u00e7\u00e3o Portuguesa de Futebol, Pedro Proen\u00e7a, que deve visitar o local; n\u00e3o h\u00e1 promessas de apoio financeiro, apenas uma visita e levantamento para pedir apoio ao governo e \u00e0 FPF.<\/li>\n<\/ul>\n","protected":false},"author":2,"featured_media":186785,"comment_status":"closed","ping_status":"closed","sticky":false,"template":"","format":"standard","meta":{"footnotes":""},"categories":[21,24],"tags":[3088,2706,152,2705,733,34],"class_list":["post-186780","post","type-post","status-publish","format-standard","has-post-thumbnail","hentry","category-desporto","category-futebol","tag-af-leiria","tag-autarquias","tag-desporto","tag-federacao-portuguesa-de-futebol","tag-financas-publicas","tag-governo"],"yoast_head":"<!-- This site is optimized with the Yoast SEO plugin v27.2 - https:\/\/yoast.com\/product\/yoast-seo-wordpress\/ -->\n<title>AF Leiria vai pedir apoio financeiro \u00e0 FPF e ao Governo - Portal Tela Portugal<\/title>\n<meta name=\"robots\" content=\"index, follow, max-snippet:-1, max-image-preview:large, max-video-preview:-1\" \/>\n<meta property=\"og:locale\" content=\"pt_PT\" \/>\n<meta property=\"og:type\" content=\"article\" \/>\n<meta property=\"og:title\" content=\"AF Leiria vai pedir apoio financeiro \u00e0 FPF e ao Governo - Portal Tela Portugal\" \/>\n<meta property=\"og:description\" content=\"O presidente da Associa\u00e7\u00e3o de Futebol de Leiria, Carlos Mota Carvalho, disse estar preocupado com os danos avultados nas instala\u00e7\u00f5es desportivas causados pela depress\u00e3o Kristin. A comunica\u00e7\u00e3o com os clubes est\u00e1 a falhar devido a problemas de rede e internet na regi\u00e3o, complicando o levantamento de danos e necessidades de apoio. Sem quantificar, mencionou danos de milhares de euros em campos de futebol e pavilh\u00f5es, incluindo telhados destru\u00eddos e pisos danificados pela chuva. Refor\u00e7ou que ser\u00e1 necess\u00e1ria grande uni\u00e3o, sacrif\u00edcio e resili\u00eancia entre todos para reativar a pr\u00e1tica desportiva. Foi contactado pelo presidente da Federa\u00e7\u00e3o Portuguesa de Futebol, Pedro Proen\u00e7a, que deve visitar o local; n\u00e3o h\u00e1 promessas de apoio financeiro, apenas uma visita e levantamento para pedir apoio ao governo e \u00e0 FPF.\" \/>\n<meta property=\"og:url\" content=\"https:\/\/portaltela.pt\/noticias\/2026\/01\/31\/af-leiria-vai-pedir-apoio-financeiro-a-fpf-e-ao-governo\/\" \/>\n<meta property=\"og:site_name\" content=\"Portal Tela Portugal\" \/>\n<meta property=\"article:published_time\" content=\"2026-01-31T14:28:02+00:00\" \/>\n<meta name=\"author\" content=\"Telinha\" \/>\n<meta name=\"twitter:card\" content=\"summary_large_image\" \/>\n<meta name=\"twitter:label1\" content=\"Escrito por\" \/>\n\t<meta name=\"twitter:data1\" content=\"Telinha\" \/>\n\t<meta name=\"twitter:label2\" content=\"Tempo estimado de leitura\" \/>\n\t<meta name=\"twitter:data2\" content=\"1 minuto\" \/>\n<script type=\"application\/ld+json\" class=\"yoast-schema-graph\">{\"@context\":\"https:\/\/schema.org\",\"@graph\":[{\"@type\":\"Article\",\"@id\":\"https:\/\/portaltela.pt\/noticias\/2026\/01\/31\/af-leiria-vai-pedir-apoio-financeiro-a-fpf-e-ao-governo\/#article\",\"isPartOf\":{\"@id\":\"https:\/\/portaltela.pt\/noticias\/2026\/01\/31\/af-leiria-vai-pedir-apoio-financeiro-a-fpf-e-ao-governo\/\"},\"author\":{\"name\":\"Telinha\",\"@id\":\"https:\/\/portaltela.pt\/#\/schema\/person\/c4278d4a6028830caff9ee44b42d32ed\"},\"headline\":\"AF Leiria vai pedir apoio financeiro \u00e0 FPF e ao Governo\",\"datePublished\":\"2026-01-31T14:28:02+00:00\",\"mainEntityOfPage\":{\"@id\":\"https:\/\/portaltela.pt\/noticias\/2026\/01\/31\/af-leiria-vai-pedir-apoio-financeiro-a-fpf-e-ao-governo\/\"},\"wordCount\":227,\"image\":{\"@id\":\"https:\/\/portaltela.pt\/noticias\/2026\/01\/31\/af-leiria-vai-pedir-apoio-financeiro-a-fpf-e-ao-governo\/#primaryimage\"},\"thumbnailUrl\":\"https:\/\/portaltela.pt\/s.01k8rhncp4jt1\/2026\/01\/img_920x518uu2026-01-31-14-13-48-2418647-im-639054664514031802.jpg\",\"keywords\":[\"AF Leiria\",\"autarquias\",\"desporto\",\"Federa\u00e7\u00e3o Portuguesa de Futebol\",\"finan\u00e7as p\u00fablicas\",\"governo\"],\"articleSection\":[\"Desporto\",\"Futebol\"],\"inLanguage\":\"pt-PT\"},{\"@type\":\"WebPage\",\"@id\":\"https:\/\/portaltela.pt\/noticias\/2026\/01\/31\/af-leiria-vai-pedir-apoio-financeiro-a-fpf-e-ao-governo\/\",\"url\":\"https:\/\/portaltela.pt\/noticias\/2026\/01\/31\/af-leiria-vai-pedir-apoio-financeiro-a-fpf-e-ao-governo\/\",\"name\":\"AF Leiria vai pedir apoio financeiro \u00e0 FPF e ao Governo - Portal Tela Portugal\",\"isPartOf\":{\"@id\":\"https:\/\/portaltela.pt\/#website\"},\"primaryImageOfPage\":{\"@id\":\"https:\/\/portaltela.pt\/noticias\/2026\/01\/31\/af-leiria-vai-pedir-apoio-financeiro-a-fpf-e-ao-governo\/#primaryimage\"},\"image\":{\"@id\":\"https:\/\/portaltela.pt\/noticias\/2026\/01\/31\/af-leiria-vai-pedir-apoio-financeiro-a-fpf-e-ao-governo\/#primaryimage\"},\"thumbnailUrl\":\"https:\/\/portaltela.pt\/s.01k8rhncp4jt1\/2026\/01\/img_920x518uu2026-01-31-14-13-48-2418647-im-639054664514031802.jpg\",\"datePublished\":\"2026-01-31T14:28:02+00:00\",\"author\":{\"@id\":\"https:\/\/portaltela.pt\/#\/schema\/person\/c4278d4a6028830caff9ee44b42d32ed\"},\"breadcrumb\":{\"@id\":\"https:\/\/portaltela.pt\/noticias\/2026\/01\/31\/af-leiria-vai-pedir-apoio-financeiro-a-fpf-e-ao-governo\/#breadcrumb\"},\"inLanguage\":\"pt-PT\",\"potentialAction\":[{\"@type\":\"ReadAction\",\"target\":[\"https:\/\/portaltela.pt\/noticias\/2026\/01\/31\/af-leiria-vai-pedir-apoio-financeiro-a-fpf-e-ao-governo\/\"]}]},{\"@type\":\"ImageObject\",\"inLanguage\":\"pt-PT\",\"@id\":\"https:\/\/portaltela.pt\/noticias\/2026\/01\/31\/af-leiria-vai-pedir-apoio-financeiro-a-fpf-e-ao-governo\/#primaryimage\",\"url\":\"https:\/\/portaltela.pt\/s.01k8rhncp4jt1\/2026\/01\/img_920x518uu2026-01-31-14-13-48-2418647-im-639054664514031802.jpg\",\"contentUrl\":\"https:\/\/portaltela.pt\/s.01k8rhncp4jt1\/2026\/01\/img_920x518uu2026-01-31-14-13-48-2418647-im-639054664514031802.jpg\",\"width\":796,\"height\":448,\"caption\":\"Carlos Mota Carvalho\"},{\"@type\":\"BreadcrumbList\",\"@id\":\"https:\/\/portaltela.pt\/noticias\/2026\/01\/31\/af-leiria-vai-pedir-apoio-financeiro-a-fpf-e-ao-governo\/#breadcrumb\",\"itemListElement\":[{\"@type\":\"ListItem\",\"position\":1,\"name\":\"In\u00edcio\",\"item\":\"https:\/\/portaltela.pt\/\"},{\"@type\":\"ListItem\",\"position\":2,\"name\":\"AF Leiria vai pedir apoio financeiro \u00e0 FPF e ao Governo\"}]},{\"@type\":\"WebSite\",\"@id\":\"https:\/\/portaltela.pt\/#website\",\"url\":\"https:\/\/portaltela.pt\/\",\"name\":\"Portal Tela Portugal\",\"description\":\"\",\"potentialAction\":[{\"@type\":\"SearchAction\",\"target\":{\"@type\":\"EntryPoint\",\"urlTemplate\":\"https:\/\/portaltela.pt\/?s={search_term_string}\"},\"query-input\":{\"@type\":\"PropertyValueSpecification\",\"valueRequired\":true,\"valueName\":\"search_term_string\"}}],\"inLanguage\":\"pt-PT\"},{\"@type\":\"Person\",\"@id\":\"https:\/\/portaltela.pt\/#\/schema\/person\/c4278d4a6028830caff9ee44b42d32ed\",\"name\":\"Telinha\",\"image\":{\"@type\":\"ImageObject\",\"inLanguage\":\"pt-PT\",\"@id\":\"https:\/\/portaltela.pt\/s.01k8rhncp4jt1\/2025\/11\/talking-bot-125x125.png\",\"url\":\"https:\/\/portaltela.pt\/s.01k8rhncp4jt1\/2025\/11\/talking-bot-125x125.png\",\"contentUrl\":\"https:\/\/portaltela.pt\/s.01k8rhncp4jt1\/2025\/11\/talking-bot-125x125.png\",\"caption\":\"Telinha\"},\"sameAs\":[\"https:\/\/portaltela.pt\/\"],\"url\":\"https:\/\/portaltela.pt\/por\/367410592786\/\"}]}<\/script>\n<!-- \/ Yoast SEO plugin. -->","yoast_head_json":{"title":"AF Leiria vai pedir apoio financeiro \u00e0 FPF e ao Governo - Portal Tela Portugal","robots":{"index":"index","follow":"follow","max-snippet":"max-snippet:-1","max-image-preview":"max-image-preview:large","max-video-preview":"max-video-preview:-1"},"og_locale":"pt_PT","og_type":"article","og_title":"AF Leiria vai pedir apoio financeiro \u00e0 FPF e ao Governo - Portal Tela Portugal","og_description":"O presidente da Associa\u00e7\u00e3o de Futebol de Leiria, Carlos Mota Carvalho, disse estar preocupado com os danos avultados nas instala\u00e7\u00f5es desportivas causados pela depress\u00e3o Kristin. A comunica\u00e7\u00e3o com os clubes est\u00e1 a falhar devido a problemas de rede e internet na regi\u00e3o, complicando o levantamento de danos e necessidades de apoio. Sem quantificar, mencionou danos de milhares de euros em campos de futebol e pavilh\u00f5es, incluindo telhados destru\u00eddos e pisos danificados pela chuva. Refor\u00e7ou que ser\u00e1 necess\u00e1ria grande uni\u00e3o, sacrif\u00edcio e resili\u00eancia entre todos para reativar a pr\u00e1tica desportiva. Foi contactado pelo presidente da Federa\u00e7\u00e3o Portuguesa de Futebol, Pedro Proen\u00e7a, que deve visitar o local; n\u00e3o h\u00e1 promessas de apoio financeiro, apenas uma visita e levantamento para pedir apoio ao governo e \u00e0 FPF.","og_url":"https:\/\/portaltela.pt\/noticias\/2026\/01\/31\/af-leiria-vai-pedir-apoio-financeiro-a-fpf-e-ao-governo\/","og_site_name":"Portal Tela Portugal","article_published_time":"2026-01-31T14:28:02+00:00","author":"Telinha","twitter_card":"summary_large_image","twitter_misc":{"Escrito por":"Telinha","Tempo estimado de leitura":"1 minuto"},"schema":{"@context":"https:\/\/schema.org","@graph":[{"@type":"Article","@id":"https:\/\/portaltela.pt\/noticias\/2026\/01\/31\/af-leiria-vai-pedir-apoio-financeiro-a-fpf-e-ao-governo\/#article","isPartOf":{"@id":"https:\/\/portaltela.pt\/noticias\/2026\/01\/31\/af-leiria-vai-pedir-apoio-financeiro-a-fpf-e-ao-governo\/"},"author":{"name":"Telinha","@id":"https:\/\/portaltela.pt\/#\/schema\/person\/c4278d4a6028830caff9ee44b42d32ed"},"headline":"AF Leiria vai pedir apoio financeiro \u00e0 FPF e ao Governo","datePublished":"2026-01-31T14:28:02+00:00","mainEntityOfPage":{"@id":"https:\/\/portaltela.pt\/noticias\/2026\/01\/31\/af-leiria-vai-pedir-apoio-financeiro-a-fpf-e-ao-governo\/"},"wordCount":227,"image":{"@id":"https:\/\/portaltela.pt\/noticias\/2026\/01\/31\/af-leiria-vai-pedir-apoio-financeiro-a-fpf-e-ao-governo\/#primaryimage"},"thumbnailUrl":"https:\/\/portaltela.pt\/s.01k8rhncp4jt1\/2026\/01\/img_920x518uu2026-01-31-14-13-48-2418647-im-639054664514031802.jpg","keywords":["AF Leiria","autarquias","desporto","Federa\u00e7\u00e3o Portuguesa de Futebol","finan\u00e7as p\u00fablicas","governo"],"articleSection":["Desporto","Futebol"],"inLanguage":"pt-PT"},{"@type":"WebPage","@id":"https:\/\/portaltela.pt\/noticias\/2026\/01\/31\/af-leiria-vai-pedir-apoio-financeiro-a-fpf-e-ao-governo\/","url":"https:\/\/portaltela.pt\/noticias\/2026\/01\/31\/af-leiria-vai-pedir-apoio-financeiro-a-fpf-e-ao-governo\/","name":"AF Leiria vai pedir apoio financeiro \u00e0 FPF e ao Governo - Portal Tela Portugal","isPartOf":{"@id":"https:\/\/portaltela.pt\/#website"},"primaryImageOfPage":{"@id":"https:\/\/portaltela.pt\/noticias\/2026\/01\/31\/af-leiria-vai-pedir-apoio-financeiro-a-fpf-e-ao-governo\/#primaryimage"},"image":{"@id":"https:\/\/portaltela.pt\/noticias\/2026\/01\/31\/af-leiria-vai-pedir-apoio-financeiro-a-fpf-e-ao-governo\/#primaryimage"},"thumbnailUrl":"https:\/\/portaltela.pt\/s.01k8rhncp4jt1\/2026\/01\/img_920x518uu2026-01-31-14-13-48-2418647-im-639054664514031802.jpg","datePublished":"2026-01-31T14:28:02+00:00","author":{"@id":"https:\/\/portaltela.pt\/#\/schema\/person\/c4278d4a6028830caff9ee44b42d32ed"},"breadcrumb":{"@id":"https:\/\/portaltela.pt\/noticias\/2026\/01\/31\/af-leiria-vai-pedir-apoio-financeiro-a-fpf-e-ao-governo\/#breadcrumb"},"inLanguage":"pt-PT","potentialAction":[{"@type":"ReadAction","target":["https:\/\/portaltela.pt\/noticias\/2026\/01\/31\/af-leiria-vai-pedir-apoio-financeiro-a-fpf-e-ao-governo\/"]}]},{"@type":"ImageObject","inLanguage":"pt-PT","@id":"https:\/\/portaltela.pt\/noticias\/2026\/01\/31\/af-leiria-vai-pedir-apoio-financeiro-a-fpf-e-ao-governo\/#primaryimage","url":"https:\/\/portaltela.pt\/s.01k8rhncp4jt1\/2026\/01\/img_920x518uu2026-01-31-14-13-48-2418647-im-639054664514031802.jpg","contentUrl":"https:\/\/portaltela.pt\/s.01k8rhncp4jt1\/2026\/01\/img_920x518uu2026-01-31-14-13-48-2418647-im-639054664514031802.jpg","width":796,"height":448,"caption":"Carlos Mota Carvalho"},{"@type":"BreadcrumbList","@id":"https:\/\/portaltela.pt\/noticias\/2026\/01\/31\/af-leiria-vai-pedir-apoio-financeiro-a-fpf-e-ao-governo\/#breadcrumb","itemListElement":[{"@type":"ListItem","position":1,"name":"In\u00edcio","item":"https:\/\/portaltela.pt\/"},{"@type":"ListItem","position":2,"name":"AF Leiria vai pedir apoio financeiro \u00e0 FPF e ao Governo"}]},{"@type":"WebSite","@id":"https:\/\/portaltela.pt\/#website","url":"https:\/\/portaltela.pt\/","name":"Portal Tela Portugal","description":"","potentialAction":[{"@type":"SearchAction","target":{"@type":"EntryPoint","urlTemplate":"https:\/\/portaltela.pt\/?s={search_term_string}"},"query-input":{"@type":"PropertyValueSpecification","valueRequired":true,"valueName":"search_term_string"}}],"inLanguage":"pt-PT"},{"@type":"Person","@id":"https:\/\/portaltela.pt\/#\/schema\/person\/c4278d4a6028830caff9ee44b42d32ed","name":"Telinha","image":{"@type":"ImageObject","inLanguage":"pt-PT","@id":"https:\/\/portaltela.pt\/s.01k8rhncp4jt1\/2025\/11\/talking-bot-125x125.png","url":"https:\/\/portaltela.pt\/s.01k8rhncp4jt1\/2025\/11\/talking-bot-125x125.png","contentUrl":"https:\/\/portaltela.pt\/s.01k8rhncp4jt1\/2025\/11\/talking-bot-125x125.png","caption":"Telinha"},"sameAs":["https:\/\/portaltela.pt\/"],"url":"https:\/\/portaltela.pt\/por\/367410592786\/"}]}},"_links":{"self":[{"href":"https:\/\/portaltela.pt\/api\/wp\/v2\/posts\/186780","targetHints":{"allow":["GET"]}}],"collection":[{"href":"https:\/\/portaltela.pt\/api\/wp\/v2\/posts"}],"about":[{"href":"https:\/\/portaltela.pt\/api\/wp\/v2\/types\/post"}],"author":[{"embeddable":true,"href":"https:\/\/portaltela.pt\/api\/wp\/v2\/users\/2"}],"replies":[{"embeddable":true,"href":"https:\/\/portaltela.pt\/api\/wp\/v2\/comments?post=186780"}],"version-history":[{"count":0,"href":"https:\/\/portaltela.pt\/api\/wp\/v2\/posts\/186780\/revisions"}],"wp:featuredmedia":[{"embeddable":true,"href":"https:\/\/portaltela.pt\/api\/wp\/v2\/media\/186785"}],"wp:attachment":[{"href":"https:\/\/portaltela.pt\/api\/wp\/v2\/media?parent=186780"}],"wp:term":[{"taxonomy":"category","embeddable":true,"href":"https:\/\/portaltela.pt\/api\/wp\/v2\/categories?post=186780"},{"taxonomy":"post_tag","embeddable":true,"href":"https:\/\/portaltela.pt\/api\/wp\/v2\/tags?post=186780"}],"curies":[{"name":"wp","href":"https:\/\/api.w.org\/{rel}","templated":true}]}}