{"id":186740,"date":"2026-01-31T11:08:07","date_gmt":"2026-01-31T14:08:07","guid":{"rendered":"https:\/\/portaltela.pt\/noticias\/2026\/01\/31\/plantar-lousada-oferece-plantas-nativas-a-todas-as-juntas-de-freguesia-em-fevereiro\/"},"modified":"2026-01-31T11:08:07","modified_gmt":"2026-01-31T14:08:07","slug":"plantar-lousada-oferece-plantas-nativas-a-todas-as-juntas-de-freguesia-em-fevereiro","status":"publish","type":"post","link":"https:\/\/portaltela.pt\/noticias\/2026\/01\/31\/plantar-lousada-oferece-plantas-nativas-a-todas-as-juntas-de-freguesia-em-fevereiro\/","title":{"rendered":"Plantar Lousada oferece plantas nativas a todas as juntas de freguesia em fevereiro"},"content":{"rendered":"<p>O munic\u00edpio de Lousada vai oferecer plantas nativas gratuitamente nas juntas de freguesia durante Fevereiro, com o objetivo de promover a biodiversidade local. A iniciativa decorre para j\u00e1, em todos os dias \u00fateis do m\u00eas, no per\u00edodo da tarde.<\/p>\n<p>A campanha, denominada Plantar Lousada\u2026 no seu quintal, leva \u00e1rvores, arbustos e plantas arom\u00e1ticas diretamente \u00e0 comunidade. O objetivo \u00e9 facilitar o acesso a esp\u00e9cies aut\u00f3ctones e incentivar a planta\u00e7\u00e3o dom\u00e9stica.<\/p>\n<p>A a\u00e7\u00e3o acontece entre 2 e 25 de fevereiro, das 14h00 \u00e0s 17h30, em cada junta de freguesia conforme um calend\u00e1rio pr\u00e9-definido. O arranque \u00e9 em Ca\u00edde, seguindo-se Cristelos, Santo Estev\u00e3o e outras freguesias at\u00e9 25 de fevereiro.<\/p>\n<h3>Calend\u00e1rio e locais<\/h3>\n<p>Ao longo do m\u00eas, uma junta de freguesia diferente recebe a distribui\u00e7\u00e3o di\u00e1ria, sem necessidade de inscri\u00e7\u00e3o pr\u00e9via. O munic\u00edpio pretende facilitar o acesso a quem n\u00e3o pode deslocar-se ao Ecocentro Municipal, ponto habitual de distribui\u00e7\u00e3o.<\/p>\n<p>A iniciativa pretende estimular a planta\u00e7\u00e3o local, a biodiversidade e um futuro mais verde, promovendo o plantio no quintal, terreno ou varanda. A participa\u00e7\u00e3o \u00e9 livre e as plantas s\u00e3o fornecidas gratuitamente.<\/p>\n<p>Esta a\u00e7\u00e3o integra a pol\u00edtica ambiental do munic\u00edpio, que tem promovido refloresta\u00e7\u00e3o com esp\u00e9cies ind\u00edgenas e o aumento da cobertura vegetal. A comunica\u00e7\u00e3o sublinha o papel da comunidade na sustentabilidade ecol\u00f3gica.<\/p>\n<h3>Objetivos ambientais<\/h3>\n<p>O programa refor\u00e7a o compromisso de sensibilizar a popula\u00e7\u00e3o para a biodiversidade local. A autarquia aponta para benef\u00edcios ambientais, como melhoria da qualidade do solo e da paisagem urbana.<\/p>\n","protected":false},"excerpt":{"rendered":"<ul>\n<li>O munic\u00edpio de Lousada oferece plantas nativas gratuitamente em todas as juntas de freguesia durante o m\u00eas de fevereiro, para promover a biodiversidade local.<\/li>\n<li>A iniciativa decorre entre dois e vinte e cinco de fevereiro, no per\u00edodo da tarde, das catorze \u00e0s dezessete e trinta.<\/li>\n<li>Em cada dia, uma junta de freguesia diferente recebe a distribui\u00e7\u00e3o, seguindo um calend\u00e1rio j\u00e1 divulgado pela autarquia; o arranque \u00e9 em Ca\u00edde no dia dois, Cristelos no dia tr\u00eas, Santo Estev\u00e3o no dia quatro, at\u00e9 vinte e cinco em Vilar do Torno e Alent\u00e9m.<\/li>\n<li>Ser\u00e3o distribu\u00eddas \u00e1rvores, arbustos e plantas arom\u00e1ticas nativas, com o objetivo de facilitar o acesso \u00e0 planta\u00e7\u00e3o pela popula\u00e7\u00e3o.<\/li>\n<li>A campanha insere-se na pol\u00edtica ambiental do munic\u00edpio, que promove refloresta\u00e7\u00e3o com esp\u00e9cies ind\u00edgenas e n\u00e3o requer inscri\u00e7\u00e3o pr\u00e9via.<\/li>\n<\/ul>\n","protected":false},"author":2,"featured_media":186750,"comment_status":"closed","ping_status":"closed","sticky":false,"template":"","format":"standard","meta":{"footnotes":""},"categories":[1],"tags":[4202,167,1701,4880,1138,4576],"class_list":["post-186740","post","type-post","status-publish","format-standard","has-post-thumbnail","hentry","category-noticias","tag-agroambiental","tag-ambiente","tag-biodiversidade","tag-conservacao-ambiental","tag-ecologia","tag-florestal"],"yoast_head":"<!-- This site is optimized with the Yoast SEO plugin v27.2 - https:\/\/yoast.com\/product\/yoast-seo-wordpress\/ -->\n<title>Plantar Lousada oferece plantas nativas a todas as juntas de freguesia em fevereiro - Portal Tela Portugal<\/title>\n<meta name=\"robots\" content=\"index, follow, max-snippet:-1, max-image-preview:large, max-video-preview:-1\" \/>\n<meta property=\"og:locale\" content=\"pt_PT\" \/>\n<meta property=\"og:type\" content=\"article\" \/>\n<meta property=\"og:title\" content=\"Plantar Lousada oferece plantas nativas a todas as juntas de freguesia em fevereiro - Portal Tela Portugal\" \/>\n<meta property=\"og:description\" content=\"O munic\u00edpio de Lousada oferece plantas nativas gratuitamente em todas as juntas de freguesia durante o m\u00eas de fevereiro, para promover a biodiversidade local. A iniciativa decorre entre dois e vinte e cinco de fevereiro, no per\u00edodo da tarde, das catorze \u00e0s dezessete e trinta. Em cada dia, uma junta de freguesia diferente recebe a distribui\u00e7\u00e3o, seguindo um calend\u00e1rio j\u00e1 divulgado pela autarquia; o arranque \u00e9 em Ca\u00edde no dia dois, Cristelos no dia tr\u00eas, Santo Estev\u00e3o no dia quatro, at\u00e9 vinte e cinco em Vilar do Torno e Alent\u00e9m. Ser\u00e3o distribu\u00eddas \u00e1rvores, arbustos e plantas arom\u00e1ticas nativas, com o objetivo de facilitar o acesso \u00e0 planta\u00e7\u00e3o pela popula\u00e7\u00e3o. A campanha insere-se na pol\u00edtica ambiental do munic\u00edpio, que promove refloresta\u00e7\u00e3o com esp\u00e9cies ind\u00edgenas e n\u00e3o requer inscri\u00e7\u00e3o pr\u00e9via.\" \/>\n<meta property=\"og:url\" content=\"https:\/\/portaltela.pt\/noticias\/2026\/01\/31\/plantar-lousada-oferece-plantas-nativas-a-todas-as-juntas-de-freguesia-em-fevereiro\/\" \/>\n<meta property=\"og:site_name\" content=\"Portal Tela Portugal\" \/>\n<meta property=\"article:published_time\" content=\"2026-01-31T14:08:07+00:00\" \/>\n<meta name=\"author\" content=\"Telinha\" \/>\n<meta name=\"twitter:card\" content=\"summary_large_image\" \/>\n<meta name=\"twitter:label1\" content=\"Escrito por\" \/>\n\t<meta name=\"twitter:data1\" content=\"Telinha\" \/>\n\t<meta name=\"twitter:label2\" content=\"Tempo estimado de leitura\" \/>\n\t<meta name=\"twitter:data2\" content=\"1 minuto\" \/>\n<script type=\"application\/ld+json\" class=\"yoast-schema-graph\">{\"@context\":\"https:\/\/schema.org\",\"@graph\":[{\"@type\":\"Article\",\"@id\":\"https:\/\/portaltela.pt\/noticias\/2026\/01\/31\/plantar-lousada-oferece-plantas-nativas-a-todas-as-juntas-de-freguesia-em-fevereiro\/#article\",\"isPartOf\":{\"@id\":\"https:\/\/portaltela.pt\/noticias\/2026\/01\/31\/plantar-lousada-oferece-plantas-nativas-a-todas-as-juntas-de-freguesia-em-fevereiro\/\"},\"author\":{\"name\":\"Telinha\",\"@id\":\"https:\/\/portaltela.pt\/#\/schema\/person\/c4278d4a6028830caff9ee44b42d32ed\"},\"headline\":\"Plantar Lousada oferece plantas nativas a todas as juntas de freguesia em fevereiro\",\"datePublished\":\"2026-01-31T14:08:07+00:00\",\"mainEntityOfPage\":{\"@id\":\"https:\/\/portaltela.pt\/noticias\/2026\/01\/31\/plantar-lousada-oferece-plantas-nativas-a-todas-as-juntas-de-freguesia-em-fevereiro\/\"},\"wordCount\":283,\"image\":{\"@id\":\"https:\/\/portaltela.pt\/noticias\/2026\/01\/31\/plantar-lousada-oferece-plantas-nativas-a-todas-as-juntas-de-freguesia-em-fevereiro\/#primaryimage\"},\"thumbnailUrl\":\"https:\/\/portaltela.pt\/s.01k8rhncp4jt1\/2026\/01\/unnamed-file-6319.jpg\",\"keywords\":[\"agroambiental\",\"ambiente\",\"biodiversidade\",\"conserva\u00e7\u00e3o ambiental\",\"ecologia\",\"florestal\"],\"articleSection\":[\"Not\u00edcias\"],\"inLanguage\":\"pt-PT\"},{\"@type\":\"WebPage\",\"@id\":\"https:\/\/portaltela.pt\/noticias\/2026\/01\/31\/plantar-lousada-oferece-plantas-nativas-a-todas-as-juntas-de-freguesia-em-fevereiro\/\",\"url\":\"https:\/\/portaltela.pt\/noticias\/2026\/01\/31\/plantar-lousada-oferece-plantas-nativas-a-todas-as-juntas-de-freguesia-em-fevereiro\/\",\"name\":\"Plantar Lousada oferece plantas nativas a todas as juntas de freguesia em fevereiro - Portal Tela Portugal\",\"isPartOf\":{\"@id\":\"https:\/\/portaltela.pt\/#website\"},\"primaryImageOfPage\":{\"@id\":\"https:\/\/portaltela.pt\/noticias\/2026\/01\/31\/plantar-lousada-oferece-plantas-nativas-a-todas-as-juntas-de-freguesia-em-fevereiro\/#primaryimage\"},\"image\":{\"@id\":\"https:\/\/portaltela.pt\/noticias\/2026\/01\/31\/plantar-lousada-oferece-plantas-nativas-a-todas-as-juntas-de-freguesia-em-fevereiro\/#primaryimage\"},\"thumbnailUrl\":\"https:\/\/portaltela.pt\/s.01k8rhncp4jt1\/2026\/01\/unnamed-file-6319.jpg\",\"datePublished\":\"2026-01-31T14:08:07+00:00\",\"author\":{\"@id\":\"https:\/\/portaltela.pt\/#\/schema\/person\/c4278d4a6028830caff9ee44b42d32ed\"},\"breadcrumb\":{\"@id\":\"https:\/\/portaltela.pt\/noticias\/2026\/01\/31\/plantar-lousada-oferece-plantas-nativas-a-todas-as-juntas-de-freguesia-em-fevereiro\/#breadcrumb\"},\"inLanguage\":\"pt-PT\",\"potentialAction\":[{\"@type\":\"ReadAction\",\"target\":[\"https:\/\/portaltela.pt\/noticias\/2026\/01\/31\/plantar-lousada-oferece-plantas-nativas-a-todas-as-juntas-de-freguesia-em-fevereiro\/\"]}]},{\"@type\":\"ImageObject\",\"inLanguage\":\"pt-PT\",\"@id\":\"https:\/\/portaltela.pt\/noticias\/2026\/01\/31\/plantar-lousada-oferece-plantas-nativas-a-todas-as-juntas-de-freguesia-em-fevereiro\/#primaryimage\",\"url\":\"https:\/\/portaltela.pt\/s.01k8rhncp4jt1\/2026\/01\/unnamed-file-6319.jpg\",\"contentUrl\":\"https:\/\/portaltela.pt\/s.01k8rhncp4jt1\/2026\/01\/unnamed-file-6319.jpg\",\"width\":796,\"height\":448,\"caption\":\"Campanha \u201cPlantar Lousada\u201d leva oferta de plantas nativas a todas as juntas de freguesia em fevereiro\"},{\"@type\":\"BreadcrumbList\",\"@id\":\"https:\/\/portaltela.pt\/noticias\/2026\/01\/31\/plantar-lousada-oferece-plantas-nativas-a-todas-as-juntas-de-freguesia-em-fevereiro\/#breadcrumb\",\"itemListElement\":[{\"@type\":\"ListItem\",\"position\":1,\"name\":\"In\u00edcio\",\"item\":\"https:\/\/portaltela.pt\/\"},{\"@type\":\"ListItem\",\"position\":2,\"name\":\"Plantar Lousada oferece plantas nativas a todas as juntas de freguesia em fevereiro\"}]},{\"@type\":\"WebSite\",\"@id\":\"https:\/\/portaltela.pt\/#website\",\"url\":\"https:\/\/portaltela.pt\/\",\"name\":\"Portal Tela Portugal\",\"description\":\"\",\"potentialAction\":[{\"@type\":\"SearchAction\",\"target\":{\"@type\":\"EntryPoint\",\"urlTemplate\":\"https:\/\/portaltela.pt\/?s={search_term_string}\"},\"query-input\":{\"@type\":\"PropertyValueSpecification\",\"valueRequired\":true,\"valueName\":\"search_term_string\"}}],\"inLanguage\":\"pt-PT\"},{\"@type\":\"Person\",\"@id\":\"https:\/\/portaltela.pt\/#\/schema\/person\/c4278d4a6028830caff9ee44b42d32ed\",\"name\":\"Telinha\",\"image\":{\"@type\":\"ImageObject\",\"inLanguage\":\"pt-PT\",\"@id\":\"https:\/\/portaltela.pt\/s.01k8rhncp4jt1\/2025\/11\/talking-bot-125x125.png\",\"url\":\"https:\/\/portaltela.pt\/s.01k8rhncp4jt1\/2025\/11\/talking-bot-125x125.png\",\"contentUrl\":\"https:\/\/portaltela.pt\/s.01k8rhncp4jt1\/2025\/11\/talking-bot-125x125.png\",\"caption\":\"Telinha\"},\"sameAs\":[\"https:\/\/portaltela.pt\/\"],\"url\":\"https:\/\/portaltela.pt\/por\/367410592786\/\"}]}<\/script>\n<!-- \/ Yoast SEO plugin. -->","yoast_head_json":{"title":"Plantar Lousada oferece plantas nativas a todas as juntas de freguesia em fevereiro - Portal Tela Portugal","robots":{"index":"index","follow":"follow","max-snippet":"max-snippet:-1","max-image-preview":"max-image-preview:large","max-video-preview":"max-video-preview:-1"},"og_locale":"pt_PT","og_type":"article","og_title":"Plantar Lousada oferece plantas nativas a todas as juntas de freguesia em fevereiro - Portal Tela Portugal","og_description":"O munic\u00edpio de Lousada oferece plantas nativas gratuitamente em todas as juntas de freguesia durante o m\u00eas de fevereiro, para promover a biodiversidade local. A iniciativa decorre entre dois e vinte e cinco de fevereiro, no per\u00edodo da tarde, das catorze \u00e0s dezessete e trinta. Em cada dia, uma junta de freguesia diferente recebe a distribui\u00e7\u00e3o, seguindo um calend\u00e1rio j\u00e1 divulgado pela autarquia; o arranque \u00e9 em Ca\u00edde no dia dois, Cristelos no dia tr\u00eas, Santo Estev\u00e3o no dia quatro, at\u00e9 vinte e cinco em Vilar do Torno e Alent\u00e9m. Ser\u00e3o distribu\u00eddas \u00e1rvores, arbustos e plantas arom\u00e1ticas nativas, com o objetivo de facilitar o acesso \u00e0 planta\u00e7\u00e3o pela popula\u00e7\u00e3o. A campanha insere-se na pol\u00edtica ambiental do munic\u00edpio, que promove refloresta\u00e7\u00e3o com esp\u00e9cies ind\u00edgenas e n\u00e3o requer inscri\u00e7\u00e3o pr\u00e9via.","og_url":"https:\/\/portaltela.pt\/noticias\/2026\/01\/31\/plantar-lousada-oferece-plantas-nativas-a-todas-as-juntas-de-freguesia-em-fevereiro\/","og_site_name":"Portal Tela Portugal","article_published_time":"2026-01-31T14:08:07+00:00","author":"Telinha","twitter_card":"summary_large_image","twitter_misc":{"Escrito por":"Telinha","Tempo estimado de leitura":"1 minuto"},"schema":{"@context":"https:\/\/schema.org","@graph":[{"@type":"Article","@id":"https:\/\/portaltela.pt\/noticias\/2026\/01\/31\/plantar-lousada-oferece-plantas-nativas-a-todas-as-juntas-de-freguesia-em-fevereiro\/#article","isPartOf":{"@id":"https:\/\/portaltela.pt\/noticias\/2026\/01\/31\/plantar-lousada-oferece-plantas-nativas-a-todas-as-juntas-de-freguesia-em-fevereiro\/"},"author":{"name":"Telinha","@id":"https:\/\/portaltela.pt\/#\/schema\/person\/c4278d4a6028830caff9ee44b42d32ed"},"headline":"Plantar Lousada oferece plantas nativas a todas as juntas de freguesia em fevereiro","datePublished":"2026-01-31T14:08:07+00:00","mainEntityOfPage":{"@id":"https:\/\/portaltela.pt\/noticias\/2026\/01\/31\/plantar-lousada-oferece-plantas-nativas-a-todas-as-juntas-de-freguesia-em-fevereiro\/"},"wordCount":283,"image":{"@id":"https:\/\/portaltela.pt\/noticias\/2026\/01\/31\/plantar-lousada-oferece-plantas-nativas-a-todas-as-juntas-de-freguesia-em-fevereiro\/#primaryimage"},"thumbnailUrl":"https:\/\/portaltela.pt\/s.01k8rhncp4jt1\/2026\/01\/unnamed-file-6319.jpg","keywords":["agroambiental","ambiente","biodiversidade","conserva\u00e7\u00e3o ambiental","ecologia","florestal"],"articleSection":["Not\u00edcias"],"inLanguage":"pt-PT"},{"@type":"WebPage","@id":"https:\/\/portaltela.pt\/noticias\/2026\/01\/31\/plantar-lousada-oferece-plantas-nativas-a-todas-as-juntas-de-freguesia-em-fevereiro\/","url":"https:\/\/portaltela.pt\/noticias\/2026\/01\/31\/plantar-lousada-oferece-plantas-nativas-a-todas-as-juntas-de-freguesia-em-fevereiro\/","name":"Plantar Lousada oferece plantas nativas a todas as juntas de freguesia em fevereiro - Portal Tela Portugal","isPartOf":{"@id":"https:\/\/portaltela.pt\/#website"},"primaryImageOfPage":{"@id":"https:\/\/portaltela.pt\/noticias\/2026\/01\/31\/plantar-lousada-oferece-plantas-nativas-a-todas-as-juntas-de-freguesia-em-fevereiro\/#primaryimage"},"image":{"@id":"https:\/\/portaltela.pt\/noticias\/2026\/01\/31\/plantar-lousada-oferece-plantas-nativas-a-todas-as-juntas-de-freguesia-em-fevereiro\/#primaryimage"},"thumbnailUrl":"https:\/\/portaltela.pt\/s.01k8rhncp4jt1\/2026\/01\/unnamed-file-6319.jpg","datePublished":"2026-01-31T14:08:07+00:00","author":{"@id":"https:\/\/portaltela.pt\/#\/schema\/person\/c4278d4a6028830caff9ee44b42d32ed"},"breadcrumb":{"@id":"https:\/\/portaltela.pt\/noticias\/2026\/01\/31\/plantar-lousada-oferece-plantas-nativas-a-todas-as-juntas-de-freguesia-em-fevereiro\/#breadcrumb"},"inLanguage":"pt-PT","potentialAction":[{"@type":"ReadAction","target":["https:\/\/portaltela.pt\/noticias\/2026\/01\/31\/plantar-lousada-oferece-plantas-nativas-a-todas-as-juntas-de-freguesia-em-fevereiro\/"]}]},{"@type":"ImageObject","inLanguage":"pt-PT","@id":"https:\/\/portaltela.pt\/noticias\/2026\/01\/31\/plantar-lousada-oferece-plantas-nativas-a-todas-as-juntas-de-freguesia-em-fevereiro\/#primaryimage","url":"https:\/\/portaltela.pt\/s.01k8rhncp4jt1\/2026\/01\/unnamed-file-6319.jpg","contentUrl":"https:\/\/portaltela.pt\/s.01k8rhncp4jt1\/2026\/01\/unnamed-file-6319.jpg","width":796,"height":448,"caption":"Campanha \u201cPlantar Lousada\u201d leva oferta de plantas nativas a todas as juntas de freguesia em fevereiro"},{"@type":"BreadcrumbList","@id":"https:\/\/portaltela.pt\/noticias\/2026\/01\/31\/plantar-lousada-oferece-plantas-nativas-a-todas-as-juntas-de-freguesia-em-fevereiro\/#breadcrumb","itemListElement":[{"@type":"ListItem","position":1,"name":"In\u00edcio","item":"https:\/\/portaltela.pt\/"},{"@type":"ListItem","position":2,"name":"Plantar Lousada oferece plantas nativas a todas as juntas de freguesia em fevereiro"}]},{"@type":"WebSite","@id":"https:\/\/portaltela.pt\/#website","url":"https:\/\/portaltela.pt\/","name":"Portal Tela Portugal","description":"","potentialAction":[{"@type":"SearchAction","target":{"@type":"EntryPoint","urlTemplate":"https:\/\/portaltela.pt\/?s={search_term_string}"},"query-input":{"@type":"PropertyValueSpecification","valueRequired":true,"valueName":"search_term_string"}}],"inLanguage":"pt-PT"},{"@type":"Person","@id":"https:\/\/portaltela.pt\/#\/schema\/person\/c4278d4a6028830caff9ee44b42d32ed","name":"Telinha","image":{"@type":"ImageObject","inLanguage":"pt-PT","@id":"https:\/\/portaltela.pt\/s.01k8rhncp4jt1\/2025\/11\/talking-bot-125x125.png","url":"https:\/\/portaltela.pt\/s.01k8rhncp4jt1\/2025\/11\/talking-bot-125x125.png","contentUrl":"https:\/\/portaltela.pt\/s.01k8rhncp4jt1\/2025\/11\/talking-bot-125x125.png","caption":"Telinha"},"sameAs":["https:\/\/portaltela.pt\/"],"url":"https:\/\/portaltela.pt\/por\/367410592786\/"}]}},"_links":{"self":[{"href":"https:\/\/portaltela.pt\/api\/wp\/v2\/posts\/186740","targetHints":{"allow":["GET"]}}],"collection":[{"href":"https:\/\/portaltela.pt\/api\/wp\/v2\/posts"}],"about":[{"href":"https:\/\/portaltela.pt\/api\/wp\/v2\/types\/post"}],"author":[{"embeddable":true,"href":"https:\/\/portaltela.pt\/api\/wp\/v2\/users\/2"}],"replies":[{"embeddable":true,"href":"https:\/\/portaltela.pt\/api\/wp\/v2\/comments?post=186740"}],"version-history":[{"count":0,"href":"https:\/\/portaltela.pt\/api\/wp\/v2\/posts\/186740\/revisions"}],"wp:featuredmedia":[{"embeddable":true,"href":"https:\/\/portaltela.pt\/api\/wp\/v2\/media\/186750"}],"wp:attachment":[{"href":"https:\/\/portaltela.pt\/api\/wp\/v2\/media?parent=186740"}],"wp:term":[{"taxonomy":"category","embeddable":true,"href":"https:\/\/portaltela.pt\/api\/wp\/v2\/categories?post=186740"},{"taxonomy":"post_tag","embeddable":true,"href":"https:\/\/portaltela.pt\/api\/wp\/v2\/tags?post=186740"}],"curies":[{"name":"wp","href":"https:\/\/api.w.org\/{rel}","templated":true}]}}