{"id":186711,"date":"2026-01-31T10:36:00","date_gmt":"2026-01-31T13:36:00","guid":{"rendered":"https:\/\/portaltela.pt\/noticias\/2026\/01\/31\/vasco-da-gama-de-sines-recebe-setubal-e-uniao-de-santiago-domingo-as-15h30\/"},"modified":"2026-01-31T10:36:00","modified_gmt":"2026-01-31T13:36:00","slug":"vasco-da-gama-de-sines-recebe-setubal-e-uniao-de-santiago-domingo-as-15h30","status":"publish","type":"post","link":"https:\/\/portaltela.pt\/desporto\/futebol\/2026\/01\/31\/vasco-da-gama-de-sines-recebe-setubal-e-uniao-de-santiago-domingo-as-15h30\/","title":{"rendered":"Vasco da Gama de Sines recebe Set\u00fabal e Uni\u00e3o de Santiago domingo \u00e0s 15h30"},"content":{"rendered":"<p>O Vasco da Gama de Sines recebe o Vit\u00f3ria de Set\u00fabal neste domingo \u00e0s 15h30, na 16.\u00aa jornada do Campeonato Distrital de Set\u00fabal da 1.\u00aa divis\u00e3o. O encontro est\u00e1 previsto para realizar-se sem local espec\u00edfico indicado, mas dentro da regi\u00e3o de Set\u00fabal.<\/p>\n<p>Outra partida do dia coloca Uni\u00e3o de Santiago frente ao Montijo, tamb\u00e9m \u00e0s 15h30 de domingo, na mesma ronda do campeonato distrital.<\/p>\n<p>Para a jornada, h\u00e1 ainda os seguintes jogos programados: Fabril do Barreiro \u2013 Palmelense; Amora FC B \u2013 Pescadores; Charneca da Caparica \u2013 Cova Piedade; Grandolense \u2013 Moitense; Alfarim \u2013 Barreirense; Almada \u2013 Sesimbra.<\/p>\n","protected":false},"excerpt":{"rendered":"<ul>\n<li>O Vasco da Gama de Sines recebe o Vit\u00f3ria de Set\u00fabal e a Uni\u00e3o de Santiago recebe o Montijo neste domingo, \u00e0s 15h30.<\/li>\n<li>Trata-se da 16.\u00aa jornada do Campeonato Distrital de Set\u00fabal da 1.\u00aa divis\u00e3o.<\/li>\n<li>Os jogos deste domingo \u00e0s 15h30 incluem Fabril do Barreiro \u2013 Palmelense, Amora FC B \u2013 Pescadores, Charneca da Caparica \u2013 Cova Piedade, Grandolense \u2013 Moitense, Alfarim \u2013 Barreirense, Almada \u2013 Sesimbra e Uni\u00e3o de Santiago \u2013 Ol\u00edmpico do Montijo.<\/li>\n<li>A indica\u00e7\u00e3o \u201ccom \u00e1udio\u201d sugere transmiss\u00e3o ou acompanhamento com \u00e1udio para o jogo Vasco da Gines vs Vit\u00f3ria de Set\u00fabal.<\/li>\n<\/ul>\n","protected":false},"author":2,"featured_media":186733,"comment_status":"closed","ping_status":"closed","sticky":false,"template":"","format":"standard","meta":{"footnotes":""},"categories":[21,24],"tags":[1373,3354,32,1058,994,1892],"class_list":["post-186711","post","type-post","status-publish","format-standard","has-post-thumbnail","hentry","category-desporto","category-futebol","tag-almada","tag-amora","tag-futebol","tag-montijo","tag-setubal","tag-sines"],"yoast_head":"<!-- This site is optimized with the Yoast SEO plugin v27.2 - https:\/\/yoast.com\/product\/yoast-seo-wordpress\/ -->\n<title>Vasco da Gama de Sines recebe Set\u00fabal e Uni\u00e3o de Santiago domingo \u00e0s 15h30 - Portal Tela Portugal<\/title>\n<meta name=\"robots\" content=\"index, follow, max-snippet:-1, max-image-preview:large, max-video-preview:-1\" \/>\n<meta property=\"og:locale\" content=\"pt_PT\" \/>\n<meta property=\"og:type\" content=\"article\" \/>\n<meta property=\"og:title\" content=\"Vasco da Gama de Sines recebe Set\u00fabal e Uni\u00e3o de Santiago domingo \u00e0s 15h30 - Portal Tela Portugal\" \/>\n<meta property=\"og:description\" content=\"O Vasco da Gama de Sines recebe o Vit\u00f3ria de Set\u00fabal e a Uni\u00e3o de Santiago recebe o Montijo neste domingo, \u00e0s 15h30. Trata-se da 16.\u00aa jornada do Campeonato Distrital de Set\u00fabal da 1.\u00aa divis\u00e3o. Os jogos deste domingo \u00e0s 15h30 incluem Fabril do Barreiro \u2013 Palmelense, Amora FC B \u2013 Pescadores, Charneca da Caparica \u2013 Cova Piedade, Grandolense \u2013 Moitense, Alfarim \u2013 Barreirense, Almada \u2013 Sesimbra e Uni\u00e3o de Santiago \u2013 Ol\u00edmpico do Montijo. A indica\u00e7\u00e3o \u201ccom \u00e1udio\u201d sugere transmiss\u00e3o ou acompanhamento com \u00e1udio para o jogo Vasco da Gines vs Vit\u00f3ria de Set\u00fabal.\" \/>\n<meta property=\"og:url\" content=\"https:\/\/portaltela.pt\/noticias\/2026\/01\/31\/vasco-da-gama-de-sines-recebe-setubal-e-uniao-de-santiago-domingo-as-15h30\/\" \/>\n<meta property=\"og:site_name\" content=\"Portal Tela Portugal\" \/>\n<meta property=\"article:published_time\" content=\"2026-01-31T13:36:00+00:00\" \/>\n<meta name=\"author\" content=\"Telinha\" \/>\n<meta name=\"twitter:card\" content=\"summary_large_image\" \/>\n<meta name=\"twitter:label1\" content=\"Escrito por\" \/>\n\t<meta name=\"twitter:data1\" content=\"Telinha\" \/>\n<script type=\"application\/ld+json\" class=\"yoast-schema-graph\">{\"@context\":\"https:\/\/schema.org\",\"@graph\":[{\"@type\":\"Article\",\"@id\":\"https:\/\/portaltela.pt\/noticias\/2026\/01\/31\/vasco-da-gama-de-sines-recebe-setubal-e-uniao-de-santiago-domingo-as-15h30\/#article\",\"isPartOf\":{\"@id\":\"https:\/\/portaltela.pt\/noticias\/2026\/01\/31\/vasco-da-gama-de-sines-recebe-setubal-e-uniao-de-santiago-domingo-as-15h30\/\"},\"author\":{\"name\":\"Telinha\",\"@id\":\"https:\/\/portaltela.pt\/#\/schema\/person\/c4278d4a6028830caff9ee44b42d32ed\"},\"headline\":\"Vasco da Gama de Sines recebe Set\u00fabal e Uni\u00e3o de Santiago domingo \u00e0s 15h30\",\"datePublished\":\"2026-01-31T13:36:00+00:00\",\"mainEntityOfPage\":{\"@id\":\"https:\/\/portaltela.pt\/noticias\/2026\/01\/31\/vasco-da-gama-de-sines-recebe-setubal-e-uniao-de-santiago-domingo-as-15h30\/\"},\"wordCount\":115,\"image\":{\"@id\":\"https:\/\/portaltela.pt\/noticias\/2026\/01\/31\/vasco-da-gama-de-sines-recebe-setubal-e-uniao-de-santiago-domingo-as-15h30\/#primaryimage\"},\"thumbnailUrl\":\"https:\/\/portaltela.pt\/s.01k8rhncp4jt1\/2026\/01\/unnamed-file-6318.jpg\",\"keywords\":[\"Almada\",\"Amora\",\"futebol\",\"Montijo\",\"Set\u00fabal\",\"Sines\"],\"articleSection\":[\"Desporto\",\"Futebol\"],\"inLanguage\":\"pt-PT\"},{\"@type\":\"WebPage\",\"@id\":\"https:\/\/portaltela.pt\/noticias\/2026\/01\/31\/vasco-da-gama-de-sines-recebe-setubal-e-uniao-de-santiago-domingo-as-15h30\/\",\"url\":\"https:\/\/portaltela.pt\/noticias\/2026\/01\/31\/vasco-da-gama-de-sines-recebe-setubal-e-uniao-de-santiago-domingo-as-15h30\/\",\"name\":\"Vasco da Gama de Sines recebe Set\u00fabal e Uni\u00e3o de Santiago domingo \u00e0s 15h30 - Portal Tela Portugal\",\"isPartOf\":{\"@id\":\"https:\/\/portaltela.pt\/#website\"},\"primaryImageOfPage\":{\"@id\":\"https:\/\/portaltela.pt\/noticias\/2026\/01\/31\/vasco-da-gama-de-sines-recebe-setubal-e-uniao-de-santiago-domingo-as-15h30\/#primaryimage\"},\"image\":{\"@id\":\"https:\/\/portaltela.pt\/noticias\/2026\/01\/31\/vasco-da-gama-de-sines-recebe-setubal-e-uniao-de-santiago-domingo-as-15h30\/#primaryimage\"},\"thumbnailUrl\":\"https:\/\/portaltela.pt\/s.01k8rhncp4jt1\/2026\/01\/unnamed-file-6318.jpg\",\"datePublished\":\"2026-01-31T13:36:00+00:00\",\"author\":{\"@id\":\"https:\/\/portaltela.pt\/#\/schema\/person\/c4278d4a6028830caff9ee44b42d32ed\"},\"breadcrumb\":{\"@id\":\"https:\/\/portaltela.pt\/noticias\/2026\/01\/31\/vasco-da-gama-de-sines-recebe-setubal-e-uniao-de-santiago-domingo-as-15h30\/#breadcrumb\"},\"inLanguage\":\"pt-PT\",\"potentialAction\":[{\"@type\":\"ReadAction\",\"target\":[\"https:\/\/portaltela.pt\/noticias\/2026\/01\/31\/vasco-da-gama-de-sines-recebe-setubal-e-uniao-de-santiago-domingo-as-15h30\/\"]}]},{\"@type\":\"ImageObject\",\"inLanguage\":\"pt-PT\",\"@id\":\"https:\/\/portaltela.pt\/noticias\/2026\/01\/31\/vasco-da-gama-de-sines-recebe-setubal-e-uniao-de-santiago-domingo-as-15h30\/#primaryimage\",\"url\":\"https:\/\/portaltela.pt\/s.01k8rhncp4jt1\/2026\/01\/unnamed-file-6318.jpg\",\"contentUrl\":\"https:\/\/portaltela.pt\/s.01k8rhncp4jt1\/2026\/01\/unnamed-file-6318.jpg\",\"width\":796,\"height\":448,\"caption\":\"Vasco da Gama de Sines recebe o Vit\u00f3ria de Set\u00fabal e o Uni\u00e3o de Santiago o Montijo neste domingo \u00e0s 15h30 (com \u00e1udio)\"},{\"@type\":\"BreadcrumbList\",\"@id\":\"https:\/\/portaltela.pt\/noticias\/2026\/01\/31\/vasco-da-gama-de-sines-recebe-setubal-e-uniao-de-santiago-domingo-as-15h30\/#breadcrumb\",\"itemListElement\":[{\"@type\":\"ListItem\",\"position\":1,\"name\":\"In\u00edcio\",\"item\":\"https:\/\/portaltela.pt\/\"},{\"@type\":\"ListItem\",\"position\":2,\"name\":\"Vasco da Gama de Sines recebe Set\u00fabal e Uni\u00e3o de Santiago domingo \u00e0s 15h30\"}]},{\"@type\":\"WebSite\",\"@id\":\"https:\/\/portaltela.pt\/#website\",\"url\":\"https:\/\/portaltela.pt\/\",\"name\":\"Portal Tela Portugal\",\"description\":\"\",\"potentialAction\":[{\"@type\":\"SearchAction\",\"target\":{\"@type\":\"EntryPoint\",\"urlTemplate\":\"https:\/\/portaltela.pt\/?s={search_term_string}\"},\"query-input\":{\"@type\":\"PropertyValueSpecification\",\"valueRequired\":true,\"valueName\":\"search_term_string\"}}],\"inLanguage\":\"pt-PT\"},{\"@type\":\"Person\",\"@id\":\"https:\/\/portaltela.pt\/#\/schema\/person\/c4278d4a6028830caff9ee44b42d32ed\",\"name\":\"Telinha\",\"image\":{\"@type\":\"ImageObject\",\"inLanguage\":\"pt-PT\",\"@id\":\"https:\/\/portaltela.pt\/s.01k8rhncp4jt1\/2025\/11\/talking-bot-125x125.png\",\"url\":\"https:\/\/portaltela.pt\/s.01k8rhncp4jt1\/2025\/11\/talking-bot-125x125.png\",\"contentUrl\":\"https:\/\/portaltela.pt\/s.01k8rhncp4jt1\/2025\/11\/talking-bot-125x125.png\",\"caption\":\"Telinha\"},\"sameAs\":[\"https:\/\/portaltela.pt\/\"],\"url\":\"https:\/\/portaltela.pt\/por\/367410592786\/\"}]}<\/script>\n<!-- \/ Yoast SEO plugin. -->","yoast_head_json":{"title":"Vasco da Gama de Sines recebe Set\u00fabal e Uni\u00e3o de Santiago domingo \u00e0s 15h30 - Portal Tela Portugal","robots":{"index":"index","follow":"follow","max-snippet":"max-snippet:-1","max-image-preview":"max-image-preview:large","max-video-preview":"max-video-preview:-1"},"og_locale":"pt_PT","og_type":"article","og_title":"Vasco da Gama de Sines recebe Set\u00fabal e Uni\u00e3o de Santiago domingo \u00e0s 15h30 - Portal Tela Portugal","og_description":"O Vasco da Gama de Sines recebe o Vit\u00f3ria de Set\u00fabal e a Uni\u00e3o de Santiago recebe o Montijo neste domingo, \u00e0s 15h30. Trata-se da 16.\u00aa jornada do Campeonato Distrital de Set\u00fabal da 1.\u00aa divis\u00e3o. Os jogos deste domingo \u00e0s 15h30 incluem Fabril do Barreiro \u2013 Palmelense, Amora FC B \u2013 Pescadores, Charneca da Caparica \u2013 Cova Piedade, Grandolense \u2013 Moitense, Alfarim \u2013 Barreirense, Almada \u2013 Sesimbra e Uni\u00e3o de Santiago \u2013 Ol\u00edmpico do Montijo. A indica\u00e7\u00e3o \u201ccom \u00e1udio\u201d sugere transmiss\u00e3o ou acompanhamento com \u00e1udio para o jogo Vasco da Gines vs Vit\u00f3ria de Set\u00fabal.","og_url":"https:\/\/portaltela.pt\/noticias\/2026\/01\/31\/vasco-da-gama-de-sines-recebe-setubal-e-uniao-de-santiago-domingo-as-15h30\/","og_site_name":"Portal Tela Portugal","article_published_time":"2026-01-31T13:36:00+00:00","author":"Telinha","twitter_card":"summary_large_image","twitter_misc":{"Escrito por":"Telinha"},"schema":{"@context":"https:\/\/schema.org","@graph":[{"@type":"Article","@id":"https:\/\/portaltela.pt\/noticias\/2026\/01\/31\/vasco-da-gama-de-sines-recebe-setubal-e-uniao-de-santiago-domingo-as-15h30\/#article","isPartOf":{"@id":"https:\/\/portaltela.pt\/noticias\/2026\/01\/31\/vasco-da-gama-de-sines-recebe-setubal-e-uniao-de-santiago-domingo-as-15h30\/"},"author":{"name":"Telinha","@id":"https:\/\/portaltela.pt\/#\/schema\/person\/c4278d4a6028830caff9ee44b42d32ed"},"headline":"Vasco da Gama de Sines recebe Set\u00fabal e Uni\u00e3o de Santiago domingo \u00e0s 15h30","datePublished":"2026-01-31T13:36:00+00:00","mainEntityOfPage":{"@id":"https:\/\/portaltela.pt\/noticias\/2026\/01\/31\/vasco-da-gama-de-sines-recebe-setubal-e-uniao-de-santiago-domingo-as-15h30\/"},"wordCount":115,"image":{"@id":"https:\/\/portaltela.pt\/noticias\/2026\/01\/31\/vasco-da-gama-de-sines-recebe-setubal-e-uniao-de-santiago-domingo-as-15h30\/#primaryimage"},"thumbnailUrl":"https:\/\/portaltela.pt\/s.01k8rhncp4jt1\/2026\/01\/unnamed-file-6318.jpg","keywords":["Almada","Amora","futebol","Montijo","Set\u00fabal","Sines"],"articleSection":["Desporto","Futebol"],"inLanguage":"pt-PT"},{"@type":"WebPage","@id":"https:\/\/portaltela.pt\/noticias\/2026\/01\/31\/vasco-da-gama-de-sines-recebe-setubal-e-uniao-de-santiago-domingo-as-15h30\/","url":"https:\/\/portaltela.pt\/noticias\/2026\/01\/31\/vasco-da-gama-de-sines-recebe-setubal-e-uniao-de-santiago-domingo-as-15h30\/","name":"Vasco da Gama de Sines recebe Set\u00fabal e Uni\u00e3o de Santiago domingo \u00e0s 15h30 - Portal Tela Portugal","isPartOf":{"@id":"https:\/\/portaltela.pt\/#website"},"primaryImageOfPage":{"@id":"https:\/\/portaltela.pt\/noticias\/2026\/01\/31\/vasco-da-gama-de-sines-recebe-setubal-e-uniao-de-santiago-domingo-as-15h30\/#primaryimage"},"image":{"@id":"https:\/\/portaltela.pt\/noticias\/2026\/01\/31\/vasco-da-gama-de-sines-recebe-setubal-e-uniao-de-santiago-domingo-as-15h30\/#primaryimage"},"thumbnailUrl":"https:\/\/portaltela.pt\/s.01k8rhncp4jt1\/2026\/01\/unnamed-file-6318.jpg","datePublished":"2026-01-31T13:36:00+00:00","author":{"@id":"https:\/\/portaltela.pt\/#\/schema\/person\/c4278d4a6028830caff9ee44b42d32ed"},"breadcrumb":{"@id":"https:\/\/portaltela.pt\/noticias\/2026\/01\/31\/vasco-da-gama-de-sines-recebe-setubal-e-uniao-de-santiago-domingo-as-15h30\/#breadcrumb"},"inLanguage":"pt-PT","potentialAction":[{"@type":"ReadAction","target":["https:\/\/portaltela.pt\/noticias\/2026\/01\/31\/vasco-da-gama-de-sines-recebe-setubal-e-uniao-de-santiago-domingo-as-15h30\/"]}]},{"@type":"ImageObject","inLanguage":"pt-PT","@id":"https:\/\/portaltela.pt\/noticias\/2026\/01\/31\/vasco-da-gama-de-sines-recebe-setubal-e-uniao-de-santiago-domingo-as-15h30\/#primaryimage","url":"https:\/\/portaltela.pt\/s.01k8rhncp4jt1\/2026\/01\/unnamed-file-6318.jpg","contentUrl":"https:\/\/portaltela.pt\/s.01k8rhncp4jt1\/2026\/01\/unnamed-file-6318.jpg","width":796,"height":448,"caption":"Vasco da Gama de Sines recebe o Vit\u00f3ria de Set\u00fabal e o Uni\u00e3o de Santiago o Montijo neste domingo \u00e0s 15h30 (com \u00e1udio)"},{"@type":"BreadcrumbList","@id":"https:\/\/portaltela.pt\/noticias\/2026\/01\/31\/vasco-da-gama-de-sines-recebe-setubal-e-uniao-de-santiago-domingo-as-15h30\/#breadcrumb","itemListElement":[{"@type":"ListItem","position":1,"name":"In\u00edcio","item":"https:\/\/portaltela.pt\/"},{"@type":"ListItem","position":2,"name":"Vasco da Gama de Sines recebe Set\u00fabal e Uni\u00e3o de Santiago domingo \u00e0s 15h30"}]},{"@type":"WebSite","@id":"https:\/\/portaltela.pt\/#website","url":"https:\/\/portaltela.pt\/","name":"Portal Tela Portugal","description":"","potentialAction":[{"@type":"SearchAction","target":{"@type":"EntryPoint","urlTemplate":"https:\/\/portaltela.pt\/?s={search_term_string}"},"query-input":{"@type":"PropertyValueSpecification","valueRequired":true,"valueName":"search_term_string"}}],"inLanguage":"pt-PT"},{"@type":"Person","@id":"https:\/\/portaltela.pt\/#\/schema\/person\/c4278d4a6028830caff9ee44b42d32ed","name":"Telinha","image":{"@type":"ImageObject","inLanguage":"pt-PT","@id":"https:\/\/portaltela.pt\/s.01k8rhncp4jt1\/2025\/11\/talking-bot-125x125.png","url":"https:\/\/portaltela.pt\/s.01k8rhncp4jt1\/2025\/11\/talking-bot-125x125.png","contentUrl":"https:\/\/portaltela.pt\/s.01k8rhncp4jt1\/2025\/11\/talking-bot-125x125.png","caption":"Telinha"},"sameAs":["https:\/\/portaltela.pt\/"],"url":"https:\/\/portaltela.pt\/por\/367410592786\/"}]}},"_links":{"self":[{"href":"https:\/\/portaltela.pt\/api\/wp\/v2\/posts\/186711","targetHints":{"allow":["GET"]}}],"collection":[{"href":"https:\/\/portaltela.pt\/api\/wp\/v2\/posts"}],"about":[{"href":"https:\/\/portaltela.pt\/api\/wp\/v2\/types\/post"}],"author":[{"embeddable":true,"href":"https:\/\/portaltela.pt\/api\/wp\/v2\/users\/2"}],"replies":[{"embeddable":true,"href":"https:\/\/portaltela.pt\/api\/wp\/v2\/comments?post=186711"}],"version-history":[{"count":0,"href":"https:\/\/portaltela.pt\/api\/wp\/v2\/posts\/186711\/revisions"}],"wp:featuredmedia":[{"embeddable":true,"href":"https:\/\/portaltela.pt\/api\/wp\/v2\/media\/186733"}],"wp:attachment":[{"href":"https:\/\/portaltela.pt\/api\/wp\/v2\/media?parent=186711"}],"wp:term":[{"taxonomy":"category","embeddable":true,"href":"https:\/\/portaltela.pt\/api\/wp\/v2\/categories?post=186711"},{"taxonomy":"post_tag","embeddable":true,"href":"https:\/\/portaltela.pt\/api\/wp\/v2\/tags?post=186711"}],"curies":[{"name":"wp","href":"https:\/\/api.w.org\/{rel}","templated":true}]}}