{"id":186695,"date":"2026-01-31T10:27:00","date_gmt":"2026-01-31T13:27:00","guid":{"rendered":"https:\/\/portaltela.pt\/noticias\/2026\/01\/31\/campeonato-regional-de-esperancas-de-mar-reune-74-jovens-em-funchal\/"},"modified":"2026-01-31T10:27:00","modified_gmt":"2026-01-31T13:27:00","slug":"campeonato-regional-de-esperancas-de-mar-reune-74-jovens-em-funchal","status":"publish","type":"post","link":"https:\/\/portaltela.pt\/desporto\/2026\/01\/31\/campeonato-regional-de-esperancas-de-mar-reune-74-jovens-em-funchal\/","title":{"rendered":"Campeonato Regional de Esperan\u00e7as de Mar re\u00fane 74 jovens em Funchal"},"content":{"rendered":"<p>O Campeonato Regional de Esperan\u00e7as de Mar reuniu este s\u00e1bado 74 jovens atletas na Ba\u00eda do Funchal, numa organiza\u00e7\u00e3o da ARCM. A prova devolve valor \u00e0 canoagem regional e contou com v\u00e1rias coletividades da Madeira.<\/p>\n<p>A competi\u00e7\u00e3o abrangeu os escal\u00f5es Iniciados, Infantis e Cadetes, masculino e feminino, nas classes SS1 e SUPC. A largada foi \u00e0s 10h, com 3 km para Iniciados\/Infantis e 6 km para Cadetes. Os atletas disputaram em regata \u00fanica.<\/p>\n<p>Participaram a Associa\u00e7\u00e3o N\u00e1utica de C\u00e2mara de Lobos, o Centro de Treino Mar, o Clube Naval da Calheta, o Clube Naval do Funchal e o Ludens Clube de Machico. O objetivo foi promover o desenvolvimento das jovens promessas da regi\u00e3o.<\/p>\n<h3>Resultados individuais<\/h3>\n<p>Diana Fernandes, do SS1 Iniciados Femininos, conquistou o ouro. Leonard Zajac, SS1 Iniciados A Masculinos, sagrou-se tamb\u00e9m campe\u00e3o. Madalena Luz de Sousa e Juan Freitas destacaram-se entre os Infantis. Ana Matias e Sim\u00e3o Faria venceram nos Cadetes.<\/p>\n<p>Na disciplina SUPC, a prova ficou marcada pela lideran\u00e7a de Joana Nascimento, Ivan Yuzik e Carlota Rodrigues, com classifica\u00e7\u00f5es expressivas para as respetivas equipas.<\/p>\n<h3>Classifica\u00e7\u00f5es coletivas<\/h3>\n<p>Na soma global de pontos, o Clube Naval do Funchal ficou em primeiro com 15.967 pontos. Em segundo ficou a Associa\u00e7\u00e3o N\u00e1utica de C\u00e2mara de Lobos, com 10.029, e em terceiro o Clube Naval da Calheta, com 10.002 pontos. Estas posi\u00e7\u00f5es definem o p\u00f3dio por clubes.<\/p>\n<p>Os vencedores regionais v\u00e3o representar a Madeira no Campeonato Nacional da especialidade, levando a \u00e1gua-viva da canoagem madeirense a uma competi\u00e7\u00e3o em territ\u00f3rio nacional. A organiza\u00e7\u00e3o agradece a participa\u00e7\u00e3o das associa\u00e7\u00f5es.<\/p>\n","protected":false},"excerpt":{"rendered":"<ul>\n<li>O Campeonato Regional de Esperan\u00e7as de Mar reuniu 74 jovens atletas na Ba\u00eda do Funchal, numa organiza\u00e7\u00e3o da Associa\u00e7\u00e3o Regional de Canoagem de Mar.<\/li>\n<li>Participaram a Associa\u00e7\u00e3o N\u00e1utica de C\u00e2mara de Lobos, Centro de Treino Mar, Clube Naval da Calheta, Clube Naval do Funchal e Ludens Clube de Machico.<\/li>\n<li>Disputaram-se os escal\u00f5es Iniciados, Infantis e Cadetes, masculino e feminino, nas classes SS1 e SUPC; a sa\u00edda foi \u00e0s 10h, com percursos de tr\u00eas quil\u00f3metros (Iniciados\/Infantis) e seis quil\u00f3metros (Cadetes).<\/li>\n<li>Destaques individuais: Diana Fernandes e Leonard Zajac (Iniciados SS1); Madalena Luz de Sousa e Juan Freitas (Infantis); Ana Matias e Sim\u00e3o Faria (Cadetes); Joana Nascimento, Ivan Yuzik e Carlota Rodrigues (SUPC).<\/li>\n<li>No quadro coletivo, o Clube Naval do Funchal conquistou o primeiro lugar com 15.967 pontos, seguido pela Associa\u00e7\u00e3o N\u00e1utica de C\u00e2mara de Lobos (10.029) e pelo Clube Naval da Calheta (10.002). Os campe\u00f5es regionais v\u00e3o representar a Madeira no campeonato nacional.<\/li>\n<\/ul>\n","protected":false},"author":2,"featured_media":186705,"comment_status":"closed","ping_status":"closed","sticky":false,"template":"","format":"standard","meta":{"footnotes":""},"categories":[21],"tags":[1132,1367,152,1120,2844,859],"class_list":["post-186695","post","type-post","status-publish","format-standard","has-post-thumbnail","hentry","category-desporto","tag-canoagem","tag-clubes","tag-desporto","tag-funchal","tag-jovens","tag-madeira"],"yoast_head":"<!-- This site is optimized with the Yoast SEO plugin v27.2 - https:\/\/yoast.com\/product\/yoast-seo-wordpress\/ -->\n<title>Campeonato Regional de Esperan\u00e7as de Mar re\u00fane 74 jovens em Funchal - Portal Tela Portugal<\/title>\n<meta name=\"robots\" content=\"index, follow, max-snippet:-1, max-image-preview:large, max-video-preview:-1\" \/>\n<meta property=\"og:locale\" content=\"pt_PT\" \/>\n<meta property=\"og:type\" content=\"article\" \/>\n<meta property=\"og:title\" content=\"Campeonato Regional de Esperan\u00e7as de Mar re\u00fane 74 jovens em Funchal - Portal Tela Portugal\" \/>\n<meta property=\"og:description\" content=\"O Campeonato Regional de Esperan\u00e7as de Mar reuniu 74 jovens atletas na Ba\u00eda do Funchal, numa organiza\u00e7\u00e3o da Associa\u00e7\u00e3o Regional de Canoagem de Mar. Participaram a Associa\u00e7\u00e3o N\u00e1utica de C\u00e2mara de Lobos, Centro de Treino Mar, Clube Naval da Calheta, Clube Naval do Funchal e Ludens Clube de Machico. Disputaram-se os escal\u00f5es Iniciados, Infantis e Cadetes, masculino e feminino, nas classes SS1 e SUPC; a sa\u00edda foi \u00e0s 10h, com percursos de tr\u00eas quil\u00f3metros (Iniciados\/Infantis) e seis quil\u00f3metros (Cadetes). Destaques individuais: Diana Fernandes e Leonard Zajac (Iniciados SS1); Madalena Luz de Sousa e Juan Freitas (Infantis); Ana Matias e Sim\u00e3o Faria (Cadetes); Joana Nascimento, Ivan Yuzik e Carlota Rodrigues (SUPC). No quadro coletivo, o Clube Naval do Funchal conquistou o primeiro lugar com 15.967 pontos, seguido pela Associa\u00e7\u00e3o N\u00e1utica de C\u00e2mara de Lobos (10.029) e pelo Clube Naval da Calheta (10.002). Os campe\u00f5es regionais v\u00e3o representar a Madeira no campeonato nacional.\" \/>\n<meta property=\"og:url\" content=\"https:\/\/portaltela.pt\/noticias\/2026\/01\/31\/campeonato-regional-de-esperancas-de-mar-reune-74-jovens-em-funchal\/\" \/>\n<meta property=\"og:site_name\" content=\"Portal Tela Portugal\" \/>\n<meta property=\"article:published_time\" content=\"2026-01-31T13:27:00+00:00\" \/>\n<meta name=\"author\" content=\"Telinha\" \/>\n<meta name=\"twitter:card\" content=\"summary_large_image\" \/>\n<meta name=\"twitter:label1\" content=\"Escrito por\" \/>\n\t<meta name=\"twitter:data1\" content=\"Telinha\" \/>\n\t<meta name=\"twitter:label2\" content=\"Tempo estimado de leitura\" \/>\n\t<meta name=\"twitter:data2\" content=\"1 minuto\" \/>\n<script type=\"application\/ld+json\" class=\"yoast-schema-graph\">{\"@context\":\"https:\/\/schema.org\",\"@graph\":[{\"@type\":\"Article\",\"@id\":\"https:\/\/portaltela.pt\/noticias\/2026\/01\/31\/campeonato-regional-de-esperancas-de-mar-reune-74-jovens-em-funchal\/#article\",\"isPartOf\":{\"@id\":\"https:\/\/portaltela.pt\/noticias\/2026\/01\/31\/campeonato-regional-de-esperancas-de-mar-reune-74-jovens-em-funchal\/\"},\"author\":{\"name\":\"Telinha\",\"@id\":\"https:\/\/portaltela.pt\/#\/schema\/person\/c4278d4a6028830caff9ee44b42d32ed\"},\"headline\":\"Campeonato Regional de Esperan\u00e7as de Mar re\u00fane 74 jovens em Funchal\",\"datePublished\":\"2026-01-31T13:27:00+00:00\",\"mainEntityOfPage\":{\"@id\":\"https:\/\/portaltela.pt\/noticias\/2026\/01\/31\/campeonato-regional-de-esperancas-de-mar-reune-74-jovens-em-funchal\/\"},\"wordCount\":289,\"image\":{\"@id\":\"https:\/\/portaltela.pt\/noticias\/2026\/01\/31\/campeonato-regional-de-esperancas-de-mar-reune-74-jovens-em-funchal\/#primaryimage\"},\"thumbnailUrl\":\"https:\/\/portaltela.pt\/s.01k8rhncp4jt1\/2026\/01\/unnamed-file-6314.jpg\",\"keywords\":[\"canoagem\",\"clubes\",\"desporto\",\"Funchal\",\"jovens\",\"Madeira\"],\"articleSection\":[\"Desporto\"],\"inLanguage\":\"pt-PT\"},{\"@type\":\"WebPage\",\"@id\":\"https:\/\/portaltela.pt\/noticias\/2026\/01\/31\/campeonato-regional-de-esperancas-de-mar-reune-74-jovens-em-funchal\/\",\"url\":\"https:\/\/portaltela.pt\/noticias\/2026\/01\/31\/campeonato-regional-de-esperancas-de-mar-reune-74-jovens-em-funchal\/\",\"name\":\"Campeonato Regional de Esperan\u00e7as de Mar re\u00fane 74 jovens em Funchal - Portal Tela Portugal\",\"isPartOf\":{\"@id\":\"https:\/\/portaltela.pt\/#website\"},\"primaryImageOfPage\":{\"@id\":\"https:\/\/portaltela.pt\/noticias\/2026\/01\/31\/campeonato-regional-de-esperancas-de-mar-reune-74-jovens-em-funchal\/#primaryimage\"},\"image\":{\"@id\":\"https:\/\/portaltela.pt\/noticias\/2026\/01\/31\/campeonato-regional-de-esperancas-de-mar-reune-74-jovens-em-funchal\/#primaryimage\"},\"thumbnailUrl\":\"https:\/\/portaltela.pt\/s.01k8rhncp4jt1\/2026\/01\/unnamed-file-6314.jpg\",\"datePublished\":\"2026-01-31T13:27:00+00:00\",\"author\":{\"@id\":\"https:\/\/portaltela.pt\/#\/schema\/person\/c4278d4a6028830caff9ee44b42d32ed\"},\"breadcrumb\":{\"@id\":\"https:\/\/portaltela.pt\/noticias\/2026\/01\/31\/campeonato-regional-de-esperancas-de-mar-reune-74-jovens-em-funchal\/#breadcrumb\"},\"inLanguage\":\"pt-PT\",\"potentialAction\":[{\"@type\":\"ReadAction\",\"target\":[\"https:\/\/portaltela.pt\/noticias\/2026\/01\/31\/campeonato-regional-de-esperancas-de-mar-reune-74-jovens-em-funchal\/\"]}]},{\"@type\":\"ImageObject\",\"inLanguage\":\"pt-PT\",\"@id\":\"https:\/\/portaltela.pt\/noticias\/2026\/01\/31\/campeonato-regional-de-esperancas-de-mar-reune-74-jovens-em-funchal\/#primaryimage\",\"url\":\"https:\/\/portaltela.pt\/s.01k8rhncp4jt1\/2026\/01\/unnamed-file-6314.jpg\",\"contentUrl\":\"https:\/\/portaltela.pt\/s.01k8rhncp4jt1\/2026\/01\/unnamed-file-6314.jpg\",\"width\":796,\"height\":448,\"caption\":\"Campeonato Regional de Esperan\u00e7as de Mar re\u00fane 74 jovens atletas na ba\u00eda do Funchal\"},{\"@type\":\"BreadcrumbList\",\"@id\":\"https:\/\/portaltela.pt\/noticias\/2026\/01\/31\/campeonato-regional-de-esperancas-de-mar-reune-74-jovens-em-funchal\/#breadcrumb\",\"itemListElement\":[{\"@type\":\"ListItem\",\"position\":1,\"name\":\"In\u00edcio\",\"item\":\"https:\/\/portaltela.pt\/\"},{\"@type\":\"ListItem\",\"position\":2,\"name\":\"Campeonato Regional de Esperan\u00e7as de Mar re\u00fane 74 jovens em Funchal\"}]},{\"@type\":\"WebSite\",\"@id\":\"https:\/\/portaltela.pt\/#website\",\"url\":\"https:\/\/portaltela.pt\/\",\"name\":\"Portal Tela Portugal\",\"description\":\"\",\"potentialAction\":[{\"@type\":\"SearchAction\",\"target\":{\"@type\":\"EntryPoint\",\"urlTemplate\":\"https:\/\/portaltela.pt\/?s={search_term_string}\"},\"query-input\":{\"@type\":\"PropertyValueSpecification\",\"valueRequired\":true,\"valueName\":\"search_term_string\"}}],\"inLanguage\":\"pt-PT\"},{\"@type\":\"Person\",\"@id\":\"https:\/\/portaltela.pt\/#\/schema\/person\/c4278d4a6028830caff9ee44b42d32ed\",\"name\":\"Telinha\",\"image\":{\"@type\":\"ImageObject\",\"inLanguage\":\"pt-PT\",\"@id\":\"https:\/\/portaltela.pt\/s.01k8rhncp4jt1\/2025\/11\/talking-bot-125x125.png\",\"url\":\"https:\/\/portaltela.pt\/s.01k8rhncp4jt1\/2025\/11\/talking-bot-125x125.png\",\"contentUrl\":\"https:\/\/portaltela.pt\/s.01k8rhncp4jt1\/2025\/11\/talking-bot-125x125.png\",\"caption\":\"Telinha\"},\"sameAs\":[\"https:\/\/portaltela.pt\/\"],\"url\":\"https:\/\/portaltela.pt\/por\/367410592786\/\"}]}<\/script>\n<!-- \/ Yoast SEO plugin. -->","yoast_head_json":{"title":"Campeonato Regional de Esperan\u00e7as de Mar re\u00fane 74 jovens em Funchal - Portal Tela Portugal","robots":{"index":"index","follow":"follow","max-snippet":"max-snippet:-1","max-image-preview":"max-image-preview:large","max-video-preview":"max-video-preview:-1"},"og_locale":"pt_PT","og_type":"article","og_title":"Campeonato Regional de Esperan\u00e7as de Mar re\u00fane 74 jovens em Funchal - Portal Tela Portugal","og_description":"O Campeonato Regional de Esperan\u00e7as de Mar reuniu 74 jovens atletas na Ba\u00eda do Funchal, numa organiza\u00e7\u00e3o da Associa\u00e7\u00e3o Regional de Canoagem de Mar. Participaram a Associa\u00e7\u00e3o N\u00e1utica de C\u00e2mara de Lobos, Centro de Treino Mar, Clube Naval da Calheta, Clube Naval do Funchal e Ludens Clube de Machico. Disputaram-se os escal\u00f5es Iniciados, Infantis e Cadetes, masculino e feminino, nas classes SS1 e SUPC; a sa\u00edda foi \u00e0s 10h, com percursos de tr\u00eas quil\u00f3metros (Iniciados\/Infantis) e seis quil\u00f3metros (Cadetes). Destaques individuais: Diana Fernandes e Leonard Zajac (Iniciados SS1); Madalena Luz de Sousa e Juan Freitas (Infantis); Ana Matias e Sim\u00e3o Faria (Cadetes); Joana Nascimento, Ivan Yuzik e Carlota Rodrigues (SUPC). No quadro coletivo, o Clube Naval do Funchal conquistou o primeiro lugar com 15.967 pontos, seguido pela Associa\u00e7\u00e3o N\u00e1utica de C\u00e2mara de Lobos (10.029) e pelo Clube Naval da Calheta (10.002). Os campe\u00f5es regionais v\u00e3o representar a Madeira no campeonato nacional.","og_url":"https:\/\/portaltela.pt\/noticias\/2026\/01\/31\/campeonato-regional-de-esperancas-de-mar-reune-74-jovens-em-funchal\/","og_site_name":"Portal Tela Portugal","article_published_time":"2026-01-31T13:27:00+00:00","author":"Telinha","twitter_card":"summary_large_image","twitter_misc":{"Escrito por":"Telinha","Tempo estimado de leitura":"1 minuto"},"schema":{"@context":"https:\/\/schema.org","@graph":[{"@type":"Article","@id":"https:\/\/portaltela.pt\/noticias\/2026\/01\/31\/campeonato-regional-de-esperancas-de-mar-reune-74-jovens-em-funchal\/#article","isPartOf":{"@id":"https:\/\/portaltela.pt\/noticias\/2026\/01\/31\/campeonato-regional-de-esperancas-de-mar-reune-74-jovens-em-funchal\/"},"author":{"name":"Telinha","@id":"https:\/\/portaltela.pt\/#\/schema\/person\/c4278d4a6028830caff9ee44b42d32ed"},"headline":"Campeonato Regional de Esperan\u00e7as de Mar re\u00fane 74 jovens em Funchal","datePublished":"2026-01-31T13:27:00+00:00","mainEntityOfPage":{"@id":"https:\/\/portaltela.pt\/noticias\/2026\/01\/31\/campeonato-regional-de-esperancas-de-mar-reune-74-jovens-em-funchal\/"},"wordCount":289,"image":{"@id":"https:\/\/portaltela.pt\/noticias\/2026\/01\/31\/campeonato-regional-de-esperancas-de-mar-reune-74-jovens-em-funchal\/#primaryimage"},"thumbnailUrl":"https:\/\/portaltela.pt\/s.01k8rhncp4jt1\/2026\/01\/unnamed-file-6314.jpg","keywords":["canoagem","clubes","desporto","Funchal","jovens","Madeira"],"articleSection":["Desporto"],"inLanguage":"pt-PT"},{"@type":"WebPage","@id":"https:\/\/portaltela.pt\/noticias\/2026\/01\/31\/campeonato-regional-de-esperancas-de-mar-reune-74-jovens-em-funchal\/","url":"https:\/\/portaltela.pt\/noticias\/2026\/01\/31\/campeonato-regional-de-esperancas-de-mar-reune-74-jovens-em-funchal\/","name":"Campeonato Regional de Esperan\u00e7as de Mar re\u00fane 74 jovens em Funchal - Portal Tela Portugal","isPartOf":{"@id":"https:\/\/portaltela.pt\/#website"},"primaryImageOfPage":{"@id":"https:\/\/portaltela.pt\/noticias\/2026\/01\/31\/campeonato-regional-de-esperancas-de-mar-reune-74-jovens-em-funchal\/#primaryimage"},"image":{"@id":"https:\/\/portaltela.pt\/noticias\/2026\/01\/31\/campeonato-regional-de-esperancas-de-mar-reune-74-jovens-em-funchal\/#primaryimage"},"thumbnailUrl":"https:\/\/portaltela.pt\/s.01k8rhncp4jt1\/2026\/01\/unnamed-file-6314.jpg","datePublished":"2026-01-31T13:27:00+00:00","author":{"@id":"https:\/\/portaltela.pt\/#\/schema\/person\/c4278d4a6028830caff9ee44b42d32ed"},"breadcrumb":{"@id":"https:\/\/portaltela.pt\/noticias\/2026\/01\/31\/campeonato-regional-de-esperancas-de-mar-reune-74-jovens-em-funchal\/#breadcrumb"},"inLanguage":"pt-PT","potentialAction":[{"@type":"ReadAction","target":["https:\/\/portaltela.pt\/noticias\/2026\/01\/31\/campeonato-regional-de-esperancas-de-mar-reune-74-jovens-em-funchal\/"]}]},{"@type":"ImageObject","inLanguage":"pt-PT","@id":"https:\/\/portaltela.pt\/noticias\/2026\/01\/31\/campeonato-regional-de-esperancas-de-mar-reune-74-jovens-em-funchal\/#primaryimage","url":"https:\/\/portaltela.pt\/s.01k8rhncp4jt1\/2026\/01\/unnamed-file-6314.jpg","contentUrl":"https:\/\/portaltela.pt\/s.01k8rhncp4jt1\/2026\/01\/unnamed-file-6314.jpg","width":796,"height":448,"caption":"Campeonato Regional de Esperan\u00e7as de Mar re\u00fane 74 jovens atletas na ba\u00eda do Funchal"},{"@type":"BreadcrumbList","@id":"https:\/\/portaltela.pt\/noticias\/2026\/01\/31\/campeonato-regional-de-esperancas-de-mar-reune-74-jovens-em-funchal\/#breadcrumb","itemListElement":[{"@type":"ListItem","position":1,"name":"In\u00edcio","item":"https:\/\/portaltela.pt\/"},{"@type":"ListItem","position":2,"name":"Campeonato Regional de Esperan\u00e7as de Mar re\u00fane 74 jovens em Funchal"}]},{"@type":"WebSite","@id":"https:\/\/portaltela.pt\/#website","url":"https:\/\/portaltela.pt\/","name":"Portal Tela Portugal","description":"","potentialAction":[{"@type":"SearchAction","target":{"@type":"EntryPoint","urlTemplate":"https:\/\/portaltela.pt\/?s={search_term_string}"},"query-input":{"@type":"PropertyValueSpecification","valueRequired":true,"valueName":"search_term_string"}}],"inLanguage":"pt-PT"},{"@type":"Person","@id":"https:\/\/portaltela.pt\/#\/schema\/person\/c4278d4a6028830caff9ee44b42d32ed","name":"Telinha","image":{"@type":"ImageObject","inLanguage":"pt-PT","@id":"https:\/\/portaltela.pt\/s.01k8rhncp4jt1\/2025\/11\/talking-bot-125x125.png","url":"https:\/\/portaltela.pt\/s.01k8rhncp4jt1\/2025\/11\/talking-bot-125x125.png","contentUrl":"https:\/\/portaltela.pt\/s.01k8rhncp4jt1\/2025\/11\/talking-bot-125x125.png","caption":"Telinha"},"sameAs":["https:\/\/portaltela.pt\/"],"url":"https:\/\/portaltela.pt\/por\/367410592786\/"}]}},"_links":{"self":[{"href":"https:\/\/portaltela.pt\/api\/wp\/v2\/posts\/186695","targetHints":{"allow":["GET"]}}],"collection":[{"href":"https:\/\/portaltela.pt\/api\/wp\/v2\/posts"}],"about":[{"href":"https:\/\/portaltela.pt\/api\/wp\/v2\/types\/post"}],"author":[{"embeddable":true,"href":"https:\/\/portaltela.pt\/api\/wp\/v2\/users\/2"}],"replies":[{"embeddable":true,"href":"https:\/\/portaltela.pt\/api\/wp\/v2\/comments?post=186695"}],"version-history":[{"count":0,"href":"https:\/\/portaltela.pt\/api\/wp\/v2\/posts\/186695\/revisions"}],"wp:featuredmedia":[{"embeddable":true,"href":"https:\/\/portaltela.pt\/api\/wp\/v2\/media\/186705"}],"wp:attachment":[{"href":"https:\/\/portaltela.pt\/api\/wp\/v2\/media?parent=186695"}],"wp:term":[{"taxonomy":"category","embeddable":true,"href":"https:\/\/portaltela.pt\/api\/wp\/v2\/categories?post=186695"},{"taxonomy":"post_tag","embeddable":true,"href":"https:\/\/portaltela.pt\/api\/wp\/v2\/tags?post=186695"}],"curies":[{"name":"wp","href":"https:\/\/api.w.org\/{rel}","templated":true}]}}