{"id":186664,"date":"2026-01-31T10:02:15","date_gmt":"2026-01-31T13:02:15","guid":{"rendered":"https:\/\/portaltela.pt\/noticias\/2026\/01\/31\/seixal-loja-do-cidadao-amplia-horario-de-atendimento\/"},"modified":"2026-01-31T10:02:15","modified_gmt":"2026-01-31T13:02:15","slug":"seixal-loja-do-cidadao-amplia-horario-de-atendimento","status":"publish","type":"post","link":"https:\/\/portaltela.pt\/noticias\/2026\/01\/31\/seixal-loja-do-cidadao-amplia-horario-de-atendimento\/","title":{"rendered":"Seixal: Loja do Cidad\u00e3o amplia hor\u00e1rio de atendimento"},"content":{"rendered":"<p>A Loja do Cidad\u00e3o do Seixal, situada em Amora, vai passar a ter um hor\u00e1rio de atendimento alargado a partir da pr\u00f3xima segunda-feira, 2 de fevereiro, segundo o munic\u00edpio. A altera\u00e7\u00e3o cumpre o Decreto\u2011Lei n.\u00ba 121\/2025, de 14 de novembro.<\/p>\n<p>O novo hor\u00e1rio \u00e9: segunda a sexta, das 8h30 \u00e0s 19h30, com atendimento ininterrupto; s\u00e1bado, das 8h30 \u00e0s 14h00. Os servi\u00e7os abrangidos incluem a Autoridade Tribut\u00e1ria, o Instituto dos Registos e do Notariado e o Instituto da Seguran\u00e7a Social.<\/p>\n<p>A autarquia sublinha que os hor\u00e1rios passam a acompanhar os j\u00e1 praticados pelo Espa\u00e7o Cidad\u00e3o e pela Loja do Mun\u00edcipe de Amora, ambos assegurados por trabalhadores do munic\u00edpio.<\/p>\n<h3>Hor\u00e1rio e servi\u00e7os em detalhe<\/h3>\n<p>Durante fevereiro, o Instituto da Seguran\u00e7a Social n\u00e3o ir\u00e1 atender aos s\u00e1bados, com retoma prevista para mar\u00e7o. O IRN acompanha o hor\u00e1rio prolongado para Cart\u00e3o de Cidad\u00e3o e Passaportes, enquanto as \u00e1reas de Predial e Autom\u00f3vel mant\u00eam o hor\u00e1rio reduzido.<\/p>\n","protected":false},"excerpt":{"rendered":"<ul>\n<li>A Loja do Cidad\u00e3o do Seixal, em Amora, passa a ter hor\u00e1rio de atendimento alargado a partir de segunda-feira, 2 de fevereiro.<\/li>\n<li>A mudan\u00e7a cumpre o Decreto\u2011Lei n.\u00ba 121\/2025, de 14 de novembro.<\/li>\n<li>Novo hor\u00e1rio: segunda a sexta, das 8h30 \u00e0s 19h30 (atendimento ininterrupto); s\u00e1bado, das 8h30 \u00e0s 14h00.<\/li>\n<li>Os hor\u00e1rios aplicam-se aos servi\u00e7os da Autoridade Tribut\u00e1ria, Instituto dos Registos e do Notariado e Instituto da Seguran\u00e7a Social.<\/li>\n<li>Em fevereiro, o Instituto da Seguran\u00e7a Social n\u00e3o atende aos s\u00e1bados; o IRN mant\u00e9m hor\u00e1rio prolongado para Cart\u00e3o de Cidad\u00e3o e Passaportes, enquanto as \u00e1reas de Predial e Autom\u00f3vel ficam com hor\u00e1rio reduzido.<\/li>\n<\/ul>\n","protected":false},"author":2,"featured_media":186674,"comment_status":"closed","ping_status":"closed","sticky":false,"template":"","format":"standard","meta":{"footnotes":""},"categories":[1],"tags":[3354,2850,3823,4281,1064],"class_list":["post-186664","post","type-post","status-publish","format-standard","has-post-thumbnail","hentry","category-noticias","tag-amora","tag-autoridade-tributaria","tag-cartao-de-cidadao","tag-instituto-da-seguranca-social","tag-seixal"],"yoast_head":"<!-- This site is optimized with the Yoast SEO plugin v27.2 - https:\/\/yoast.com\/product\/yoast-seo-wordpress\/ -->\n<title>Seixal: Loja do Cidad\u00e3o amplia hor\u00e1rio de atendimento - Portal Tela Portugal<\/title>\n<meta name=\"robots\" content=\"index, follow, max-snippet:-1, max-image-preview:large, max-video-preview:-1\" \/>\n<meta property=\"og:locale\" content=\"pt_PT\" \/>\n<meta property=\"og:type\" content=\"article\" \/>\n<meta property=\"og:title\" content=\"Seixal: Loja do Cidad\u00e3o amplia hor\u00e1rio de atendimento - Portal Tela Portugal\" \/>\n<meta property=\"og:description\" content=\"A Loja do Cidad\u00e3o do Seixal, em Amora, passa a ter hor\u00e1rio de atendimento alargado a partir de segunda-feira, 2 de fevereiro. A mudan\u00e7a cumpre o Decreto\u2011Lei n.\u00ba 121\/2025, de 14 de novembro. Novo hor\u00e1rio: segunda a sexta, das 8h30 \u00e0s 19h30 (atendimento ininterrupto); s\u00e1bado, das 8h30 \u00e0s 14h00. Os hor\u00e1rios aplicam-se aos servi\u00e7os da Autoridade Tribut\u00e1ria, Instituto dos Registos e do Notariado e Instituto da Seguran\u00e7a Social. Em fevereiro, o Instituto da Seguran\u00e7a Social n\u00e3o atende aos s\u00e1bados; o IRN mant\u00e9m hor\u00e1rio prolongado para Cart\u00e3o de Cidad\u00e3o e Passaportes, enquanto as \u00e1reas de Predial e Autom\u00f3vel ficam com hor\u00e1rio reduzido.\" \/>\n<meta property=\"og:url\" content=\"https:\/\/portaltela.pt\/noticias\/2026\/01\/31\/seixal-loja-do-cidadao-amplia-horario-de-atendimento\/\" \/>\n<meta property=\"og:site_name\" content=\"Portal Tela Portugal\" \/>\n<meta property=\"article:published_time\" content=\"2026-01-31T13:02:15+00:00\" \/>\n<meta name=\"author\" content=\"Telinha\" \/>\n<meta name=\"twitter:card\" content=\"summary_large_image\" \/>\n<meta name=\"twitter:label1\" content=\"Escrito por\" \/>\n\t<meta name=\"twitter:data1\" content=\"Telinha\" \/>\n\t<meta name=\"twitter:label2\" content=\"Tempo estimado de leitura\" \/>\n\t<meta name=\"twitter:data2\" content=\"1 minuto\" \/>\n<script type=\"application\/ld+json\" class=\"yoast-schema-graph\">{\"@context\":\"https:\/\/schema.org\",\"@graph\":[{\"@type\":\"Article\",\"@id\":\"https:\/\/portaltela.pt\/noticias\/2026\/01\/31\/seixal-loja-do-cidadao-amplia-horario-de-atendimento\/#article\",\"isPartOf\":{\"@id\":\"https:\/\/portaltela.pt\/noticias\/2026\/01\/31\/seixal-loja-do-cidadao-amplia-horario-de-atendimento\/\"},\"author\":{\"name\":\"Telinha\",\"@id\":\"https:\/\/portaltela.pt\/#\/schema\/person\/c4278d4a6028830caff9ee44b42d32ed\"},\"headline\":\"Seixal: Loja do Cidad\u00e3o amplia hor\u00e1rio de atendimento\",\"datePublished\":\"2026-01-31T13:02:15+00:00\",\"mainEntityOfPage\":{\"@id\":\"https:\/\/portaltela.pt\/noticias\/2026\/01\/31\/seixal-loja-do-cidadao-amplia-horario-de-atendimento\/\"},\"wordCount\":186,\"image\":{\"@id\":\"https:\/\/portaltela.pt\/noticias\/2026\/01\/31\/seixal-loja-do-cidadao-amplia-horario-de-atendimento\/#primaryimage\"},\"thumbnailUrl\":\"https:\/\/portaltela.pt\/s.01k8rhncp4jt1\/2026\/01\/Loja-Cidadao-Seixal.jpg\",\"keywords\":[\"Amora\",\"Autoridade Tribut\u00e1ria\",\"Cart\u00e3o de Cidad\u00e3o\",\"Instituto da Seguran\u00e7a Social\",\"Seixal\"],\"articleSection\":[\"Not\u00edcias\"],\"inLanguage\":\"pt-PT\"},{\"@type\":\"WebPage\",\"@id\":\"https:\/\/portaltela.pt\/noticias\/2026\/01\/31\/seixal-loja-do-cidadao-amplia-horario-de-atendimento\/\",\"url\":\"https:\/\/portaltela.pt\/noticias\/2026\/01\/31\/seixal-loja-do-cidadao-amplia-horario-de-atendimento\/\",\"name\":\"Seixal: Loja do Cidad\u00e3o amplia hor\u00e1rio de atendimento - Portal Tela Portugal\",\"isPartOf\":{\"@id\":\"https:\/\/portaltela.pt\/#website\"},\"primaryImageOfPage\":{\"@id\":\"https:\/\/portaltela.pt\/noticias\/2026\/01\/31\/seixal-loja-do-cidadao-amplia-horario-de-atendimento\/#primaryimage\"},\"image\":{\"@id\":\"https:\/\/portaltela.pt\/noticias\/2026\/01\/31\/seixal-loja-do-cidadao-amplia-horario-de-atendimento\/#primaryimage\"},\"thumbnailUrl\":\"https:\/\/portaltela.pt\/s.01k8rhncp4jt1\/2026\/01\/Loja-Cidadao-Seixal.jpg\",\"datePublished\":\"2026-01-31T13:02:15+00:00\",\"author\":{\"@id\":\"https:\/\/portaltela.pt\/#\/schema\/person\/c4278d4a6028830caff9ee44b42d32ed\"},\"breadcrumb\":{\"@id\":\"https:\/\/portaltela.pt\/noticias\/2026\/01\/31\/seixal-loja-do-cidadao-amplia-horario-de-atendimento\/#breadcrumb\"},\"inLanguage\":\"pt-PT\",\"potentialAction\":[{\"@type\":\"ReadAction\",\"target\":[\"https:\/\/portaltela.pt\/noticias\/2026\/01\/31\/seixal-loja-do-cidadao-amplia-horario-de-atendimento\/\"]}]},{\"@type\":\"ImageObject\",\"inLanguage\":\"pt-PT\",\"@id\":\"https:\/\/portaltela.pt\/noticias\/2026\/01\/31\/seixal-loja-do-cidadao-amplia-horario-de-atendimento\/#primaryimage\",\"url\":\"https:\/\/portaltela.pt\/s.01k8rhncp4jt1\/2026\/01\/Loja-Cidadao-Seixal.jpg\",\"contentUrl\":\"https:\/\/portaltela.pt\/s.01k8rhncp4jt1\/2026\/01\/Loja-Cidadao-Seixal.jpg\",\"width\":796,\"height\":448,\"caption\":\"Seixal: Loja do Cidad\u00e3o vai ter alargamento de hor\u00e1rio\"},{\"@type\":\"BreadcrumbList\",\"@id\":\"https:\/\/portaltela.pt\/noticias\/2026\/01\/31\/seixal-loja-do-cidadao-amplia-horario-de-atendimento\/#breadcrumb\",\"itemListElement\":[{\"@type\":\"ListItem\",\"position\":1,\"name\":\"In\u00edcio\",\"item\":\"https:\/\/portaltela.pt\/\"},{\"@type\":\"ListItem\",\"position\":2,\"name\":\"Seixal: Loja do Cidad\u00e3o amplia hor\u00e1rio de atendimento\"}]},{\"@type\":\"WebSite\",\"@id\":\"https:\/\/portaltela.pt\/#website\",\"url\":\"https:\/\/portaltela.pt\/\",\"name\":\"Portal Tela Portugal\",\"description\":\"\",\"potentialAction\":[{\"@type\":\"SearchAction\",\"target\":{\"@type\":\"EntryPoint\",\"urlTemplate\":\"https:\/\/portaltela.pt\/?s={search_term_string}\"},\"query-input\":{\"@type\":\"PropertyValueSpecification\",\"valueRequired\":true,\"valueName\":\"search_term_string\"}}],\"inLanguage\":\"pt-PT\"},{\"@type\":\"Person\",\"@id\":\"https:\/\/portaltela.pt\/#\/schema\/person\/c4278d4a6028830caff9ee44b42d32ed\",\"name\":\"Telinha\",\"image\":{\"@type\":\"ImageObject\",\"inLanguage\":\"pt-PT\",\"@id\":\"https:\/\/portaltela.pt\/s.01k8rhncp4jt1\/2025\/11\/talking-bot-125x125.png\",\"url\":\"https:\/\/portaltela.pt\/s.01k8rhncp4jt1\/2025\/11\/talking-bot-125x125.png\",\"contentUrl\":\"https:\/\/portaltela.pt\/s.01k8rhncp4jt1\/2025\/11\/talking-bot-125x125.png\",\"caption\":\"Telinha\"},\"sameAs\":[\"https:\/\/portaltela.pt\/\"],\"url\":\"https:\/\/portaltela.pt\/por\/367410592786\/\"}]}<\/script>\n<!-- \/ Yoast SEO plugin. -->","yoast_head_json":{"title":"Seixal: Loja do Cidad\u00e3o amplia hor\u00e1rio de atendimento - Portal Tela Portugal","robots":{"index":"index","follow":"follow","max-snippet":"max-snippet:-1","max-image-preview":"max-image-preview:large","max-video-preview":"max-video-preview:-1"},"og_locale":"pt_PT","og_type":"article","og_title":"Seixal: Loja do Cidad\u00e3o amplia hor\u00e1rio de atendimento - Portal Tela Portugal","og_description":"A Loja do Cidad\u00e3o do Seixal, em Amora, passa a ter hor\u00e1rio de atendimento alargado a partir de segunda-feira, 2 de fevereiro. A mudan\u00e7a cumpre o Decreto\u2011Lei n.\u00ba 121\/2025, de 14 de novembro. Novo hor\u00e1rio: segunda a sexta, das 8h30 \u00e0s 19h30 (atendimento ininterrupto); s\u00e1bado, das 8h30 \u00e0s 14h00. Os hor\u00e1rios aplicam-se aos servi\u00e7os da Autoridade Tribut\u00e1ria, Instituto dos Registos e do Notariado e Instituto da Seguran\u00e7a Social. Em fevereiro, o Instituto da Seguran\u00e7a Social n\u00e3o atende aos s\u00e1bados; o IRN mant\u00e9m hor\u00e1rio prolongado para Cart\u00e3o de Cidad\u00e3o e Passaportes, enquanto as \u00e1reas de Predial e Autom\u00f3vel ficam com hor\u00e1rio reduzido.","og_url":"https:\/\/portaltela.pt\/noticias\/2026\/01\/31\/seixal-loja-do-cidadao-amplia-horario-de-atendimento\/","og_site_name":"Portal Tela Portugal","article_published_time":"2026-01-31T13:02:15+00:00","author":"Telinha","twitter_card":"summary_large_image","twitter_misc":{"Escrito por":"Telinha","Tempo estimado de leitura":"1 minuto"},"schema":{"@context":"https:\/\/schema.org","@graph":[{"@type":"Article","@id":"https:\/\/portaltela.pt\/noticias\/2026\/01\/31\/seixal-loja-do-cidadao-amplia-horario-de-atendimento\/#article","isPartOf":{"@id":"https:\/\/portaltela.pt\/noticias\/2026\/01\/31\/seixal-loja-do-cidadao-amplia-horario-de-atendimento\/"},"author":{"name":"Telinha","@id":"https:\/\/portaltela.pt\/#\/schema\/person\/c4278d4a6028830caff9ee44b42d32ed"},"headline":"Seixal: Loja do Cidad\u00e3o amplia hor\u00e1rio de atendimento","datePublished":"2026-01-31T13:02:15+00:00","mainEntityOfPage":{"@id":"https:\/\/portaltela.pt\/noticias\/2026\/01\/31\/seixal-loja-do-cidadao-amplia-horario-de-atendimento\/"},"wordCount":186,"image":{"@id":"https:\/\/portaltela.pt\/noticias\/2026\/01\/31\/seixal-loja-do-cidadao-amplia-horario-de-atendimento\/#primaryimage"},"thumbnailUrl":"https:\/\/portaltela.pt\/s.01k8rhncp4jt1\/2026\/01\/Loja-Cidadao-Seixal.jpg","keywords":["Amora","Autoridade Tribut\u00e1ria","Cart\u00e3o de Cidad\u00e3o","Instituto da Seguran\u00e7a Social","Seixal"],"articleSection":["Not\u00edcias"],"inLanguage":"pt-PT"},{"@type":"WebPage","@id":"https:\/\/portaltela.pt\/noticias\/2026\/01\/31\/seixal-loja-do-cidadao-amplia-horario-de-atendimento\/","url":"https:\/\/portaltela.pt\/noticias\/2026\/01\/31\/seixal-loja-do-cidadao-amplia-horario-de-atendimento\/","name":"Seixal: Loja do Cidad\u00e3o amplia hor\u00e1rio de atendimento - Portal Tela Portugal","isPartOf":{"@id":"https:\/\/portaltela.pt\/#website"},"primaryImageOfPage":{"@id":"https:\/\/portaltela.pt\/noticias\/2026\/01\/31\/seixal-loja-do-cidadao-amplia-horario-de-atendimento\/#primaryimage"},"image":{"@id":"https:\/\/portaltela.pt\/noticias\/2026\/01\/31\/seixal-loja-do-cidadao-amplia-horario-de-atendimento\/#primaryimage"},"thumbnailUrl":"https:\/\/portaltela.pt\/s.01k8rhncp4jt1\/2026\/01\/Loja-Cidadao-Seixal.jpg","datePublished":"2026-01-31T13:02:15+00:00","author":{"@id":"https:\/\/portaltela.pt\/#\/schema\/person\/c4278d4a6028830caff9ee44b42d32ed"},"breadcrumb":{"@id":"https:\/\/portaltela.pt\/noticias\/2026\/01\/31\/seixal-loja-do-cidadao-amplia-horario-de-atendimento\/#breadcrumb"},"inLanguage":"pt-PT","potentialAction":[{"@type":"ReadAction","target":["https:\/\/portaltela.pt\/noticias\/2026\/01\/31\/seixal-loja-do-cidadao-amplia-horario-de-atendimento\/"]}]},{"@type":"ImageObject","inLanguage":"pt-PT","@id":"https:\/\/portaltela.pt\/noticias\/2026\/01\/31\/seixal-loja-do-cidadao-amplia-horario-de-atendimento\/#primaryimage","url":"https:\/\/portaltela.pt\/s.01k8rhncp4jt1\/2026\/01\/Loja-Cidadao-Seixal.jpg","contentUrl":"https:\/\/portaltela.pt\/s.01k8rhncp4jt1\/2026\/01\/Loja-Cidadao-Seixal.jpg","width":796,"height":448,"caption":"Seixal: Loja do Cidad\u00e3o vai ter alargamento de hor\u00e1rio"},{"@type":"BreadcrumbList","@id":"https:\/\/portaltela.pt\/noticias\/2026\/01\/31\/seixal-loja-do-cidadao-amplia-horario-de-atendimento\/#breadcrumb","itemListElement":[{"@type":"ListItem","position":1,"name":"In\u00edcio","item":"https:\/\/portaltela.pt\/"},{"@type":"ListItem","position":2,"name":"Seixal: Loja do Cidad\u00e3o amplia hor\u00e1rio de atendimento"}]},{"@type":"WebSite","@id":"https:\/\/portaltela.pt\/#website","url":"https:\/\/portaltela.pt\/","name":"Portal Tela Portugal","description":"","potentialAction":[{"@type":"SearchAction","target":{"@type":"EntryPoint","urlTemplate":"https:\/\/portaltela.pt\/?s={search_term_string}"},"query-input":{"@type":"PropertyValueSpecification","valueRequired":true,"valueName":"search_term_string"}}],"inLanguage":"pt-PT"},{"@type":"Person","@id":"https:\/\/portaltela.pt\/#\/schema\/person\/c4278d4a6028830caff9ee44b42d32ed","name":"Telinha","image":{"@type":"ImageObject","inLanguage":"pt-PT","@id":"https:\/\/portaltela.pt\/s.01k8rhncp4jt1\/2025\/11\/talking-bot-125x125.png","url":"https:\/\/portaltela.pt\/s.01k8rhncp4jt1\/2025\/11\/talking-bot-125x125.png","contentUrl":"https:\/\/portaltela.pt\/s.01k8rhncp4jt1\/2025\/11\/talking-bot-125x125.png","caption":"Telinha"},"sameAs":["https:\/\/portaltela.pt\/"],"url":"https:\/\/portaltela.pt\/por\/367410592786\/"}]}},"_links":{"self":[{"href":"https:\/\/portaltela.pt\/api\/wp\/v2\/posts\/186664","targetHints":{"allow":["GET"]}}],"collection":[{"href":"https:\/\/portaltela.pt\/api\/wp\/v2\/posts"}],"about":[{"href":"https:\/\/portaltela.pt\/api\/wp\/v2\/types\/post"}],"author":[{"embeddable":true,"href":"https:\/\/portaltela.pt\/api\/wp\/v2\/users\/2"}],"replies":[{"embeddable":true,"href":"https:\/\/portaltela.pt\/api\/wp\/v2\/comments?post=186664"}],"version-history":[{"count":0,"href":"https:\/\/portaltela.pt\/api\/wp\/v2\/posts\/186664\/revisions"}],"wp:featuredmedia":[{"embeddable":true,"href":"https:\/\/portaltela.pt\/api\/wp\/v2\/media\/186674"}],"wp:attachment":[{"href":"https:\/\/portaltela.pt\/api\/wp\/v2\/media?parent=186664"}],"wp:term":[{"taxonomy":"category","embeddable":true,"href":"https:\/\/portaltela.pt\/api\/wp\/v2\/categories?post=186664"},{"taxonomy":"post_tag","embeddable":true,"href":"https:\/\/portaltela.pt\/api\/wp\/v2\/tags?post=186664"}],"curies":[{"name":"wp","href":"https:\/\/api.w.org\/{rel}","templated":true}]}}