{"id":186662,"date":"2026-01-31T09:59:00","date_gmt":"2026-01-31T12:59:00","guid":{"rendered":"https:\/\/portaltela.pt\/noticias\/2026\/01\/31\/estudantes-de-medicina-alertam-para-falhas-estruturais-no-sns\/"},"modified":"2026-01-31T09:59:00","modified_gmt":"2026-01-31T12:59:00","slug":"estudantes-de-medicina-alertam-para-falhas-estruturais-no-sns","status":"publish","type":"post","link":"https:\/\/portaltela.pt\/noticias\/2026\/01\/31\/estudantes-de-medicina-alertam-para-falhas-estruturais-no-sns\/","title":{"rendered":"Estudantes de medicina alertam para falhas estruturais no SNS"},"content":{"rendered":"<p>A imprensa de sa\u00fade regista hoje um aviso dos estudantes de Medicina sobre problemas estruturais no SNS. Em declara\u00e7\u00f5es \u00e0 Lusa, a nova presidente da ANEM, Maria Font\u00e3o, afirmou que h\u00e1 uma invers\u00e3o no preenchimento das vagas do internato m\u00e9dico, com as especialidades de Medicina Geral e Familiar e Medicina Interna a enfrenta<\/p>\n<p>rem dificuldades mais graves de recrutamento. A leitura aponta falhas no planeamento e na atratividade da carreira.<\/p>\n<p>Os estudantes destacam que pol\u00edticas de sa\u00fade muito sens\u00edveis \u00e0s legislaturas dificultam medidas estruturais. A falta de dados objetivos sobre a pr\u00e1tica m\u00e9dica complica a cria\u00e7\u00e3o de solu\u00e7\u00f5es concretas e de pol\u00edticas p\u00fablicas de longo prazo. Portugal tem mais m\u00e9dicos por habitante que a m\u00e9dia europeia, mas n\u00e3o se reflecte no exerc\u00edcio e local de atua\u00e7\u00e3o.<\/p>\n<h3>Desafios de distribui\u00e7\u00e3o e atratividade<\/h3>\n<p>Font\u00e3o sublinha que a coes\u00e3o territorial \u00e9 um fator decisivo, afectando a escolha de vagas no interior e em \u00e1reas como Lisboa e Vale do Tejo, por raz\u00f5es distintas. Mesmo servi\u00e7os com vaga preenchida enfrentam sobrecarga que compromete a forma\u00e7\u00e3o dos internos.<\/p>\n<p>A dirigente alerta que, sem compreender a distribui\u00e7\u00e3o dos m\u00e9dicos e os fluxos migrat\u00f3rios, dificilmente se elaboram pol\u00edticas de sa\u00fade fundamentadas. S\u00e3o problemas estruturais que n\u00e3o se resolvem de imediato e requerem consenso entre governo e partidos, defendem os estudantes.<\/p>\n<h3>Propostas e pr\u00f3ximos passos<\/h3>\n<p>A ANEM defende pol\u00edticas de recursos humanos sustent\u00e1veis e o apoio a um pacto para a sa\u00fade proposto pelo Presidente da Rep\u00fablica, com horizonte de longo prazo. Considera essencial evitar pol\u00edticas de curt\u00edssimo prazo que se repetem a cada legislatura.<\/p>\n<p>Para aprofundar o diagn\u00f3stico, a ANEM prop\u00f4s ao Governo um estudo semelhante ao AIM Study do Reino Unido. O objetivo \u00e9 entender perspetivas dos estudantes, motiva\u00e7\u00e3o para escolher especialidade e impactos na forma\u00e7\u00e3o, servindo de base para o planeamento futuro.<\/p>\n","protected":false},"excerpt":{"rendered":"<ul>\n<li>Estudantes de Medicina alertam que pol\u00edticas de sa\u00fade muito dependentes das legislaturas dificultam resolver problemas estruturais do SNS, incluindo vagas por preencher no internato m\u00e9dico.<\/li>\n<li>A substitui\u00e7\u00e3o de vagas no internato tem vindo a inverter-se, com mais vagas a sobrar, sobretudo nas especialidades de Medicina Geral e Familiar e Medicina Interna, consideradas as de maior gravidade.<\/li>\n<li>O problema \u00e9 multifatorial: envolve forma\u00e7\u00e3o, planeamento de recursos humanos e atratividade da carreira; h\u00e1 falta de dados objetivos sobre como os m\u00e9dicos exercem a profiss\u00e3o.<\/li>\n<li>A coes\u00e3o territorial \u00e9 apontada como fator estrutural relevante, afetando decis\u00f5es sobre vagas no interior e em regions como Lisboa e Vale do Tejo, al\u00e9m de que sobrecarga de servi\u00e7os pode comprometer a forma\u00e7\u00e3o dos internos.<\/li>\n<li>A Associa\u00e7\u00e3o Nacional de Estudantes de Medicina defende pol\u00edticas de recursos humanos sustent\u00e1veis, apoia o pacto para a sa\u00fade proposto pelo Presidente da Rep\u00fablica e prop\u00f5e um estudo similar ao AIM Study para entender as escolhas de especialidade.<\/li>\n<\/ul>\n","protected":false},"author":2,"featured_media":186673,"comment_status":"closed","ping_status":"closed","sticky":false,"template":"","format":"standard","meta":{"footnotes":""},"categories":[1],"tags":[830,482,1401,133,172,1775],"class_list":["post-186662","post","type-post","status-publish","format-standard","has-post-thumbnail","hentry","category-noticias","tag-coesao-territorial","tag-medicina-geral-e-familiar","tag-medicina-interna","tag-politicas-publicas","tag-saude","tag-sns"],"yoast_head":"<!-- This site is optimized with the Yoast SEO plugin v27.2 - https:\/\/yoast.com\/product\/yoast-seo-wordpress\/ -->\n<title>Estudantes de medicina alertam para falhas estruturais no SNS - Portal Tela Portugal<\/title>\n<meta name=\"robots\" content=\"index, follow, max-snippet:-1, max-image-preview:large, max-video-preview:-1\" \/>\n<meta property=\"og:locale\" content=\"pt_PT\" \/>\n<meta property=\"og:type\" content=\"article\" \/>\n<meta property=\"og:title\" content=\"Estudantes de medicina alertam para falhas estruturais no SNS - Portal Tela Portugal\" \/>\n<meta property=\"og:description\" content=\"Estudantes de Medicina alertam que pol\u00edticas de sa\u00fade muito dependentes das legislaturas dificultam resolver problemas estruturais do SNS, incluindo vagas por preencher no internato m\u00e9dico. A substitui\u00e7\u00e3o de vagas no internato tem vindo a inverter-se, com mais vagas a sobrar, sobretudo nas especialidades de Medicina Geral e Familiar e Medicina Interna, consideradas as de maior gravidade. O problema \u00e9 multifatorial: envolve forma\u00e7\u00e3o, planeamento de recursos humanos e atratividade da carreira; h\u00e1 falta de dados objetivos sobre como os m\u00e9dicos exercem a profiss\u00e3o. A coes\u00e3o territorial \u00e9 apontada como fator estrutural relevante, afetando decis\u00f5es sobre vagas no interior e em regions como Lisboa e Vale do Tejo, al\u00e9m de que sobrecarga de servi\u00e7os pode comprometer a forma\u00e7\u00e3o dos internos. A Associa\u00e7\u00e3o Nacional de Estudantes de Medicina defende pol\u00edticas de recursos humanos sustent\u00e1veis, apoia o pacto para a sa\u00fade proposto pelo Presidente da Rep\u00fablica e prop\u00f5e um estudo similar ao AIM Study para entender as escolhas de especialidade.\" \/>\n<meta property=\"og:url\" content=\"https:\/\/portaltela.pt\/noticias\/2026\/01\/31\/estudantes-de-medicina-alertam-para-falhas-estruturais-no-sns\/\" \/>\n<meta property=\"og:site_name\" content=\"Portal Tela Portugal\" \/>\n<meta property=\"article:published_time\" content=\"2026-01-31T12:59:00+00:00\" \/>\n<meta name=\"author\" content=\"Telinha\" \/>\n<meta name=\"twitter:card\" content=\"summary_large_image\" \/>\n<meta name=\"twitter:label1\" content=\"Escrito por\" \/>\n\t<meta name=\"twitter:data1\" content=\"Telinha\" \/>\n\t<meta name=\"twitter:label2\" content=\"Tempo estimado de leitura\" \/>\n\t<meta name=\"twitter:data2\" content=\"2 minutos\" \/>\n<script type=\"application\/ld+json\" class=\"yoast-schema-graph\">{\"@context\":\"https:\/\/schema.org\",\"@graph\":[{\"@type\":\"Article\",\"@id\":\"https:\/\/portaltela.pt\/noticias\/2026\/01\/31\/estudantes-de-medicina-alertam-para-falhas-estruturais-no-sns\/#article\",\"isPartOf\":{\"@id\":\"https:\/\/portaltela.pt\/noticias\/2026\/01\/31\/estudantes-de-medicina-alertam-para-falhas-estruturais-no-sns\/\"},\"author\":{\"name\":\"Telinha\",\"@id\":\"https:\/\/portaltela.pt\/#\/schema\/person\/c4278d4a6028830caff9ee44b42d32ed\"},\"headline\":\"Estudantes de medicina alertam para falhas estruturais no SNS\",\"datePublished\":\"2026-01-31T12:59:00+00:00\",\"mainEntityOfPage\":{\"@id\":\"https:\/\/portaltela.pt\/noticias\/2026\/01\/31\/estudantes-de-medicina-alertam-para-falhas-estruturais-no-sns\/\"},\"wordCount\":346,\"image\":{\"@id\":\"https:\/\/portaltela.pt\/noticias\/2026\/01\/31\/estudantes-de-medicina-alertam-para-falhas-estruturais-no-sns\/#primaryimage\"},\"thumbnailUrl\":\"https:\/\/portaltela.pt\/s.01k8rhncp4jt1\/2026\/01\/unnamed-file-6310.jpg\",\"keywords\":[\"Coes\u00e3o Territorial\",\"Medicina Geral e Familiar\",\"Medicina Interna\",\"pol\u00edticas p\u00fablicas\",\"sa\u00fade\",\"SNS\"],\"articleSection\":[\"Not\u00edcias\"],\"inLanguage\":\"pt-PT\"},{\"@type\":\"WebPage\",\"@id\":\"https:\/\/portaltela.pt\/noticias\/2026\/01\/31\/estudantes-de-medicina-alertam-para-falhas-estruturais-no-sns\/\",\"url\":\"https:\/\/portaltela.pt\/noticias\/2026\/01\/31\/estudantes-de-medicina-alertam-para-falhas-estruturais-no-sns\/\",\"name\":\"Estudantes de medicina alertam para falhas estruturais no SNS - Portal Tela Portugal\",\"isPartOf\":{\"@id\":\"https:\/\/portaltela.pt\/#website\"},\"primaryImageOfPage\":{\"@id\":\"https:\/\/portaltela.pt\/noticias\/2026\/01\/31\/estudantes-de-medicina-alertam-para-falhas-estruturais-no-sns\/#primaryimage\"},\"image\":{\"@id\":\"https:\/\/portaltela.pt\/noticias\/2026\/01\/31\/estudantes-de-medicina-alertam-para-falhas-estruturais-no-sns\/#primaryimage\"},\"thumbnailUrl\":\"https:\/\/portaltela.pt\/s.01k8rhncp4jt1\/2026\/01\/unnamed-file-6310.jpg\",\"datePublished\":\"2026-01-31T12:59:00+00:00\",\"author\":{\"@id\":\"https:\/\/portaltela.pt\/#\/schema\/person\/c4278d4a6028830caff9ee44b42d32ed\"},\"breadcrumb\":{\"@id\":\"https:\/\/portaltela.pt\/noticias\/2026\/01\/31\/estudantes-de-medicina-alertam-para-falhas-estruturais-no-sns\/#breadcrumb\"},\"inLanguage\":\"pt-PT\",\"potentialAction\":[{\"@type\":\"ReadAction\",\"target\":[\"https:\/\/portaltela.pt\/noticias\/2026\/01\/31\/estudantes-de-medicina-alertam-para-falhas-estruturais-no-sns\/\"]}]},{\"@type\":\"ImageObject\",\"inLanguage\":\"pt-PT\",\"@id\":\"https:\/\/portaltela.pt\/noticias\/2026\/01\/31\/estudantes-de-medicina-alertam-para-falhas-estruturais-no-sns\/#primaryimage\",\"url\":\"https:\/\/portaltela.pt\/s.01k8rhncp4jt1\/2026\/01\/unnamed-file-6310.jpg\",\"contentUrl\":\"https:\/\/portaltela.pt\/s.01k8rhncp4jt1\/2026\/01\/unnamed-file-6310.jpg\",\"width\":796,\"height\":448,\"caption\":\"Estudantes de medicina alertam para problemas estruturais do SNS. Especialidades de Medicina Geral e Familiar e Medicina Interna com o \\\"problemas mais graves\\\"\"},{\"@type\":\"BreadcrumbList\",\"@id\":\"https:\/\/portaltela.pt\/noticias\/2026\/01\/31\/estudantes-de-medicina-alertam-para-falhas-estruturais-no-sns\/#breadcrumb\",\"itemListElement\":[{\"@type\":\"ListItem\",\"position\":1,\"name\":\"In\u00edcio\",\"item\":\"https:\/\/portaltela.pt\/\"},{\"@type\":\"ListItem\",\"position\":2,\"name\":\"Estudantes de medicina alertam para falhas estruturais no SNS\"}]},{\"@type\":\"WebSite\",\"@id\":\"https:\/\/portaltela.pt\/#website\",\"url\":\"https:\/\/portaltela.pt\/\",\"name\":\"Portal Tela Portugal\",\"description\":\"\",\"potentialAction\":[{\"@type\":\"SearchAction\",\"target\":{\"@type\":\"EntryPoint\",\"urlTemplate\":\"https:\/\/portaltela.pt\/?s={search_term_string}\"},\"query-input\":{\"@type\":\"PropertyValueSpecification\",\"valueRequired\":true,\"valueName\":\"search_term_string\"}}],\"inLanguage\":\"pt-PT\"},{\"@type\":\"Person\",\"@id\":\"https:\/\/portaltela.pt\/#\/schema\/person\/c4278d4a6028830caff9ee44b42d32ed\",\"name\":\"Telinha\",\"image\":{\"@type\":\"ImageObject\",\"inLanguage\":\"pt-PT\",\"@id\":\"https:\/\/portaltela.pt\/s.01k8rhncp4jt1\/2025\/11\/talking-bot-125x125.png\",\"url\":\"https:\/\/portaltela.pt\/s.01k8rhncp4jt1\/2025\/11\/talking-bot-125x125.png\",\"contentUrl\":\"https:\/\/portaltela.pt\/s.01k8rhncp4jt1\/2025\/11\/talking-bot-125x125.png\",\"caption\":\"Telinha\"},\"sameAs\":[\"https:\/\/portaltela.pt\/\"],\"url\":\"https:\/\/portaltela.pt\/por\/367410592786\/\"}]}<\/script>\n<!-- \/ Yoast SEO plugin. -->","yoast_head_json":{"title":"Estudantes de medicina alertam para falhas estruturais no SNS - Portal Tela Portugal","robots":{"index":"index","follow":"follow","max-snippet":"max-snippet:-1","max-image-preview":"max-image-preview:large","max-video-preview":"max-video-preview:-1"},"og_locale":"pt_PT","og_type":"article","og_title":"Estudantes de medicina alertam para falhas estruturais no SNS - Portal Tela Portugal","og_description":"Estudantes de Medicina alertam que pol\u00edticas de sa\u00fade muito dependentes das legislaturas dificultam resolver problemas estruturais do SNS, incluindo vagas por preencher no internato m\u00e9dico. A substitui\u00e7\u00e3o de vagas no internato tem vindo a inverter-se, com mais vagas a sobrar, sobretudo nas especialidades de Medicina Geral e Familiar e Medicina Interna, consideradas as de maior gravidade. O problema \u00e9 multifatorial: envolve forma\u00e7\u00e3o, planeamento de recursos humanos e atratividade da carreira; h\u00e1 falta de dados objetivos sobre como os m\u00e9dicos exercem a profiss\u00e3o. A coes\u00e3o territorial \u00e9 apontada como fator estrutural relevante, afetando decis\u00f5es sobre vagas no interior e em regions como Lisboa e Vale do Tejo, al\u00e9m de que sobrecarga de servi\u00e7os pode comprometer a forma\u00e7\u00e3o dos internos. A Associa\u00e7\u00e3o Nacional de Estudantes de Medicina defende pol\u00edticas de recursos humanos sustent\u00e1veis, apoia o pacto para a sa\u00fade proposto pelo Presidente da Rep\u00fablica e prop\u00f5e um estudo similar ao AIM Study para entender as escolhas de especialidade.","og_url":"https:\/\/portaltela.pt\/noticias\/2026\/01\/31\/estudantes-de-medicina-alertam-para-falhas-estruturais-no-sns\/","og_site_name":"Portal Tela Portugal","article_published_time":"2026-01-31T12:59:00+00:00","author":"Telinha","twitter_card":"summary_large_image","twitter_misc":{"Escrito por":"Telinha","Tempo estimado de leitura":"2 minutos"},"schema":{"@context":"https:\/\/schema.org","@graph":[{"@type":"Article","@id":"https:\/\/portaltela.pt\/noticias\/2026\/01\/31\/estudantes-de-medicina-alertam-para-falhas-estruturais-no-sns\/#article","isPartOf":{"@id":"https:\/\/portaltela.pt\/noticias\/2026\/01\/31\/estudantes-de-medicina-alertam-para-falhas-estruturais-no-sns\/"},"author":{"name":"Telinha","@id":"https:\/\/portaltela.pt\/#\/schema\/person\/c4278d4a6028830caff9ee44b42d32ed"},"headline":"Estudantes de medicina alertam para falhas estruturais no SNS","datePublished":"2026-01-31T12:59:00+00:00","mainEntityOfPage":{"@id":"https:\/\/portaltela.pt\/noticias\/2026\/01\/31\/estudantes-de-medicina-alertam-para-falhas-estruturais-no-sns\/"},"wordCount":346,"image":{"@id":"https:\/\/portaltela.pt\/noticias\/2026\/01\/31\/estudantes-de-medicina-alertam-para-falhas-estruturais-no-sns\/#primaryimage"},"thumbnailUrl":"https:\/\/portaltela.pt\/s.01k8rhncp4jt1\/2026\/01\/unnamed-file-6310.jpg","keywords":["Coes\u00e3o Territorial","Medicina Geral e Familiar","Medicina Interna","pol\u00edticas p\u00fablicas","sa\u00fade","SNS"],"articleSection":["Not\u00edcias"],"inLanguage":"pt-PT"},{"@type":"WebPage","@id":"https:\/\/portaltela.pt\/noticias\/2026\/01\/31\/estudantes-de-medicina-alertam-para-falhas-estruturais-no-sns\/","url":"https:\/\/portaltela.pt\/noticias\/2026\/01\/31\/estudantes-de-medicina-alertam-para-falhas-estruturais-no-sns\/","name":"Estudantes de medicina alertam para falhas estruturais no SNS - Portal Tela Portugal","isPartOf":{"@id":"https:\/\/portaltela.pt\/#website"},"primaryImageOfPage":{"@id":"https:\/\/portaltela.pt\/noticias\/2026\/01\/31\/estudantes-de-medicina-alertam-para-falhas-estruturais-no-sns\/#primaryimage"},"image":{"@id":"https:\/\/portaltela.pt\/noticias\/2026\/01\/31\/estudantes-de-medicina-alertam-para-falhas-estruturais-no-sns\/#primaryimage"},"thumbnailUrl":"https:\/\/portaltela.pt\/s.01k8rhncp4jt1\/2026\/01\/unnamed-file-6310.jpg","datePublished":"2026-01-31T12:59:00+00:00","author":{"@id":"https:\/\/portaltela.pt\/#\/schema\/person\/c4278d4a6028830caff9ee44b42d32ed"},"breadcrumb":{"@id":"https:\/\/portaltela.pt\/noticias\/2026\/01\/31\/estudantes-de-medicina-alertam-para-falhas-estruturais-no-sns\/#breadcrumb"},"inLanguage":"pt-PT","potentialAction":[{"@type":"ReadAction","target":["https:\/\/portaltela.pt\/noticias\/2026\/01\/31\/estudantes-de-medicina-alertam-para-falhas-estruturais-no-sns\/"]}]},{"@type":"ImageObject","inLanguage":"pt-PT","@id":"https:\/\/portaltela.pt\/noticias\/2026\/01\/31\/estudantes-de-medicina-alertam-para-falhas-estruturais-no-sns\/#primaryimage","url":"https:\/\/portaltela.pt\/s.01k8rhncp4jt1\/2026\/01\/unnamed-file-6310.jpg","contentUrl":"https:\/\/portaltela.pt\/s.01k8rhncp4jt1\/2026\/01\/unnamed-file-6310.jpg","width":796,"height":448,"caption":"Estudantes de medicina alertam para problemas estruturais do SNS. Especialidades de Medicina Geral e Familiar e Medicina Interna com o \"problemas mais graves\""},{"@type":"BreadcrumbList","@id":"https:\/\/portaltela.pt\/noticias\/2026\/01\/31\/estudantes-de-medicina-alertam-para-falhas-estruturais-no-sns\/#breadcrumb","itemListElement":[{"@type":"ListItem","position":1,"name":"In\u00edcio","item":"https:\/\/portaltela.pt\/"},{"@type":"ListItem","position":2,"name":"Estudantes de medicina alertam para falhas estruturais no SNS"}]},{"@type":"WebSite","@id":"https:\/\/portaltela.pt\/#website","url":"https:\/\/portaltela.pt\/","name":"Portal Tela Portugal","description":"","potentialAction":[{"@type":"SearchAction","target":{"@type":"EntryPoint","urlTemplate":"https:\/\/portaltela.pt\/?s={search_term_string}"},"query-input":{"@type":"PropertyValueSpecification","valueRequired":true,"valueName":"search_term_string"}}],"inLanguage":"pt-PT"},{"@type":"Person","@id":"https:\/\/portaltela.pt\/#\/schema\/person\/c4278d4a6028830caff9ee44b42d32ed","name":"Telinha","image":{"@type":"ImageObject","inLanguage":"pt-PT","@id":"https:\/\/portaltela.pt\/s.01k8rhncp4jt1\/2025\/11\/talking-bot-125x125.png","url":"https:\/\/portaltela.pt\/s.01k8rhncp4jt1\/2025\/11\/talking-bot-125x125.png","contentUrl":"https:\/\/portaltela.pt\/s.01k8rhncp4jt1\/2025\/11\/talking-bot-125x125.png","caption":"Telinha"},"sameAs":["https:\/\/portaltela.pt\/"],"url":"https:\/\/portaltela.pt\/por\/367410592786\/"}]}},"_links":{"self":[{"href":"https:\/\/portaltela.pt\/api\/wp\/v2\/posts\/186662","targetHints":{"allow":["GET"]}}],"collection":[{"href":"https:\/\/portaltela.pt\/api\/wp\/v2\/posts"}],"about":[{"href":"https:\/\/portaltela.pt\/api\/wp\/v2\/types\/post"}],"author":[{"embeddable":true,"href":"https:\/\/portaltela.pt\/api\/wp\/v2\/users\/2"}],"replies":[{"embeddable":true,"href":"https:\/\/portaltela.pt\/api\/wp\/v2\/comments?post=186662"}],"version-history":[{"count":0,"href":"https:\/\/portaltela.pt\/api\/wp\/v2\/posts\/186662\/revisions"}],"wp:featuredmedia":[{"embeddable":true,"href":"https:\/\/portaltela.pt\/api\/wp\/v2\/media\/186673"}],"wp:attachment":[{"href":"https:\/\/portaltela.pt\/api\/wp\/v2\/media?parent=186662"}],"wp:term":[{"taxonomy":"category","embeddable":true,"href":"https:\/\/portaltela.pt\/api\/wp\/v2\/categories?post=186662"},{"taxonomy":"post_tag","embeddable":true,"href":"https:\/\/portaltela.pt\/api\/wp\/v2\/tags?post=186662"}],"curies":[{"name":"wp","href":"https:\/\/api.w.org\/{rel}","templated":true}]}}