{"id":186659,"date":"2026-01-31T09:41:00","date_gmt":"2026-01-31T12:41:00","guid":{"rendered":"https:\/\/portaltela.pt\/noticias\/2026\/01\/31\/cedeao-sauda-passos-das-autoridades-de-transicao\/"},"modified":"2026-01-31T09:41:00","modified_gmt":"2026-01-31T12:41:00","slug":"cedeao-sauda-passos-das-autoridades-de-transicao","status":"publish","type":"post","link":"https:\/\/portaltela.pt\/noticias\/2026\/01\/31\/cedeao-sauda-passos-das-autoridades-de-transicao\/","title":{"rendered":"CEDEAO sa\u00fada passos das autoridades de transi\u00e7\u00e3o"},"content":{"rendered":"<p>A CEDEAO saudou, numa posi\u00e7\u00e3o publicada hoje, os chamados passos importantes das autoridades de transi\u00e7\u00e3o na Guin\u00e9-Bissau. O organismo regional cita uma carta do Presidente de transi\u00e7\u00e3o, general Horta Inta-a, ao presidente em exerc\u00edcio Julius Bio, de Serra Leoa. A nota descreve a liberta\u00e7\u00e3o condicional de dirigentes detidos ap\u00f3s o golpe de 26 de novembro.<\/p>\n<p>Entre os fatos apresentados, o Alto Comando Militar permitiu o regresso de Domingos Sim\u00f5es Pereira \u00e0 sua resid\u00eancia, ap\u00f3s mais de 60 dias detido na Segunda Esquadra de Bissau. O opositor maior do regime foi colocado em resid\u00eancia vigiada. Tamb\u00e9m voltou \u00e0 sua casa Fernando Dias da Costa, apoiando a alegada vit\u00f3ria nas elei\u00e7\u00f5es de 23 de novembro.<\/p>\n<p>A libera\u00e7\u00e3o dos dois pol\u00edticos foi mediada pelo ministro da Defesa do Senegal, Birame Diop, enviado especial do chefe de Estado senegal\u00eas, Bassirou Diomaye Faye. A CEDEAO descreve o retorno como um passo para criar um ambiente pol\u00edtico inclusivo e restaurar a ordem constitucional.<\/p>\n<h3>Proposta de governo de transi\u00e7\u00e3o e participa\u00e7\u00e3o do PAIGC<\/h3>\n<p>O Alto Comando Militar informou \u00e0 CEDEAO que vai avan\u00e7ar com a forma\u00e7\u00e3o de um novo governo de transi\u00e7\u00e3o inclusivo, com o PAIGC a receber tr\u00eas pastas e tr\u00eas ministros para representantes de Dias da Costa. Tamb\u00e9m vai integrar dez elementos do PAIGC e de Dias da Costa no Conselho Nacional de Transi\u00e7\u00e3o.<\/p>\n<p>O \u00f3rg\u00e3o, que j\u00e1 substitui o parlamento, tem 65 membros, militares e civis, e j\u00e1 iniciou medidas legislativas, incluindo uma revis\u00e3o da Constitui\u00e7\u00e3o. A mudan\u00e7a constitucional concede poderes adicionais ao Presidente da Rep\u00fablica.<\/p>\n<p>A CEDEAO comunicou ainda que n\u00e3o continuar\u00e1 a requerer a retirada da for\u00e7a de estabiliza\u00e7\u00e3o estacionada no pa\u00eds desde fevereiro de 2022. O bloco regional exorta as partes a prosseguir com elei\u00e7\u00f5es legislativas e presidenciais marcadas para 6 de dezembro, de forma democr\u00e1tica.<\/p>\n<p>Contexto: em 26 de novembro de 2025, militares tomaram o poder, depuseram o Presidente cessante Umaro Sissoco Embal\u00f3 e interromperam o processo eleitoral sem divulga\u00e7\u00e3o de resultados. V\u00e1rios opositores foram detidos, incluindo Domingos Sim\u00f5es Pereira, l\u00edder hist\u00f3rico do PAIGC.<\/p>\n<p>Durante os dois meses de governan\u00e7a militar, a Constitui\u00e7\u00e3o foi alterada para ampliar poderes ao Presidente da Rep\u00fablica, e novas elei\u00e7\u00f5es gerais foram anunciadas para dezembro. Nesta sexta-feira, dirigentes do PAIGC defenderam que Sim\u00f5es Pereira n\u00e3o pode liderar o partido em pris\u00e3o domicili\u00e1ria, defendendo uma dire\u00e7\u00e3o de transi\u00e7\u00e3o at\u00e9 ao congresso de novembro para escolher novo l\u00edder.<\/p>\n","protected":false},"excerpt":{"rendered":"<ul>\n<li>A CEDEAO saudou passos das autoridades de transi\u00e7\u00e3o na Guin\u00e9-Bissau, incluindo a liberta\u00e7\u00e3o condicional de dirigentes detidos ap\u00f3s o golpe de 26 de novembro de 2025.<\/li>\n<li>Domingos Sim\u00f5es Pereira ficou em resid\u00eancia vigiada, ap\u00f3s mais de 60 dias detido, e Fernando Dias da Costa regressou \u00e0 sua casa, ambos no mesmo dia.<\/li>\n<li>O regresso foi promovido pelo ministro da Defesa do Senegal, Birame Diop, enviado especial de Bassirou Diomaye Faye, e \u00e9 visto pela CEDEAO como passo para um ambiente pol\u00edtico inclusivo.<\/li>\n<li>O Alto Comando Militar anunciou avan\u00e7ar com um governo de transi\u00e7\u00e3o inclusivo, permitindo ao PAIGC tr\u00eas pastas e igual n\u00famero de ministros que representem Dias da Costa, al\u00e9m de dez representantes para o Conselho Nacional de Transi\u00e7\u00e3o (CNT).<\/li>\n<li>A CEDEAO pediu elei\u00e7\u00f5es legislativas e presidenciais democr\u00e1ticas a decorrerem a  sexta-feira 6 de dezembro, e retomou a retirada do pedido de sa\u00edda da for\u00e7a de estabiliza\u00e7\u00e3o no pa\u00eds.<\/li>\n<\/ul>\n","protected":false},"author":2,"featured_media":186680,"comment_status":"closed","ping_status":"closed","sticky":false,"template":"","format":"standard","meta":{"footnotes":""},"categories":[1],"tags":[4768,4057,2795,68,34,4935],"class_list":["post-186659","post","type-post","status-publish","format-standard","has-post-thumbnail","hentry","category-noticias","tag-cedeao","tag-constituicao","tag-democracia","tag-eleicoes","tag-governo","tag-paigc"],"yoast_head":"<!-- This site is optimized with the Yoast SEO plugin v27.2 - https:\/\/yoast.com\/product\/yoast-seo-wordpress\/ -->\n<title>CEDEAO sa\u00fada passos das autoridades de transi\u00e7\u00e3o - Portal Tela Portugal<\/title>\n<meta name=\"robots\" content=\"index, follow, max-snippet:-1, max-image-preview:large, max-video-preview:-1\" \/>\n<meta property=\"og:locale\" content=\"pt_PT\" \/>\n<meta property=\"og:type\" content=\"article\" \/>\n<meta property=\"og:title\" content=\"CEDEAO sa\u00fada passos das autoridades de transi\u00e7\u00e3o - Portal Tela Portugal\" \/>\n<meta property=\"og:description\" content=\"A CEDEAO saudou passos das autoridades de transi\u00e7\u00e3o na Guin\u00e9-Bissau, incluindo a liberta\u00e7\u00e3o condicional de dirigentes detidos ap\u00f3s o golpe de 26 de novembro de 2025. Domingos Sim\u00f5es Pereira ficou em resid\u00eancia vigiada, ap\u00f3s mais de 60 dias detido, e Fernando Dias da Costa regressou \u00e0 sua casa, ambos no mesmo dia. O regresso foi promovido pelo ministro da Defesa do Senegal, Birame Diop, enviado especial de Bassirou Diomaye Faye, e \u00e9 visto pela CEDEAO como passo para um ambiente pol\u00edtico inclusivo. O Alto Comando Militar anunciou avan\u00e7ar com um governo de transi\u00e7\u00e3o inclusivo, permitindo ao PAIGC tr\u00eas pastas e igual n\u00famero de ministros que representem Dias da Costa, al\u00e9m de dez representantes para o Conselho Nacional de Transi\u00e7\u00e3o (CNT). A CEDEAO pediu elei\u00e7\u00f5es legislativas e presidenciais democr\u00e1ticas a decorrerem a sexta-feira 6 de dezembro, e retomou a retirada do pedido de sa\u00edda da for\u00e7a de estabiliza\u00e7\u00e3o no pa\u00eds.\" \/>\n<meta property=\"og:url\" content=\"https:\/\/portaltela.pt\/noticias\/2026\/01\/31\/cedeao-sauda-passos-das-autoridades-de-transicao\/\" \/>\n<meta property=\"og:site_name\" content=\"Portal Tela Portugal\" \/>\n<meta property=\"article:published_time\" content=\"2026-01-31T12:41:00+00:00\" \/>\n<meta name=\"author\" content=\"Telinha\" \/>\n<meta name=\"twitter:card\" content=\"summary_large_image\" \/>\n<meta name=\"twitter:label1\" content=\"Escrito por\" \/>\n\t<meta name=\"twitter:data1\" content=\"Telinha\" \/>\n\t<meta name=\"twitter:label2\" content=\"Tempo estimado de leitura\" \/>\n\t<meta name=\"twitter:data2\" content=\"2 minutos\" \/>\n<script type=\"application\/ld+json\" class=\"yoast-schema-graph\">{\"@context\":\"https:\/\/schema.org\",\"@graph\":[{\"@type\":\"Article\",\"@id\":\"https:\/\/portaltela.pt\/noticias\/2026\/01\/31\/cedeao-sauda-passos-das-autoridades-de-transicao\/#article\",\"isPartOf\":{\"@id\":\"https:\/\/portaltela.pt\/noticias\/2026\/01\/31\/cedeao-sauda-passos-das-autoridades-de-transicao\/\"},\"author\":{\"name\":\"Telinha\",\"@id\":\"https:\/\/portaltela.pt\/#\/schema\/person\/c4278d4a6028830caff9ee44b42d32ed\"},\"headline\":\"CEDEAO sa\u00fada passos das autoridades de transi\u00e7\u00e3o\",\"datePublished\":\"2026-01-31T12:41:00+00:00\",\"mainEntityOfPage\":{\"@id\":\"https:\/\/portaltela.pt\/noticias\/2026\/01\/31\/cedeao-sauda-passos-das-autoridades-de-transicao\/\"},\"wordCount\":443,\"image\":{\"@id\":\"https:\/\/portaltela.pt\/noticias\/2026\/01\/31\/cedeao-sauda-passos-das-autoridades-de-transicao\/#primaryimage\"},\"thumbnailUrl\":\"https:\/\/portaltela.pt\/s.01k8rhncp4jt1\/2026\/01\/unnamed-file-6311.jpg\",\"keywords\":[\"CEDEAO\",\"constitui\u00e7\u00e3o\",\"democracia\",\"elei\u00e7\u00f5es\",\"governo\",\"PAIGC\"],\"articleSection\":[\"Not\u00edcias\"],\"inLanguage\":\"pt-PT\"},{\"@type\":\"WebPage\",\"@id\":\"https:\/\/portaltela.pt\/noticias\/2026\/01\/31\/cedeao-sauda-passos-das-autoridades-de-transicao\/\",\"url\":\"https:\/\/portaltela.pt\/noticias\/2026\/01\/31\/cedeao-sauda-passos-das-autoridades-de-transicao\/\",\"name\":\"CEDEAO sa\u00fada passos das autoridades de transi\u00e7\u00e3o - Portal Tela Portugal\",\"isPartOf\":{\"@id\":\"https:\/\/portaltela.pt\/#website\"},\"primaryImageOfPage\":{\"@id\":\"https:\/\/portaltela.pt\/noticias\/2026\/01\/31\/cedeao-sauda-passos-das-autoridades-de-transicao\/#primaryimage\"},\"image\":{\"@id\":\"https:\/\/portaltela.pt\/noticias\/2026\/01\/31\/cedeao-sauda-passos-das-autoridades-de-transicao\/#primaryimage\"},\"thumbnailUrl\":\"https:\/\/portaltela.pt\/s.01k8rhncp4jt1\/2026\/01\/unnamed-file-6311.jpg\",\"datePublished\":\"2026-01-31T12:41:00+00:00\",\"author\":{\"@id\":\"https:\/\/portaltela.pt\/#\/schema\/person\/c4278d4a6028830caff9ee44b42d32ed\"},\"breadcrumb\":{\"@id\":\"https:\/\/portaltela.pt\/noticias\/2026\/01\/31\/cedeao-sauda-passos-das-autoridades-de-transicao\/#breadcrumb\"},\"inLanguage\":\"pt-PT\",\"potentialAction\":[{\"@type\":\"ReadAction\",\"target\":[\"https:\/\/portaltela.pt\/noticias\/2026\/01\/31\/cedeao-sauda-passos-das-autoridades-de-transicao\/\"]}]},{\"@type\":\"ImageObject\",\"inLanguage\":\"pt-PT\",\"@id\":\"https:\/\/portaltela.pt\/noticias\/2026\/01\/31\/cedeao-sauda-passos-das-autoridades-de-transicao\/#primaryimage\",\"url\":\"https:\/\/portaltela.pt\/s.01k8rhncp4jt1\/2026\/01\/unnamed-file-6311.jpg\",\"contentUrl\":\"https:\/\/portaltela.pt\/s.01k8rhncp4jt1\/2026\/01\/unnamed-file-6311.jpg\",\"width\":796,\"height\":448,\"caption\":\"Photo\"},{\"@type\":\"BreadcrumbList\",\"@id\":\"https:\/\/portaltela.pt\/noticias\/2026\/01\/31\/cedeao-sauda-passos-das-autoridades-de-transicao\/#breadcrumb\",\"itemListElement\":[{\"@type\":\"ListItem\",\"position\":1,\"name\":\"In\u00edcio\",\"item\":\"https:\/\/portaltela.pt\/\"},{\"@type\":\"ListItem\",\"position\":2,\"name\":\"CEDEAO sa\u00fada passos das autoridades de transi\u00e7\u00e3o\"}]},{\"@type\":\"WebSite\",\"@id\":\"https:\/\/portaltela.pt\/#website\",\"url\":\"https:\/\/portaltela.pt\/\",\"name\":\"Portal Tela Portugal\",\"description\":\"\",\"potentialAction\":[{\"@type\":\"SearchAction\",\"target\":{\"@type\":\"EntryPoint\",\"urlTemplate\":\"https:\/\/portaltela.pt\/?s={search_term_string}\"},\"query-input\":{\"@type\":\"PropertyValueSpecification\",\"valueRequired\":true,\"valueName\":\"search_term_string\"}}],\"inLanguage\":\"pt-PT\"},{\"@type\":\"Person\",\"@id\":\"https:\/\/portaltela.pt\/#\/schema\/person\/c4278d4a6028830caff9ee44b42d32ed\",\"name\":\"Telinha\",\"image\":{\"@type\":\"ImageObject\",\"inLanguage\":\"pt-PT\",\"@id\":\"https:\/\/portaltela.pt\/s.01k8rhncp4jt1\/2025\/11\/talking-bot-125x125.png\",\"url\":\"https:\/\/portaltela.pt\/s.01k8rhncp4jt1\/2025\/11\/talking-bot-125x125.png\",\"contentUrl\":\"https:\/\/portaltela.pt\/s.01k8rhncp4jt1\/2025\/11\/talking-bot-125x125.png\",\"caption\":\"Telinha\"},\"sameAs\":[\"https:\/\/portaltela.pt\/\"],\"url\":\"https:\/\/portaltela.pt\/por\/367410592786\/\"}]}<\/script>\n<!-- \/ Yoast SEO plugin. -->","yoast_head_json":{"title":"CEDEAO sa\u00fada passos das autoridades de transi\u00e7\u00e3o - Portal Tela Portugal","robots":{"index":"index","follow":"follow","max-snippet":"max-snippet:-1","max-image-preview":"max-image-preview:large","max-video-preview":"max-video-preview:-1"},"og_locale":"pt_PT","og_type":"article","og_title":"CEDEAO sa\u00fada passos das autoridades de transi\u00e7\u00e3o - Portal Tela Portugal","og_description":"A CEDEAO saudou passos das autoridades de transi\u00e7\u00e3o na Guin\u00e9-Bissau, incluindo a liberta\u00e7\u00e3o condicional de dirigentes detidos ap\u00f3s o golpe de 26 de novembro de 2025. Domingos Sim\u00f5es Pereira ficou em resid\u00eancia vigiada, ap\u00f3s mais de 60 dias detido, e Fernando Dias da Costa regressou \u00e0 sua casa, ambos no mesmo dia. O regresso foi promovido pelo ministro da Defesa do Senegal, Birame Diop, enviado especial de Bassirou Diomaye Faye, e \u00e9 visto pela CEDEAO como passo para um ambiente pol\u00edtico inclusivo. O Alto Comando Militar anunciou avan\u00e7ar com um governo de transi\u00e7\u00e3o inclusivo, permitindo ao PAIGC tr\u00eas pastas e igual n\u00famero de ministros que representem Dias da Costa, al\u00e9m de dez representantes para o Conselho Nacional de Transi\u00e7\u00e3o (CNT). A CEDEAO pediu elei\u00e7\u00f5es legislativas e presidenciais democr\u00e1ticas a decorrerem a sexta-feira 6 de dezembro, e retomou a retirada do pedido de sa\u00edda da for\u00e7a de estabiliza\u00e7\u00e3o no pa\u00eds.","og_url":"https:\/\/portaltela.pt\/noticias\/2026\/01\/31\/cedeao-sauda-passos-das-autoridades-de-transicao\/","og_site_name":"Portal Tela Portugal","article_published_time":"2026-01-31T12:41:00+00:00","author":"Telinha","twitter_card":"summary_large_image","twitter_misc":{"Escrito por":"Telinha","Tempo estimado de leitura":"2 minutos"},"schema":{"@context":"https:\/\/schema.org","@graph":[{"@type":"Article","@id":"https:\/\/portaltela.pt\/noticias\/2026\/01\/31\/cedeao-sauda-passos-das-autoridades-de-transicao\/#article","isPartOf":{"@id":"https:\/\/portaltela.pt\/noticias\/2026\/01\/31\/cedeao-sauda-passos-das-autoridades-de-transicao\/"},"author":{"name":"Telinha","@id":"https:\/\/portaltela.pt\/#\/schema\/person\/c4278d4a6028830caff9ee44b42d32ed"},"headline":"CEDEAO sa\u00fada passos das autoridades de transi\u00e7\u00e3o","datePublished":"2026-01-31T12:41:00+00:00","mainEntityOfPage":{"@id":"https:\/\/portaltela.pt\/noticias\/2026\/01\/31\/cedeao-sauda-passos-das-autoridades-de-transicao\/"},"wordCount":443,"image":{"@id":"https:\/\/portaltela.pt\/noticias\/2026\/01\/31\/cedeao-sauda-passos-das-autoridades-de-transicao\/#primaryimage"},"thumbnailUrl":"https:\/\/portaltela.pt\/s.01k8rhncp4jt1\/2026\/01\/unnamed-file-6311.jpg","keywords":["CEDEAO","constitui\u00e7\u00e3o","democracia","elei\u00e7\u00f5es","governo","PAIGC"],"articleSection":["Not\u00edcias"],"inLanguage":"pt-PT"},{"@type":"WebPage","@id":"https:\/\/portaltela.pt\/noticias\/2026\/01\/31\/cedeao-sauda-passos-das-autoridades-de-transicao\/","url":"https:\/\/portaltela.pt\/noticias\/2026\/01\/31\/cedeao-sauda-passos-das-autoridades-de-transicao\/","name":"CEDEAO sa\u00fada passos das autoridades de transi\u00e7\u00e3o - Portal Tela Portugal","isPartOf":{"@id":"https:\/\/portaltela.pt\/#website"},"primaryImageOfPage":{"@id":"https:\/\/portaltela.pt\/noticias\/2026\/01\/31\/cedeao-sauda-passos-das-autoridades-de-transicao\/#primaryimage"},"image":{"@id":"https:\/\/portaltela.pt\/noticias\/2026\/01\/31\/cedeao-sauda-passos-das-autoridades-de-transicao\/#primaryimage"},"thumbnailUrl":"https:\/\/portaltela.pt\/s.01k8rhncp4jt1\/2026\/01\/unnamed-file-6311.jpg","datePublished":"2026-01-31T12:41:00+00:00","author":{"@id":"https:\/\/portaltela.pt\/#\/schema\/person\/c4278d4a6028830caff9ee44b42d32ed"},"breadcrumb":{"@id":"https:\/\/portaltela.pt\/noticias\/2026\/01\/31\/cedeao-sauda-passos-das-autoridades-de-transicao\/#breadcrumb"},"inLanguage":"pt-PT","potentialAction":[{"@type":"ReadAction","target":["https:\/\/portaltela.pt\/noticias\/2026\/01\/31\/cedeao-sauda-passos-das-autoridades-de-transicao\/"]}]},{"@type":"ImageObject","inLanguage":"pt-PT","@id":"https:\/\/portaltela.pt\/noticias\/2026\/01\/31\/cedeao-sauda-passos-das-autoridades-de-transicao\/#primaryimage","url":"https:\/\/portaltela.pt\/s.01k8rhncp4jt1\/2026\/01\/unnamed-file-6311.jpg","contentUrl":"https:\/\/portaltela.pt\/s.01k8rhncp4jt1\/2026\/01\/unnamed-file-6311.jpg","width":796,"height":448,"caption":"Photo"},{"@type":"BreadcrumbList","@id":"https:\/\/portaltela.pt\/noticias\/2026\/01\/31\/cedeao-sauda-passos-das-autoridades-de-transicao\/#breadcrumb","itemListElement":[{"@type":"ListItem","position":1,"name":"In\u00edcio","item":"https:\/\/portaltela.pt\/"},{"@type":"ListItem","position":2,"name":"CEDEAO sa\u00fada passos das autoridades de transi\u00e7\u00e3o"}]},{"@type":"WebSite","@id":"https:\/\/portaltela.pt\/#website","url":"https:\/\/portaltela.pt\/","name":"Portal Tela Portugal","description":"","potentialAction":[{"@type":"SearchAction","target":{"@type":"EntryPoint","urlTemplate":"https:\/\/portaltela.pt\/?s={search_term_string}"},"query-input":{"@type":"PropertyValueSpecification","valueRequired":true,"valueName":"search_term_string"}}],"inLanguage":"pt-PT"},{"@type":"Person","@id":"https:\/\/portaltela.pt\/#\/schema\/person\/c4278d4a6028830caff9ee44b42d32ed","name":"Telinha","image":{"@type":"ImageObject","inLanguage":"pt-PT","@id":"https:\/\/portaltela.pt\/s.01k8rhncp4jt1\/2025\/11\/talking-bot-125x125.png","url":"https:\/\/portaltela.pt\/s.01k8rhncp4jt1\/2025\/11\/talking-bot-125x125.png","contentUrl":"https:\/\/portaltela.pt\/s.01k8rhncp4jt1\/2025\/11\/talking-bot-125x125.png","caption":"Telinha"},"sameAs":["https:\/\/portaltela.pt\/"],"url":"https:\/\/portaltela.pt\/por\/367410592786\/"}]}},"_links":{"self":[{"href":"https:\/\/portaltela.pt\/api\/wp\/v2\/posts\/186659","targetHints":{"allow":["GET"]}}],"collection":[{"href":"https:\/\/portaltela.pt\/api\/wp\/v2\/posts"}],"about":[{"href":"https:\/\/portaltela.pt\/api\/wp\/v2\/types\/post"}],"author":[{"embeddable":true,"href":"https:\/\/portaltela.pt\/api\/wp\/v2\/users\/2"}],"replies":[{"embeddable":true,"href":"https:\/\/portaltela.pt\/api\/wp\/v2\/comments?post=186659"}],"version-history":[{"count":0,"href":"https:\/\/portaltela.pt\/api\/wp\/v2\/posts\/186659\/revisions"}],"wp:featuredmedia":[{"embeddable":true,"href":"https:\/\/portaltela.pt\/api\/wp\/v2\/media\/186680"}],"wp:attachment":[{"href":"https:\/\/portaltela.pt\/api\/wp\/v2\/media?parent=186659"}],"wp:term":[{"taxonomy":"category","embeddable":true,"href":"https:\/\/portaltela.pt\/api\/wp\/v2\/categories?post=186659"},{"taxonomy":"post_tag","embeddable":true,"href":"https:\/\/portaltela.pt\/api\/wp\/v2\/tags?post=186659"}],"curies":[{"name":"wp","href":"https:\/\/api.w.org\/{rel}","templated":true}]}}