{"id":186658,"date":"2026-01-31T10:22:00","date_gmt":"2026-01-31T13:22:00","guid":{"rendered":"https:\/\/portaltela.pt\/noticias\/2026\/01\/31\/incendios-na-patagonia-geram-criticas-as-medidas-de-austeridade-de-milei\/"},"modified":"2026-01-31T10:22:00","modified_gmt":"2026-01-31T13:22:00","slug":"incendios-na-patagonia-geram-criticas-as-medidas-de-austeridade-de-milei","status":"publish","type":"post","link":"https:\/\/portaltela.pt\/noticias\/2026\/01\/31\/incendios-na-patagonia-geram-criticas-as-medidas-de-austeridade-de-milei\/","title":{"rendered":"Inc\u00eandios na Patag\u00f3nia geram cr\u00edticas \u00e0s medidas de austeridade de Milei"},"content":{"rendered":"<p>Os inc\u00eandios florestais na Patag\u00f3nia continuam a devastar a regi\u00e3o, com o fogo j\u00e1 a consumir \u00e1reas superiores ao dobro do tamanho de Buenos Aires. As chamas intensificaram-se face a temperaturas elevadas, ventos fortes e d\u00e9fice de chuva que persiste h\u00e1 15 anos. O sul argentino est\u00e1 em estado de emerg\u00eancia.<\/p>\n<p>O foco dos combates est\u00e1 na prov\u00edncia de Chubut, onde os bombeiros enfrentam condi\u00e7\u00f5es extremas. O governo local informou que j\u00e1 foram destru\u00eddos mais de 44 515 hectares de floresta, desde o in\u00edcio da temporada em Dezembro. Ver\u00e3o seco agrava a situa\u00e7\u00e3o.<\/p>\n<p>O Governo argentino declarou estado de emerg\u00eancia nas prov\u00edncias de Chubut, Rio Negro, Neuqu\u00e9n e La Pampa para libertar fundos de forma mais c\u00e9lere. A medida visa financiar a\u00e7\u00f5es de combate \u00e0s chamas e preven\u00e7\u00e3o, com um refor\u00e7o de meios humanos e materiais.<\/p>\n<h3>Balan\u00e7o or\u00e7amental e cr\u00edticas<\/h3>\n<p>Dados do programa Cop\u00e9rnico apontam para que estes inc\u00eandios na Patag\u00f3nia sejam os piores dos \u00faltimos 20 anos. As emiss\u00f5es de CO2 entre Janeiro e hoje elevam-se perto de 1,6 milh\u00f5es de toneladas, acima da m\u00e9dia hist\u00f3rica.<\/p>\n<p>O or\u00e7amento de 2026 da Argentina sofreu cortes significativos para o Servi\u00e7o Nacional de Gest\u00e3o de Inc\u00eandios, com uma redu\u00e7\u00e3o real de 71% face ao ano anterior, segundo a ONG FARN. O grupo classifica as medidas como prejudiciais \u00e0 preven\u00e7\u00e3o e resposta a inc\u00eandios.<\/p>\n<p>O Minist\u00e9rio da Seguran\u00e7a anunciou a aloca\u00e7\u00e3o de aproximadamente 69 milh\u00f5es de d\u00f3lares para apoiar o combate aos inc\u00eandios. As cr\u00edticas concentram-se na redu\u00e7\u00e3o de recursos para emerg\u00eancias, associadas a uma pol\u00edtica or\u00e7amental descrita por opositores como agressiva.<\/p>\n<h3>Contexto clim\u00e1tico e posi\u00e7\u00f5es oficiais<\/h3>\n<p>O presidente Javier Milei tem repetidamente classificado altera\u00e7\u00f5es clim\u00e1ticas como uma mentira socialista, gerando cr\u00edticas de entidades ambientais. O Governo tamb\u00e9m considera a possibilidade de abandonar o Acordo de Paris, alinhando-se a posi\u00e7\u00f5es pol\u00edticas de aliados internacionais.<\/p>\n<p>Para organiza\u00e7\u00f5es ambientais, a aposta em um or\u00e7amento equilibrado a todo o custo pode comprometer a capacidade de resposta a desastres naturais, com impacto nas comunidades locais e na biodiversidade Patag\u00f3nica. A \u00e1rea queimada j\u00e1 supera os 32 mil hectares registados na temporada anterior.<\/p>\n","protected":false},"excerpt":{"rendered":"<ul>\n<li>Os inc\u00eandios na Patag\u00f3nia j\u00e1 devastaram uma \u00e1rea superior ao dobro do tamanho de Buenos Aires, com foco atual em Chubut.<\/li>\n<li>O Governo declarou estado de emerg\u00eancia nas prov\u00edncias de Chubut, Rio Negro, Neuqu\u00e9n e La Pampa para facilitar o reenvio de fundos de combate \u00e0s chamas.<\/li>\n<li>Em Chubut j\u00e1 foram destru\u00eddos mais de 44.515 hectares; dados do Cop\u00e9rnico apontam para os piores inc\u00eandios dos \u00faltimos vinte anos e emiss\u00f5es de CO\u2082 em janeiro muito acima da m\u00e9dia.<\/li>\n<li>O Or\u00e7amento de 2026 da Argentina reduziu em setenta e um por cento os recursos do Servi\u00e7o Nacional de Gest\u00e3o de Inc\u00eandios; o Minist\u00e9rio da Seguran\u00e7a anunciou cerca de 69 milh\u00f5es de d\u00f3lares para combate.<\/li>\n<li>Milei j\u00e1 chamou as altera\u00e7\u00f5es clim\u00e1ticas de \u201cmentira socialista\u201d; o governo pondera abandonar o Acordo de Paris, enquanto organiza\u00e7\u00f5es como a Greenpeace criticam a posi\u00e7\u00e3o.<\/li>\n<\/ul>\n","protected":false},"author":2,"featured_media":186683,"comment_status":"closed","ping_status":"closed","sticky":false,"template":"","format":"standard","meta":{"footnotes":""},"categories":[1],"tags":[2665,2732,1241,1438,2617,45],"class_list":["post-186658","post","type-post","status-publish","format-standard","has-post-thumbnail","hentry","category-noticias","tag-alteracoes-climaticas","tag-argentina","tag-emissoes-de-gases-de-estufa","tag-incendio","tag-incendios","tag-meio-ambiente"],"yoast_head":"<!-- This site is optimized with the Yoast SEO plugin v27.2 - https:\/\/yoast.com\/product\/yoast-seo-wordpress\/ -->\n<title>Inc\u00eandios na Patag\u00f3nia geram cr\u00edticas \u00e0s medidas de austeridade de Milei - Portal Tela Portugal<\/title>\n<meta name=\"robots\" content=\"index, follow, max-snippet:-1, max-image-preview:large, max-video-preview:-1\" \/>\n<meta property=\"og:locale\" content=\"pt_PT\" \/>\n<meta property=\"og:type\" content=\"article\" \/>\n<meta property=\"og:title\" content=\"Inc\u00eandios na Patag\u00f3nia geram cr\u00edticas \u00e0s medidas de austeridade de Milei - Portal Tela Portugal\" \/>\n<meta property=\"og:description\" content=\"Os inc\u00eandios na Patag\u00f3nia j\u00e1 devastaram uma \u00e1rea superior ao dobro do tamanho de Buenos Aires, com foco atual em Chubut. O Governo declarou estado de emerg\u00eancia nas prov\u00edncias de Chubut, Rio Negro, Neuqu\u00e9n e La Pampa para facilitar o reenvio de fundos de combate \u00e0s chamas. Em Chubut j\u00e1 foram destru\u00eddos mais de 44.515 hectares; dados do Cop\u00e9rnico apontam para os piores inc\u00eandios dos \u00faltimos vinte anos e emiss\u00f5es de CO\u2082 em janeiro muito acima da m\u00e9dia. O Or\u00e7amento de 2026 da Argentina reduziu em setenta e um por cento os recursos do Servi\u00e7o Nacional de Gest\u00e3o de Inc\u00eandios; o Minist\u00e9rio da Seguran\u00e7a anunciou cerca de 69 milh\u00f5es de d\u00f3lares para combate. Milei j\u00e1 chamou as altera\u00e7\u00f5es clim\u00e1ticas de \u201cmentira socialista\u201d; o governo pondera abandonar o Acordo de Paris, enquanto organiza\u00e7\u00f5es como a Greenpeace criticam a posi\u00e7\u00e3o.\" \/>\n<meta property=\"og:url\" content=\"https:\/\/portaltela.pt\/noticias\/2026\/01\/31\/incendios-na-patagonia-geram-criticas-as-medidas-de-austeridade-de-milei\/\" \/>\n<meta property=\"og:site_name\" content=\"Portal Tela Portugal\" \/>\n<meta property=\"article:published_time\" content=\"2026-01-31T13:22:00+00:00\" \/>\n<meta name=\"author\" content=\"Telinha\" \/>\n<meta name=\"twitter:card\" content=\"summary_large_image\" \/>\n<meta name=\"twitter:label1\" content=\"Escrito por\" \/>\n\t<meta name=\"twitter:data1\" content=\"Telinha\" \/>\n\t<meta name=\"twitter:label2\" content=\"Tempo estimado de leitura\" \/>\n\t<meta name=\"twitter:data2\" content=\"2 minutos\" \/>\n<script type=\"application\/ld+json\" class=\"yoast-schema-graph\">{\"@context\":\"https:\/\/schema.org\",\"@graph\":[{\"@type\":\"Article\",\"@id\":\"https:\/\/portaltela.pt\/noticias\/2026\/01\/31\/incendios-na-patagonia-geram-criticas-as-medidas-de-austeridade-de-milei\/#article\",\"isPartOf\":{\"@id\":\"https:\/\/portaltela.pt\/noticias\/2026\/01\/31\/incendios-na-patagonia-geram-criticas-as-medidas-de-austeridade-de-milei\/\"},\"author\":{\"name\":\"Telinha\",\"@id\":\"https:\/\/portaltela.pt\/#\/schema\/person\/c4278d4a6028830caff9ee44b42d32ed\"},\"headline\":\"Inc\u00eandios na Patag\u00f3nia geram cr\u00edticas \u00e0s medidas de austeridade de Milei\",\"datePublished\":\"2026-01-31T13:22:00+00:00\",\"mainEntityOfPage\":{\"@id\":\"https:\/\/portaltela.pt\/noticias\/2026\/01\/31\/incendios-na-patagonia-geram-criticas-as-medidas-de-austeridade-de-milei\/\"},\"wordCount\":406,\"image\":{\"@id\":\"https:\/\/portaltela.pt\/noticias\/2026\/01\/31\/incendios-na-patagonia-geram-criticas-as-medidas-de-austeridade-de-milei\/#primaryimage\"},\"thumbnailUrl\":\"https:\/\/portaltela.pt\/s.01k8rhncp4jt1\/2026\/01\/2063106.jpg\",\"keywords\":[\"Altera\u00e7\u00f5es Clim\u00e1ticas\",\"Argentina\",\"Emiss\u00f5es de Gases de Estufa\",\"inc\u00eandio\",\"inc\u00eandios\",\"meio-ambiente\"],\"articleSection\":[\"Not\u00edcias\"],\"inLanguage\":\"pt-PT\"},{\"@type\":\"WebPage\",\"@id\":\"https:\/\/portaltela.pt\/noticias\/2026\/01\/31\/incendios-na-patagonia-geram-criticas-as-medidas-de-austeridade-de-milei\/\",\"url\":\"https:\/\/portaltela.pt\/noticias\/2026\/01\/31\/incendios-na-patagonia-geram-criticas-as-medidas-de-austeridade-de-milei\/\",\"name\":\"Inc\u00eandios na Patag\u00f3nia geram cr\u00edticas \u00e0s medidas de austeridade de Milei - Portal Tela Portugal\",\"isPartOf\":{\"@id\":\"https:\/\/portaltela.pt\/#website\"},\"primaryImageOfPage\":{\"@id\":\"https:\/\/portaltela.pt\/noticias\/2026\/01\/31\/incendios-na-patagonia-geram-criticas-as-medidas-de-austeridade-de-milei\/#primaryimage\"},\"image\":{\"@id\":\"https:\/\/portaltela.pt\/noticias\/2026\/01\/31\/incendios-na-patagonia-geram-criticas-as-medidas-de-austeridade-de-milei\/#primaryimage\"},\"thumbnailUrl\":\"https:\/\/portaltela.pt\/s.01k8rhncp4jt1\/2026\/01\/2063106.jpg\",\"datePublished\":\"2026-01-31T13:22:00+00:00\",\"author\":{\"@id\":\"https:\/\/portaltela.pt\/#\/schema\/person\/c4278d4a6028830caff9ee44b42d32ed\"},\"breadcrumb\":{\"@id\":\"https:\/\/portaltela.pt\/noticias\/2026\/01\/31\/incendios-na-patagonia-geram-criticas-as-medidas-de-austeridade-de-milei\/#breadcrumb\"},\"inLanguage\":\"pt-PT\",\"potentialAction\":[{\"@type\":\"ReadAction\",\"target\":[\"https:\/\/portaltela.pt\/noticias\/2026\/01\/31\/incendios-na-patagonia-geram-criticas-as-medidas-de-austeridade-de-milei\/\"]}]},{\"@type\":\"ImageObject\",\"inLanguage\":\"pt-PT\",\"@id\":\"https:\/\/portaltela.pt\/noticias\/2026\/01\/31\/incendios-na-patagonia-geram-criticas-as-medidas-de-austeridade-de-milei\/#primaryimage\",\"url\":\"https:\/\/portaltela.pt\/s.01k8rhncp4jt1\/2026\/01\/2063106.jpg\",\"contentUrl\":\"https:\/\/portaltela.pt\/s.01k8rhncp4jt1\/2026\/01\/2063106.jpg\",\"width\":796,\"height\":448,\"caption\":\"s condi\u00e7\u00f5es meteorol\u00f3gicas intensificaram os inc\u00eandios na prov\u00edncia de Chubut, na Patag\u00f3nia, Argentina, que j\u00e1 afectaram mais de 35 mil hectares de floresta\"},{\"@type\":\"BreadcrumbList\",\"@id\":\"https:\/\/portaltela.pt\/noticias\/2026\/01\/31\/incendios-na-patagonia-geram-criticas-as-medidas-de-austeridade-de-milei\/#breadcrumb\",\"itemListElement\":[{\"@type\":\"ListItem\",\"position\":1,\"name\":\"In\u00edcio\",\"item\":\"https:\/\/portaltela.pt\/\"},{\"@type\":\"ListItem\",\"position\":2,\"name\":\"Inc\u00eandios na Patag\u00f3nia geram cr\u00edticas \u00e0s medidas de austeridade de Milei\"}]},{\"@type\":\"WebSite\",\"@id\":\"https:\/\/portaltela.pt\/#website\",\"url\":\"https:\/\/portaltela.pt\/\",\"name\":\"Portal Tela Portugal\",\"description\":\"\",\"potentialAction\":[{\"@type\":\"SearchAction\",\"target\":{\"@type\":\"EntryPoint\",\"urlTemplate\":\"https:\/\/portaltela.pt\/?s={search_term_string}\"},\"query-input\":{\"@type\":\"PropertyValueSpecification\",\"valueRequired\":true,\"valueName\":\"search_term_string\"}}],\"inLanguage\":\"pt-PT\"},{\"@type\":\"Person\",\"@id\":\"https:\/\/portaltela.pt\/#\/schema\/person\/c4278d4a6028830caff9ee44b42d32ed\",\"name\":\"Telinha\",\"image\":{\"@type\":\"ImageObject\",\"inLanguage\":\"pt-PT\",\"@id\":\"https:\/\/portaltela.pt\/s.01k8rhncp4jt1\/2025\/11\/talking-bot-125x125.png\",\"url\":\"https:\/\/portaltela.pt\/s.01k8rhncp4jt1\/2025\/11\/talking-bot-125x125.png\",\"contentUrl\":\"https:\/\/portaltela.pt\/s.01k8rhncp4jt1\/2025\/11\/talking-bot-125x125.png\",\"caption\":\"Telinha\"},\"sameAs\":[\"https:\/\/portaltela.pt\/\"],\"url\":\"https:\/\/portaltela.pt\/por\/367410592786\/\"}]}<\/script>\n<!-- \/ Yoast SEO plugin. -->","yoast_head_json":{"title":"Inc\u00eandios na Patag\u00f3nia geram cr\u00edticas \u00e0s medidas de austeridade de Milei - Portal Tela Portugal","robots":{"index":"index","follow":"follow","max-snippet":"max-snippet:-1","max-image-preview":"max-image-preview:large","max-video-preview":"max-video-preview:-1"},"og_locale":"pt_PT","og_type":"article","og_title":"Inc\u00eandios na Patag\u00f3nia geram cr\u00edticas \u00e0s medidas de austeridade de Milei - Portal Tela Portugal","og_description":"Os inc\u00eandios na Patag\u00f3nia j\u00e1 devastaram uma \u00e1rea superior ao dobro do tamanho de Buenos Aires, com foco atual em Chubut. O Governo declarou estado de emerg\u00eancia nas prov\u00edncias de Chubut, Rio Negro, Neuqu\u00e9n e La Pampa para facilitar o reenvio de fundos de combate \u00e0s chamas. Em Chubut j\u00e1 foram destru\u00eddos mais de 44.515 hectares; dados do Cop\u00e9rnico apontam para os piores inc\u00eandios dos \u00faltimos vinte anos e emiss\u00f5es de CO\u2082 em janeiro muito acima da m\u00e9dia. O Or\u00e7amento de 2026 da Argentina reduziu em setenta e um por cento os recursos do Servi\u00e7o Nacional de Gest\u00e3o de Inc\u00eandios; o Minist\u00e9rio da Seguran\u00e7a anunciou cerca de 69 milh\u00f5es de d\u00f3lares para combate. Milei j\u00e1 chamou as altera\u00e7\u00f5es clim\u00e1ticas de \u201cmentira socialista\u201d; o governo pondera abandonar o Acordo de Paris, enquanto organiza\u00e7\u00f5es como a Greenpeace criticam a posi\u00e7\u00e3o.","og_url":"https:\/\/portaltela.pt\/noticias\/2026\/01\/31\/incendios-na-patagonia-geram-criticas-as-medidas-de-austeridade-de-milei\/","og_site_name":"Portal Tela Portugal","article_published_time":"2026-01-31T13:22:00+00:00","author":"Telinha","twitter_card":"summary_large_image","twitter_misc":{"Escrito por":"Telinha","Tempo estimado de leitura":"2 minutos"},"schema":{"@context":"https:\/\/schema.org","@graph":[{"@type":"Article","@id":"https:\/\/portaltela.pt\/noticias\/2026\/01\/31\/incendios-na-patagonia-geram-criticas-as-medidas-de-austeridade-de-milei\/#article","isPartOf":{"@id":"https:\/\/portaltela.pt\/noticias\/2026\/01\/31\/incendios-na-patagonia-geram-criticas-as-medidas-de-austeridade-de-milei\/"},"author":{"name":"Telinha","@id":"https:\/\/portaltela.pt\/#\/schema\/person\/c4278d4a6028830caff9ee44b42d32ed"},"headline":"Inc\u00eandios na Patag\u00f3nia geram cr\u00edticas \u00e0s medidas de austeridade de Milei","datePublished":"2026-01-31T13:22:00+00:00","mainEntityOfPage":{"@id":"https:\/\/portaltela.pt\/noticias\/2026\/01\/31\/incendios-na-patagonia-geram-criticas-as-medidas-de-austeridade-de-milei\/"},"wordCount":406,"image":{"@id":"https:\/\/portaltela.pt\/noticias\/2026\/01\/31\/incendios-na-patagonia-geram-criticas-as-medidas-de-austeridade-de-milei\/#primaryimage"},"thumbnailUrl":"https:\/\/portaltela.pt\/s.01k8rhncp4jt1\/2026\/01\/2063106.jpg","keywords":["Altera\u00e7\u00f5es Clim\u00e1ticas","Argentina","Emiss\u00f5es de Gases de Estufa","inc\u00eandio","inc\u00eandios","meio-ambiente"],"articleSection":["Not\u00edcias"],"inLanguage":"pt-PT"},{"@type":"WebPage","@id":"https:\/\/portaltela.pt\/noticias\/2026\/01\/31\/incendios-na-patagonia-geram-criticas-as-medidas-de-austeridade-de-milei\/","url":"https:\/\/portaltela.pt\/noticias\/2026\/01\/31\/incendios-na-patagonia-geram-criticas-as-medidas-de-austeridade-de-milei\/","name":"Inc\u00eandios na Patag\u00f3nia geram cr\u00edticas \u00e0s medidas de austeridade de Milei - Portal Tela Portugal","isPartOf":{"@id":"https:\/\/portaltela.pt\/#website"},"primaryImageOfPage":{"@id":"https:\/\/portaltela.pt\/noticias\/2026\/01\/31\/incendios-na-patagonia-geram-criticas-as-medidas-de-austeridade-de-milei\/#primaryimage"},"image":{"@id":"https:\/\/portaltela.pt\/noticias\/2026\/01\/31\/incendios-na-patagonia-geram-criticas-as-medidas-de-austeridade-de-milei\/#primaryimage"},"thumbnailUrl":"https:\/\/portaltela.pt\/s.01k8rhncp4jt1\/2026\/01\/2063106.jpg","datePublished":"2026-01-31T13:22:00+00:00","author":{"@id":"https:\/\/portaltela.pt\/#\/schema\/person\/c4278d4a6028830caff9ee44b42d32ed"},"breadcrumb":{"@id":"https:\/\/portaltela.pt\/noticias\/2026\/01\/31\/incendios-na-patagonia-geram-criticas-as-medidas-de-austeridade-de-milei\/#breadcrumb"},"inLanguage":"pt-PT","potentialAction":[{"@type":"ReadAction","target":["https:\/\/portaltela.pt\/noticias\/2026\/01\/31\/incendios-na-patagonia-geram-criticas-as-medidas-de-austeridade-de-milei\/"]}]},{"@type":"ImageObject","inLanguage":"pt-PT","@id":"https:\/\/portaltela.pt\/noticias\/2026\/01\/31\/incendios-na-patagonia-geram-criticas-as-medidas-de-austeridade-de-milei\/#primaryimage","url":"https:\/\/portaltela.pt\/s.01k8rhncp4jt1\/2026\/01\/2063106.jpg","contentUrl":"https:\/\/portaltela.pt\/s.01k8rhncp4jt1\/2026\/01\/2063106.jpg","width":796,"height":448,"caption":"s condi\u00e7\u00f5es meteorol\u00f3gicas intensificaram os inc\u00eandios na prov\u00edncia de Chubut, na Patag\u00f3nia, Argentina, que j\u00e1 afectaram mais de 35 mil hectares de floresta"},{"@type":"BreadcrumbList","@id":"https:\/\/portaltela.pt\/noticias\/2026\/01\/31\/incendios-na-patagonia-geram-criticas-as-medidas-de-austeridade-de-milei\/#breadcrumb","itemListElement":[{"@type":"ListItem","position":1,"name":"In\u00edcio","item":"https:\/\/portaltela.pt\/"},{"@type":"ListItem","position":2,"name":"Inc\u00eandios na Patag\u00f3nia geram cr\u00edticas \u00e0s medidas de austeridade de Milei"}]},{"@type":"WebSite","@id":"https:\/\/portaltela.pt\/#website","url":"https:\/\/portaltela.pt\/","name":"Portal Tela Portugal","description":"","potentialAction":[{"@type":"SearchAction","target":{"@type":"EntryPoint","urlTemplate":"https:\/\/portaltela.pt\/?s={search_term_string}"},"query-input":{"@type":"PropertyValueSpecification","valueRequired":true,"valueName":"search_term_string"}}],"inLanguage":"pt-PT"},{"@type":"Person","@id":"https:\/\/portaltela.pt\/#\/schema\/person\/c4278d4a6028830caff9ee44b42d32ed","name":"Telinha","image":{"@type":"ImageObject","inLanguage":"pt-PT","@id":"https:\/\/portaltela.pt\/s.01k8rhncp4jt1\/2025\/11\/talking-bot-125x125.png","url":"https:\/\/portaltela.pt\/s.01k8rhncp4jt1\/2025\/11\/talking-bot-125x125.png","contentUrl":"https:\/\/portaltela.pt\/s.01k8rhncp4jt1\/2025\/11\/talking-bot-125x125.png","caption":"Telinha"},"sameAs":["https:\/\/portaltela.pt\/"],"url":"https:\/\/portaltela.pt\/por\/367410592786\/"}]}},"_links":{"self":[{"href":"https:\/\/portaltela.pt\/api\/wp\/v2\/posts\/186658","targetHints":{"allow":["GET"]}}],"collection":[{"href":"https:\/\/portaltela.pt\/api\/wp\/v2\/posts"}],"about":[{"href":"https:\/\/portaltela.pt\/api\/wp\/v2\/types\/post"}],"author":[{"embeddable":true,"href":"https:\/\/portaltela.pt\/api\/wp\/v2\/users\/2"}],"replies":[{"embeddable":true,"href":"https:\/\/portaltela.pt\/api\/wp\/v2\/comments?post=186658"}],"version-history":[{"count":0,"href":"https:\/\/portaltela.pt\/api\/wp\/v2\/posts\/186658\/revisions"}],"wp:featuredmedia":[{"embeddable":true,"href":"https:\/\/portaltela.pt\/api\/wp\/v2\/media\/186683"}],"wp:attachment":[{"href":"https:\/\/portaltela.pt\/api\/wp\/v2\/media?parent=186658"}],"wp:term":[{"taxonomy":"category","embeddable":true,"href":"https:\/\/portaltela.pt\/api\/wp\/v2\/categories?post=186658"},{"taxonomy":"post_tag","embeddable":true,"href":"https:\/\/portaltela.pt\/api\/wp\/v2\/tags?post=186658"}],"curies":[{"name":"wp","href":"https:\/\/api.w.org\/{rel}","templated":true}]}}