{"id":186652,"date":"2026-01-31T10:09:00","date_gmt":"2026-01-31T13:09:00","guid":{"rendered":"https:\/\/portaltela.pt\/noticias\/2026\/01\/31\/guimaraes-em-milao-para-troca-de-experiencias-sobre-cidades-circulares\/"},"modified":"2026-01-31T10:09:00","modified_gmt":"2026-01-31T13:09:00","slug":"guimaraes-em-milao-para-troca-de-experiencias-sobre-cidades-circulares","status":"publish","type":"post","link":"https:\/\/portaltela.pt\/noticias\/2026\/01\/31\/guimaraes-em-milao-para-troca-de-experiencias-sobre-cidades-circulares\/","title":{"rendered":"Guimar\u00e3es em Mil\u00e3o para troca de experi\u00eancias sobre Cidades Circulares"},"content":{"rendered":"<p>Guimar\u00e3es participou numa a\u00e7\u00e3o da Rede RURBANlink em Mil\u00e3o, numa troca de experi\u00eancias sobre pol\u00edticas p\u00fablicas de alimenta\u00e7\u00e3o e combate ao desperd\u00edcio alimentar. A visita internacional decorreu ao longo de dois dias, com uma comitiva de v\u00e1rias entidades portuguesas.<\/p>\n<p>A comitiva, acompanhada pela Dire\u00e7\u00e3o-Geral do Territ\u00f3rio, foi recebida pelo Munic\u00edpio de Mil\u00e3o e pelo Milan Urban Food Policy Pact. O objetivo foi conhecer boas pr\u00e1ticas enquadradas no pacto que integra mais de 100 cidades e promove sistemas alimentares sustent\u00e1veis e justos.<\/p>\n<p>Durante a visita, os participantes visitaram o mercado abastecedor de Mil\u00e3o e dois Hubs de Zero Desperd\u00edcio, o Hub del Centro e o Hub Gallaratese. As atividades s\u00e3o coordenadas com a IBVA e Terre des Hommes Italia, em conjunto com a Amsa, empresa de gest\u00e3o de res\u00edduos da cidade.<\/p>\n<h3>Rumo a a\u00e7\u00f5es locais em Guimar\u00e3es<\/h3>\n<p>Em junho, cada uma das oito cidades portuguesas da rede apresentar\u00e1 o seu Plano Local de A\u00e7\u00e3o Integrada para a economia circular, com foco no agroalimentar. A visita a Mil\u00e3o serviu como fonte de inspira\u00e7\u00e3o para Guimar\u00e3es, segundo Fl\u00e1vio Freitas, adjunto do Presidente da C\u00e2mara Municipal.<\/p>\n<h3>Aboutamento institucional da rede RURBANlink<\/h3>\n<p>A RURBAN Link, criada em 2021, integra o eixo Rela\u00e7\u00f5es Urbano-Rurais e temas transversais como Transi\u00e7\u00e3o Digital e Equidade Social. A rede \u00e9 liderada pelo Munic\u00edpio do Fund\u00e3o e inclui Bragan\u00e7a, C\u00e2mara de Lobos, Guimar\u00e3es, Penela, Reguengos de Monsaraz, Ribeira Grande e Lisboa E-Nova.<\/p>\n","protected":false},"excerpt":{"rendered":"<ul>\n<li>Guimar\u00e3es integrou a a\u00e7\u00e3o da Rede RURBANlink numa visita internacional a Mil\u00e3o para partilha de experi\u00eancias sobre alimenta\u00e7\u00e3o e combate ao desperd\u00edcio alimentar.<\/li>\n<li>A comitiva foi recebida pelo Munic\u00edpio de Mil\u00e3o e pelo Pacto de Mil\u00e3o para a Pol\u00edtica Alimentar Urbana (Milan Urban Food Policy Pact) para conhecer boas pr\u00e1ticas do pacto que envolve mais de 100 cidades.<\/li>\n<li>Visitaram o mercado abastecedor de Mil\u00e3o e dois Hubs de Zero Desperd\u00edcio \u2014 Hub del Centro e Hub Gallaratese \u2014 em parceria com a Associazione IBVA e Terre des Hommes Italia, e conheceram a gest\u00e3o de res\u00edduos na empresa Amsa.<\/li>\n<li>Em junho, cada uma das oito cidades portuguesas da RURBANlink apresentar\u00e1 o seu Plano Local de A\u00e7\u00e3o Integrada para a economia circular, com foco no setor agroalimentar; a visita a Mil\u00e3o foi considerada fonte de inspira\u00e7\u00e3o por Fl\u00e1vio Freitas.<\/li>\n<li>A RURBAN Link \u00e9 liderada pelo munic\u00edpio do Fund\u00e3o e inclui Bragan\u00e7a, C\u00e2mara de Lobos, Guimar\u00e3es, Penela, Reguengos de Monsaraz, Ribeira Grande e Lisboa E-Nova \u2013 Ag\u00eancia de Energia-Ambiente de Lisboa \u2013 como parceiras.<\/li>\n<\/ul>\n","protected":false},"author":2,"featured_media":186665,"comment_status":"closed","ping_status":"closed","sticky":false,"template":"","format":"standard","meta":{"footnotes":""},"categories":[1],"tags":[760,86,1540,1145,2540,4025],"class_list":["post-186652","post","type-post","status-publish","format-standard","has-post-thumbnail","hentry","category-noticias","tag-agroalimentar","tag-alimentacao","tag-economia-circular","tag-guimaraes","tag-territorio","tag-transicao-digital"],"yoast_head":"<!-- This site is optimized with the Yoast SEO plugin v27.2 - https:\/\/yoast.com\/product\/yoast-seo-wordpress\/ -->\n<title>Guimar\u00e3es em Mil\u00e3o para troca de experi\u00eancias sobre Cidades Circulares - Portal Tela Portugal<\/title>\n<meta name=\"robots\" content=\"index, follow, max-snippet:-1, max-image-preview:large, max-video-preview:-1\" \/>\n<meta property=\"og:locale\" content=\"pt_PT\" \/>\n<meta property=\"og:type\" content=\"article\" \/>\n<meta property=\"og:title\" content=\"Guimar\u00e3es em Mil\u00e3o para troca de experi\u00eancias sobre Cidades Circulares - Portal Tela Portugal\" \/>\n<meta property=\"og:description\" content=\"Guimar\u00e3es integrou a a\u00e7\u00e3o da Rede RURBANlink numa visita internacional a Mil\u00e3o para partilha de experi\u00eancias sobre alimenta\u00e7\u00e3o e combate ao desperd\u00edcio alimentar. A comitiva foi recebida pelo Munic\u00edpio de Mil\u00e3o e pelo Pacto de Mil\u00e3o para a Pol\u00edtica Alimentar Urbana (Milan Urban Food Policy Pact) para conhecer boas pr\u00e1ticas do pacto que envolve mais de 100 cidades. Visitaram o mercado abastecedor de Mil\u00e3o e dois Hubs de Zero Desperd\u00edcio \u2014 Hub del Centro e Hub Gallaratese \u2014 em parceria com a Associazione IBVA e Terre des Hommes Italia, e conheceram a gest\u00e3o de res\u00edduos na empresa Amsa. Em junho, cada uma das oito cidades portuguesas da RURBANlink apresentar\u00e1 o seu Plano Local de A\u00e7\u00e3o Integrada para a economia circular, com foco no setor agroalimentar; a visita a Mil\u00e3o foi considerada fonte de inspira\u00e7\u00e3o por Fl\u00e1vio Freitas. A RURBAN Link \u00e9 liderada pelo munic\u00edpio do Fund\u00e3o e inclui Bragan\u00e7a, C\u00e2mara de Lobos, Guimar\u00e3es, Penela, Reguengos de Monsaraz, Ribeira Grande e Lisboa E-Nova \u2013 Ag\u00eancia de Energia-Ambiente de Lisboa \u2013 como parceiras.\" \/>\n<meta property=\"og:url\" content=\"https:\/\/portaltela.pt\/noticias\/2026\/01\/31\/guimaraes-em-milao-para-troca-de-experiencias-sobre-cidades-circulares\/\" \/>\n<meta property=\"og:site_name\" content=\"Portal Tela Portugal\" \/>\n<meta property=\"article:published_time\" content=\"2026-01-31T13:09:00+00:00\" \/>\n<meta name=\"author\" content=\"Telinha\" \/>\n<meta name=\"twitter:card\" content=\"summary_large_image\" \/>\n<meta name=\"twitter:label1\" content=\"Escrito por\" \/>\n\t<meta name=\"twitter:data1\" content=\"Telinha\" \/>\n\t<meta name=\"twitter:label2\" content=\"Tempo estimado de leitura\" \/>\n\t<meta name=\"twitter:data2\" content=\"1 minuto\" \/>\n<script type=\"application\/ld+json\" class=\"yoast-schema-graph\">{\"@context\":\"https:\/\/schema.org\",\"@graph\":[{\"@type\":\"Article\",\"@id\":\"https:\/\/portaltela.pt\/noticias\/2026\/01\/31\/guimaraes-em-milao-para-troca-de-experiencias-sobre-cidades-circulares\/#article\",\"isPartOf\":{\"@id\":\"https:\/\/portaltela.pt\/noticias\/2026\/01\/31\/guimaraes-em-milao-para-troca-de-experiencias-sobre-cidades-circulares\/\"},\"author\":{\"name\":\"Telinha\",\"@id\":\"https:\/\/portaltela.pt\/#\/schema\/person\/c4278d4a6028830caff9ee44b42d32ed\"},\"headline\":\"Guimar\u00e3es em Mil\u00e3o para troca de experi\u00eancias sobre Cidades Circulares\",\"datePublished\":\"2026-01-31T13:09:00+00:00\",\"mainEntityOfPage\":{\"@id\":\"https:\/\/portaltela.pt\/noticias\/2026\/01\/31\/guimaraes-em-milao-para-troca-de-experiencias-sobre-cidades-circulares\/\"},\"wordCount\":276,\"image\":{\"@id\":\"https:\/\/portaltela.pt\/noticias\/2026\/01\/31\/guimaraes-em-milao-para-troca-de-experiencias-sobre-cidades-circulares\/#primaryimage\"},\"thumbnailUrl\":\"https:\/\/portaltela.pt\/s.01k8rhncp4jt1\/2026\/01\/unnamed-file-6309.jpg\",\"keywords\":[\"agroalimentar\",\"alimenta\u00e7\u00e3o\",\"economia circular\",\"Guimar\u00e3es\",\"Territ\u00f3rio\",\"Transi\u00e7\u00e3o Digital\"],\"articleSection\":[\"Not\u00edcias\"],\"inLanguage\":\"pt-PT\"},{\"@type\":\"WebPage\",\"@id\":\"https:\/\/portaltela.pt\/noticias\/2026\/01\/31\/guimaraes-em-milao-para-troca-de-experiencias-sobre-cidades-circulares\/\",\"url\":\"https:\/\/portaltela.pt\/noticias\/2026\/01\/31\/guimaraes-em-milao-para-troca-de-experiencias-sobre-cidades-circulares\/\",\"name\":\"Guimar\u00e3es em Mil\u00e3o para troca de experi\u00eancias sobre Cidades Circulares - Portal Tela Portugal\",\"isPartOf\":{\"@id\":\"https:\/\/portaltela.pt\/#website\"},\"primaryImageOfPage\":{\"@id\":\"https:\/\/portaltela.pt\/noticias\/2026\/01\/31\/guimaraes-em-milao-para-troca-de-experiencias-sobre-cidades-circulares\/#primaryimage\"},\"image\":{\"@id\":\"https:\/\/portaltela.pt\/noticias\/2026\/01\/31\/guimaraes-em-milao-para-troca-de-experiencias-sobre-cidades-circulares\/#primaryimage\"},\"thumbnailUrl\":\"https:\/\/portaltela.pt\/s.01k8rhncp4jt1\/2026\/01\/unnamed-file-6309.jpg\",\"datePublished\":\"2026-01-31T13:09:00+00:00\",\"author\":{\"@id\":\"https:\/\/portaltela.pt\/#\/schema\/person\/c4278d4a6028830caff9ee44b42d32ed\"},\"breadcrumb\":{\"@id\":\"https:\/\/portaltela.pt\/noticias\/2026\/01\/31\/guimaraes-em-milao-para-troca-de-experiencias-sobre-cidades-circulares\/#breadcrumb\"},\"inLanguage\":\"pt-PT\",\"potentialAction\":[{\"@type\":\"ReadAction\",\"target\":[\"https:\/\/portaltela.pt\/noticias\/2026\/01\/31\/guimaraes-em-milao-para-troca-de-experiencias-sobre-cidades-circulares\/\"]}]},{\"@type\":\"ImageObject\",\"inLanguage\":\"pt-PT\",\"@id\":\"https:\/\/portaltela.pt\/noticias\/2026\/01\/31\/guimaraes-em-milao-para-troca-de-experiencias-sobre-cidades-circulares\/#primaryimage\",\"url\":\"https:\/\/portaltela.pt\/s.01k8rhncp4jt1\/2026\/01\/unnamed-file-6309.jpg\",\"contentUrl\":\"https:\/\/portaltela.pt\/s.01k8rhncp4jt1\/2026\/01\/unnamed-file-6309.jpg\",\"width\":796,\"height\":448,\"caption\":\"Guimar\u00e3es em Mil\u00e3o para troca de experi\u00eancias no \u00e2mbito das Redes de Cidades Circulares\"},{\"@type\":\"BreadcrumbList\",\"@id\":\"https:\/\/portaltela.pt\/noticias\/2026\/01\/31\/guimaraes-em-milao-para-troca-de-experiencias-sobre-cidades-circulares\/#breadcrumb\",\"itemListElement\":[{\"@type\":\"ListItem\",\"position\":1,\"name\":\"In\u00edcio\",\"item\":\"https:\/\/portaltela.pt\/\"},{\"@type\":\"ListItem\",\"position\":2,\"name\":\"Guimar\u00e3es em Mil\u00e3o para troca de experi\u00eancias sobre Cidades Circulares\"}]},{\"@type\":\"WebSite\",\"@id\":\"https:\/\/portaltela.pt\/#website\",\"url\":\"https:\/\/portaltela.pt\/\",\"name\":\"Portal Tela Portugal\",\"description\":\"\",\"potentialAction\":[{\"@type\":\"SearchAction\",\"target\":{\"@type\":\"EntryPoint\",\"urlTemplate\":\"https:\/\/portaltela.pt\/?s={search_term_string}\"},\"query-input\":{\"@type\":\"PropertyValueSpecification\",\"valueRequired\":true,\"valueName\":\"search_term_string\"}}],\"inLanguage\":\"pt-PT\"},{\"@type\":\"Person\",\"@id\":\"https:\/\/portaltela.pt\/#\/schema\/person\/c4278d4a6028830caff9ee44b42d32ed\",\"name\":\"Telinha\",\"image\":{\"@type\":\"ImageObject\",\"inLanguage\":\"pt-PT\",\"@id\":\"https:\/\/portaltela.pt\/s.01k8rhncp4jt1\/2025\/11\/talking-bot-125x125.png\",\"url\":\"https:\/\/portaltela.pt\/s.01k8rhncp4jt1\/2025\/11\/talking-bot-125x125.png\",\"contentUrl\":\"https:\/\/portaltela.pt\/s.01k8rhncp4jt1\/2025\/11\/talking-bot-125x125.png\",\"caption\":\"Telinha\"},\"sameAs\":[\"https:\/\/portaltela.pt\/\"],\"url\":\"https:\/\/portaltela.pt\/por\/367410592786\/\"}]}<\/script>\n<!-- \/ Yoast SEO plugin. -->","yoast_head_json":{"title":"Guimar\u00e3es em Mil\u00e3o para troca de experi\u00eancias sobre Cidades Circulares - Portal Tela Portugal","robots":{"index":"index","follow":"follow","max-snippet":"max-snippet:-1","max-image-preview":"max-image-preview:large","max-video-preview":"max-video-preview:-1"},"og_locale":"pt_PT","og_type":"article","og_title":"Guimar\u00e3es em Mil\u00e3o para troca de experi\u00eancias sobre Cidades Circulares - Portal Tela Portugal","og_description":"Guimar\u00e3es integrou a a\u00e7\u00e3o da Rede RURBANlink numa visita internacional a Mil\u00e3o para partilha de experi\u00eancias sobre alimenta\u00e7\u00e3o e combate ao desperd\u00edcio alimentar. A comitiva foi recebida pelo Munic\u00edpio de Mil\u00e3o e pelo Pacto de Mil\u00e3o para a Pol\u00edtica Alimentar Urbana (Milan Urban Food Policy Pact) para conhecer boas pr\u00e1ticas do pacto que envolve mais de 100 cidades. Visitaram o mercado abastecedor de Mil\u00e3o e dois Hubs de Zero Desperd\u00edcio \u2014 Hub del Centro e Hub Gallaratese \u2014 em parceria com a Associazione IBVA e Terre des Hommes Italia, e conheceram a gest\u00e3o de res\u00edduos na empresa Amsa. Em junho, cada uma das oito cidades portuguesas da RURBANlink apresentar\u00e1 o seu Plano Local de A\u00e7\u00e3o Integrada para a economia circular, com foco no setor agroalimentar; a visita a Mil\u00e3o foi considerada fonte de inspira\u00e7\u00e3o por Fl\u00e1vio Freitas. A RURBAN Link \u00e9 liderada pelo munic\u00edpio do Fund\u00e3o e inclui Bragan\u00e7a, C\u00e2mara de Lobos, Guimar\u00e3es, Penela, Reguengos de Monsaraz, Ribeira Grande e Lisboa E-Nova \u2013 Ag\u00eancia de Energia-Ambiente de Lisboa \u2013 como parceiras.","og_url":"https:\/\/portaltela.pt\/noticias\/2026\/01\/31\/guimaraes-em-milao-para-troca-de-experiencias-sobre-cidades-circulares\/","og_site_name":"Portal Tela Portugal","article_published_time":"2026-01-31T13:09:00+00:00","author":"Telinha","twitter_card":"summary_large_image","twitter_misc":{"Escrito por":"Telinha","Tempo estimado de leitura":"1 minuto"},"schema":{"@context":"https:\/\/schema.org","@graph":[{"@type":"Article","@id":"https:\/\/portaltela.pt\/noticias\/2026\/01\/31\/guimaraes-em-milao-para-troca-de-experiencias-sobre-cidades-circulares\/#article","isPartOf":{"@id":"https:\/\/portaltela.pt\/noticias\/2026\/01\/31\/guimaraes-em-milao-para-troca-de-experiencias-sobre-cidades-circulares\/"},"author":{"name":"Telinha","@id":"https:\/\/portaltela.pt\/#\/schema\/person\/c4278d4a6028830caff9ee44b42d32ed"},"headline":"Guimar\u00e3es em Mil\u00e3o para troca de experi\u00eancias sobre Cidades Circulares","datePublished":"2026-01-31T13:09:00+00:00","mainEntityOfPage":{"@id":"https:\/\/portaltela.pt\/noticias\/2026\/01\/31\/guimaraes-em-milao-para-troca-de-experiencias-sobre-cidades-circulares\/"},"wordCount":276,"image":{"@id":"https:\/\/portaltela.pt\/noticias\/2026\/01\/31\/guimaraes-em-milao-para-troca-de-experiencias-sobre-cidades-circulares\/#primaryimage"},"thumbnailUrl":"https:\/\/portaltela.pt\/s.01k8rhncp4jt1\/2026\/01\/unnamed-file-6309.jpg","keywords":["agroalimentar","alimenta\u00e7\u00e3o","economia circular","Guimar\u00e3es","Territ\u00f3rio","Transi\u00e7\u00e3o Digital"],"articleSection":["Not\u00edcias"],"inLanguage":"pt-PT"},{"@type":"WebPage","@id":"https:\/\/portaltela.pt\/noticias\/2026\/01\/31\/guimaraes-em-milao-para-troca-de-experiencias-sobre-cidades-circulares\/","url":"https:\/\/portaltela.pt\/noticias\/2026\/01\/31\/guimaraes-em-milao-para-troca-de-experiencias-sobre-cidades-circulares\/","name":"Guimar\u00e3es em Mil\u00e3o para troca de experi\u00eancias sobre Cidades Circulares - Portal Tela Portugal","isPartOf":{"@id":"https:\/\/portaltela.pt\/#website"},"primaryImageOfPage":{"@id":"https:\/\/portaltela.pt\/noticias\/2026\/01\/31\/guimaraes-em-milao-para-troca-de-experiencias-sobre-cidades-circulares\/#primaryimage"},"image":{"@id":"https:\/\/portaltela.pt\/noticias\/2026\/01\/31\/guimaraes-em-milao-para-troca-de-experiencias-sobre-cidades-circulares\/#primaryimage"},"thumbnailUrl":"https:\/\/portaltela.pt\/s.01k8rhncp4jt1\/2026\/01\/unnamed-file-6309.jpg","datePublished":"2026-01-31T13:09:00+00:00","author":{"@id":"https:\/\/portaltela.pt\/#\/schema\/person\/c4278d4a6028830caff9ee44b42d32ed"},"breadcrumb":{"@id":"https:\/\/portaltela.pt\/noticias\/2026\/01\/31\/guimaraes-em-milao-para-troca-de-experiencias-sobre-cidades-circulares\/#breadcrumb"},"inLanguage":"pt-PT","potentialAction":[{"@type":"ReadAction","target":["https:\/\/portaltela.pt\/noticias\/2026\/01\/31\/guimaraes-em-milao-para-troca-de-experiencias-sobre-cidades-circulares\/"]}]},{"@type":"ImageObject","inLanguage":"pt-PT","@id":"https:\/\/portaltela.pt\/noticias\/2026\/01\/31\/guimaraes-em-milao-para-troca-de-experiencias-sobre-cidades-circulares\/#primaryimage","url":"https:\/\/portaltela.pt\/s.01k8rhncp4jt1\/2026\/01\/unnamed-file-6309.jpg","contentUrl":"https:\/\/portaltela.pt\/s.01k8rhncp4jt1\/2026\/01\/unnamed-file-6309.jpg","width":796,"height":448,"caption":"Guimar\u00e3es em Mil\u00e3o para troca de experi\u00eancias no \u00e2mbito das Redes de Cidades Circulares"},{"@type":"BreadcrumbList","@id":"https:\/\/portaltela.pt\/noticias\/2026\/01\/31\/guimaraes-em-milao-para-troca-de-experiencias-sobre-cidades-circulares\/#breadcrumb","itemListElement":[{"@type":"ListItem","position":1,"name":"In\u00edcio","item":"https:\/\/portaltela.pt\/"},{"@type":"ListItem","position":2,"name":"Guimar\u00e3es em Mil\u00e3o para troca de experi\u00eancias sobre Cidades Circulares"}]},{"@type":"WebSite","@id":"https:\/\/portaltela.pt\/#website","url":"https:\/\/portaltela.pt\/","name":"Portal Tela Portugal","description":"","potentialAction":[{"@type":"SearchAction","target":{"@type":"EntryPoint","urlTemplate":"https:\/\/portaltela.pt\/?s={search_term_string}"},"query-input":{"@type":"PropertyValueSpecification","valueRequired":true,"valueName":"search_term_string"}}],"inLanguage":"pt-PT"},{"@type":"Person","@id":"https:\/\/portaltela.pt\/#\/schema\/person\/c4278d4a6028830caff9ee44b42d32ed","name":"Telinha","image":{"@type":"ImageObject","inLanguage":"pt-PT","@id":"https:\/\/portaltela.pt\/s.01k8rhncp4jt1\/2025\/11\/talking-bot-125x125.png","url":"https:\/\/portaltela.pt\/s.01k8rhncp4jt1\/2025\/11\/talking-bot-125x125.png","contentUrl":"https:\/\/portaltela.pt\/s.01k8rhncp4jt1\/2025\/11\/talking-bot-125x125.png","caption":"Telinha"},"sameAs":["https:\/\/portaltela.pt\/"],"url":"https:\/\/portaltela.pt\/por\/367410592786\/"}]}},"_links":{"self":[{"href":"https:\/\/portaltela.pt\/api\/wp\/v2\/posts\/186652","targetHints":{"allow":["GET"]}}],"collection":[{"href":"https:\/\/portaltela.pt\/api\/wp\/v2\/posts"}],"about":[{"href":"https:\/\/portaltela.pt\/api\/wp\/v2\/types\/post"}],"author":[{"embeddable":true,"href":"https:\/\/portaltela.pt\/api\/wp\/v2\/users\/2"}],"replies":[{"embeddable":true,"href":"https:\/\/portaltela.pt\/api\/wp\/v2\/comments?post=186652"}],"version-history":[{"count":0,"href":"https:\/\/portaltela.pt\/api\/wp\/v2\/posts\/186652\/revisions"}],"wp:featuredmedia":[{"embeddable":true,"href":"https:\/\/portaltela.pt\/api\/wp\/v2\/media\/186665"}],"wp:attachment":[{"href":"https:\/\/portaltela.pt\/api\/wp\/v2\/media?parent=186652"}],"wp:term":[{"taxonomy":"category","embeddable":true,"href":"https:\/\/portaltela.pt\/api\/wp\/v2\/categories?post=186652"},{"taxonomy":"post_tag","embeddable":true,"href":"https:\/\/portaltela.pt\/api\/wp\/v2\/tags?post=186652"}],"curies":[{"name":"wp","href":"https:\/\/api.w.org\/{rel}","templated":true}]}}