{"id":186650,"date":"2026-01-31T10:30:24","date_gmt":"2026-01-31T13:30:24","guid":{"rendered":"https:\/\/portaltela.pt\/noticias\/2026\/01\/31\/individuo-furtou-artigos-no-valor-de-6-740-euros-de-carro\/"},"modified":"2026-01-31T10:30:24","modified_gmt":"2026-01-31T13:30:24","slug":"individuo-furtou-artigos-no-valor-de-6-740-euros-de-carro","status":"publish","type":"post","link":"https:\/\/portaltela.pt\/noticias\/2026\/01\/31\/individuo-furtou-artigos-no-valor-de-6-740-euros-de-carro\/","title":{"rendered":"Indiv\u00edduo furtou artigos no valor de 6.740 euros de carro"},"content":{"rendered":"<p>Um homem de 37 anos foi detido pela PSP em flagrante, na zona das Avenidas Novas, em Lisboa. Tinha em posse bens avaliados em 6740 euros furtados de um autom\u00f3vel. A deten\u00e7\u00e3o ocorreu devido ao facto de o suspeito estar ilegal no pa\u00eds.<\/p>\n<p>A a\u00e7\u00e3o ocorreu na segunda-feira, depois de a propriet\u00e1ria da viatura furtada alertar as autoridades. A patrulha localizou dois suspeitos numa loja de conveni\u00eancia da mesma \u00e1rea; um deles fugiu, enquanto o outro foi detido com o material furtado.<\/p>\n<p>No interrogat\u00f3rio, ficou claro que o indiv\u00edduo \u00e9 cidad\u00e3o extracomunit\u00e1rio com pedido de perman\u00eancia em Portugal indeferido. O caso ficou entregue \u00e0 investiga\u00e7\u00e3o da PSP.<\/p>\n<p>Presentes no tribunal, os agentes pediram a aplica\u00e7\u00e3o de medidas de internamento em Centro de Instala\u00e7\u00e3o Tempor\u00e1ria, para subsequente expuls\u00e3o do pa\u00eds.<\/p>\n","protected":false},"excerpt":{"rendered":"<ul>\n<li>Um homem de 37 anos foi apanhado em flagrante pela PSP nas Avenidas Novas, Lisboa, na posse de bens avaliados em 6.740 euros furtados de um autom\u00f3vel.<\/li>\n<li>A v\u00edtima informou a PSP, que localizou os dois suspeitos numa loja de conveni\u00eancia; um fugiu.<\/li>\n<li>O outro suspeito foi detido com todo o material roubado, esteve na esquadra e foi identificado como extracomunit\u00e1rio com a autoriza\u00e7\u00e3o de resid\u00eancia rejeitada.<\/li>\n<li>Em tribunal, ficou ordenado que entre num Centro de Instala\u00e7\u00e3o Tempor\u00e1ria para posterior expuls\u00e3o do pa\u00eds.<\/li>\n<li>A interven\u00e7\u00e3o ocorreu na segunda-feira.<\/li>\n<\/ul>\n","protected":false},"author":2,"featured_media":186669,"comment_status":"closed","ping_status":"closed","sticky":false,"template":"","format":"standard","meta":{"footnotes":""},"categories":[1],"tags":[2179,424,712,1921,981,1381],"class_list":["post-186650","post","type-post","status-publish","format-standard","has-post-thumbnail","hentry","category-noticias","tag-centros-de-instalacao-temporaria","tag-furto","tag-imigracao","tag-imigrantes","tag-lisboa","tag-psp"],"yoast_head":"<!-- This site is optimized with the Yoast SEO plugin v27.2 - https:\/\/yoast.com\/product\/yoast-seo-wordpress\/ -->\n<title>Indiv\u00edduo furtou artigos no valor de 6.740 euros de carro - Portal Tela Portugal<\/title>\n<meta name=\"robots\" content=\"index, follow, max-snippet:-1, max-image-preview:large, max-video-preview:-1\" \/>\n<meta property=\"og:locale\" content=\"pt_PT\" \/>\n<meta property=\"og:type\" content=\"article\" \/>\n<meta property=\"og:title\" content=\"Indiv\u00edduo furtou artigos no valor de 6.740 euros de carro - Portal Tela Portugal\" \/>\n<meta property=\"og:description\" content=\"Um homem de 37 anos foi apanhado em flagrante pela PSP nas Avenidas Novas, Lisboa, na posse de bens avaliados em 6.740 euros furtados de um autom\u00f3vel. A v\u00edtima informou a PSP, que localizou os dois suspeitos numa loja de conveni\u00eancia; um fugiu. O outro suspeito foi detido com todo o material roubado, esteve na esquadra e foi identificado como extracomunit\u00e1rio com a autoriza\u00e7\u00e3o de resid\u00eancia rejeitada. Em tribunal, ficou ordenado que entre num Centro de Instala\u00e7\u00e3o Tempor\u00e1ria para posterior expuls\u00e3o do pa\u00eds. A interven\u00e7\u00e3o ocorreu na segunda-feira.\" \/>\n<meta property=\"og:url\" content=\"https:\/\/portaltela.pt\/noticias\/2026\/01\/31\/individuo-furtou-artigos-no-valor-de-6-740-euros-de-carro\/\" \/>\n<meta property=\"og:site_name\" content=\"Portal Tela Portugal\" \/>\n<meta property=\"article:published_time\" content=\"2026-01-31T13:30:24+00:00\" \/>\n<meta name=\"author\" content=\"Telinha\" \/>\n<meta name=\"twitter:card\" content=\"summary_large_image\" \/>\n<meta name=\"twitter:label1\" content=\"Escrito por\" \/>\n\t<meta name=\"twitter:data1\" content=\"Telinha\" \/>\n\t<meta name=\"twitter:label2\" content=\"Tempo estimado de leitura\" \/>\n\t<meta name=\"twitter:data2\" content=\"1 minuto\" \/>\n<script type=\"application\/ld+json\" class=\"yoast-schema-graph\">{\"@context\":\"https:\/\/schema.org\",\"@graph\":[{\"@type\":\"Article\",\"@id\":\"https:\/\/portaltela.pt\/noticias\/2026\/01\/31\/individuo-furtou-artigos-no-valor-de-6-740-euros-de-carro\/#article\",\"isPartOf\":{\"@id\":\"https:\/\/portaltela.pt\/noticias\/2026\/01\/31\/individuo-furtou-artigos-no-valor-de-6-740-euros-de-carro\/\"},\"author\":{\"name\":\"Telinha\",\"@id\":\"https:\/\/portaltela.pt\/#\/schema\/person\/c4278d4a6028830caff9ee44b42d32ed\"},\"headline\":\"Indiv\u00edduo furtou artigos no valor de 6.740 euros de carro\",\"datePublished\":\"2026-01-31T13:30:24+00:00\",\"mainEntityOfPage\":{\"@id\":\"https:\/\/portaltela.pt\/noticias\/2026\/01\/31\/individuo-furtou-artigos-no-valor-de-6-740-euros-de-carro\/\"},\"wordCount\":152,\"image\":{\"@id\":\"https:\/\/portaltela.pt\/noticias\/2026\/01\/31\/individuo-furtou-artigos-no-valor-de-6-740-euros-de-carro\/#primaryimage\"},\"thumbnailUrl\":\"https:\/\/portaltela.pt\/s.01k8rhncp4jt1\/2026\/01\/img_1500x1000uu2026-01-31-12-21-49-2263748.jpg\",\"keywords\":[\"Centros de Instala\u00e7\u00e3o Tempor\u00e1ria\",\"furto\",\"imigra\u00e7\u00e3o\",\"imigrantes\",\"Lisboa\",\"PSP\"],\"articleSection\":[\"Not\u00edcias\"],\"inLanguage\":\"pt-PT\"},{\"@type\":\"WebPage\",\"@id\":\"https:\/\/portaltela.pt\/noticias\/2026\/01\/31\/individuo-furtou-artigos-no-valor-de-6-740-euros-de-carro\/\",\"url\":\"https:\/\/portaltela.pt\/noticias\/2026\/01\/31\/individuo-furtou-artigos-no-valor-de-6-740-euros-de-carro\/\",\"name\":\"Indiv\u00edduo furtou artigos no valor de 6.740 euros de carro - Portal Tela Portugal\",\"isPartOf\":{\"@id\":\"https:\/\/portaltela.pt\/#website\"},\"primaryImageOfPage\":{\"@id\":\"https:\/\/portaltela.pt\/noticias\/2026\/01\/31\/individuo-furtou-artigos-no-valor-de-6-740-euros-de-carro\/#primaryimage\"},\"image\":{\"@id\":\"https:\/\/portaltela.pt\/noticias\/2026\/01\/31\/individuo-furtou-artigos-no-valor-de-6-740-euros-de-carro\/#primaryimage\"},\"thumbnailUrl\":\"https:\/\/portaltela.pt\/s.01k8rhncp4jt1\/2026\/01\/img_1500x1000uu2026-01-31-12-21-49-2263748.jpg\",\"datePublished\":\"2026-01-31T13:30:24+00:00\",\"author\":{\"@id\":\"https:\/\/portaltela.pt\/#\/schema\/person\/c4278d4a6028830caff9ee44b42d32ed\"},\"breadcrumb\":{\"@id\":\"https:\/\/portaltela.pt\/noticias\/2026\/01\/31\/individuo-furtou-artigos-no-valor-de-6-740-euros-de-carro\/#breadcrumb\"},\"inLanguage\":\"pt-PT\",\"potentialAction\":[{\"@type\":\"ReadAction\",\"target\":[\"https:\/\/portaltela.pt\/noticias\/2026\/01\/31\/individuo-furtou-artigos-no-valor-de-6-740-euros-de-carro\/\"]}]},{\"@type\":\"ImageObject\",\"inLanguage\":\"pt-PT\",\"@id\":\"https:\/\/portaltela.pt\/noticias\/2026\/01\/31\/individuo-furtou-artigos-no-valor-de-6-740-euros-de-carro\/#primaryimage\",\"url\":\"https:\/\/portaltela.pt\/s.01k8rhncp4jt1\/2026\/01\/img_1500x1000uu2026-01-31-12-21-49-2263748.jpg\",\"contentUrl\":\"https:\/\/portaltela.pt\/s.01k8rhncp4jt1\/2026\/01\/img_1500x1000uu2026-01-31-12-21-49-2263748.jpg\",\"width\":796,\"height\":448,\"caption\":\"Suspeito e comparsa consumaram furto \u00e0 viatura\"},{\"@type\":\"BreadcrumbList\",\"@id\":\"https:\/\/portaltela.pt\/noticias\/2026\/01\/31\/individuo-furtou-artigos-no-valor-de-6-740-euros-de-carro\/#breadcrumb\",\"itemListElement\":[{\"@type\":\"ListItem\",\"position\":1,\"name\":\"In\u00edcio\",\"item\":\"https:\/\/portaltela.pt\/\"},{\"@type\":\"ListItem\",\"position\":2,\"name\":\"Indiv\u00edduo furtou artigos no valor de 6.740 euros de carro\"}]},{\"@type\":\"WebSite\",\"@id\":\"https:\/\/portaltela.pt\/#website\",\"url\":\"https:\/\/portaltela.pt\/\",\"name\":\"Portal Tela Portugal\",\"description\":\"\",\"potentialAction\":[{\"@type\":\"SearchAction\",\"target\":{\"@type\":\"EntryPoint\",\"urlTemplate\":\"https:\/\/portaltela.pt\/?s={search_term_string}\"},\"query-input\":{\"@type\":\"PropertyValueSpecification\",\"valueRequired\":true,\"valueName\":\"search_term_string\"}}],\"inLanguage\":\"pt-PT\"},{\"@type\":\"Person\",\"@id\":\"https:\/\/portaltela.pt\/#\/schema\/person\/c4278d4a6028830caff9ee44b42d32ed\",\"name\":\"Telinha\",\"image\":{\"@type\":\"ImageObject\",\"inLanguage\":\"pt-PT\",\"@id\":\"https:\/\/portaltela.pt\/s.01k8rhncp4jt1\/2025\/11\/talking-bot-125x125.png\",\"url\":\"https:\/\/portaltela.pt\/s.01k8rhncp4jt1\/2025\/11\/talking-bot-125x125.png\",\"contentUrl\":\"https:\/\/portaltela.pt\/s.01k8rhncp4jt1\/2025\/11\/talking-bot-125x125.png\",\"caption\":\"Telinha\"},\"sameAs\":[\"https:\/\/portaltela.pt\/\"],\"url\":\"https:\/\/portaltela.pt\/por\/367410592786\/\"}]}<\/script>\n<!-- \/ Yoast SEO plugin. -->","yoast_head_json":{"title":"Indiv\u00edduo furtou artigos no valor de 6.740 euros de carro - Portal Tela Portugal","robots":{"index":"index","follow":"follow","max-snippet":"max-snippet:-1","max-image-preview":"max-image-preview:large","max-video-preview":"max-video-preview:-1"},"og_locale":"pt_PT","og_type":"article","og_title":"Indiv\u00edduo furtou artigos no valor de 6.740 euros de carro - Portal Tela Portugal","og_description":"Um homem de 37 anos foi apanhado em flagrante pela PSP nas Avenidas Novas, Lisboa, na posse de bens avaliados em 6.740 euros furtados de um autom\u00f3vel. A v\u00edtima informou a PSP, que localizou os dois suspeitos numa loja de conveni\u00eancia; um fugiu. O outro suspeito foi detido com todo o material roubado, esteve na esquadra e foi identificado como extracomunit\u00e1rio com a autoriza\u00e7\u00e3o de resid\u00eancia rejeitada. Em tribunal, ficou ordenado que entre num Centro de Instala\u00e7\u00e3o Tempor\u00e1ria para posterior expuls\u00e3o do pa\u00eds. A interven\u00e7\u00e3o ocorreu na segunda-feira.","og_url":"https:\/\/portaltela.pt\/noticias\/2026\/01\/31\/individuo-furtou-artigos-no-valor-de-6-740-euros-de-carro\/","og_site_name":"Portal Tela Portugal","article_published_time":"2026-01-31T13:30:24+00:00","author":"Telinha","twitter_card":"summary_large_image","twitter_misc":{"Escrito por":"Telinha","Tempo estimado de leitura":"1 minuto"},"schema":{"@context":"https:\/\/schema.org","@graph":[{"@type":"Article","@id":"https:\/\/portaltela.pt\/noticias\/2026\/01\/31\/individuo-furtou-artigos-no-valor-de-6-740-euros-de-carro\/#article","isPartOf":{"@id":"https:\/\/portaltela.pt\/noticias\/2026\/01\/31\/individuo-furtou-artigos-no-valor-de-6-740-euros-de-carro\/"},"author":{"name":"Telinha","@id":"https:\/\/portaltela.pt\/#\/schema\/person\/c4278d4a6028830caff9ee44b42d32ed"},"headline":"Indiv\u00edduo furtou artigos no valor de 6.740 euros de carro","datePublished":"2026-01-31T13:30:24+00:00","mainEntityOfPage":{"@id":"https:\/\/portaltela.pt\/noticias\/2026\/01\/31\/individuo-furtou-artigos-no-valor-de-6-740-euros-de-carro\/"},"wordCount":152,"image":{"@id":"https:\/\/portaltela.pt\/noticias\/2026\/01\/31\/individuo-furtou-artigos-no-valor-de-6-740-euros-de-carro\/#primaryimage"},"thumbnailUrl":"https:\/\/portaltela.pt\/s.01k8rhncp4jt1\/2026\/01\/img_1500x1000uu2026-01-31-12-21-49-2263748.jpg","keywords":["Centros de Instala\u00e7\u00e3o Tempor\u00e1ria","furto","imigra\u00e7\u00e3o","imigrantes","Lisboa","PSP"],"articleSection":["Not\u00edcias"],"inLanguage":"pt-PT"},{"@type":"WebPage","@id":"https:\/\/portaltela.pt\/noticias\/2026\/01\/31\/individuo-furtou-artigos-no-valor-de-6-740-euros-de-carro\/","url":"https:\/\/portaltela.pt\/noticias\/2026\/01\/31\/individuo-furtou-artigos-no-valor-de-6-740-euros-de-carro\/","name":"Indiv\u00edduo furtou artigos no valor de 6.740 euros de carro - Portal Tela Portugal","isPartOf":{"@id":"https:\/\/portaltela.pt\/#website"},"primaryImageOfPage":{"@id":"https:\/\/portaltela.pt\/noticias\/2026\/01\/31\/individuo-furtou-artigos-no-valor-de-6-740-euros-de-carro\/#primaryimage"},"image":{"@id":"https:\/\/portaltela.pt\/noticias\/2026\/01\/31\/individuo-furtou-artigos-no-valor-de-6-740-euros-de-carro\/#primaryimage"},"thumbnailUrl":"https:\/\/portaltela.pt\/s.01k8rhncp4jt1\/2026\/01\/img_1500x1000uu2026-01-31-12-21-49-2263748.jpg","datePublished":"2026-01-31T13:30:24+00:00","author":{"@id":"https:\/\/portaltela.pt\/#\/schema\/person\/c4278d4a6028830caff9ee44b42d32ed"},"breadcrumb":{"@id":"https:\/\/portaltela.pt\/noticias\/2026\/01\/31\/individuo-furtou-artigos-no-valor-de-6-740-euros-de-carro\/#breadcrumb"},"inLanguage":"pt-PT","potentialAction":[{"@type":"ReadAction","target":["https:\/\/portaltela.pt\/noticias\/2026\/01\/31\/individuo-furtou-artigos-no-valor-de-6-740-euros-de-carro\/"]}]},{"@type":"ImageObject","inLanguage":"pt-PT","@id":"https:\/\/portaltela.pt\/noticias\/2026\/01\/31\/individuo-furtou-artigos-no-valor-de-6-740-euros-de-carro\/#primaryimage","url":"https:\/\/portaltela.pt\/s.01k8rhncp4jt1\/2026\/01\/img_1500x1000uu2026-01-31-12-21-49-2263748.jpg","contentUrl":"https:\/\/portaltela.pt\/s.01k8rhncp4jt1\/2026\/01\/img_1500x1000uu2026-01-31-12-21-49-2263748.jpg","width":796,"height":448,"caption":"Suspeito e comparsa consumaram furto \u00e0 viatura"},{"@type":"BreadcrumbList","@id":"https:\/\/portaltela.pt\/noticias\/2026\/01\/31\/individuo-furtou-artigos-no-valor-de-6-740-euros-de-carro\/#breadcrumb","itemListElement":[{"@type":"ListItem","position":1,"name":"In\u00edcio","item":"https:\/\/portaltela.pt\/"},{"@type":"ListItem","position":2,"name":"Indiv\u00edduo furtou artigos no valor de 6.740 euros de carro"}]},{"@type":"WebSite","@id":"https:\/\/portaltela.pt\/#website","url":"https:\/\/portaltela.pt\/","name":"Portal Tela Portugal","description":"","potentialAction":[{"@type":"SearchAction","target":{"@type":"EntryPoint","urlTemplate":"https:\/\/portaltela.pt\/?s={search_term_string}"},"query-input":{"@type":"PropertyValueSpecification","valueRequired":true,"valueName":"search_term_string"}}],"inLanguage":"pt-PT"},{"@type":"Person","@id":"https:\/\/portaltela.pt\/#\/schema\/person\/c4278d4a6028830caff9ee44b42d32ed","name":"Telinha","image":{"@type":"ImageObject","inLanguage":"pt-PT","@id":"https:\/\/portaltela.pt\/s.01k8rhncp4jt1\/2025\/11\/talking-bot-125x125.png","url":"https:\/\/portaltela.pt\/s.01k8rhncp4jt1\/2025\/11\/talking-bot-125x125.png","contentUrl":"https:\/\/portaltela.pt\/s.01k8rhncp4jt1\/2025\/11\/talking-bot-125x125.png","caption":"Telinha"},"sameAs":["https:\/\/portaltela.pt\/"],"url":"https:\/\/portaltela.pt\/por\/367410592786\/"}]}},"_links":{"self":[{"href":"https:\/\/portaltela.pt\/api\/wp\/v2\/posts\/186650","targetHints":{"allow":["GET"]}}],"collection":[{"href":"https:\/\/portaltela.pt\/api\/wp\/v2\/posts"}],"about":[{"href":"https:\/\/portaltela.pt\/api\/wp\/v2\/types\/post"}],"author":[{"embeddable":true,"href":"https:\/\/portaltela.pt\/api\/wp\/v2\/users\/2"}],"replies":[{"embeddable":true,"href":"https:\/\/portaltela.pt\/api\/wp\/v2\/comments?post=186650"}],"version-history":[{"count":0,"href":"https:\/\/portaltela.pt\/api\/wp\/v2\/posts\/186650\/revisions"}],"wp:featuredmedia":[{"embeddable":true,"href":"https:\/\/portaltela.pt\/api\/wp\/v2\/media\/186669"}],"wp:attachment":[{"href":"https:\/\/portaltela.pt\/api\/wp\/v2\/media?parent=186650"}],"wp:term":[{"taxonomy":"category","embeddable":true,"href":"https:\/\/portaltela.pt\/api\/wp\/v2\/categories?post=186650"},{"taxonomy":"post_tag","embeddable":true,"href":"https:\/\/portaltela.pt\/api\/wp\/v2\/tags?post=186650"}],"curies":[{"name":"wp","href":"https:\/\/api.w.org\/{rel}","templated":true}]}}