{"id":186634,"date":"2026-01-31T10:02:10","date_gmt":"2026-01-31T13:02:10","guid":{"rendered":"https:\/\/portaltela.pt\/noticias\/2026\/01\/31\/deslizamento-em-cinfaes-deixa-aldeia-de-sabroso-isolada\/"},"modified":"2026-01-31T10:02:10","modified_gmt":"2026-01-31T13:02:10","slug":"deslizamento-em-cinfaes-deixa-aldeia-de-sabroso-isolada","status":"publish","type":"post","link":"https:\/\/portaltela.pt\/noticias\/2026\/01\/31\/deslizamento-em-cinfaes-deixa-aldeia-de-sabroso-isolada\/","title":{"rendered":"Deslizamento em Cinf\u00e3es deixa aldeia de Sabroso isolada"},"content":{"rendered":"<p>O deslizamento de terra em Cinf\u00e3es isolou a aldeia de Sabroso, interrompendo o acesso \u00e0 popula\u00e7\u00e3o local. A situa\u00e7\u00e3o foi confirmada pelas autoridades da regi\u00e3o, que est\u00e3o a avaliar os impactos imediatos.<\/p>\n<p>Carlos Cardoso, presidente da C\u00e2mara de Cinf\u00e3es, aponta para preju\u00edzos superiores a dois milh\u00f5es de euros no concelho. O autarca detalha que o total estimado resulta dos estragos causados pelo incidente.<\/p>\n<p>As informa\u00e7\u00f5es foram divulgadas pelo presidente da C\u00e2mara \u00e0 comunica\u00e7\u00e3o social, salientando a gravidade dos danos econ\u00f3micos na regi\u00e3o. N\u00e3o foram apresentadas, at\u00e9 ao momento, informa\u00e7\u00f5es adicionais sobre feridos ou causas do deslizamento.<\/p>\n","protected":false},"excerpt":{"rendered":"<ul>\n<li>Deslizamento de terra em Sabroso, aldeia de Cinf\u00e3es, deixou a povoa\u00e7\u00e3o isolada.<\/li>\n<li>O acidente ocorreu no concelho de Cinf\u00e3es.<\/li>\n<li>O presidente da C\u00e2mara, Carlos Cardoso, aponta preju\u00edzos superiores a dois milh\u00f5es de euros no concelho.<\/li>\n<li>A not\u00edcia n\u00e3o detalha causas, consequ\u00eancias ou exist\u00eancias de v\u00edtimas.<\/li>\n<li>A publica\u00e7\u00e3o inclui imagem associada ao tema sobre o presidente da C\u00e2mara.<\/li>\n<\/ul>\n","protected":false},"author":2,"featured_media":186635,"comment_status":"closed","ping_status":"closed","sticky":false,"template":"","format":"standard","meta":{"footnotes":""},"categories":[1],"tags":[2731,4590,3735,28],"class_list":["post-186634","post","type-post","status-publish","format-standard","has-post-thumbnail","hentry","category-noticias","tag-cinfaes","tag-desabrigos","tag-deslizamentos","tag-economia"],"yoast_head":"<!-- This site is optimized with the Yoast SEO plugin v27.2 - https:\/\/yoast.com\/product\/yoast-seo-wordpress\/ -->\n<title>Deslizamento em Cinf\u00e3es deixa aldeia de Sabroso isolada - Portal Tela Portugal<\/title>\n<meta name=\"robots\" content=\"index, follow, max-snippet:-1, max-image-preview:large, max-video-preview:-1\" \/>\n<meta property=\"og:locale\" content=\"pt_PT\" \/>\n<meta property=\"og:type\" content=\"article\" \/>\n<meta property=\"og:title\" content=\"Deslizamento em Cinf\u00e3es deixa aldeia de Sabroso isolada - Portal Tela Portugal\" \/>\n<meta property=\"og:description\" content=\"Deslizamento de terra em Sabroso, aldeia de Cinf\u00e3es, deixou a povoa\u00e7\u00e3o isolada. O acidente ocorreu no concelho de Cinf\u00e3es. O presidente da C\u00e2mara, Carlos Cardoso, aponta preju\u00edzos superiores a dois milh\u00f5es de euros no concelho. A not\u00edcia n\u00e3o detalha causas, consequ\u00eancias ou exist\u00eancias de v\u00edtimas. A publica\u00e7\u00e3o inclui imagem associada ao tema sobre o presidente da C\u00e2mara.\" \/>\n<meta property=\"og:url\" content=\"https:\/\/portaltela.pt\/noticias\/2026\/01\/31\/deslizamento-em-cinfaes-deixa-aldeia-de-sabroso-isolada\/\" \/>\n<meta property=\"og:site_name\" content=\"Portal Tela Portugal\" \/>\n<meta property=\"article:published_time\" content=\"2026-01-31T13:02:10+00:00\" \/>\n<meta name=\"author\" content=\"Telinha\" \/>\n<meta name=\"twitter:card\" content=\"summary_large_image\" \/>\n<meta name=\"twitter:label1\" content=\"Escrito por\" \/>\n\t<meta name=\"twitter:data1\" content=\"Telinha\" \/>\n\t<meta name=\"twitter:label2\" content=\"Tempo estimado de leitura\" \/>\n\t<meta name=\"twitter:data2\" content=\"1 minuto\" \/>\n<script type=\"application\/ld+json\" class=\"yoast-schema-graph\">{\"@context\":\"https:\/\/schema.org\",\"@graph\":[{\"@type\":\"Article\",\"@id\":\"https:\/\/portaltela.pt\/noticias\/2026\/01\/31\/deslizamento-em-cinfaes-deixa-aldeia-de-sabroso-isolada\/#article\",\"isPartOf\":{\"@id\":\"https:\/\/portaltela.pt\/noticias\/2026\/01\/31\/deslizamento-em-cinfaes-deixa-aldeia-de-sabroso-isolada\/\"},\"author\":{\"name\":\"Telinha\",\"@id\":\"https:\/\/portaltela.pt\/#\/schema\/person\/c4278d4a6028830caff9ee44b42d32ed\"},\"headline\":\"Deslizamento em Cinf\u00e3es deixa aldeia de Sabroso isolada\",\"datePublished\":\"2026-01-31T13:02:10+00:00\",\"mainEntityOfPage\":{\"@id\":\"https:\/\/portaltela.pt\/noticias\/2026\/01\/31\/deslizamento-em-cinfaes-deixa-aldeia-de-sabroso-isolada\/\"},\"wordCount\":119,\"image\":{\"@id\":\"https:\/\/portaltela.pt\/noticias\/2026\/01\/31\/deslizamento-em-cinfaes-deixa-aldeia-de-sabroso-isolada\/#primaryimage\"},\"thumbnailUrl\":\"https:\/\/portaltela.pt\/s.01k8rhncp4jt1\/2026\/01\/img_1200x721uu2026-01-31-12-59-36-2418638.jpg\",\"keywords\":[\"Cinf\u00e3es\",\"desabrigos\",\"deslizamentos\",\"economia\"],\"articleSection\":[\"Not\u00edcias\"],\"inLanguage\":\"pt-PT\"},{\"@type\":\"WebPage\",\"@id\":\"https:\/\/portaltela.pt\/noticias\/2026\/01\/31\/deslizamento-em-cinfaes-deixa-aldeia-de-sabroso-isolada\/\",\"url\":\"https:\/\/portaltela.pt\/noticias\/2026\/01\/31\/deslizamento-em-cinfaes-deixa-aldeia-de-sabroso-isolada\/\",\"name\":\"Deslizamento em Cinf\u00e3es deixa aldeia de Sabroso isolada - Portal Tela Portugal\",\"isPartOf\":{\"@id\":\"https:\/\/portaltela.pt\/#website\"},\"primaryImageOfPage\":{\"@id\":\"https:\/\/portaltela.pt\/noticias\/2026\/01\/31\/deslizamento-em-cinfaes-deixa-aldeia-de-sabroso-isolada\/#primaryimage\"},\"image\":{\"@id\":\"https:\/\/portaltela.pt\/noticias\/2026\/01\/31\/deslizamento-em-cinfaes-deixa-aldeia-de-sabroso-isolada\/#primaryimage\"},\"thumbnailUrl\":\"https:\/\/portaltela.pt\/s.01k8rhncp4jt1\/2026\/01\/img_1200x721uu2026-01-31-12-59-36-2418638.jpg\",\"datePublished\":\"2026-01-31T13:02:10+00:00\",\"author\":{\"@id\":\"https:\/\/portaltela.pt\/#\/schema\/person\/c4278d4a6028830caff9ee44b42d32ed\"},\"breadcrumb\":{\"@id\":\"https:\/\/portaltela.pt\/noticias\/2026\/01\/31\/deslizamento-em-cinfaes-deixa-aldeia-de-sabroso-isolada\/#breadcrumb\"},\"inLanguage\":\"pt-PT\",\"potentialAction\":[{\"@type\":\"ReadAction\",\"target\":[\"https:\/\/portaltela.pt\/noticias\/2026\/01\/31\/deslizamento-em-cinfaes-deixa-aldeia-de-sabroso-isolada\/\"]}]},{\"@type\":\"ImageObject\",\"inLanguage\":\"pt-PT\",\"@id\":\"https:\/\/portaltela.pt\/noticias\/2026\/01\/31\/deslizamento-em-cinfaes-deixa-aldeia-de-sabroso-isolada\/#primaryimage\",\"url\":\"https:\/\/portaltela.pt\/s.01k8rhncp4jt1\/2026\/01\/img_1200x721uu2026-01-31-12-59-36-2418638.jpg\",\"contentUrl\":\"https:\/\/portaltela.pt\/s.01k8rhncp4jt1\/2026\/01\/img_1200x721uu2026-01-31-12-59-36-2418638.jpg\",\"width\":796,\"height\":448,\"caption\":\"Presidente da C\u00e2mara fala em preju\u00edzos superiores a dois milh\u00f5es de euros no concelho\"},{\"@type\":\"BreadcrumbList\",\"@id\":\"https:\/\/portaltela.pt\/noticias\/2026\/01\/31\/deslizamento-em-cinfaes-deixa-aldeia-de-sabroso-isolada\/#breadcrumb\",\"itemListElement\":[{\"@type\":\"ListItem\",\"position\":1,\"name\":\"In\u00edcio\",\"item\":\"https:\/\/portaltela.pt\/\"},{\"@type\":\"ListItem\",\"position\":2,\"name\":\"Deslizamento em Cinf\u00e3es deixa aldeia de Sabroso isolada\"}]},{\"@type\":\"WebSite\",\"@id\":\"https:\/\/portaltela.pt\/#website\",\"url\":\"https:\/\/portaltela.pt\/\",\"name\":\"Portal Tela Portugal\",\"description\":\"\",\"potentialAction\":[{\"@type\":\"SearchAction\",\"target\":{\"@type\":\"EntryPoint\",\"urlTemplate\":\"https:\/\/portaltela.pt\/?s={search_term_string}\"},\"query-input\":{\"@type\":\"PropertyValueSpecification\",\"valueRequired\":true,\"valueName\":\"search_term_string\"}}],\"inLanguage\":\"pt-PT\"},{\"@type\":\"Person\",\"@id\":\"https:\/\/portaltela.pt\/#\/schema\/person\/c4278d4a6028830caff9ee44b42d32ed\",\"name\":\"Telinha\",\"image\":{\"@type\":\"ImageObject\",\"inLanguage\":\"pt-PT\",\"@id\":\"https:\/\/portaltela.pt\/s.01k8rhncp4jt1\/2025\/11\/talking-bot-125x125.png\",\"url\":\"https:\/\/portaltela.pt\/s.01k8rhncp4jt1\/2025\/11\/talking-bot-125x125.png\",\"contentUrl\":\"https:\/\/portaltela.pt\/s.01k8rhncp4jt1\/2025\/11\/talking-bot-125x125.png\",\"caption\":\"Telinha\"},\"sameAs\":[\"https:\/\/portaltela.pt\/\"],\"url\":\"https:\/\/portaltela.pt\/por\/367410592786\/\"}]}<\/script>\n<!-- \/ Yoast SEO plugin. -->","yoast_head_json":{"title":"Deslizamento em Cinf\u00e3es deixa aldeia de Sabroso isolada - Portal Tela Portugal","robots":{"index":"index","follow":"follow","max-snippet":"max-snippet:-1","max-image-preview":"max-image-preview:large","max-video-preview":"max-video-preview:-1"},"og_locale":"pt_PT","og_type":"article","og_title":"Deslizamento em Cinf\u00e3es deixa aldeia de Sabroso isolada - Portal Tela Portugal","og_description":"Deslizamento de terra em Sabroso, aldeia de Cinf\u00e3es, deixou a povoa\u00e7\u00e3o isolada. O acidente ocorreu no concelho de Cinf\u00e3es. O presidente da C\u00e2mara, Carlos Cardoso, aponta preju\u00edzos superiores a dois milh\u00f5es de euros no concelho. A not\u00edcia n\u00e3o detalha causas, consequ\u00eancias ou exist\u00eancias de v\u00edtimas. A publica\u00e7\u00e3o inclui imagem associada ao tema sobre o presidente da C\u00e2mara.","og_url":"https:\/\/portaltela.pt\/noticias\/2026\/01\/31\/deslizamento-em-cinfaes-deixa-aldeia-de-sabroso-isolada\/","og_site_name":"Portal Tela Portugal","article_published_time":"2026-01-31T13:02:10+00:00","author":"Telinha","twitter_card":"summary_large_image","twitter_misc":{"Escrito por":"Telinha","Tempo estimado de leitura":"1 minuto"},"schema":{"@context":"https:\/\/schema.org","@graph":[{"@type":"Article","@id":"https:\/\/portaltela.pt\/noticias\/2026\/01\/31\/deslizamento-em-cinfaes-deixa-aldeia-de-sabroso-isolada\/#article","isPartOf":{"@id":"https:\/\/portaltela.pt\/noticias\/2026\/01\/31\/deslizamento-em-cinfaes-deixa-aldeia-de-sabroso-isolada\/"},"author":{"name":"Telinha","@id":"https:\/\/portaltela.pt\/#\/schema\/person\/c4278d4a6028830caff9ee44b42d32ed"},"headline":"Deslizamento em Cinf\u00e3es deixa aldeia de Sabroso isolada","datePublished":"2026-01-31T13:02:10+00:00","mainEntityOfPage":{"@id":"https:\/\/portaltela.pt\/noticias\/2026\/01\/31\/deslizamento-em-cinfaes-deixa-aldeia-de-sabroso-isolada\/"},"wordCount":119,"image":{"@id":"https:\/\/portaltela.pt\/noticias\/2026\/01\/31\/deslizamento-em-cinfaes-deixa-aldeia-de-sabroso-isolada\/#primaryimage"},"thumbnailUrl":"https:\/\/portaltela.pt\/s.01k8rhncp4jt1\/2026\/01\/img_1200x721uu2026-01-31-12-59-36-2418638.jpg","keywords":["Cinf\u00e3es","desabrigos","deslizamentos","economia"],"articleSection":["Not\u00edcias"],"inLanguage":"pt-PT"},{"@type":"WebPage","@id":"https:\/\/portaltela.pt\/noticias\/2026\/01\/31\/deslizamento-em-cinfaes-deixa-aldeia-de-sabroso-isolada\/","url":"https:\/\/portaltela.pt\/noticias\/2026\/01\/31\/deslizamento-em-cinfaes-deixa-aldeia-de-sabroso-isolada\/","name":"Deslizamento em Cinf\u00e3es deixa aldeia de Sabroso isolada - Portal Tela Portugal","isPartOf":{"@id":"https:\/\/portaltela.pt\/#website"},"primaryImageOfPage":{"@id":"https:\/\/portaltela.pt\/noticias\/2026\/01\/31\/deslizamento-em-cinfaes-deixa-aldeia-de-sabroso-isolada\/#primaryimage"},"image":{"@id":"https:\/\/portaltela.pt\/noticias\/2026\/01\/31\/deslizamento-em-cinfaes-deixa-aldeia-de-sabroso-isolada\/#primaryimage"},"thumbnailUrl":"https:\/\/portaltela.pt\/s.01k8rhncp4jt1\/2026\/01\/img_1200x721uu2026-01-31-12-59-36-2418638.jpg","datePublished":"2026-01-31T13:02:10+00:00","author":{"@id":"https:\/\/portaltela.pt\/#\/schema\/person\/c4278d4a6028830caff9ee44b42d32ed"},"breadcrumb":{"@id":"https:\/\/portaltela.pt\/noticias\/2026\/01\/31\/deslizamento-em-cinfaes-deixa-aldeia-de-sabroso-isolada\/#breadcrumb"},"inLanguage":"pt-PT","potentialAction":[{"@type":"ReadAction","target":["https:\/\/portaltela.pt\/noticias\/2026\/01\/31\/deslizamento-em-cinfaes-deixa-aldeia-de-sabroso-isolada\/"]}]},{"@type":"ImageObject","inLanguage":"pt-PT","@id":"https:\/\/portaltela.pt\/noticias\/2026\/01\/31\/deslizamento-em-cinfaes-deixa-aldeia-de-sabroso-isolada\/#primaryimage","url":"https:\/\/portaltela.pt\/s.01k8rhncp4jt1\/2026\/01\/img_1200x721uu2026-01-31-12-59-36-2418638.jpg","contentUrl":"https:\/\/portaltela.pt\/s.01k8rhncp4jt1\/2026\/01\/img_1200x721uu2026-01-31-12-59-36-2418638.jpg","width":796,"height":448,"caption":"Presidente da C\u00e2mara fala em preju\u00edzos superiores a dois milh\u00f5es de euros no concelho"},{"@type":"BreadcrumbList","@id":"https:\/\/portaltela.pt\/noticias\/2026\/01\/31\/deslizamento-em-cinfaes-deixa-aldeia-de-sabroso-isolada\/#breadcrumb","itemListElement":[{"@type":"ListItem","position":1,"name":"In\u00edcio","item":"https:\/\/portaltela.pt\/"},{"@type":"ListItem","position":2,"name":"Deslizamento em Cinf\u00e3es deixa aldeia de Sabroso isolada"}]},{"@type":"WebSite","@id":"https:\/\/portaltela.pt\/#website","url":"https:\/\/portaltela.pt\/","name":"Portal Tela Portugal","description":"","potentialAction":[{"@type":"SearchAction","target":{"@type":"EntryPoint","urlTemplate":"https:\/\/portaltela.pt\/?s={search_term_string}"},"query-input":{"@type":"PropertyValueSpecification","valueRequired":true,"valueName":"search_term_string"}}],"inLanguage":"pt-PT"},{"@type":"Person","@id":"https:\/\/portaltela.pt\/#\/schema\/person\/c4278d4a6028830caff9ee44b42d32ed","name":"Telinha","image":{"@type":"ImageObject","inLanguage":"pt-PT","@id":"https:\/\/portaltela.pt\/s.01k8rhncp4jt1\/2025\/11\/talking-bot-125x125.png","url":"https:\/\/portaltela.pt\/s.01k8rhncp4jt1\/2025\/11\/talking-bot-125x125.png","contentUrl":"https:\/\/portaltela.pt\/s.01k8rhncp4jt1\/2025\/11\/talking-bot-125x125.png","caption":"Telinha"},"sameAs":["https:\/\/portaltela.pt\/"],"url":"https:\/\/portaltela.pt\/por\/367410592786\/"}]}},"_links":{"self":[{"href":"https:\/\/portaltela.pt\/api\/wp\/v2\/posts\/186634","targetHints":{"allow":["GET"]}}],"collection":[{"href":"https:\/\/portaltela.pt\/api\/wp\/v2\/posts"}],"about":[{"href":"https:\/\/portaltela.pt\/api\/wp\/v2\/types\/post"}],"author":[{"embeddable":true,"href":"https:\/\/portaltela.pt\/api\/wp\/v2\/users\/2"}],"replies":[{"embeddable":true,"href":"https:\/\/portaltela.pt\/api\/wp\/v2\/comments?post=186634"}],"version-history":[{"count":0,"href":"https:\/\/portaltela.pt\/api\/wp\/v2\/posts\/186634\/revisions"}],"wp:featuredmedia":[{"embeddable":true,"href":"https:\/\/portaltela.pt\/api\/wp\/v2\/media\/186635"}],"wp:attachment":[{"href":"https:\/\/portaltela.pt\/api\/wp\/v2\/media?parent=186634"}],"wp:term":[{"taxonomy":"category","embeddable":true,"href":"https:\/\/portaltela.pt\/api\/wp\/v2\/categories?post=186634"},{"taxonomy":"post_tag","embeddable":true,"href":"https:\/\/portaltela.pt\/api\/wp\/v2\/tags?post=186634"}],"curies":[{"name":"wp","href":"https:\/\/api.w.org\/{rel}","templated":true}]}}