{"id":186594,"date":"2026-01-31T09:41:00","date_gmt":"2026-01-31T12:41:00","guid":{"rendered":"https:\/\/portaltela.pt\/noticias\/2026\/01\/31\/deslizamento-de-terra-em-cinfaes-isola-a-aldeia-de-sabroso\/"},"modified":"2026-01-31T09:41:00","modified_gmt":"2026-01-31T12:41:00","slug":"deslizamento-de-terra-em-cinfaes-isola-a-aldeia-de-sabroso","status":"publish","type":"post","link":"https:\/\/portaltela.pt\/noticias\/2026\/01\/31\/deslizamento-de-terra-em-cinfaes-isola-a-aldeia-de-sabroso\/","title":{"rendered":"Deslizamento de terra em Cinf\u00e3es isola a aldeia de Sabroso"},"content":{"rendered":"<p>O deslizamento de terra ocorrido em Cinf\u00e3es deixou a aldeia de Sabroso completamente isolada, segundo o presidente da C\u00e2mara Municipal, Carlos Cardoso. O incidente ocorreu na manh\u00e3 de hoje, em consequ\u00eancia das fortes chuvas que t\u00eam afetado a regi\u00e3o.<\/p>\n<p>A avalia\u00e7\u00e3o inicial aponta danos na infraestrutura do concelho, com preju\u00edzos que podem superar os dois milh\u00f5es de euros. A estrada que liga Sabroso ao resto do concelho ficou destru\u00edda, impedindo a circula\u00e7\u00e3o de pessoas e bens.<\/p>\n<p>Equipes de emerg\u00eancia est\u00e3o no local para garantir a seguran\u00e7a e promover a remo\u00e7\u00e3o de escombros. A C\u00e2mara declarou calamidade p\u00fablica e o governo est\u00e1 a ser informado para aceder a apoio adicional. A popula\u00e7\u00e3o foi orientada a permanecer em seguran\u00e7a at\u00e9 restabelecimento da via.<\/p>\n","protected":false},"excerpt":{"rendered":"<ul>\n<li>O deslizamento de terra em Cinf\u00e3es isolou a aldeia de Sabroso, dificultando a circula\u00e7\u00e3o na regi\u00e3o.<\/li>\n<li>O presidente da C\u00e2mara Municipal de Cinf\u00e3es, Carlos Cardoso, estima preju\u00edzos superiores a dois milh\u00f5es de euros no concelho.<\/li>\n<li>Equipes de emerg\u00eancia est\u00e3o no local para assegurar a seguran\u00e7a dos moradores e avaliar os danos. A via que liga Sabroso ao restante do concelho ficou destru\u00edda.<\/li>\n<li>A C\u00e2mara j\u00e1 declarou a situa\u00e7\u00e3o de calamidade p\u00fablica e o governo est\u00e1 a ser informado para apoio adicional.<\/li>\n<li>As autoridades trabalham na remo\u00e7\u00e3o de escombros e na recupera\u00e7\u00e3o da via, com moradores orientados a permanecer em seguran\u00e7a e evitar deslocamentos desnecess\u00e1rios.<\/li>\n<\/ul>\n","protected":false},"author":2,"featured_media":186600,"comment_status":"closed","ping_status":"closed","sticky":false,"template":"","format":"standard","meta":{"footnotes":""},"categories":[1],"tags":[4687,2731,3735,1083,1615,4867],"class_list":["post-186594","post","type-post","status-publish","format-standard","has-post-thumbnail","hentry","category-noticias","tag-calamidade-publica","tag-cinfaes","tag-deslizamentos","tag-estradas","tag-infraestrutura","tag-sabrosa"],"yoast_head":"<!-- This site is optimized with the Yoast SEO plugin v27.2 - https:\/\/yoast.com\/product\/yoast-seo-wordpress\/ -->\n<title>Deslizamento de terra em Cinf\u00e3es isola a aldeia de Sabroso - Portal Tela Portugal<\/title>\n<meta name=\"robots\" content=\"index, follow, max-snippet:-1, max-image-preview:large, max-video-preview:-1\" \/>\n<meta property=\"og:locale\" content=\"pt_PT\" \/>\n<meta property=\"og:type\" content=\"article\" \/>\n<meta property=\"og:title\" content=\"Deslizamento de terra em Cinf\u00e3es isola a aldeia de Sabroso - Portal Tela Portugal\" \/>\n<meta property=\"og:description\" content=\"O deslizamento de terra em Cinf\u00e3es isolou a aldeia de Sabroso, dificultando a circula\u00e7\u00e3o na regi\u00e3o. O presidente da C\u00e2mara Municipal de Cinf\u00e3es, Carlos Cardoso, estima preju\u00edzos superiores a dois milh\u00f5es de euros no concelho. Equipes de emerg\u00eancia est\u00e3o no local para assegurar a seguran\u00e7a dos moradores e avaliar os danos. A via que liga Sabroso ao restante do concelho ficou destru\u00edda. A C\u00e2mara j\u00e1 declarou a situa\u00e7\u00e3o de calamidade p\u00fablica e o governo est\u00e1 a ser informado para apoio adicional. As autoridades trabalham na remo\u00e7\u00e3o de escombros e na recupera\u00e7\u00e3o da via, com moradores orientados a permanecer em seguran\u00e7a e evitar deslocamentos desnecess\u00e1rios.\" \/>\n<meta property=\"og:url\" content=\"https:\/\/portaltela.pt\/noticias\/2026\/01\/31\/deslizamento-de-terra-em-cinfaes-isola-a-aldeia-de-sabroso\/\" \/>\n<meta property=\"og:site_name\" content=\"Portal Tela Portugal\" \/>\n<meta property=\"article:published_time\" content=\"2026-01-31T12:41:00+00:00\" \/>\n<meta name=\"author\" content=\"Telinha\" \/>\n<meta name=\"twitter:card\" content=\"summary_large_image\" \/>\n<meta name=\"twitter:label1\" content=\"Escrito por\" \/>\n\t<meta name=\"twitter:data1\" content=\"Telinha\" \/>\n\t<meta name=\"twitter:label2\" content=\"Tempo estimado de leitura\" \/>\n\t<meta name=\"twitter:data2\" content=\"1 minuto\" \/>\n<script type=\"application\/ld+json\" class=\"yoast-schema-graph\">{\"@context\":\"https:\/\/schema.org\",\"@graph\":[{\"@type\":\"Article\",\"@id\":\"https:\/\/portaltela.pt\/noticias\/2026\/01\/31\/deslizamento-de-terra-em-cinfaes-isola-a-aldeia-de-sabroso\/#article\",\"isPartOf\":{\"@id\":\"https:\/\/portaltela.pt\/noticias\/2026\/01\/31\/deslizamento-de-terra-em-cinfaes-isola-a-aldeia-de-sabroso\/\"},\"author\":{\"name\":\"Telinha\",\"@id\":\"https:\/\/portaltela.pt\/#\/schema\/person\/c4278d4a6028830caff9ee44b42d32ed\"},\"headline\":\"Deslizamento de terra em Cinf\u00e3es isola a aldeia de Sabroso\",\"datePublished\":\"2026-01-31T12:41:00+00:00\",\"mainEntityOfPage\":{\"@id\":\"https:\/\/portaltela.pt\/noticias\/2026\/01\/31\/deslizamento-de-terra-em-cinfaes-isola-a-aldeia-de-sabroso\/\"},\"wordCount\":150,\"image\":{\"@id\":\"https:\/\/portaltela.pt\/noticias\/2026\/01\/31\/deslizamento-de-terra-em-cinfaes-isola-a-aldeia-de-sabroso\/#primaryimage\"},\"thumbnailUrl\":\"https:\/\/portaltela.pt\/s.01k8rhncp4jt1\/2026\/01\/img_1280x722uu2026-01-31-12-40-39-2263750.jpg\",\"keywords\":[\"calamidade p\u00fablica\",\"Cinf\u00e3es\",\"deslizamentos\",\"estradas\",\"infraestrutura\",\"Sabrosa\"],\"articleSection\":[\"Not\u00edcias\"],\"inLanguage\":\"pt-PT\"},{\"@type\":\"WebPage\",\"@id\":\"https:\/\/portaltela.pt\/noticias\/2026\/01\/31\/deslizamento-de-terra-em-cinfaes-isola-a-aldeia-de-sabroso\/\",\"url\":\"https:\/\/portaltela.pt\/noticias\/2026\/01\/31\/deslizamento-de-terra-em-cinfaes-isola-a-aldeia-de-sabroso\/\",\"name\":\"Deslizamento de terra em Cinf\u00e3es isola a aldeia de Sabroso - Portal Tela Portugal\",\"isPartOf\":{\"@id\":\"https:\/\/portaltela.pt\/#website\"},\"primaryImageOfPage\":{\"@id\":\"https:\/\/portaltela.pt\/noticias\/2026\/01\/31\/deslizamento-de-terra-em-cinfaes-isola-a-aldeia-de-sabroso\/#primaryimage\"},\"image\":{\"@id\":\"https:\/\/portaltela.pt\/noticias\/2026\/01\/31\/deslizamento-de-terra-em-cinfaes-isola-a-aldeia-de-sabroso\/#primaryimage\"},\"thumbnailUrl\":\"https:\/\/portaltela.pt\/s.01k8rhncp4jt1\/2026\/01\/img_1280x722uu2026-01-31-12-40-39-2263750.jpg\",\"datePublished\":\"2026-01-31T12:41:00+00:00\",\"author\":{\"@id\":\"https:\/\/portaltela.pt\/#\/schema\/person\/c4278d4a6028830caff9ee44b42d32ed\"},\"breadcrumb\":{\"@id\":\"https:\/\/portaltela.pt\/noticias\/2026\/01\/31\/deslizamento-de-terra-em-cinfaes-isola-a-aldeia-de-sabroso\/#breadcrumb\"},\"inLanguage\":\"pt-PT\",\"potentialAction\":[{\"@type\":\"ReadAction\",\"target\":[\"https:\/\/portaltela.pt\/noticias\/2026\/01\/31\/deslizamento-de-terra-em-cinfaes-isola-a-aldeia-de-sabroso\/\"]}]},{\"@type\":\"ImageObject\",\"inLanguage\":\"pt-PT\",\"@id\":\"https:\/\/portaltela.pt\/noticias\/2026\/01\/31\/deslizamento-de-terra-em-cinfaes-isola-a-aldeia-de-sabroso\/#primaryimage\",\"url\":\"https:\/\/portaltela.pt\/s.01k8rhncp4jt1\/2026\/01\/img_1280x722uu2026-01-31-12-40-39-2263750.jpg\",\"contentUrl\":\"https:\/\/portaltela.pt\/s.01k8rhncp4jt1\/2026\/01\/img_1280x722uu2026-01-31-12-40-39-2263750.jpg\",\"width\":796,\"height\":448,\"caption\":\"Carlos Cardoso, presidente da C\u00e2mara de Cinf\u00e3es, aponta para preju\u00edzos superiores a dois milh\u00f5es de euros no concelho.\"},{\"@type\":\"BreadcrumbList\",\"@id\":\"https:\/\/portaltela.pt\/noticias\/2026\/01\/31\/deslizamento-de-terra-em-cinfaes-isola-a-aldeia-de-sabroso\/#breadcrumb\",\"itemListElement\":[{\"@type\":\"ListItem\",\"position\":1,\"name\":\"In\u00edcio\",\"item\":\"https:\/\/portaltela.pt\/\"},{\"@type\":\"ListItem\",\"position\":2,\"name\":\"Deslizamento de terra em Cinf\u00e3es isola a aldeia de Sabroso\"}]},{\"@type\":\"WebSite\",\"@id\":\"https:\/\/portaltela.pt\/#website\",\"url\":\"https:\/\/portaltela.pt\/\",\"name\":\"Portal Tela Portugal\",\"description\":\"\",\"potentialAction\":[{\"@type\":\"SearchAction\",\"target\":{\"@type\":\"EntryPoint\",\"urlTemplate\":\"https:\/\/portaltela.pt\/?s={search_term_string}\"},\"query-input\":{\"@type\":\"PropertyValueSpecification\",\"valueRequired\":true,\"valueName\":\"search_term_string\"}}],\"inLanguage\":\"pt-PT\"},{\"@type\":\"Person\",\"@id\":\"https:\/\/portaltela.pt\/#\/schema\/person\/c4278d4a6028830caff9ee44b42d32ed\",\"name\":\"Telinha\",\"image\":{\"@type\":\"ImageObject\",\"inLanguage\":\"pt-PT\",\"@id\":\"https:\/\/portaltela.pt\/s.01k8rhncp4jt1\/2025\/11\/talking-bot-125x125.png\",\"url\":\"https:\/\/portaltela.pt\/s.01k8rhncp4jt1\/2025\/11\/talking-bot-125x125.png\",\"contentUrl\":\"https:\/\/portaltela.pt\/s.01k8rhncp4jt1\/2025\/11\/talking-bot-125x125.png\",\"caption\":\"Telinha\"},\"sameAs\":[\"https:\/\/portaltela.pt\/\"],\"url\":\"https:\/\/portaltela.pt\/por\/367410592786\/\"}]}<\/script>\n<!-- \/ Yoast SEO plugin. -->","yoast_head_json":{"title":"Deslizamento de terra em Cinf\u00e3es isola a aldeia de Sabroso - Portal Tela Portugal","robots":{"index":"index","follow":"follow","max-snippet":"max-snippet:-1","max-image-preview":"max-image-preview:large","max-video-preview":"max-video-preview:-1"},"og_locale":"pt_PT","og_type":"article","og_title":"Deslizamento de terra em Cinf\u00e3es isola a aldeia de Sabroso - Portal Tela Portugal","og_description":"O deslizamento de terra em Cinf\u00e3es isolou a aldeia de Sabroso, dificultando a circula\u00e7\u00e3o na regi\u00e3o. O presidente da C\u00e2mara Municipal de Cinf\u00e3es, Carlos Cardoso, estima preju\u00edzos superiores a dois milh\u00f5es de euros no concelho. Equipes de emerg\u00eancia est\u00e3o no local para assegurar a seguran\u00e7a dos moradores e avaliar os danos. A via que liga Sabroso ao restante do concelho ficou destru\u00edda. A C\u00e2mara j\u00e1 declarou a situa\u00e7\u00e3o de calamidade p\u00fablica e o governo est\u00e1 a ser informado para apoio adicional. As autoridades trabalham na remo\u00e7\u00e3o de escombros e na recupera\u00e7\u00e3o da via, com moradores orientados a permanecer em seguran\u00e7a e evitar deslocamentos desnecess\u00e1rios.","og_url":"https:\/\/portaltela.pt\/noticias\/2026\/01\/31\/deslizamento-de-terra-em-cinfaes-isola-a-aldeia-de-sabroso\/","og_site_name":"Portal Tela Portugal","article_published_time":"2026-01-31T12:41:00+00:00","author":"Telinha","twitter_card":"summary_large_image","twitter_misc":{"Escrito por":"Telinha","Tempo estimado de leitura":"1 minuto"},"schema":{"@context":"https:\/\/schema.org","@graph":[{"@type":"Article","@id":"https:\/\/portaltela.pt\/noticias\/2026\/01\/31\/deslizamento-de-terra-em-cinfaes-isola-a-aldeia-de-sabroso\/#article","isPartOf":{"@id":"https:\/\/portaltela.pt\/noticias\/2026\/01\/31\/deslizamento-de-terra-em-cinfaes-isola-a-aldeia-de-sabroso\/"},"author":{"name":"Telinha","@id":"https:\/\/portaltela.pt\/#\/schema\/person\/c4278d4a6028830caff9ee44b42d32ed"},"headline":"Deslizamento de terra em Cinf\u00e3es isola a aldeia de Sabroso","datePublished":"2026-01-31T12:41:00+00:00","mainEntityOfPage":{"@id":"https:\/\/portaltela.pt\/noticias\/2026\/01\/31\/deslizamento-de-terra-em-cinfaes-isola-a-aldeia-de-sabroso\/"},"wordCount":150,"image":{"@id":"https:\/\/portaltela.pt\/noticias\/2026\/01\/31\/deslizamento-de-terra-em-cinfaes-isola-a-aldeia-de-sabroso\/#primaryimage"},"thumbnailUrl":"https:\/\/portaltela.pt\/s.01k8rhncp4jt1\/2026\/01\/img_1280x722uu2026-01-31-12-40-39-2263750.jpg","keywords":["calamidade p\u00fablica","Cinf\u00e3es","deslizamentos","estradas","infraestrutura","Sabrosa"],"articleSection":["Not\u00edcias"],"inLanguage":"pt-PT"},{"@type":"WebPage","@id":"https:\/\/portaltela.pt\/noticias\/2026\/01\/31\/deslizamento-de-terra-em-cinfaes-isola-a-aldeia-de-sabroso\/","url":"https:\/\/portaltela.pt\/noticias\/2026\/01\/31\/deslizamento-de-terra-em-cinfaes-isola-a-aldeia-de-sabroso\/","name":"Deslizamento de terra em Cinf\u00e3es isola a aldeia de Sabroso - Portal Tela Portugal","isPartOf":{"@id":"https:\/\/portaltela.pt\/#website"},"primaryImageOfPage":{"@id":"https:\/\/portaltela.pt\/noticias\/2026\/01\/31\/deslizamento-de-terra-em-cinfaes-isola-a-aldeia-de-sabroso\/#primaryimage"},"image":{"@id":"https:\/\/portaltela.pt\/noticias\/2026\/01\/31\/deslizamento-de-terra-em-cinfaes-isola-a-aldeia-de-sabroso\/#primaryimage"},"thumbnailUrl":"https:\/\/portaltela.pt\/s.01k8rhncp4jt1\/2026\/01\/img_1280x722uu2026-01-31-12-40-39-2263750.jpg","datePublished":"2026-01-31T12:41:00+00:00","author":{"@id":"https:\/\/portaltela.pt\/#\/schema\/person\/c4278d4a6028830caff9ee44b42d32ed"},"breadcrumb":{"@id":"https:\/\/portaltela.pt\/noticias\/2026\/01\/31\/deslizamento-de-terra-em-cinfaes-isola-a-aldeia-de-sabroso\/#breadcrumb"},"inLanguage":"pt-PT","potentialAction":[{"@type":"ReadAction","target":["https:\/\/portaltela.pt\/noticias\/2026\/01\/31\/deslizamento-de-terra-em-cinfaes-isola-a-aldeia-de-sabroso\/"]}]},{"@type":"ImageObject","inLanguage":"pt-PT","@id":"https:\/\/portaltela.pt\/noticias\/2026\/01\/31\/deslizamento-de-terra-em-cinfaes-isola-a-aldeia-de-sabroso\/#primaryimage","url":"https:\/\/portaltela.pt\/s.01k8rhncp4jt1\/2026\/01\/img_1280x722uu2026-01-31-12-40-39-2263750.jpg","contentUrl":"https:\/\/portaltela.pt\/s.01k8rhncp4jt1\/2026\/01\/img_1280x722uu2026-01-31-12-40-39-2263750.jpg","width":796,"height":448,"caption":"Carlos Cardoso, presidente da C\u00e2mara de Cinf\u00e3es, aponta para preju\u00edzos superiores a dois milh\u00f5es de euros no concelho."},{"@type":"BreadcrumbList","@id":"https:\/\/portaltela.pt\/noticias\/2026\/01\/31\/deslizamento-de-terra-em-cinfaes-isola-a-aldeia-de-sabroso\/#breadcrumb","itemListElement":[{"@type":"ListItem","position":1,"name":"In\u00edcio","item":"https:\/\/portaltela.pt\/"},{"@type":"ListItem","position":2,"name":"Deslizamento de terra em Cinf\u00e3es isola a aldeia de Sabroso"}]},{"@type":"WebSite","@id":"https:\/\/portaltela.pt\/#website","url":"https:\/\/portaltela.pt\/","name":"Portal Tela Portugal","description":"","potentialAction":[{"@type":"SearchAction","target":{"@type":"EntryPoint","urlTemplate":"https:\/\/portaltela.pt\/?s={search_term_string}"},"query-input":{"@type":"PropertyValueSpecification","valueRequired":true,"valueName":"search_term_string"}}],"inLanguage":"pt-PT"},{"@type":"Person","@id":"https:\/\/portaltela.pt\/#\/schema\/person\/c4278d4a6028830caff9ee44b42d32ed","name":"Telinha","image":{"@type":"ImageObject","inLanguage":"pt-PT","@id":"https:\/\/portaltela.pt\/s.01k8rhncp4jt1\/2025\/11\/talking-bot-125x125.png","url":"https:\/\/portaltela.pt\/s.01k8rhncp4jt1\/2025\/11\/talking-bot-125x125.png","contentUrl":"https:\/\/portaltela.pt\/s.01k8rhncp4jt1\/2025\/11\/talking-bot-125x125.png","caption":"Telinha"},"sameAs":["https:\/\/portaltela.pt\/"],"url":"https:\/\/portaltela.pt\/por\/367410592786\/"}]}},"_links":{"self":[{"href":"https:\/\/portaltela.pt\/api\/wp\/v2\/posts\/186594","targetHints":{"allow":["GET"]}}],"collection":[{"href":"https:\/\/portaltela.pt\/api\/wp\/v2\/posts"}],"about":[{"href":"https:\/\/portaltela.pt\/api\/wp\/v2\/types\/post"}],"author":[{"embeddable":true,"href":"https:\/\/portaltela.pt\/api\/wp\/v2\/users\/2"}],"replies":[{"embeddable":true,"href":"https:\/\/portaltela.pt\/api\/wp\/v2\/comments?post=186594"}],"version-history":[{"count":0,"href":"https:\/\/portaltela.pt\/api\/wp\/v2\/posts\/186594\/revisions"}],"wp:featuredmedia":[{"embeddable":true,"href":"https:\/\/portaltela.pt\/api\/wp\/v2\/media\/186600"}],"wp:attachment":[{"href":"https:\/\/portaltela.pt\/api\/wp\/v2\/media?parent=186594"}],"wp:term":[{"taxonomy":"category","embeddable":true,"href":"https:\/\/portaltela.pt\/api\/wp\/v2\/categories?post=186594"},{"taxonomy":"post_tag","embeddable":true,"href":"https:\/\/portaltela.pt\/api\/wp\/v2\/tags?post=186594"}],"curies":[{"name":"wp","href":"https:\/\/api.w.org\/{rel}","templated":true}]}}