{"id":186588,"date":"2026-01-31T09:09:15","date_gmt":"2026-01-31T12:09:15","guid":{"rendered":"https:\/\/portaltela.pt\/noticias\/2026\/01\/31\/segundo-dia-da-feira-de-docaria-conventual-lurdes-ramos-com-atividades-a-tarde\/"},"modified":"2026-01-31T09:09:15","modified_gmt":"2026-01-31T12:09:15","slug":"segundo-dia-da-feira-de-docaria-conventual-lurdes-ramos-com-atividades-a-tarde","status":"publish","type":"post","link":"https:\/\/portaltela.pt\/noticias\/2026\/01\/31\/segundo-dia-da-feira-de-docaria-conventual-lurdes-ramos-com-atividades-a-tarde\/","title":{"rendered":"Segundo dia da Feira de Do\u00e7aria Conventual Lurdes Ramos com atividades \u00e0 tarde"},"content":{"rendered":"<p>No segundo dia da III Feira de Do\u00e7aria Conventual \u201cLurdes Ramos\u201d, decorreu uma sess\u00e3o de atividades para crian\u00e7as na tarde de hoje, acompanhadas por espet\u00e1culos musicais e ampla oferta de doces.<\/p>\n<p>A organiza\u00e7\u00e3o informou que a programa\u00e7\u00e3o incluiu atelier de confectionaria, jogos tem\u00e1ticos e demonstra\u00e7\u00f5es de confe\u00e7\u00e3o, pensadas para p\u00fablico familiar.<\/p>\n<p>Participantes e visitantes tiveram oportunidade de provar v\u00e1rias iguarias t\u00edpicas, num ambiente que combina tradi\u00e7\u00e3o e atividades culturais.<\/p>\n<p>Durante a tarde, refor\u00e7ou-se o convite para que o p\u00fablico visite o espa\u00e7o, com comunica\u00e7\u00e3o prevista pela p\u00e1gina oficial da feira nas redes sociais.<\/p>\n<p>A iniciativa j\u00e1 teve edi\u00e7\u00f5es anteriores e continua a promover a do\u00e7aria conventual, com foco na mem\u00f3ria gastron\u00f3mica regional e na participa\u00e7\u00e3o da comunidade.<\/p>\n","protected":false},"excerpt":{"rendered":"<ul>\n<li>Segundo dia da III Feira de Do\u00e7aria Conventual \u201cLurdes Ramos\u201d acontece na tarde de hoje, com atividades para crian\u00e7as, espet\u00e1culos musicais e muita do\u00e7aria.<\/li>\n<li>O programa inclui atividades para crian\u00e7as e v\u00e1rias atua\u00e7\u00f5es musicais ao longo da tarde.<\/li>\n<li>O p\u00fablico \u00e9 convidado a aparecer e visitar o evento.<\/li>\n<\/ul>\n","protected":false},"author":2,"featured_media":186598,"comment_status":"closed","ping_status":"closed","sticky":false,"template":"","format":"standard","meta":{"footnotes":""},"categories":[1],"tags":[3220,638,64,148,4387,219],"class_list":["post-186588","post","type-post","status-publish","format-standard","has-post-thumbnail","hentry","category-noticias","tag-confeitaria","tag-docaria","tag-familia","tag-familias","tag-feiras-internacionais","tag-gastronomia"],"yoast_head":"<!-- This site is optimized with the Yoast SEO plugin v27.2 - https:\/\/yoast.com\/product\/yoast-seo-wordpress\/ -->\n<title>Segundo dia da Feira de Do\u00e7aria Conventual Lurdes Ramos com atividades \u00e0 tarde - Portal Tela Portugal<\/title>\n<meta name=\"robots\" content=\"index, follow, max-snippet:-1, max-image-preview:large, max-video-preview:-1\" \/>\n<meta property=\"og:locale\" content=\"pt_PT\" \/>\n<meta property=\"og:type\" content=\"article\" \/>\n<meta property=\"og:title\" content=\"Segundo dia da Feira de Do\u00e7aria Conventual Lurdes Ramos com atividades \u00e0 tarde - Portal Tela Portugal\" \/>\n<meta property=\"og:description\" content=\"Segundo dia da III Feira de Do\u00e7aria Conventual \u201cLurdes Ramos\u201d acontece na tarde de hoje, com atividades para crian\u00e7as, espet\u00e1culos musicais e muita do\u00e7aria. O programa inclui atividades para crian\u00e7as e v\u00e1rias atua\u00e7\u00f5es musicais ao longo da tarde. O p\u00fablico \u00e9 convidado a aparecer e visitar o evento.\" \/>\n<meta property=\"og:url\" content=\"https:\/\/portaltela.pt\/noticias\/2026\/01\/31\/segundo-dia-da-feira-de-docaria-conventual-lurdes-ramos-com-atividades-a-tarde\/\" \/>\n<meta property=\"og:site_name\" content=\"Portal Tela Portugal\" \/>\n<meta property=\"article:published_time\" content=\"2026-01-31T12:09:15+00:00\" \/>\n<meta name=\"author\" content=\"Telinha\" \/>\n<meta name=\"twitter:card\" content=\"summary_large_image\" \/>\n<meta name=\"twitter:label1\" content=\"Escrito por\" \/>\n\t<meta name=\"twitter:data1\" content=\"Telinha\" \/>\n\t<meta name=\"twitter:label2\" content=\"Tempo estimado de leitura\" \/>\n\t<meta name=\"twitter:data2\" content=\"1 minuto\" \/>\n<script type=\"application\/ld+json\" class=\"yoast-schema-graph\">{\"@context\":\"https:\/\/schema.org\",\"@graph\":[{\"@type\":\"Article\",\"@id\":\"https:\/\/portaltela.pt\/noticias\/2026\/01\/31\/segundo-dia-da-feira-de-docaria-conventual-lurdes-ramos-com-atividades-a-tarde\/#article\",\"isPartOf\":{\"@id\":\"https:\/\/portaltela.pt\/noticias\/2026\/01\/31\/segundo-dia-da-feira-de-docaria-conventual-lurdes-ramos-com-atividades-a-tarde\/\"},\"author\":{\"name\":\"Telinha\",\"@id\":\"https:\/\/portaltela.pt\/#\/schema\/person\/c4278d4a6028830caff9ee44b42d32ed\"},\"headline\":\"Segundo dia da Feira de Do\u00e7aria Conventual Lurdes Ramos com atividades \u00e0 tarde\",\"datePublished\":\"2026-01-31T12:09:15+00:00\",\"mainEntityOfPage\":{\"@id\":\"https:\/\/portaltela.pt\/noticias\/2026\/01\/31\/segundo-dia-da-feira-de-docaria-conventual-lurdes-ramos-com-atividades-a-tarde\/\"},\"wordCount\":153,\"image\":{\"@id\":\"https:\/\/portaltela.pt\/noticias\/2026\/01\/31\/segundo-dia-da-feira-de-docaria-conventual-lurdes-ramos-com-atividades-a-tarde\/#primaryimage\"},\"thumbnailUrl\":\"https:\/\/portaltela.pt\/s.01k8rhncp4jt1\/2026\/01\/unnamed-file-6302.jpg\",\"keywords\":[\"confeitaria\",\"do\u00e7aria\",\"fam\u00edlia\",\"fam\u00edlias\",\"feiras internacionais\",\"gastronomia\"],\"articleSection\":[\"Not\u00edcias\"],\"inLanguage\":\"pt-PT\"},{\"@type\":\"WebPage\",\"@id\":\"https:\/\/portaltela.pt\/noticias\/2026\/01\/31\/segundo-dia-da-feira-de-docaria-conventual-lurdes-ramos-com-atividades-a-tarde\/\",\"url\":\"https:\/\/portaltela.pt\/noticias\/2026\/01\/31\/segundo-dia-da-feira-de-docaria-conventual-lurdes-ramos-com-atividades-a-tarde\/\",\"name\":\"Segundo dia da Feira de Do\u00e7aria Conventual Lurdes Ramos com atividades \u00e0 tarde - Portal Tela Portugal\",\"isPartOf\":{\"@id\":\"https:\/\/portaltela.pt\/#website\"},\"primaryImageOfPage\":{\"@id\":\"https:\/\/portaltela.pt\/noticias\/2026\/01\/31\/segundo-dia-da-feira-de-docaria-conventual-lurdes-ramos-com-atividades-a-tarde\/#primaryimage\"},\"image\":{\"@id\":\"https:\/\/portaltela.pt\/noticias\/2026\/01\/31\/segundo-dia-da-feira-de-docaria-conventual-lurdes-ramos-com-atividades-a-tarde\/#primaryimage\"},\"thumbnailUrl\":\"https:\/\/portaltela.pt\/s.01k8rhncp4jt1\/2026\/01\/unnamed-file-6302.jpg\",\"datePublished\":\"2026-01-31T12:09:15+00:00\",\"author\":{\"@id\":\"https:\/\/portaltela.pt\/#\/schema\/person\/c4278d4a6028830caff9ee44b42d32ed\"},\"breadcrumb\":{\"@id\":\"https:\/\/portaltela.pt\/noticias\/2026\/01\/31\/segundo-dia-da-feira-de-docaria-conventual-lurdes-ramos-com-atividades-a-tarde\/#breadcrumb\"},\"inLanguage\":\"pt-PT\",\"potentialAction\":[{\"@type\":\"ReadAction\",\"target\":[\"https:\/\/portaltela.pt\/noticias\/2026\/01\/31\/segundo-dia-da-feira-de-docaria-conventual-lurdes-ramos-com-atividades-a-tarde\/\"]}]},{\"@type\":\"ImageObject\",\"inLanguage\":\"pt-PT\",\"@id\":\"https:\/\/portaltela.pt\/noticias\/2026\/01\/31\/segundo-dia-da-feira-de-docaria-conventual-lurdes-ramos-com-atividades-a-tarde\/#primaryimage\",\"url\":\"https:\/\/portaltela.pt\/s.01k8rhncp4jt1\/2026\/01\/unnamed-file-6302.jpg\",\"contentUrl\":\"https:\/\/portaltela.pt\/s.01k8rhncp4jt1\/2026\/01\/unnamed-file-6302.jpg\",\"width\":796,\"height\":448,\"caption\":\"Segundo dia da III Feira de Do\u00e7aria Conventual \u201cLurdes Ramos\u201d, durante a tarde i\u2026\"},{\"@type\":\"BreadcrumbList\",\"@id\":\"https:\/\/portaltela.pt\/noticias\/2026\/01\/31\/segundo-dia-da-feira-de-docaria-conventual-lurdes-ramos-com-atividades-a-tarde\/#breadcrumb\",\"itemListElement\":[{\"@type\":\"ListItem\",\"position\":1,\"name\":\"In\u00edcio\",\"item\":\"https:\/\/portaltela.pt\/\"},{\"@type\":\"ListItem\",\"position\":2,\"name\":\"Segundo dia da Feira de Do\u00e7aria Conventual Lurdes Ramos com atividades \u00e0 tarde\"}]},{\"@type\":\"WebSite\",\"@id\":\"https:\/\/portaltela.pt\/#website\",\"url\":\"https:\/\/portaltela.pt\/\",\"name\":\"Portal Tela Portugal\",\"description\":\"\",\"potentialAction\":[{\"@type\":\"SearchAction\",\"target\":{\"@type\":\"EntryPoint\",\"urlTemplate\":\"https:\/\/portaltela.pt\/?s={search_term_string}\"},\"query-input\":{\"@type\":\"PropertyValueSpecification\",\"valueRequired\":true,\"valueName\":\"search_term_string\"}}],\"inLanguage\":\"pt-PT\"},{\"@type\":\"Person\",\"@id\":\"https:\/\/portaltela.pt\/#\/schema\/person\/c4278d4a6028830caff9ee44b42d32ed\",\"name\":\"Telinha\",\"image\":{\"@type\":\"ImageObject\",\"inLanguage\":\"pt-PT\",\"@id\":\"https:\/\/portaltela.pt\/s.01k8rhncp4jt1\/2025\/11\/talking-bot-125x125.png\",\"url\":\"https:\/\/portaltela.pt\/s.01k8rhncp4jt1\/2025\/11\/talking-bot-125x125.png\",\"contentUrl\":\"https:\/\/portaltela.pt\/s.01k8rhncp4jt1\/2025\/11\/talking-bot-125x125.png\",\"caption\":\"Telinha\"},\"sameAs\":[\"https:\/\/portaltela.pt\/\"],\"url\":\"https:\/\/portaltela.pt\/por\/367410592786\/\"}]}<\/script>\n<!-- \/ Yoast SEO plugin. -->","yoast_head_json":{"title":"Segundo dia da Feira de Do\u00e7aria Conventual Lurdes Ramos com atividades \u00e0 tarde - Portal Tela Portugal","robots":{"index":"index","follow":"follow","max-snippet":"max-snippet:-1","max-image-preview":"max-image-preview:large","max-video-preview":"max-video-preview:-1"},"og_locale":"pt_PT","og_type":"article","og_title":"Segundo dia da Feira de Do\u00e7aria Conventual Lurdes Ramos com atividades \u00e0 tarde - Portal Tela Portugal","og_description":"Segundo dia da III Feira de Do\u00e7aria Conventual \u201cLurdes Ramos\u201d acontece na tarde de hoje, com atividades para crian\u00e7as, espet\u00e1culos musicais e muita do\u00e7aria. O programa inclui atividades para crian\u00e7as e v\u00e1rias atua\u00e7\u00f5es musicais ao longo da tarde. O p\u00fablico \u00e9 convidado a aparecer e visitar o evento.","og_url":"https:\/\/portaltela.pt\/noticias\/2026\/01\/31\/segundo-dia-da-feira-de-docaria-conventual-lurdes-ramos-com-atividades-a-tarde\/","og_site_name":"Portal Tela Portugal","article_published_time":"2026-01-31T12:09:15+00:00","author":"Telinha","twitter_card":"summary_large_image","twitter_misc":{"Escrito por":"Telinha","Tempo estimado de leitura":"1 minuto"},"schema":{"@context":"https:\/\/schema.org","@graph":[{"@type":"Article","@id":"https:\/\/portaltela.pt\/noticias\/2026\/01\/31\/segundo-dia-da-feira-de-docaria-conventual-lurdes-ramos-com-atividades-a-tarde\/#article","isPartOf":{"@id":"https:\/\/portaltela.pt\/noticias\/2026\/01\/31\/segundo-dia-da-feira-de-docaria-conventual-lurdes-ramos-com-atividades-a-tarde\/"},"author":{"name":"Telinha","@id":"https:\/\/portaltela.pt\/#\/schema\/person\/c4278d4a6028830caff9ee44b42d32ed"},"headline":"Segundo dia da Feira de Do\u00e7aria Conventual Lurdes Ramos com atividades \u00e0 tarde","datePublished":"2026-01-31T12:09:15+00:00","mainEntityOfPage":{"@id":"https:\/\/portaltela.pt\/noticias\/2026\/01\/31\/segundo-dia-da-feira-de-docaria-conventual-lurdes-ramos-com-atividades-a-tarde\/"},"wordCount":153,"image":{"@id":"https:\/\/portaltela.pt\/noticias\/2026\/01\/31\/segundo-dia-da-feira-de-docaria-conventual-lurdes-ramos-com-atividades-a-tarde\/#primaryimage"},"thumbnailUrl":"https:\/\/portaltela.pt\/s.01k8rhncp4jt1\/2026\/01\/unnamed-file-6302.jpg","keywords":["confeitaria","do\u00e7aria","fam\u00edlia","fam\u00edlias","feiras internacionais","gastronomia"],"articleSection":["Not\u00edcias"],"inLanguage":"pt-PT"},{"@type":"WebPage","@id":"https:\/\/portaltela.pt\/noticias\/2026\/01\/31\/segundo-dia-da-feira-de-docaria-conventual-lurdes-ramos-com-atividades-a-tarde\/","url":"https:\/\/portaltela.pt\/noticias\/2026\/01\/31\/segundo-dia-da-feira-de-docaria-conventual-lurdes-ramos-com-atividades-a-tarde\/","name":"Segundo dia da Feira de Do\u00e7aria Conventual Lurdes Ramos com atividades \u00e0 tarde - Portal Tela Portugal","isPartOf":{"@id":"https:\/\/portaltela.pt\/#website"},"primaryImageOfPage":{"@id":"https:\/\/portaltela.pt\/noticias\/2026\/01\/31\/segundo-dia-da-feira-de-docaria-conventual-lurdes-ramos-com-atividades-a-tarde\/#primaryimage"},"image":{"@id":"https:\/\/portaltela.pt\/noticias\/2026\/01\/31\/segundo-dia-da-feira-de-docaria-conventual-lurdes-ramos-com-atividades-a-tarde\/#primaryimage"},"thumbnailUrl":"https:\/\/portaltela.pt\/s.01k8rhncp4jt1\/2026\/01\/unnamed-file-6302.jpg","datePublished":"2026-01-31T12:09:15+00:00","author":{"@id":"https:\/\/portaltela.pt\/#\/schema\/person\/c4278d4a6028830caff9ee44b42d32ed"},"breadcrumb":{"@id":"https:\/\/portaltela.pt\/noticias\/2026\/01\/31\/segundo-dia-da-feira-de-docaria-conventual-lurdes-ramos-com-atividades-a-tarde\/#breadcrumb"},"inLanguage":"pt-PT","potentialAction":[{"@type":"ReadAction","target":["https:\/\/portaltela.pt\/noticias\/2026\/01\/31\/segundo-dia-da-feira-de-docaria-conventual-lurdes-ramos-com-atividades-a-tarde\/"]}]},{"@type":"ImageObject","inLanguage":"pt-PT","@id":"https:\/\/portaltela.pt\/noticias\/2026\/01\/31\/segundo-dia-da-feira-de-docaria-conventual-lurdes-ramos-com-atividades-a-tarde\/#primaryimage","url":"https:\/\/portaltela.pt\/s.01k8rhncp4jt1\/2026\/01\/unnamed-file-6302.jpg","contentUrl":"https:\/\/portaltela.pt\/s.01k8rhncp4jt1\/2026\/01\/unnamed-file-6302.jpg","width":796,"height":448,"caption":"Segundo dia da III Feira de Do\u00e7aria Conventual \u201cLurdes Ramos\u201d, durante a tarde i\u2026"},{"@type":"BreadcrumbList","@id":"https:\/\/portaltela.pt\/noticias\/2026\/01\/31\/segundo-dia-da-feira-de-docaria-conventual-lurdes-ramos-com-atividades-a-tarde\/#breadcrumb","itemListElement":[{"@type":"ListItem","position":1,"name":"In\u00edcio","item":"https:\/\/portaltela.pt\/"},{"@type":"ListItem","position":2,"name":"Segundo dia da Feira de Do\u00e7aria Conventual Lurdes Ramos com atividades \u00e0 tarde"}]},{"@type":"WebSite","@id":"https:\/\/portaltela.pt\/#website","url":"https:\/\/portaltela.pt\/","name":"Portal Tela Portugal","description":"","potentialAction":[{"@type":"SearchAction","target":{"@type":"EntryPoint","urlTemplate":"https:\/\/portaltela.pt\/?s={search_term_string}"},"query-input":{"@type":"PropertyValueSpecification","valueRequired":true,"valueName":"search_term_string"}}],"inLanguage":"pt-PT"},{"@type":"Person","@id":"https:\/\/portaltela.pt\/#\/schema\/person\/c4278d4a6028830caff9ee44b42d32ed","name":"Telinha","image":{"@type":"ImageObject","inLanguage":"pt-PT","@id":"https:\/\/portaltela.pt\/s.01k8rhncp4jt1\/2025\/11\/talking-bot-125x125.png","url":"https:\/\/portaltela.pt\/s.01k8rhncp4jt1\/2025\/11\/talking-bot-125x125.png","contentUrl":"https:\/\/portaltela.pt\/s.01k8rhncp4jt1\/2025\/11\/talking-bot-125x125.png","caption":"Telinha"},"sameAs":["https:\/\/portaltela.pt\/"],"url":"https:\/\/portaltela.pt\/por\/367410592786\/"}]}},"_links":{"self":[{"href":"https:\/\/portaltela.pt\/api\/wp\/v2\/posts\/186588","targetHints":{"allow":["GET"]}}],"collection":[{"href":"https:\/\/portaltela.pt\/api\/wp\/v2\/posts"}],"about":[{"href":"https:\/\/portaltela.pt\/api\/wp\/v2\/types\/post"}],"author":[{"embeddable":true,"href":"https:\/\/portaltela.pt\/api\/wp\/v2\/users\/2"}],"replies":[{"embeddable":true,"href":"https:\/\/portaltela.pt\/api\/wp\/v2\/comments?post=186588"}],"version-history":[{"count":0,"href":"https:\/\/portaltela.pt\/api\/wp\/v2\/posts\/186588\/revisions"}],"wp:featuredmedia":[{"embeddable":true,"href":"https:\/\/portaltela.pt\/api\/wp\/v2\/media\/186598"}],"wp:attachment":[{"href":"https:\/\/portaltela.pt\/api\/wp\/v2\/media?parent=186588"}],"wp:term":[{"taxonomy":"category","embeddable":true,"href":"https:\/\/portaltela.pt\/api\/wp\/v2\/categories?post=186588"},{"taxonomy":"post_tag","embeddable":true,"href":"https:\/\/portaltela.pt\/api\/wp\/v2\/tags?post=186588"}],"curies":[{"name":"wp","href":"https:\/\/api.w.org\/{rel}","templated":true}]}}