{"id":186474,"date":"2026-01-31T08:32:00","date_gmt":"2026-01-31T11:32:00","guid":{"rendered":"https:\/\/portaltela.pt\/noticias\/2026\/01\/31\/projeto-de-mina-de-litio-do-barroso-pode-marcar-o-investimento-do-seculo\/"},"modified":"2026-01-31T08:32:00","modified_gmt":"2026-01-31T11:32:00","slug":"projeto-de-mina-de-litio-do-barroso-pode-marcar-o-investimento-do-seculo","status":"publish","type":"post","link":"https:\/\/portaltela.pt\/noticias\/2026\/01\/31\/projeto-de-mina-de-litio-do-barroso-pode-marcar-o-investimento-do-seculo\/","title":{"rendered":"Projeto de mina de l\u00edtio do Barroso pode marcar o investimento do s\u00e9culo"},"content":{"rendered":"<p>O epis\u00f3dio do podcast Plug-in recebe Emanuel Proen\u00e7a, presidente executivo da Savannah Resources, para falar sobre o Projecto L\u00edtio do Barroso. A mina \u00e9 apresentada como a maior reserva de espodumena da Europa Ocidental e pode posicionar Portugal como centro da produ\u00e7\u00e3o de baterias. O entrevistado descreve o projeto como possivelmente o maior investimento do s\u00e9culo no pa\u00eds.<\/p>\n<p>Proen\u00e7a explica o potencial econ\u00f3mico de explora\u00e7\u00e3o de rocha dura, num contexto de pre\u00e7os globais vol\u00e1teis. O enfoque tamb\u00e9m recai sobre a conviv\u00eancia com o patrim\u00f3nio agr\u00edcola local e com os recursos h\u00eddricos da regi\u00e3o, pontos centrais do debate p\u00fablico.<\/p>\n<p>O programa aborda as cr\u00edticas ao impacto ambiental e explica a liga\u00e7\u00e3o estrat\u00e9gica do projeto a parceiros industriais, com foco na cria\u00e7\u00e3o de f\u00e1bricas de baterias e na tentativa de verticalizar o setor. A conversa contempla ainda o papel do Barroso no ecossistema europeu de mobilidade el\u00e9trica.<\/p>\n<h3>Desafios e debates<\/h3>\n<p>A conversa analisa a sustentabilidade econ\u00f3mica da opera\u00e7\u00e3o em regime de pre\u00e7o vol\u00e1til, bem como os impactos na comunidade local. O epis\u00f3dio tamb\u00e9m destaca as a\u00e7\u00f5es previstas para cumprir padr\u00f5es ambientais e regulat\u00f3rios aplic\u00e1veis.<\/p>\n<p>Segundo a entrevista, h\u00e1 uma estrat\u00e9gia de parcerias para apoiar a implementa\u00e7\u00e3o, incluindo liga\u00e7\u00f5es a fornecedores e a fabricantes de baterias. O objetivo \u00e9 alinhar o projeto com o impulso europeu para cadeias de valor de energia limpa.<\/p>\n<h3>Perspetivas e pr\u00f3ximos passos<\/h3>\n<p>O epis\u00f3dio ressalva que o Barroso pode redefinir a posi\u00e7\u00e3o de Portugal no sector das baterias, se as evid\u00eancias de viabilidade se confirmarem. A conversa enfatiza o papel de investimentos complementares e da monitoriza\u00e7\u00e3o ambiental cont\u00ednua.<\/p>\n","protected":false},"excerpt":{"rendered":"<ul>\n<li>Emanuel Proen\u00e7a, presidente executivo da Savannah Resources, participa no podcast Plug-in para falar sobre o Projecto L\u00edtio do Barroso.<\/li>\n<li>O empreendimento \u00e9 apresentado como a maior reserva de espodumena da Europa Ocidental e pode colocar Portugal no centro da cadeia global de produ\u00e7\u00e3o de baterias.<\/li>\n<li>O entrevistado afirma que o investimento poder\u00e1 ser \u201co maior do s\u00e9culo\u201d em Portugal.<\/li>\n<li>O debate aborda a sustentabilidade econ\u00f3mica da extrac\u00e7\u00e3o da rocha dura em mercados de pre\u00e7os vol\u00e1teis, bem como a conviv\u00eancia com o patrim\u00f3nio agr\u00edcola e os recursos h\u00eddricos locais, respondendo \u00e0s cr\u00edticas ambientais.<\/li>\n<li>S\u00e3o destacadas liga\u00e7\u00f5es estrat\u00e9gicas a outros parceiros industriais, incluindo f\u00e1bricas de baterias, num esfor\u00e7o de verticalizar o sector.<\/li>\n<\/ul>\n","protected":false},"author":2,"featured_media":186490,"comment_status":"closed","ping_status":"closed","sticky":false,"template":"","format":"standard","meta":{"footnotes":""},"categories":[1],"tags":[28,2105,3603,3090,4171,1014],"class_list":["post-186474","post","type-post","status-publish","format-standard","has-post-thumbnail","hentry","category-noticias","tag-economia","tag-energia-limpa","tag-energias-renovaveis","tag-mineracao-sustentavel","tag-mobilidade-sustentavel","tag-portugal"],"yoast_head":"<!-- This site is optimized with the Yoast SEO plugin v27.2 - https:\/\/yoast.com\/product\/yoast-seo-wordpress\/ -->\n<title>Projeto de mina de l\u00edtio do Barroso pode marcar o investimento do s\u00e9culo - Portal Tela Portugal<\/title>\n<meta name=\"robots\" content=\"index, follow, max-snippet:-1, max-image-preview:large, max-video-preview:-1\" \/>\n<meta property=\"og:locale\" content=\"pt_PT\" \/>\n<meta property=\"og:type\" content=\"article\" \/>\n<meta property=\"og:title\" content=\"Projeto de mina de l\u00edtio do Barroso pode marcar o investimento do s\u00e9culo - Portal Tela Portugal\" \/>\n<meta property=\"og:description\" content=\"Emanuel Proen\u00e7a, presidente executivo da Savannah Resources, participa no podcast Plug-in para falar sobre o Projecto L\u00edtio do Barroso. O empreendimento \u00e9 apresentado como a maior reserva de espodumena da Europa Ocidental e pode colocar Portugal no centro da cadeia global de produ\u00e7\u00e3o de baterias. O entrevistado afirma que o investimento poder\u00e1 ser \u201co maior do s\u00e9culo\u201d em Portugal. O debate aborda a sustentabilidade econ\u00f3mica da extrac\u00e7\u00e3o da rocha dura em mercados de pre\u00e7os vol\u00e1teis, bem como a conviv\u00eancia com o patrim\u00f3nio agr\u00edcola e os recursos h\u00eddricos locais, respondendo \u00e0s cr\u00edticas ambientais. S\u00e3o destacadas liga\u00e7\u00f5es estrat\u00e9gicas a outros parceiros industriais, incluindo f\u00e1bricas de baterias, num esfor\u00e7o de verticalizar o sector.\" \/>\n<meta property=\"og:url\" content=\"https:\/\/portaltela.pt\/noticias\/2026\/01\/31\/projeto-de-mina-de-litio-do-barroso-pode-marcar-o-investimento-do-seculo\/\" \/>\n<meta property=\"og:site_name\" content=\"Portal Tela Portugal\" \/>\n<meta property=\"article:published_time\" content=\"2026-01-31T11:32:00+00:00\" \/>\n<meta name=\"author\" content=\"Telinha\" \/>\n<meta name=\"twitter:card\" content=\"summary_large_image\" \/>\n<meta name=\"twitter:label1\" content=\"Escrito por\" \/>\n\t<meta name=\"twitter:data1\" content=\"Telinha\" \/>\n\t<meta name=\"twitter:label2\" content=\"Tempo estimado de leitura\" \/>\n\t<meta name=\"twitter:data2\" content=\"2 minutos\" \/>\n<script type=\"application\/ld+json\" class=\"yoast-schema-graph\">{\"@context\":\"https:\/\/schema.org\",\"@graph\":[{\"@type\":\"Article\",\"@id\":\"https:\/\/portaltela.pt\/noticias\/2026\/01\/31\/projeto-de-mina-de-litio-do-barroso-pode-marcar-o-investimento-do-seculo\/#article\",\"isPartOf\":{\"@id\":\"https:\/\/portaltela.pt\/noticias\/2026\/01\/31\/projeto-de-mina-de-litio-do-barroso-pode-marcar-o-investimento-do-seculo\/\"},\"author\":{\"name\":\"Telinha\",\"@id\":\"https:\/\/portaltela.pt\/#\/schema\/person\/c4278d4a6028830caff9ee44b42d32ed\"},\"headline\":\"Projeto de mina de l\u00edtio do Barroso pode marcar o investimento do s\u00e9culo\",\"datePublished\":\"2026-01-31T11:32:00+00:00\",\"mainEntityOfPage\":{\"@id\":\"https:\/\/portaltela.pt\/noticias\/2026\/01\/31\/projeto-de-mina-de-litio-do-barroso-pode-marcar-o-investimento-do-seculo\/\"},\"wordCount\":316,\"image\":{\"@id\":\"https:\/\/portaltela.pt\/noticias\/2026\/01\/31\/projeto-de-mina-de-litio-do-barroso-pode-marcar-o-investimento-do-seculo\/#primaryimage\"},\"thumbnailUrl\":\"https:\/\/portaltela.pt\/s.01k8rhncp4jt1\/2026\/01\/2163091.jpg\",\"keywords\":[\"economia\",\"energia limpa\",\"energias renov\u00e1veis\",\"minera\u00e7\u00e3o sustent\u00e1vel\",\"Mobilidade Sustent\u00e1vel\",\"Portugal\"],\"articleSection\":[\"Not\u00edcias\"],\"inLanguage\":\"pt-PT\"},{\"@type\":\"WebPage\",\"@id\":\"https:\/\/portaltela.pt\/noticias\/2026\/01\/31\/projeto-de-mina-de-litio-do-barroso-pode-marcar-o-investimento-do-seculo\/\",\"url\":\"https:\/\/portaltela.pt\/noticias\/2026\/01\/31\/projeto-de-mina-de-litio-do-barroso-pode-marcar-o-investimento-do-seculo\/\",\"name\":\"Projeto de mina de l\u00edtio do Barroso pode marcar o investimento do s\u00e9culo - Portal Tela Portugal\",\"isPartOf\":{\"@id\":\"https:\/\/portaltela.pt\/#website\"},\"primaryImageOfPage\":{\"@id\":\"https:\/\/portaltela.pt\/noticias\/2026\/01\/31\/projeto-de-mina-de-litio-do-barroso-pode-marcar-o-investimento-do-seculo\/#primaryimage\"},\"image\":{\"@id\":\"https:\/\/portaltela.pt\/noticias\/2026\/01\/31\/projeto-de-mina-de-litio-do-barroso-pode-marcar-o-investimento-do-seculo\/#primaryimage\"},\"thumbnailUrl\":\"https:\/\/portaltela.pt\/s.01k8rhncp4jt1\/2026\/01\/2163091.jpg\",\"datePublished\":\"2026-01-31T11:32:00+00:00\",\"author\":{\"@id\":\"https:\/\/portaltela.pt\/#\/schema\/person\/c4278d4a6028830caff9ee44b42d32ed\"},\"breadcrumb\":{\"@id\":\"https:\/\/portaltela.pt\/noticias\/2026\/01\/31\/projeto-de-mina-de-litio-do-barroso-pode-marcar-o-investimento-do-seculo\/#breadcrumb\"},\"inLanguage\":\"pt-PT\",\"potentialAction\":[{\"@type\":\"ReadAction\",\"target\":[\"https:\/\/portaltela.pt\/noticias\/2026\/01\/31\/projeto-de-mina-de-litio-do-barroso-pode-marcar-o-investimento-do-seculo\/\"]}]},{\"@type\":\"ImageObject\",\"inLanguage\":\"pt-PT\",\"@id\":\"https:\/\/portaltela.pt\/noticias\/2026\/01\/31\/projeto-de-mina-de-litio-do-barroso-pode-marcar-o-investimento-do-seculo\/#primaryimage\",\"url\":\"https:\/\/portaltela.pt\/s.01k8rhncp4jt1\/2026\/01\/2163091.jpg\",\"contentUrl\":\"https:\/\/portaltela.pt\/s.01k8rhncp4jt1\/2026\/01\/2163091.jpg\",\"width\":796,\"height\":448,\"caption\":\"Photo\"},{\"@type\":\"BreadcrumbList\",\"@id\":\"https:\/\/portaltela.pt\/noticias\/2026\/01\/31\/projeto-de-mina-de-litio-do-barroso-pode-marcar-o-investimento-do-seculo\/#breadcrumb\",\"itemListElement\":[{\"@type\":\"ListItem\",\"position\":1,\"name\":\"In\u00edcio\",\"item\":\"https:\/\/portaltela.pt\/\"},{\"@type\":\"ListItem\",\"position\":2,\"name\":\"Projeto de mina de l\u00edtio do Barroso pode marcar o investimento do s\u00e9culo\"}]},{\"@type\":\"WebSite\",\"@id\":\"https:\/\/portaltela.pt\/#website\",\"url\":\"https:\/\/portaltela.pt\/\",\"name\":\"Portal Tela Portugal\",\"description\":\"\",\"potentialAction\":[{\"@type\":\"SearchAction\",\"target\":{\"@type\":\"EntryPoint\",\"urlTemplate\":\"https:\/\/portaltela.pt\/?s={search_term_string}\"},\"query-input\":{\"@type\":\"PropertyValueSpecification\",\"valueRequired\":true,\"valueName\":\"search_term_string\"}}],\"inLanguage\":\"pt-PT\"},{\"@type\":\"Person\",\"@id\":\"https:\/\/portaltela.pt\/#\/schema\/person\/c4278d4a6028830caff9ee44b42d32ed\",\"name\":\"Telinha\",\"image\":{\"@type\":\"ImageObject\",\"inLanguage\":\"pt-PT\",\"@id\":\"https:\/\/portaltela.pt\/s.01k8rhncp4jt1\/2025\/11\/talking-bot-125x125.png\",\"url\":\"https:\/\/portaltela.pt\/s.01k8rhncp4jt1\/2025\/11\/talking-bot-125x125.png\",\"contentUrl\":\"https:\/\/portaltela.pt\/s.01k8rhncp4jt1\/2025\/11\/talking-bot-125x125.png\",\"caption\":\"Telinha\"},\"sameAs\":[\"https:\/\/portaltela.pt\/\"],\"url\":\"https:\/\/portaltela.pt\/por\/367410592786\/\"}]}<\/script>\n<!-- \/ Yoast SEO plugin. -->","yoast_head_json":{"title":"Projeto de mina de l\u00edtio do Barroso pode marcar o investimento do s\u00e9culo - Portal Tela Portugal","robots":{"index":"index","follow":"follow","max-snippet":"max-snippet:-1","max-image-preview":"max-image-preview:large","max-video-preview":"max-video-preview:-1"},"og_locale":"pt_PT","og_type":"article","og_title":"Projeto de mina de l\u00edtio do Barroso pode marcar o investimento do s\u00e9culo - Portal Tela Portugal","og_description":"Emanuel Proen\u00e7a, presidente executivo da Savannah Resources, participa no podcast Plug-in para falar sobre o Projecto L\u00edtio do Barroso. O empreendimento \u00e9 apresentado como a maior reserva de espodumena da Europa Ocidental e pode colocar Portugal no centro da cadeia global de produ\u00e7\u00e3o de baterias. O entrevistado afirma que o investimento poder\u00e1 ser \u201co maior do s\u00e9culo\u201d em Portugal. O debate aborda a sustentabilidade econ\u00f3mica da extrac\u00e7\u00e3o da rocha dura em mercados de pre\u00e7os vol\u00e1teis, bem como a conviv\u00eancia com o patrim\u00f3nio agr\u00edcola e os recursos h\u00eddricos locais, respondendo \u00e0s cr\u00edticas ambientais. S\u00e3o destacadas liga\u00e7\u00f5es estrat\u00e9gicas a outros parceiros industriais, incluindo f\u00e1bricas de baterias, num esfor\u00e7o de verticalizar o sector.","og_url":"https:\/\/portaltela.pt\/noticias\/2026\/01\/31\/projeto-de-mina-de-litio-do-barroso-pode-marcar-o-investimento-do-seculo\/","og_site_name":"Portal Tela Portugal","article_published_time":"2026-01-31T11:32:00+00:00","author":"Telinha","twitter_card":"summary_large_image","twitter_misc":{"Escrito por":"Telinha","Tempo estimado de leitura":"2 minutos"},"schema":{"@context":"https:\/\/schema.org","@graph":[{"@type":"Article","@id":"https:\/\/portaltela.pt\/noticias\/2026\/01\/31\/projeto-de-mina-de-litio-do-barroso-pode-marcar-o-investimento-do-seculo\/#article","isPartOf":{"@id":"https:\/\/portaltela.pt\/noticias\/2026\/01\/31\/projeto-de-mina-de-litio-do-barroso-pode-marcar-o-investimento-do-seculo\/"},"author":{"name":"Telinha","@id":"https:\/\/portaltela.pt\/#\/schema\/person\/c4278d4a6028830caff9ee44b42d32ed"},"headline":"Projeto de mina de l\u00edtio do Barroso pode marcar o investimento do s\u00e9culo","datePublished":"2026-01-31T11:32:00+00:00","mainEntityOfPage":{"@id":"https:\/\/portaltela.pt\/noticias\/2026\/01\/31\/projeto-de-mina-de-litio-do-barroso-pode-marcar-o-investimento-do-seculo\/"},"wordCount":316,"image":{"@id":"https:\/\/portaltela.pt\/noticias\/2026\/01\/31\/projeto-de-mina-de-litio-do-barroso-pode-marcar-o-investimento-do-seculo\/#primaryimage"},"thumbnailUrl":"https:\/\/portaltela.pt\/s.01k8rhncp4jt1\/2026\/01\/2163091.jpg","keywords":["economia","energia limpa","energias renov\u00e1veis","minera\u00e7\u00e3o sustent\u00e1vel","Mobilidade Sustent\u00e1vel","Portugal"],"articleSection":["Not\u00edcias"],"inLanguage":"pt-PT"},{"@type":"WebPage","@id":"https:\/\/portaltela.pt\/noticias\/2026\/01\/31\/projeto-de-mina-de-litio-do-barroso-pode-marcar-o-investimento-do-seculo\/","url":"https:\/\/portaltela.pt\/noticias\/2026\/01\/31\/projeto-de-mina-de-litio-do-barroso-pode-marcar-o-investimento-do-seculo\/","name":"Projeto de mina de l\u00edtio do Barroso pode marcar o investimento do s\u00e9culo - Portal Tela Portugal","isPartOf":{"@id":"https:\/\/portaltela.pt\/#website"},"primaryImageOfPage":{"@id":"https:\/\/portaltela.pt\/noticias\/2026\/01\/31\/projeto-de-mina-de-litio-do-barroso-pode-marcar-o-investimento-do-seculo\/#primaryimage"},"image":{"@id":"https:\/\/portaltela.pt\/noticias\/2026\/01\/31\/projeto-de-mina-de-litio-do-barroso-pode-marcar-o-investimento-do-seculo\/#primaryimage"},"thumbnailUrl":"https:\/\/portaltela.pt\/s.01k8rhncp4jt1\/2026\/01\/2163091.jpg","datePublished":"2026-01-31T11:32:00+00:00","author":{"@id":"https:\/\/portaltela.pt\/#\/schema\/person\/c4278d4a6028830caff9ee44b42d32ed"},"breadcrumb":{"@id":"https:\/\/portaltela.pt\/noticias\/2026\/01\/31\/projeto-de-mina-de-litio-do-barroso-pode-marcar-o-investimento-do-seculo\/#breadcrumb"},"inLanguage":"pt-PT","potentialAction":[{"@type":"ReadAction","target":["https:\/\/portaltela.pt\/noticias\/2026\/01\/31\/projeto-de-mina-de-litio-do-barroso-pode-marcar-o-investimento-do-seculo\/"]}]},{"@type":"ImageObject","inLanguage":"pt-PT","@id":"https:\/\/portaltela.pt\/noticias\/2026\/01\/31\/projeto-de-mina-de-litio-do-barroso-pode-marcar-o-investimento-do-seculo\/#primaryimage","url":"https:\/\/portaltela.pt\/s.01k8rhncp4jt1\/2026\/01\/2163091.jpg","contentUrl":"https:\/\/portaltela.pt\/s.01k8rhncp4jt1\/2026\/01\/2163091.jpg","width":796,"height":448,"caption":"Photo"},{"@type":"BreadcrumbList","@id":"https:\/\/portaltela.pt\/noticias\/2026\/01\/31\/projeto-de-mina-de-litio-do-barroso-pode-marcar-o-investimento-do-seculo\/#breadcrumb","itemListElement":[{"@type":"ListItem","position":1,"name":"In\u00edcio","item":"https:\/\/portaltela.pt\/"},{"@type":"ListItem","position":2,"name":"Projeto de mina de l\u00edtio do Barroso pode marcar o investimento do s\u00e9culo"}]},{"@type":"WebSite","@id":"https:\/\/portaltela.pt\/#website","url":"https:\/\/portaltela.pt\/","name":"Portal Tela Portugal","description":"","potentialAction":[{"@type":"SearchAction","target":{"@type":"EntryPoint","urlTemplate":"https:\/\/portaltela.pt\/?s={search_term_string}"},"query-input":{"@type":"PropertyValueSpecification","valueRequired":true,"valueName":"search_term_string"}}],"inLanguage":"pt-PT"},{"@type":"Person","@id":"https:\/\/portaltela.pt\/#\/schema\/person\/c4278d4a6028830caff9ee44b42d32ed","name":"Telinha","image":{"@type":"ImageObject","inLanguage":"pt-PT","@id":"https:\/\/portaltela.pt\/s.01k8rhncp4jt1\/2025\/11\/talking-bot-125x125.png","url":"https:\/\/portaltela.pt\/s.01k8rhncp4jt1\/2025\/11\/talking-bot-125x125.png","contentUrl":"https:\/\/portaltela.pt\/s.01k8rhncp4jt1\/2025\/11\/talking-bot-125x125.png","caption":"Telinha"},"sameAs":["https:\/\/portaltela.pt\/"],"url":"https:\/\/portaltela.pt\/por\/367410592786\/"}]}},"_links":{"self":[{"href":"https:\/\/portaltela.pt\/api\/wp\/v2\/posts\/186474","targetHints":{"allow":["GET"]}}],"collection":[{"href":"https:\/\/portaltela.pt\/api\/wp\/v2\/posts"}],"about":[{"href":"https:\/\/portaltela.pt\/api\/wp\/v2\/types\/post"}],"author":[{"embeddable":true,"href":"https:\/\/portaltela.pt\/api\/wp\/v2\/users\/2"}],"replies":[{"embeddable":true,"href":"https:\/\/portaltela.pt\/api\/wp\/v2\/comments?post=186474"}],"version-history":[{"count":0,"href":"https:\/\/portaltela.pt\/api\/wp\/v2\/posts\/186474\/revisions"}],"wp:featuredmedia":[{"embeddable":true,"href":"https:\/\/portaltela.pt\/api\/wp\/v2\/media\/186490"}],"wp:attachment":[{"href":"https:\/\/portaltela.pt\/api\/wp\/v2\/media?parent=186474"}],"wp:term":[{"taxonomy":"category","embeddable":true,"href":"https:\/\/portaltela.pt\/api\/wp\/v2\/categories?post=186474"},{"taxonomy":"post_tag","embeddable":true,"href":"https:\/\/portaltela.pt\/api\/wp\/v2\/tags?post=186474"}],"curies":[{"name":"wp","href":"https:\/\/api.w.org\/{rel}","templated":true}]}}