{"id":186470,"date":"2026-01-31T08:44:32","date_gmt":"2026-01-31T11:44:32","guid":{"rendered":"https:\/\/portaltela.pt\/noticias\/2026\/01\/31\/oleiros-abre-instalacoes-da-residencia-de-estudantes-para-banhos\/"},"modified":"2026-01-31T08:44:32","modified_gmt":"2026-01-31T11:44:32","slug":"oleiros-abre-instalacoes-da-residencia-de-estudantes-para-banhos","status":"publish","type":"post","link":"https:\/\/portaltela.pt\/noticias\/2026\/01\/31\/oleiros-abre-instalacoes-da-residencia-de-estudantes-para-banhos\/","title":{"rendered":"Oleiros abre instala\u00e7\u00f5es da resid\u00eancia de estudantes para banhos"},"content":{"rendered":"<p>A C\u00e2mara de Oleiros, no distrito de Castelo Branco, abriu, neste s\u00e1bado, as instala\u00e7\u00f5es da resid\u00eancia de estudantes para uso p\u00fablico. Pessoas sem acesso a banho ou energia podem recorrer ao espa\u00e7o entre as 9h00 e as 20h00.<\/p>\n<p>A medida surge devido \u00e0 persist\u00eancia da falha no fornecimento de energia el\u00e9trica em todo o concelho. A autarquia informa que o local est\u00e1 dispon\u00edvel para tomar banho ou carregar telem\u00f3veis \u00e0 popula\u00e7\u00e3o.<\/p>\n<p>Entre as consequ\u00eancias do temporal, destacam-se quedas de \u00e1rvores, estradas condicionadas, e perturba\u00e7\u00f5es em transportes, com impactos em linhas ferrovi\u00e1rias, escolas e servi\u00e7os essenciais. Leiria, Coimbra e Santar\u00e9m reportam mais estragos.<\/p>\n<h3>Contexto regional e decis\u00e3o governamental<\/h3>\n<p>O Governo decretou calamidade entre as 00h00 de quarta-feira e as 23h59 de 1 de fevereiro, abrangendo cerca de 60 munic\u00edpios, com possibilidade de aumento. A situa\u00e7\u00e3o decorre do epis\u00f3dio atual da depress\u00e3o que afetou a regi\u00e3o.<\/p>\n","protected":false},"excerpt":{"rendered":"<ul>\n<li>A C\u00e2mara de Oleiros disponibilizou as instala\u00e7\u00f5es da resid\u00eancia de estudantes para banho ou carregamento de telem\u00f3veis a partir deste s\u00e1bado, entre as 9h00 e as 20h00.<\/li>\n<li>A medida resulta da persist\u00eancia de falha no fornecimento de energia el\u00e9trica em todo o concelho de Oleiros.<\/li>\n<li>Entre os impactos do temporal est\u00e3o quedas de \u00e1rvores e de estruturas, cortes de estradas e de servi\u00e7os de transporte, fecho de escolas e interrup\u00e7\u00f5es de energia, \u00e1gua e comunica\u00e7\u00f5es.<\/li>\n<li>Leiria, Coimbra e Santar\u00e9m s\u00e3o os distritos com mais estragos.<\/li>\n<li>O Governo decretou situa\u00e7\u00e3o de calamidade entre as 00h00 de quarta-feira e as 23h59 de 1 de fevereiro, para cerca de 60 munic\u00edpios, com poss\u00edvel aumento.<\/li>\n<\/ul>\n","protected":false},"author":2,"featured_media":186506,"comment_status":"closed","ping_status":"closed","sticky":false,"template":"","format":"standard","meta":{"footnotes":""},"categories":[1],"tags":[4729,4687,1112,4549,2387,363],"class_list":["post-186470","post","type-post","status-publish","format-standard","has-post-thumbnail","hentry","category-noticias","tag-abastecimento-de-energia","tag-calamidade-publica","tag-castelo-branco","tag-energia-eletrica","tag-oleiros","tag-transportes"],"yoast_head":"<!-- This site is optimized with the Yoast SEO plugin v27.2 - https:\/\/yoast.com\/product\/yoast-seo-wordpress\/ -->\n<title>Oleiros abre instala\u00e7\u00f5es da resid\u00eancia de estudantes para banhos - Portal Tela Portugal<\/title>\n<meta name=\"robots\" content=\"index, follow, max-snippet:-1, max-image-preview:large, max-video-preview:-1\" \/>\n<meta property=\"og:locale\" content=\"pt_PT\" \/>\n<meta property=\"og:type\" content=\"article\" \/>\n<meta property=\"og:title\" content=\"Oleiros abre instala\u00e7\u00f5es da resid\u00eancia de estudantes para banhos - Portal Tela Portugal\" \/>\n<meta property=\"og:description\" content=\"A C\u00e2mara de Oleiros disponibilizou as instala\u00e7\u00f5es da resid\u00eancia de estudantes para banho ou carregamento de telem\u00f3veis a partir deste s\u00e1bado, entre as 9h00 e as 20h00. A medida resulta da persist\u00eancia de falha no fornecimento de energia el\u00e9trica em todo o concelho de Oleiros. Entre os impactos do temporal est\u00e3o quedas de \u00e1rvores e de estruturas, cortes de estradas e de servi\u00e7os de transporte, fecho de escolas e interrup\u00e7\u00f5es de energia, \u00e1gua e comunica\u00e7\u00f5es. Leiria, Coimbra e Santar\u00e9m s\u00e3o os distritos com mais estragos. O Governo decretou situa\u00e7\u00e3o de calamidade entre as 00h00 de quarta-feira e as 23h59 de 1 de fevereiro, para cerca de 60 munic\u00edpios, com poss\u00edvel aumento.\" \/>\n<meta property=\"og:url\" content=\"https:\/\/portaltela.pt\/noticias\/2026\/01\/31\/oleiros-abre-instalacoes-da-residencia-de-estudantes-para-banhos\/\" \/>\n<meta property=\"og:site_name\" content=\"Portal Tela Portugal\" \/>\n<meta property=\"article:published_time\" content=\"2026-01-31T11:44:32+00:00\" \/>\n<meta name=\"author\" content=\"Telinha\" \/>\n<meta name=\"twitter:card\" content=\"summary_large_image\" \/>\n<meta name=\"twitter:label1\" content=\"Escrito por\" \/>\n\t<meta name=\"twitter:data1\" content=\"Telinha\" \/>\n\t<meta name=\"twitter:label2\" content=\"Tempo estimado de leitura\" \/>\n\t<meta name=\"twitter:data2\" content=\"1 minuto\" \/>\n<script type=\"application\/ld+json\" class=\"yoast-schema-graph\">{\"@context\":\"https:\/\/schema.org\",\"@graph\":[{\"@type\":\"Article\",\"@id\":\"https:\/\/portaltela.pt\/noticias\/2026\/01\/31\/oleiros-abre-instalacoes-da-residencia-de-estudantes-para-banhos\/#article\",\"isPartOf\":{\"@id\":\"https:\/\/portaltela.pt\/noticias\/2026\/01\/31\/oleiros-abre-instalacoes-da-residencia-de-estudantes-para-banhos\/\"},\"author\":{\"name\":\"Telinha\",\"@id\":\"https:\/\/portaltela.pt\/#\/schema\/person\/c4278d4a6028830caff9ee44b42d32ed\"},\"headline\":\"Oleiros abre instala\u00e7\u00f5es da resid\u00eancia de estudantes para banhos\",\"datePublished\":\"2026-01-31T11:44:32+00:00\",\"mainEntityOfPage\":{\"@id\":\"https:\/\/portaltela.pt\/noticias\/2026\/01\/31\/oleiros-abre-instalacoes-da-residencia-de-estudantes-para-banhos\/\"},\"wordCount\":173,\"image\":{\"@id\":\"https:\/\/portaltela.pt\/noticias\/2026\/01\/31\/oleiros-abre-instalacoes-da-residencia-de-estudantes-para-banhos\/#primaryimage\"},\"thumbnailUrl\":\"https:\/\/portaltela.pt\/s.01k8rhncp4jt1\/2026\/01\/img_1500x1000uu2026-01-31-11-43-00-2263744.jpg\",\"keywords\":[\"abastecimento de energia\",\"calamidade p\u00fablica\",\"Castelo Branco\",\"energia el\u00e9trica\",\"Oleiros\",\"transportes\"],\"articleSection\":[\"Not\u00edcias\"],\"inLanguage\":\"pt-PT\"},{\"@type\":\"WebPage\",\"@id\":\"https:\/\/portaltela.pt\/noticias\/2026\/01\/31\/oleiros-abre-instalacoes-da-residencia-de-estudantes-para-banhos\/\",\"url\":\"https:\/\/portaltela.pt\/noticias\/2026\/01\/31\/oleiros-abre-instalacoes-da-residencia-de-estudantes-para-banhos\/\",\"name\":\"Oleiros abre instala\u00e7\u00f5es da resid\u00eancia de estudantes para banhos - Portal Tela Portugal\",\"isPartOf\":{\"@id\":\"https:\/\/portaltela.pt\/#website\"},\"primaryImageOfPage\":{\"@id\":\"https:\/\/portaltela.pt\/noticias\/2026\/01\/31\/oleiros-abre-instalacoes-da-residencia-de-estudantes-para-banhos\/#primaryimage\"},\"image\":{\"@id\":\"https:\/\/portaltela.pt\/noticias\/2026\/01\/31\/oleiros-abre-instalacoes-da-residencia-de-estudantes-para-banhos\/#primaryimage\"},\"thumbnailUrl\":\"https:\/\/portaltela.pt\/s.01k8rhncp4jt1\/2026\/01\/img_1500x1000uu2026-01-31-11-43-00-2263744.jpg\",\"datePublished\":\"2026-01-31T11:44:32+00:00\",\"author\":{\"@id\":\"https:\/\/portaltela.pt\/#\/schema\/person\/c4278d4a6028830caff9ee44b42d32ed\"},\"breadcrumb\":{\"@id\":\"https:\/\/portaltela.pt\/noticias\/2026\/01\/31\/oleiros-abre-instalacoes-da-residencia-de-estudantes-para-banhos\/#breadcrumb\"},\"inLanguage\":\"pt-PT\",\"potentialAction\":[{\"@type\":\"ReadAction\",\"target\":[\"https:\/\/portaltela.pt\/noticias\/2026\/01\/31\/oleiros-abre-instalacoes-da-residencia-de-estudantes-para-banhos\/\"]}]},{\"@type\":\"ImageObject\",\"inLanguage\":\"pt-PT\",\"@id\":\"https:\/\/portaltela.pt\/noticias\/2026\/01\/31\/oleiros-abre-instalacoes-da-residencia-de-estudantes-para-banhos\/#primaryimage\",\"url\":\"https:\/\/portaltela.pt\/s.01k8rhncp4jt1\/2026\/01\/img_1500x1000uu2026-01-31-11-43-00-2263744.jpg\",\"contentUrl\":\"https:\/\/portaltela.pt\/s.01k8rhncp4jt1\/2026\/01\/img_1500x1000uu2026-01-31-11-43-00-2263744.jpg\",\"width\":796,\"height\":448,\"caption\":\"C\u00e2mara Municipal de Oleiros\"},{\"@type\":\"BreadcrumbList\",\"@id\":\"https:\/\/portaltela.pt\/noticias\/2026\/01\/31\/oleiros-abre-instalacoes-da-residencia-de-estudantes-para-banhos\/#breadcrumb\",\"itemListElement\":[{\"@type\":\"ListItem\",\"position\":1,\"name\":\"In\u00edcio\",\"item\":\"https:\/\/portaltela.pt\/\"},{\"@type\":\"ListItem\",\"position\":2,\"name\":\"Oleiros abre instala\u00e7\u00f5es da resid\u00eancia de estudantes para banhos\"}]},{\"@type\":\"WebSite\",\"@id\":\"https:\/\/portaltela.pt\/#website\",\"url\":\"https:\/\/portaltela.pt\/\",\"name\":\"Portal Tela Portugal\",\"description\":\"\",\"potentialAction\":[{\"@type\":\"SearchAction\",\"target\":{\"@type\":\"EntryPoint\",\"urlTemplate\":\"https:\/\/portaltela.pt\/?s={search_term_string}\"},\"query-input\":{\"@type\":\"PropertyValueSpecification\",\"valueRequired\":true,\"valueName\":\"search_term_string\"}}],\"inLanguage\":\"pt-PT\"},{\"@type\":\"Person\",\"@id\":\"https:\/\/portaltela.pt\/#\/schema\/person\/c4278d4a6028830caff9ee44b42d32ed\",\"name\":\"Telinha\",\"image\":{\"@type\":\"ImageObject\",\"inLanguage\":\"pt-PT\",\"@id\":\"https:\/\/portaltela.pt\/s.01k8rhncp4jt1\/2025\/11\/talking-bot-125x125.png\",\"url\":\"https:\/\/portaltela.pt\/s.01k8rhncp4jt1\/2025\/11\/talking-bot-125x125.png\",\"contentUrl\":\"https:\/\/portaltela.pt\/s.01k8rhncp4jt1\/2025\/11\/talking-bot-125x125.png\",\"caption\":\"Telinha\"},\"sameAs\":[\"https:\/\/portaltela.pt\/\"],\"url\":\"https:\/\/portaltela.pt\/por\/367410592786\/\"}]}<\/script>\n<!-- \/ Yoast SEO plugin. -->","yoast_head_json":{"title":"Oleiros abre instala\u00e7\u00f5es da resid\u00eancia de estudantes para banhos - Portal Tela Portugal","robots":{"index":"index","follow":"follow","max-snippet":"max-snippet:-1","max-image-preview":"max-image-preview:large","max-video-preview":"max-video-preview:-1"},"og_locale":"pt_PT","og_type":"article","og_title":"Oleiros abre instala\u00e7\u00f5es da resid\u00eancia de estudantes para banhos - Portal Tela Portugal","og_description":"A C\u00e2mara de Oleiros disponibilizou as instala\u00e7\u00f5es da resid\u00eancia de estudantes para banho ou carregamento de telem\u00f3veis a partir deste s\u00e1bado, entre as 9h00 e as 20h00. A medida resulta da persist\u00eancia de falha no fornecimento de energia el\u00e9trica em todo o concelho de Oleiros. Entre os impactos do temporal est\u00e3o quedas de \u00e1rvores e de estruturas, cortes de estradas e de servi\u00e7os de transporte, fecho de escolas e interrup\u00e7\u00f5es de energia, \u00e1gua e comunica\u00e7\u00f5es. Leiria, Coimbra e Santar\u00e9m s\u00e3o os distritos com mais estragos. O Governo decretou situa\u00e7\u00e3o de calamidade entre as 00h00 de quarta-feira e as 23h59 de 1 de fevereiro, para cerca de 60 munic\u00edpios, com poss\u00edvel aumento.","og_url":"https:\/\/portaltela.pt\/noticias\/2026\/01\/31\/oleiros-abre-instalacoes-da-residencia-de-estudantes-para-banhos\/","og_site_name":"Portal Tela Portugal","article_published_time":"2026-01-31T11:44:32+00:00","author":"Telinha","twitter_card":"summary_large_image","twitter_misc":{"Escrito por":"Telinha","Tempo estimado de leitura":"1 minuto"},"schema":{"@context":"https:\/\/schema.org","@graph":[{"@type":"Article","@id":"https:\/\/portaltela.pt\/noticias\/2026\/01\/31\/oleiros-abre-instalacoes-da-residencia-de-estudantes-para-banhos\/#article","isPartOf":{"@id":"https:\/\/portaltela.pt\/noticias\/2026\/01\/31\/oleiros-abre-instalacoes-da-residencia-de-estudantes-para-banhos\/"},"author":{"name":"Telinha","@id":"https:\/\/portaltela.pt\/#\/schema\/person\/c4278d4a6028830caff9ee44b42d32ed"},"headline":"Oleiros abre instala\u00e7\u00f5es da resid\u00eancia de estudantes para banhos","datePublished":"2026-01-31T11:44:32+00:00","mainEntityOfPage":{"@id":"https:\/\/portaltela.pt\/noticias\/2026\/01\/31\/oleiros-abre-instalacoes-da-residencia-de-estudantes-para-banhos\/"},"wordCount":173,"image":{"@id":"https:\/\/portaltela.pt\/noticias\/2026\/01\/31\/oleiros-abre-instalacoes-da-residencia-de-estudantes-para-banhos\/#primaryimage"},"thumbnailUrl":"https:\/\/portaltela.pt\/s.01k8rhncp4jt1\/2026\/01\/img_1500x1000uu2026-01-31-11-43-00-2263744.jpg","keywords":["abastecimento de energia","calamidade p\u00fablica","Castelo Branco","energia el\u00e9trica","Oleiros","transportes"],"articleSection":["Not\u00edcias"],"inLanguage":"pt-PT"},{"@type":"WebPage","@id":"https:\/\/portaltela.pt\/noticias\/2026\/01\/31\/oleiros-abre-instalacoes-da-residencia-de-estudantes-para-banhos\/","url":"https:\/\/portaltela.pt\/noticias\/2026\/01\/31\/oleiros-abre-instalacoes-da-residencia-de-estudantes-para-banhos\/","name":"Oleiros abre instala\u00e7\u00f5es da resid\u00eancia de estudantes para banhos - Portal Tela Portugal","isPartOf":{"@id":"https:\/\/portaltela.pt\/#website"},"primaryImageOfPage":{"@id":"https:\/\/portaltela.pt\/noticias\/2026\/01\/31\/oleiros-abre-instalacoes-da-residencia-de-estudantes-para-banhos\/#primaryimage"},"image":{"@id":"https:\/\/portaltela.pt\/noticias\/2026\/01\/31\/oleiros-abre-instalacoes-da-residencia-de-estudantes-para-banhos\/#primaryimage"},"thumbnailUrl":"https:\/\/portaltela.pt\/s.01k8rhncp4jt1\/2026\/01\/img_1500x1000uu2026-01-31-11-43-00-2263744.jpg","datePublished":"2026-01-31T11:44:32+00:00","author":{"@id":"https:\/\/portaltela.pt\/#\/schema\/person\/c4278d4a6028830caff9ee44b42d32ed"},"breadcrumb":{"@id":"https:\/\/portaltela.pt\/noticias\/2026\/01\/31\/oleiros-abre-instalacoes-da-residencia-de-estudantes-para-banhos\/#breadcrumb"},"inLanguage":"pt-PT","potentialAction":[{"@type":"ReadAction","target":["https:\/\/portaltela.pt\/noticias\/2026\/01\/31\/oleiros-abre-instalacoes-da-residencia-de-estudantes-para-banhos\/"]}]},{"@type":"ImageObject","inLanguage":"pt-PT","@id":"https:\/\/portaltela.pt\/noticias\/2026\/01\/31\/oleiros-abre-instalacoes-da-residencia-de-estudantes-para-banhos\/#primaryimage","url":"https:\/\/portaltela.pt\/s.01k8rhncp4jt1\/2026\/01\/img_1500x1000uu2026-01-31-11-43-00-2263744.jpg","contentUrl":"https:\/\/portaltela.pt\/s.01k8rhncp4jt1\/2026\/01\/img_1500x1000uu2026-01-31-11-43-00-2263744.jpg","width":796,"height":448,"caption":"C\u00e2mara Municipal de Oleiros"},{"@type":"BreadcrumbList","@id":"https:\/\/portaltela.pt\/noticias\/2026\/01\/31\/oleiros-abre-instalacoes-da-residencia-de-estudantes-para-banhos\/#breadcrumb","itemListElement":[{"@type":"ListItem","position":1,"name":"In\u00edcio","item":"https:\/\/portaltela.pt\/"},{"@type":"ListItem","position":2,"name":"Oleiros abre instala\u00e7\u00f5es da resid\u00eancia de estudantes para banhos"}]},{"@type":"WebSite","@id":"https:\/\/portaltela.pt\/#website","url":"https:\/\/portaltela.pt\/","name":"Portal Tela Portugal","description":"","potentialAction":[{"@type":"SearchAction","target":{"@type":"EntryPoint","urlTemplate":"https:\/\/portaltela.pt\/?s={search_term_string}"},"query-input":{"@type":"PropertyValueSpecification","valueRequired":true,"valueName":"search_term_string"}}],"inLanguage":"pt-PT"},{"@type":"Person","@id":"https:\/\/portaltela.pt\/#\/schema\/person\/c4278d4a6028830caff9ee44b42d32ed","name":"Telinha","image":{"@type":"ImageObject","inLanguage":"pt-PT","@id":"https:\/\/portaltela.pt\/s.01k8rhncp4jt1\/2025\/11\/talking-bot-125x125.png","url":"https:\/\/portaltela.pt\/s.01k8rhncp4jt1\/2025\/11\/talking-bot-125x125.png","contentUrl":"https:\/\/portaltela.pt\/s.01k8rhncp4jt1\/2025\/11\/talking-bot-125x125.png","caption":"Telinha"},"sameAs":["https:\/\/portaltela.pt\/"],"url":"https:\/\/portaltela.pt\/por\/367410592786\/"}]}},"_links":{"self":[{"href":"https:\/\/portaltela.pt\/api\/wp\/v2\/posts\/186470","targetHints":{"allow":["GET"]}}],"collection":[{"href":"https:\/\/portaltela.pt\/api\/wp\/v2\/posts"}],"about":[{"href":"https:\/\/portaltela.pt\/api\/wp\/v2\/types\/post"}],"author":[{"embeddable":true,"href":"https:\/\/portaltela.pt\/api\/wp\/v2\/users\/2"}],"replies":[{"embeddable":true,"href":"https:\/\/portaltela.pt\/api\/wp\/v2\/comments?post=186470"}],"version-history":[{"count":0,"href":"https:\/\/portaltela.pt\/api\/wp\/v2\/posts\/186470\/revisions"}],"wp:featuredmedia":[{"embeddable":true,"href":"https:\/\/portaltela.pt\/api\/wp\/v2\/media\/186506"}],"wp:attachment":[{"href":"https:\/\/portaltela.pt\/api\/wp\/v2\/media?parent=186470"}],"wp:term":[{"taxonomy":"category","embeddable":true,"href":"https:\/\/portaltela.pt\/api\/wp\/v2\/categories?post=186470"},{"taxonomy":"post_tag","embeddable":true,"href":"https:\/\/portaltela.pt\/api\/wp\/v2\/tags?post=186470"}],"curies":[{"name":"wp","href":"https:\/\/api.w.org\/{rel}","templated":true}]}}