{"id":186461,"date":"2026-01-31T08:31:00","date_gmt":"2026-01-31T11:31:00","guid":{"rendered":"https:\/\/portaltela.pt\/noticias\/2026\/01\/31\/jpp-exige-que-hospital-dr-nelio-mendonca-permaneca-sob-gestao-publica\/"},"modified":"2026-01-31T08:31:00","modified_gmt":"2026-01-31T11:31:00","slug":"jpp-exige-que-hospital-dr-nelio-mendonca-permaneca-sob-gestao-publica","status":"publish","type":"post","link":"https:\/\/portaltela.pt\/noticias\/politica\/2026\/01\/31\/jpp-exige-que-hospital-dr-nelio-mendonca-permaneca-sob-gestao-publica\/","title":{"rendered":"JPP exige que Hospital Dr. N\u00e9lio Mendon\u00e7a permane\u00e7a sob gest\u00e3o p\u00fablica"},"content":{"rendered":"<p>O grupo parlamentar Juntos Pelo Povo (JPP) reafirmou a sua posi\u00e7\u00e3o contr\u00e1ria a qualquer venda ou aliena\u00e7\u00e3o do Hospital Dr. N\u00e9lio Mendon\u00e7a, defendendo que o edif\u00edcio permane\u00e7a como patrim\u00f3nio imobili\u00e1rio p\u00fablico inal\u00e1vel da Regi\u00e3o Aut\u00f3noma da Madeira. A oposi\u00e7\u00e3o parlamentar quer a gest\u00e3o p\u00fablica mantida.<\/p>\n<p>Em comunicado enviado \u00e0s reda\u00e7\u00f5es, o JPP informou que vai apresentar um voto de protesto na pr\u00f3xima ter\u00e7a-feira, 3 de Fevereiro, na Assembleia Legislativa da Madeira (ALRAM). O partido assegura que usar\u00e1 todos os meios legais para impedir uma venda a privados.<\/p>\n<p>O l\u00edder do grupo parlamentar, \u00c9lvio Sousa, sublinhou, numa declara\u00e7\u00e3o, que o hospital representa um patrim\u00f3nio p\u00fablico regional de relev\u00e2ncia social e que qualquer aliena\u00e7\u00e3o exige debate pr\u00e9vio, transparente e fundamentado, o que ainda n\u00e3o ocorreu.<\/p>\n<p>O JPP recorda que o Decreto Legislativo Regional n.\u00ba 24\/2017\/M define o regime de gest\u00e3o dos bens im\u00f3veis do dom\u00ednio privado da Madeira e que o direito nacional tamb\u00e9m se aplica \u00e0s regi\u00f5es aut\u00f3nomas. O partido enfatiza a necessidade de rigor financeiro e transpar\u00eancia.<\/p>\n<p>Segundo o JPP, o Decreto-Lei n.\u00ba 280\/2007, que regula a gest\u00e3o de patrim\u00f3nio imobili\u00e1rio p\u00fablico, visa assegurar controlo, transpar\u00eancia e responsabiliza\u00e7\u00e3o de funcion\u00e1rios e titulares de cargos p\u00fablicos pela gest\u00e3o patrimonial.<\/p>\n","protected":false},"excerpt":{"rendered":"<ul>\n<li>O Juntos Pelo Povo (JPP) afirma ser contr\u00e1rio \u00e0 venda ou aliena\u00e7\u00e3o do Hospital Dr. N\u00e9lio Mendon\u00e7a, defendendo que o edif\u00edcio permane\u00e7a propriedade p\u00fablica regional.<\/li>\n<li>O partido indica que o voto de protesto sobre este tema est\u00e1 marcado para 3 de Fevereiro na Assembleia Legislativa da Madeira.<\/li>\n<li>O JPP assegura que empregar\u00e1 todos os instrumentos legais para impedir a venda do hospital a privados.<\/li>\n<li>O l\u00edder do JPP, \u00c9lvio Sousa, defende que a aliena\u00e7\u00e3o de um bem p\u00fablico de valor social requer um debate pr\u00e9vio s\u00e9rio, transparente e completo, o que, segundo o partido, n\u00e3o tem ocorrido.<\/li>\n<li>O JPP recorda o regime jur\u00eddico aplic\u00e1vel aos bens im\u00f3veis do dom\u00ednio p\u00fablico regional e cita legisla\u00e7\u00e3o nacional, destacando que a gest\u00e3o, aliena\u00e7\u00e3o e responsabiliza\u00e7\u00e3o s\u00e3o temas a considerar com rigor e transpar\u00eancia.<\/li>\n<\/ul>\n","protected":false},"author":2,"featured_media":186499,"comment_status":"closed","ping_status":"closed","sticky":false,"template":"","format":"standard","meta":{"footnotes":""},"categories":[1,5],"tags":[2415,633,4669,859,814,4489],"class_list":["post-186461","post","type-post","status-publish","format-standard","has-post-thumbnail","hentry","category-noticias","category-politica","tag-gestao","tag-hospital","tag-jpp","tag-madeira","tag-patrimonio","tag-patrimonio-publico"],"yoast_head":"<!-- This site is optimized with the Yoast SEO plugin v27.2 - https:\/\/yoast.com\/product\/yoast-seo-wordpress\/ -->\n<title>JPP exige que Hospital Dr. N\u00e9lio Mendon\u00e7a permane\u00e7a sob gest\u00e3o p\u00fablica - Portal Tela Portugal<\/title>\n<meta name=\"robots\" content=\"index, follow, max-snippet:-1, max-image-preview:large, max-video-preview:-1\" \/>\n<meta property=\"og:locale\" content=\"pt_PT\" \/>\n<meta property=\"og:type\" content=\"article\" \/>\n<meta property=\"og:title\" content=\"JPP exige que Hospital Dr. N\u00e9lio Mendon\u00e7a permane\u00e7a sob gest\u00e3o p\u00fablica - Portal Tela Portugal\" \/>\n<meta property=\"og:description\" content=\"O Juntos Pelo Povo (JPP) afirma ser contr\u00e1rio \u00e0 venda ou aliena\u00e7\u00e3o do Hospital Dr. N\u00e9lio Mendon\u00e7a, defendendo que o edif\u00edcio permane\u00e7a propriedade p\u00fablica regional. O partido indica que o voto de protesto sobre este tema est\u00e1 marcado para 3 de Fevereiro na Assembleia Legislativa da Madeira. O JPP assegura que empregar\u00e1 todos os instrumentos legais para impedir a venda do hospital a privados. O l\u00edder do JPP, \u00c9lvio Sousa, defende que a aliena\u00e7\u00e3o de um bem p\u00fablico de valor social requer um debate pr\u00e9vio s\u00e9rio, transparente e completo, o que, segundo o partido, n\u00e3o tem ocorrido. O JPP recorda o regime jur\u00eddico aplic\u00e1vel aos bens im\u00f3veis do dom\u00ednio p\u00fablico regional e cita legisla\u00e7\u00e3o nacional, destacando que a gest\u00e3o, aliena\u00e7\u00e3o e responsabiliza\u00e7\u00e3o s\u00e3o temas a considerar com rigor e transpar\u00eancia.\" \/>\n<meta property=\"og:url\" content=\"https:\/\/portaltela.pt\/noticias\/2026\/01\/31\/jpp-exige-que-hospital-dr-nelio-mendonca-permaneca-sob-gestao-publica\/\" \/>\n<meta property=\"og:site_name\" content=\"Portal Tela Portugal\" \/>\n<meta property=\"article:published_time\" content=\"2026-01-31T11:31:00+00:00\" \/>\n<meta name=\"author\" content=\"Telinha\" \/>\n<meta name=\"twitter:card\" content=\"summary_large_image\" \/>\n<meta name=\"twitter:label1\" content=\"Escrito por\" \/>\n\t<meta name=\"twitter:data1\" content=\"Telinha\" \/>\n\t<meta name=\"twitter:label2\" content=\"Tempo estimado de leitura\" \/>\n\t<meta name=\"twitter:data2\" content=\"1 minuto\" \/>\n<script type=\"application\/ld+json\" class=\"yoast-schema-graph\">{\"@context\":\"https:\/\/schema.org\",\"@graph\":[{\"@type\":\"Article\",\"@id\":\"https:\/\/portaltela.pt\/noticias\/2026\/01\/31\/jpp-exige-que-hospital-dr-nelio-mendonca-permaneca-sob-gestao-publica\/#article\",\"isPartOf\":{\"@id\":\"https:\/\/portaltela.pt\/noticias\/2026\/01\/31\/jpp-exige-que-hospital-dr-nelio-mendonca-permaneca-sob-gestao-publica\/\"},\"author\":{\"name\":\"Telinha\",\"@id\":\"https:\/\/portaltela.pt\/#\/schema\/person\/c4278d4a6028830caff9ee44b42d32ed\"},\"headline\":\"JPP exige que Hospital Dr. N\u00e9lio Mendon\u00e7a permane\u00e7a sob gest\u00e3o p\u00fablica\",\"datePublished\":\"2026-01-31T11:31:00+00:00\",\"mainEntityOfPage\":{\"@id\":\"https:\/\/portaltela.pt\/noticias\/2026\/01\/31\/jpp-exige-que-hospital-dr-nelio-mendonca-permaneca-sob-gestao-publica\/\"},\"wordCount\":255,\"image\":{\"@id\":\"https:\/\/portaltela.pt\/noticias\/2026\/01\/31\/jpp-exige-que-hospital-dr-nelio-mendonca-permaneca-sob-gestao-publica\/#primaryimage\"},\"thumbnailUrl\":\"https:\/\/portaltela.pt\/s.01k8rhncp4jt1\/2026\/01\/unnamed-file-6293.jpg\",\"keywords\":[\"gest\u00e3o\",\"hospital\",\"JPP\",\"Madeira\",\"patrim\u00f3nio\",\"patrim\u00f3nio p\u00fablico\"],\"articleSection\":[\"Not\u00edcias\",\"Pol\u00edtica\"],\"inLanguage\":\"pt-PT\"},{\"@type\":\"WebPage\",\"@id\":\"https:\/\/portaltela.pt\/noticias\/2026\/01\/31\/jpp-exige-que-hospital-dr-nelio-mendonca-permaneca-sob-gestao-publica\/\",\"url\":\"https:\/\/portaltela.pt\/noticias\/2026\/01\/31\/jpp-exige-que-hospital-dr-nelio-mendonca-permaneca-sob-gestao-publica\/\",\"name\":\"JPP exige que Hospital Dr. N\u00e9lio Mendon\u00e7a permane\u00e7a sob gest\u00e3o p\u00fablica - Portal Tela Portugal\",\"isPartOf\":{\"@id\":\"https:\/\/portaltela.pt\/#website\"},\"primaryImageOfPage\":{\"@id\":\"https:\/\/portaltela.pt\/noticias\/2026\/01\/31\/jpp-exige-que-hospital-dr-nelio-mendonca-permaneca-sob-gestao-publica\/#primaryimage\"},\"image\":{\"@id\":\"https:\/\/portaltela.pt\/noticias\/2026\/01\/31\/jpp-exige-que-hospital-dr-nelio-mendonca-permaneca-sob-gestao-publica\/#primaryimage\"},\"thumbnailUrl\":\"https:\/\/portaltela.pt\/s.01k8rhncp4jt1\/2026\/01\/unnamed-file-6293.jpg\",\"datePublished\":\"2026-01-31T11:31:00+00:00\",\"author\":{\"@id\":\"https:\/\/portaltela.pt\/#\/schema\/person\/c4278d4a6028830caff9ee44b42d32ed\"},\"breadcrumb\":{\"@id\":\"https:\/\/portaltela.pt\/noticias\/2026\/01\/31\/jpp-exige-que-hospital-dr-nelio-mendonca-permaneca-sob-gestao-publica\/#breadcrumb\"},\"inLanguage\":\"pt-PT\",\"potentialAction\":[{\"@type\":\"ReadAction\",\"target\":[\"https:\/\/portaltela.pt\/noticias\/2026\/01\/31\/jpp-exige-que-hospital-dr-nelio-mendonca-permaneca-sob-gestao-publica\/\"]}]},{\"@type\":\"ImageObject\",\"inLanguage\":\"pt-PT\",\"@id\":\"https:\/\/portaltela.pt\/noticias\/2026\/01\/31\/jpp-exige-que-hospital-dr-nelio-mendonca-permaneca-sob-gestao-publica\/#primaryimage\",\"url\":\"https:\/\/portaltela.pt\/s.01k8rhncp4jt1\/2026\/01\/unnamed-file-6293.jpg\",\"contentUrl\":\"https:\/\/portaltela.pt\/s.01k8rhncp4jt1\/2026\/01\/unnamed-file-6293.jpg\",\"width\":796,\"height\":448,\"caption\":\"JPP exige que Hospital Dr. N\u00e9lio Mendon\u00e7a continue sob gest\u00e3o p\u00fablica\"},{\"@type\":\"BreadcrumbList\",\"@id\":\"https:\/\/portaltela.pt\/noticias\/2026\/01\/31\/jpp-exige-que-hospital-dr-nelio-mendonca-permaneca-sob-gestao-publica\/#breadcrumb\",\"itemListElement\":[{\"@type\":\"ListItem\",\"position\":1,\"name\":\"In\u00edcio\",\"item\":\"https:\/\/portaltela.pt\/\"},{\"@type\":\"ListItem\",\"position\":2,\"name\":\"JPP exige que Hospital Dr. N\u00e9lio Mendon\u00e7a permane\u00e7a sob gest\u00e3o p\u00fablica\"}]},{\"@type\":\"WebSite\",\"@id\":\"https:\/\/portaltela.pt\/#website\",\"url\":\"https:\/\/portaltela.pt\/\",\"name\":\"Portal Tela Portugal\",\"description\":\"\",\"potentialAction\":[{\"@type\":\"SearchAction\",\"target\":{\"@type\":\"EntryPoint\",\"urlTemplate\":\"https:\/\/portaltela.pt\/?s={search_term_string}\"},\"query-input\":{\"@type\":\"PropertyValueSpecification\",\"valueRequired\":true,\"valueName\":\"search_term_string\"}}],\"inLanguage\":\"pt-PT\"},{\"@type\":\"Person\",\"@id\":\"https:\/\/portaltela.pt\/#\/schema\/person\/c4278d4a6028830caff9ee44b42d32ed\",\"name\":\"Telinha\",\"image\":{\"@type\":\"ImageObject\",\"inLanguage\":\"pt-PT\",\"@id\":\"https:\/\/portaltela.pt\/s.01k8rhncp4jt1\/2025\/11\/talking-bot-125x125.png\",\"url\":\"https:\/\/portaltela.pt\/s.01k8rhncp4jt1\/2025\/11\/talking-bot-125x125.png\",\"contentUrl\":\"https:\/\/portaltela.pt\/s.01k8rhncp4jt1\/2025\/11\/talking-bot-125x125.png\",\"caption\":\"Telinha\"},\"sameAs\":[\"https:\/\/portaltela.pt\/\"],\"url\":\"https:\/\/portaltela.pt\/por\/367410592786\/\"}]}<\/script>\n<!-- \/ Yoast SEO plugin. -->","yoast_head_json":{"title":"JPP exige que Hospital Dr. N\u00e9lio Mendon\u00e7a permane\u00e7a sob gest\u00e3o p\u00fablica - Portal Tela Portugal","robots":{"index":"index","follow":"follow","max-snippet":"max-snippet:-1","max-image-preview":"max-image-preview:large","max-video-preview":"max-video-preview:-1"},"og_locale":"pt_PT","og_type":"article","og_title":"JPP exige que Hospital Dr. N\u00e9lio Mendon\u00e7a permane\u00e7a sob gest\u00e3o p\u00fablica - Portal Tela Portugal","og_description":"O Juntos Pelo Povo (JPP) afirma ser contr\u00e1rio \u00e0 venda ou aliena\u00e7\u00e3o do Hospital Dr. N\u00e9lio Mendon\u00e7a, defendendo que o edif\u00edcio permane\u00e7a propriedade p\u00fablica regional. O partido indica que o voto de protesto sobre este tema est\u00e1 marcado para 3 de Fevereiro na Assembleia Legislativa da Madeira. O JPP assegura que empregar\u00e1 todos os instrumentos legais para impedir a venda do hospital a privados. O l\u00edder do JPP, \u00c9lvio Sousa, defende que a aliena\u00e7\u00e3o de um bem p\u00fablico de valor social requer um debate pr\u00e9vio s\u00e9rio, transparente e completo, o que, segundo o partido, n\u00e3o tem ocorrido. O JPP recorda o regime jur\u00eddico aplic\u00e1vel aos bens im\u00f3veis do dom\u00ednio p\u00fablico regional e cita legisla\u00e7\u00e3o nacional, destacando que a gest\u00e3o, aliena\u00e7\u00e3o e responsabiliza\u00e7\u00e3o s\u00e3o temas a considerar com rigor e transpar\u00eancia.","og_url":"https:\/\/portaltela.pt\/noticias\/2026\/01\/31\/jpp-exige-que-hospital-dr-nelio-mendonca-permaneca-sob-gestao-publica\/","og_site_name":"Portal Tela Portugal","article_published_time":"2026-01-31T11:31:00+00:00","author":"Telinha","twitter_card":"summary_large_image","twitter_misc":{"Escrito por":"Telinha","Tempo estimado de leitura":"1 minuto"},"schema":{"@context":"https:\/\/schema.org","@graph":[{"@type":"Article","@id":"https:\/\/portaltela.pt\/noticias\/2026\/01\/31\/jpp-exige-que-hospital-dr-nelio-mendonca-permaneca-sob-gestao-publica\/#article","isPartOf":{"@id":"https:\/\/portaltela.pt\/noticias\/2026\/01\/31\/jpp-exige-que-hospital-dr-nelio-mendonca-permaneca-sob-gestao-publica\/"},"author":{"name":"Telinha","@id":"https:\/\/portaltela.pt\/#\/schema\/person\/c4278d4a6028830caff9ee44b42d32ed"},"headline":"JPP exige que Hospital Dr. N\u00e9lio Mendon\u00e7a permane\u00e7a sob gest\u00e3o p\u00fablica","datePublished":"2026-01-31T11:31:00+00:00","mainEntityOfPage":{"@id":"https:\/\/portaltela.pt\/noticias\/2026\/01\/31\/jpp-exige-que-hospital-dr-nelio-mendonca-permaneca-sob-gestao-publica\/"},"wordCount":255,"image":{"@id":"https:\/\/portaltela.pt\/noticias\/2026\/01\/31\/jpp-exige-que-hospital-dr-nelio-mendonca-permaneca-sob-gestao-publica\/#primaryimage"},"thumbnailUrl":"https:\/\/portaltela.pt\/s.01k8rhncp4jt1\/2026\/01\/unnamed-file-6293.jpg","keywords":["gest\u00e3o","hospital","JPP","Madeira","patrim\u00f3nio","patrim\u00f3nio p\u00fablico"],"articleSection":["Not\u00edcias","Pol\u00edtica"],"inLanguage":"pt-PT"},{"@type":"WebPage","@id":"https:\/\/portaltela.pt\/noticias\/2026\/01\/31\/jpp-exige-que-hospital-dr-nelio-mendonca-permaneca-sob-gestao-publica\/","url":"https:\/\/portaltela.pt\/noticias\/2026\/01\/31\/jpp-exige-que-hospital-dr-nelio-mendonca-permaneca-sob-gestao-publica\/","name":"JPP exige que Hospital Dr. N\u00e9lio Mendon\u00e7a permane\u00e7a sob gest\u00e3o p\u00fablica - Portal Tela Portugal","isPartOf":{"@id":"https:\/\/portaltela.pt\/#website"},"primaryImageOfPage":{"@id":"https:\/\/portaltela.pt\/noticias\/2026\/01\/31\/jpp-exige-que-hospital-dr-nelio-mendonca-permaneca-sob-gestao-publica\/#primaryimage"},"image":{"@id":"https:\/\/portaltela.pt\/noticias\/2026\/01\/31\/jpp-exige-que-hospital-dr-nelio-mendonca-permaneca-sob-gestao-publica\/#primaryimage"},"thumbnailUrl":"https:\/\/portaltela.pt\/s.01k8rhncp4jt1\/2026\/01\/unnamed-file-6293.jpg","datePublished":"2026-01-31T11:31:00+00:00","author":{"@id":"https:\/\/portaltela.pt\/#\/schema\/person\/c4278d4a6028830caff9ee44b42d32ed"},"breadcrumb":{"@id":"https:\/\/portaltela.pt\/noticias\/2026\/01\/31\/jpp-exige-que-hospital-dr-nelio-mendonca-permaneca-sob-gestao-publica\/#breadcrumb"},"inLanguage":"pt-PT","potentialAction":[{"@type":"ReadAction","target":["https:\/\/portaltela.pt\/noticias\/2026\/01\/31\/jpp-exige-que-hospital-dr-nelio-mendonca-permaneca-sob-gestao-publica\/"]}]},{"@type":"ImageObject","inLanguage":"pt-PT","@id":"https:\/\/portaltela.pt\/noticias\/2026\/01\/31\/jpp-exige-que-hospital-dr-nelio-mendonca-permaneca-sob-gestao-publica\/#primaryimage","url":"https:\/\/portaltela.pt\/s.01k8rhncp4jt1\/2026\/01\/unnamed-file-6293.jpg","contentUrl":"https:\/\/portaltela.pt\/s.01k8rhncp4jt1\/2026\/01\/unnamed-file-6293.jpg","width":796,"height":448,"caption":"JPP exige que Hospital Dr. N\u00e9lio Mendon\u00e7a continue sob gest\u00e3o p\u00fablica"},{"@type":"BreadcrumbList","@id":"https:\/\/portaltela.pt\/noticias\/2026\/01\/31\/jpp-exige-que-hospital-dr-nelio-mendonca-permaneca-sob-gestao-publica\/#breadcrumb","itemListElement":[{"@type":"ListItem","position":1,"name":"In\u00edcio","item":"https:\/\/portaltela.pt\/"},{"@type":"ListItem","position":2,"name":"JPP exige que Hospital Dr. N\u00e9lio Mendon\u00e7a permane\u00e7a sob gest\u00e3o p\u00fablica"}]},{"@type":"WebSite","@id":"https:\/\/portaltela.pt\/#website","url":"https:\/\/portaltela.pt\/","name":"Portal Tela Portugal","description":"","potentialAction":[{"@type":"SearchAction","target":{"@type":"EntryPoint","urlTemplate":"https:\/\/portaltela.pt\/?s={search_term_string}"},"query-input":{"@type":"PropertyValueSpecification","valueRequired":true,"valueName":"search_term_string"}}],"inLanguage":"pt-PT"},{"@type":"Person","@id":"https:\/\/portaltela.pt\/#\/schema\/person\/c4278d4a6028830caff9ee44b42d32ed","name":"Telinha","image":{"@type":"ImageObject","inLanguage":"pt-PT","@id":"https:\/\/portaltela.pt\/s.01k8rhncp4jt1\/2025\/11\/talking-bot-125x125.png","url":"https:\/\/portaltela.pt\/s.01k8rhncp4jt1\/2025\/11\/talking-bot-125x125.png","contentUrl":"https:\/\/portaltela.pt\/s.01k8rhncp4jt1\/2025\/11\/talking-bot-125x125.png","caption":"Telinha"},"sameAs":["https:\/\/portaltela.pt\/"],"url":"https:\/\/portaltela.pt\/por\/367410592786\/"}]}},"_links":{"self":[{"href":"https:\/\/portaltela.pt\/api\/wp\/v2\/posts\/186461","targetHints":{"allow":["GET"]}}],"collection":[{"href":"https:\/\/portaltela.pt\/api\/wp\/v2\/posts"}],"about":[{"href":"https:\/\/portaltela.pt\/api\/wp\/v2\/types\/post"}],"author":[{"embeddable":true,"href":"https:\/\/portaltela.pt\/api\/wp\/v2\/users\/2"}],"replies":[{"embeddable":true,"href":"https:\/\/portaltela.pt\/api\/wp\/v2\/comments?post=186461"}],"version-history":[{"count":0,"href":"https:\/\/portaltela.pt\/api\/wp\/v2\/posts\/186461\/revisions"}],"wp:featuredmedia":[{"embeddable":true,"href":"https:\/\/portaltela.pt\/api\/wp\/v2\/media\/186499"}],"wp:attachment":[{"href":"https:\/\/portaltela.pt\/api\/wp\/v2\/media?parent=186461"}],"wp:term":[{"taxonomy":"category","embeddable":true,"href":"https:\/\/portaltela.pt\/api\/wp\/v2\/categories?post=186461"},{"taxonomy":"post_tag","embeddable":true,"href":"https:\/\/portaltela.pt\/api\/wp\/v2\/tags?post=186461"}],"curies":[{"name":"wp","href":"https:\/\/api.w.org\/{rel}","templated":true}]}}