{"id":186430,"date":"2026-01-31T08:00:00","date_gmt":"2026-01-31T11:00:00","guid":{"rendered":"https:\/\/portaltela.pt\/noticias\/2026\/01\/31\/cuf-fecha-parceria-com-grupo-hpa-para-ampliar-cuidados-de-saude-no-alentejo\/"},"modified":"2026-01-31T08:00:00","modified_gmt":"2026-01-31T11:00:00","slug":"cuf-fecha-parceria-com-grupo-hpa-para-ampliar-cuidados-de-saude-no-alentejo","status":"publish","type":"post","link":"https:\/\/portaltela.pt\/noticias\/2026\/01\/31\/cuf-fecha-parceria-com-grupo-hpa-para-ampliar-cuidados-de-saude-no-alentejo\/","title":{"rendered":"CUF fecha parceria com Grupo HPA para ampliar cuidados de sa\u00fade no Alentejo"},"content":{"rendered":"<p>A CUF concluiu uma aquisi\u00e7\u00e3o maiorit\u00e1ria de 75% do Grupo HPA Sa\u00fade, consolidando uma parceria que expande a rede de cuidados de sa\u00fade no pa\u00eds. A opera\u00e7\u00e3o, conclu\u00edda esta ter\u00e7a-feira, envolve o operador com forte presen\u00e7a no Alentejo, Algarve e Madeira. O acordo foi assinado de manh\u00e3, marcando um passo estrat\u00e9gico para refor\u00e7ar a rede nacional de cuidados de sa\u00fade da CUF.<\/p>\n<p>A integra\u00e7\u00e3o deaceita a incorpora\u00e7\u00e3o da rede do Grupo HPA, que inclui hospitais e cl\u00ednicas situados no Alentejo. A CUF v\u00ea nesta opera\u00e7\u00e3o a oportunidade de ampliar a resposta \u00e0s necessidades de sa\u00fade locais, articulando servi\u00e7os com a rede nacional j\u00e1 existente.<\/p>\n<p>Segundo a CUF, a parceria permite levar para novas geografias a experi\u00eancia de oito d\u00e9cadas no setor. Tamb\u00e9m valoriza o trabalho das equipas do Grupo HPA e refor\u00e7a a liga\u00e7\u00e3o com as comunidades onde atuam.<\/p>\n<p>O presidente da Comiss\u00e3o Executiva da CUF, Rui Diniz, descreveu a parceria como um momento relevante para a empresa. Destacou a possibilidade de alargar e aprofundar a oferta de cuidados \u00e0s popula\u00e7\u00f5es.<\/p>\n<p>Fundado em 1996, o Grupo HPA Sa\u00fade \u00e9 um operador s\u00f3lido no panorama hospitalar portugu\u00eas. Comp\u00f5e-se de cinco hospitais e 17 cl\u00ednicas no Alentejo, Algarve e Madeira, com v\u00e1rias especialidades.<\/p>\n<p>A CUF refor\u00e7a o seu mapa nacional, passando a totalizar 66 unidades de sa\u00fade, incluindo 17 hospitais, 35 cl\u00ednicas, 13 centros de sa\u00fade e um instituto. A rede passa a abranger todas as regi\u00f5es do pa\u00eds.<\/p>\n<p>A parceria fortalece a presen\u00e7a hospitalar no Alentejo, mantendo a ambi\u00e7\u00e3o de cobertura integrada e de resposta coordenada em todo o territ\u00f3rio nacional. O acordo n\u00e3o altera a posi\u00e7\u00e3o de mercado de terceiros.<\/p>\n","protected":false},"excerpt":{"rendered":"<ul>\n<li>A CUF concluiu a aquisi\u00e7\u00e3o de 75% do Grupo HPA Sa\u00fade, tornando-se o acionista maiorit\u00e1rio do operador hospitalar com forte implanta\u00e7\u00e3o no Alentejo, Algarve e Madeira.<\/li>\n<li>O contrato de compra e venda foi assinado na manh\u00e3 de hoje, formalizando uma parceria que amplia a presen\u00e7a territorial da CUF e a capacidade de resposta em v\u00e1rias regi\u00f5es, incluindo o Alentejo.<\/li>\n<li>A integra\u00e7\u00e3o refor\u00e7a a resposta no Alentejo, permitindo que a CUF incorpore a rede do Grupo HPA e garanta acesso articulado \u00e0 rede nacional de cuidados de sa\u00fade.<\/li>\n<li>O Grupo HPA Sa\u00fade, fundado em 1996, opera cinco hospitais e 17 cl\u00ednicas distribu\u00eddos pelo Alentejo, Algarve e Madeira, com equipas cl\u00ednicas diferenciadas.<\/li>\n<li>Com a opera\u00e7\u00e3o, a rede CUF passa a reunir 66 unidades de sa\u00fade em todo o pa\u00eds, passando a estar presente em Norte, Centro, Lisboa, Alentejo, Algarve, A\u00e7ores e Madeira.<\/li>\n<\/ul>\n","protected":false},"author":2,"featured_media":186440,"comment_status":"closed","ping_status":"closed","sticky":false,"template":"","format":"standard","meta":{"footnotes":""},"categories":[1],"tags":[883,928,4929,2581,859,172],"class_list":["post-186430","post","type-post","status-publish","format-standard","has-post-thumbnail","hentry","category-noticias","tag-alentejo","tag-algarve","tag-clinicas","tag-hospitais","tag-madeira","tag-saude"],"yoast_head":"<!-- This site is optimized with the Yoast SEO plugin v27.2 - https:\/\/yoast.com\/product\/yoast-seo-wordpress\/ -->\n<title>CUF fecha parceria com Grupo HPA para ampliar cuidados de sa\u00fade no Alentejo - Portal Tela Portugal<\/title>\n<meta name=\"robots\" content=\"index, follow, max-snippet:-1, max-image-preview:large, max-video-preview:-1\" \/>\n<meta property=\"og:locale\" content=\"pt_PT\" \/>\n<meta property=\"og:type\" content=\"article\" \/>\n<meta property=\"og:title\" content=\"CUF fecha parceria com Grupo HPA para ampliar cuidados de sa\u00fade no Alentejo - Portal Tela Portugal\" \/>\n<meta property=\"og:description\" content=\"A CUF concluiu a aquisi\u00e7\u00e3o de 75% do Grupo HPA Sa\u00fade, tornando-se o acionista maiorit\u00e1rio do operador hospitalar com forte implanta\u00e7\u00e3o no Alentejo, Algarve e Madeira. O contrato de compra e venda foi assinado na manh\u00e3 de hoje, formalizando uma parceria que amplia a presen\u00e7a territorial da CUF e a capacidade de resposta em v\u00e1rias regi\u00f5es, incluindo o Alentejo. A integra\u00e7\u00e3o refor\u00e7a a resposta no Alentejo, permitindo que a CUF incorpore a rede do Grupo HPA e garanta acesso articulado \u00e0 rede nacional de cuidados de sa\u00fade. O Grupo HPA Sa\u00fade, fundado em 1996, opera cinco hospitais e 17 cl\u00ednicas distribu\u00eddos pelo Alentejo, Algarve e Madeira, com equipas cl\u00ednicas diferenciadas. Com a opera\u00e7\u00e3o, a rede CUF passa a reunir 66 unidades de sa\u00fade em todo o pa\u00eds, passando a estar presente em Norte, Centro, Lisboa, Alentejo, Algarve, A\u00e7ores e Madeira.\" \/>\n<meta property=\"og:url\" content=\"https:\/\/portaltela.pt\/noticias\/2026\/01\/31\/cuf-fecha-parceria-com-grupo-hpa-para-ampliar-cuidados-de-saude-no-alentejo\/\" \/>\n<meta property=\"og:site_name\" content=\"Portal Tela Portugal\" \/>\n<meta property=\"article:published_time\" content=\"2026-01-31T11:00:00+00:00\" \/>\n<meta name=\"author\" content=\"Telinha\" \/>\n<meta name=\"twitter:card\" content=\"summary_large_image\" \/>\n<meta name=\"twitter:label1\" content=\"Escrito por\" \/>\n\t<meta name=\"twitter:data1\" content=\"Telinha\" \/>\n\t<meta name=\"twitter:label2\" content=\"Tempo estimado de leitura\" \/>\n\t<meta name=\"twitter:data2\" content=\"2 minutos\" \/>\n<script type=\"application\/ld+json\" class=\"yoast-schema-graph\">{\"@context\":\"https:\/\/schema.org\",\"@graph\":[{\"@type\":\"Article\",\"@id\":\"https:\/\/portaltela.pt\/noticias\/2026\/01\/31\/cuf-fecha-parceria-com-grupo-hpa-para-ampliar-cuidados-de-saude-no-alentejo\/#article\",\"isPartOf\":{\"@id\":\"https:\/\/portaltela.pt\/noticias\/2026\/01\/31\/cuf-fecha-parceria-com-grupo-hpa-para-ampliar-cuidados-de-saude-no-alentejo\/\"},\"author\":{\"name\":\"Telinha\",\"@id\":\"https:\/\/portaltela.pt\/#\/schema\/person\/c4278d4a6028830caff9ee44b42d32ed\"},\"headline\":\"CUF fecha parceria com Grupo HPA para ampliar cuidados de sa\u00fade no Alentejo\",\"datePublished\":\"2026-01-31T11:00:00+00:00\",\"mainEntityOfPage\":{\"@id\":\"https:\/\/portaltela.pt\/noticias\/2026\/01\/31\/cuf-fecha-parceria-com-grupo-hpa-para-ampliar-cuidados-de-saude-no-alentejo\/\"},\"wordCount\":318,\"image\":{\"@id\":\"https:\/\/portaltela.pt\/noticias\/2026\/01\/31\/cuf-fecha-parceria-com-grupo-hpa-para-ampliar-cuidados-de-saude-no-alentejo\/#primaryimage\"},\"thumbnailUrl\":\"https:\/\/portaltela.pt\/s.01k8rhncp4jt1\/2026\/01\/unnamed-file-6288.jpg\",\"keywords\":[\"Alentejo\",\"Algarve\",\"cl\u00ednicas\",\"hospitais\",\"Madeira\",\"sa\u00fade\"],\"articleSection\":[\"Not\u00edcias\"],\"inLanguage\":\"pt-PT\"},{\"@type\":\"WebPage\",\"@id\":\"https:\/\/portaltela.pt\/noticias\/2026\/01\/31\/cuf-fecha-parceria-com-grupo-hpa-para-ampliar-cuidados-de-saude-no-alentejo\/\",\"url\":\"https:\/\/portaltela.pt\/noticias\/2026\/01\/31\/cuf-fecha-parceria-com-grupo-hpa-para-ampliar-cuidados-de-saude-no-alentejo\/\",\"name\":\"CUF fecha parceria com Grupo HPA para ampliar cuidados de sa\u00fade no Alentejo - Portal Tela Portugal\",\"isPartOf\":{\"@id\":\"https:\/\/portaltela.pt\/#website\"},\"primaryImageOfPage\":{\"@id\":\"https:\/\/portaltela.pt\/noticias\/2026\/01\/31\/cuf-fecha-parceria-com-grupo-hpa-para-ampliar-cuidados-de-saude-no-alentejo\/#primaryimage\"},\"image\":{\"@id\":\"https:\/\/portaltela.pt\/noticias\/2026\/01\/31\/cuf-fecha-parceria-com-grupo-hpa-para-ampliar-cuidados-de-saude-no-alentejo\/#primaryimage\"},\"thumbnailUrl\":\"https:\/\/portaltela.pt\/s.01k8rhncp4jt1\/2026\/01\/unnamed-file-6288.jpg\",\"datePublished\":\"2026-01-31T11:00:00+00:00\",\"author\":{\"@id\":\"https:\/\/portaltela.pt\/#\/schema\/person\/c4278d4a6028830caff9ee44b42d32ed\"},\"breadcrumb\":{\"@id\":\"https:\/\/portaltela.pt\/noticias\/2026\/01\/31\/cuf-fecha-parceria-com-grupo-hpa-para-ampliar-cuidados-de-saude-no-alentejo\/#breadcrumb\"},\"inLanguage\":\"pt-PT\",\"potentialAction\":[{\"@type\":\"ReadAction\",\"target\":[\"https:\/\/portaltela.pt\/noticias\/2026\/01\/31\/cuf-fecha-parceria-com-grupo-hpa-para-ampliar-cuidados-de-saude-no-alentejo\/\"]}]},{\"@type\":\"ImageObject\",\"inLanguage\":\"pt-PT\",\"@id\":\"https:\/\/portaltela.pt\/noticias\/2026\/01\/31\/cuf-fecha-parceria-com-grupo-hpa-para-ampliar-cuidados-de-saude-no-alentejo\/#primaryimage\",\"url\":\"https:\/\/portaltela.pt\/s.01k8rhncp4jt1\/2026\/01\/unnamed-file-6288.jpg\",\"contentUrl\":\"https:\/\/portaltela.pt\/s.01k8rhncp4jt1\/2026\/01\/unnamed-file-6288.jpg\",\"width\":796,\"height\":448,\"caption\":\"CUF concretiza parceria com Grupo HPA e expande cuidados de sa\u00fade no Alentejo\"},{\"@type\":\"BreadcrumbList\",\"@id\":\"https:\/\/portaltela.pt\/noticias\/2026\/01\/31\/cuf-fecha-parceria-com-grupo-hpa-para-ampliar-cuidados-de-saude-no-alentejo\/#breadcrumb\",\"itemListElement\":[{\"@type\":\"ListItem\",\"position\":1,\"name\":\"In\u00edcio\",\"item\":\"https:\/\/portaltela.pt\/\"},{\"@type\":\"ListItem\",\"position\":2,\"name\":\"CUF fecha parceria com Grupo HPA para ampliar cuidados de sa\u00fade no Alentejo\"}]},{\"@type\":\"WebSite\",\"@id\":\"https:\/\/portaltela.pt\/#website\",\"url\":\"https:\/\/portaltela.pt\/\",\"name\":\"Portal Tela Portugal\",\"description\":\"\",\"potentialAction\":[{\"@type\":\"SearchAction\",\"target\":{\"@type\":\"EntryPoint\",\"urlTemplate\":\"https:\/\/portaltela.pt\/?s={search_term_string}\"},\"query-input\":{\"@type\":\"PropertyValueSpecification\",\"valueRequired\":true,\"valueName\":\"search_term_string\"}}],\"inLanguage\":\"pt-PT\"},{\"@type\":\"Person\",\"@id\":\"https:\/\/portaltela.pt\/#\/schema\/person\/c4278d4a6028830caff9ee44b42d32ed\",\"name\":\"Telinha\",\"image\":{\"@type\":\"ImageObject\",\"inLanguage\":\"pt-PT\",\"@id\":\"https:\/\/portaltela.pt\/s.01k8rhncp4jt1\/2025\/11\/talking-bot-125x125.png\",\"url\":\"https:\/\/portaltela.pt\/s.01k8rhncp4jt1\/2025\/11\/talking-bot-125x125.png\",\"contentUrl\":\"https:\/\/portaltela.pt\/s.01k8rhncp4jt1\/2025\/11\/talking-bot-125x125.png\",\"caption\":\"Telinha\"},\"sameAs\":[\"https:\/\/portaltela.pt\/\"],\"url\":\"https:\/\/portaltela.pt\/por\/367410592786\/\"}]}<\/script>\n<!-- \/ Yoast SEO plugin. -->","yoast_head_json":{"title":"CUF fecha parceria com Grupo HPA para ampliar cuidados de sa\u00fade no Alentejo - Portal Tela Portugal","robots":{"index":"index","follow":"follow","max-snippet":"max-snippet:-1","max-image-preview":"max-image-preview:large","max-video-preview":"max-video-preview:-1"},"og_locale":"pt_PT","og_type":"article","og_title":"CUF fecha parceria com Grupo HPA para ampliar cuidados de sa\u00fade no Alentejo - Portal Tela Portugal","og_description":"A CUF concluiu a aquisi\u00e7\u00e3o de 75% do Grupo HPA Sa\u00fade, tornando-se o acionista maiorit\u00e1rio do operador hospitalar com forte implanta\u00e7\u00e3o no Alentejo, Algarve e Madeira. O contrato de compra e venda foi assinado na manh\u00e3 de hoje, formalizando uma parceria que amplia a presen\u00e7a territorial da CUF e a capacidade de resposta em v\u00e1rias regi\u00f5es, incluindo o Alentejo. A integra\u00e7\u00e3o refor\u00e7a a resposta no Alentejo, permitindo que a CUF incorpore a rede do Grupo HPA e garanta acesso articulado \u00e0 rede nacional de cuidados de sa\u00fade. O Grupo HPA Sa\u00fade, fundado em 1996, opera cinco hospitais e 17 cl\u00ednicas distribu\u00eddos pelo Alentejo, Algarve e Madeira, com equipas cl\u00ednicas diferenciadas. Com a opera\u00e7\u00e3o, a rede CUF passa a reunir 66 unidades de sa\u00fade em todo o pa\u00eds, passando a estar presente em Norte, Centro, Lisboa, Alentejo, Algarve, A\u00e7ores e Madeira.","og_url":"https:\/\/portaltela.pt\/noticias\/2026\/01\/31\/cuf-fecha-parceria-com-grupo-hpa-para-ampliar-cuidados-de-saude-no-alentejo\/","og_site_name":"Portal Tela Portugal","article_published_time":"2026-01-31T11:00:00+00:00","author":"Telinha","twitter_card":"summary_large_image","twitter_misc":{"Escrito por":"Telinha","Tempo estimado de leitura":"2 minutos"},"schema":{"@context":"https:\/\/schema.org","@graph":[{"@type":"Article","@id":"https:\/\/portaltela.pt\/noticias\/2026\/01\/31\/cuf-fecha-parceria-com-grupo-hpa-para-ampliar-cuidados-de-saude-no-alentejo\/#article","isPartOf":{"@id":"https:\/\/portaltela.pt\/noticias\/2026\/01\/31\/cuf-fecha-parceria-com-grupo-hpa-para-ampliar-cuidados-de-saude-no-alentejo\/"},"author":{"name":"Telinha","@id":"https:\/\/portaltela.pt\/#\/schema\/person\/c4278d4a6028830caff9ee44b42d32ed"},"headline":"CUF fecha parceria com Grupo HPA para ampliar cuidados de sa\u00fade no Alentejo","datePublished":"2026-01-31T11:00:00+00:00","mainEntityOfPage":{"@id":"https:\/\/portaltela.pt\/noticias\/2026\/01\/31\/cuf-fecha-parceria-com-grupo-hpa-para-ampliar-cuidados-de-saude-no-alentejo\/"},"wordCount":318,"image":{"@id":"https:\/\/portaltela.pt\/noticias\/2026\/01\/31\/cuf-fecha-parceria-com-grupo-hpa-para-ampliar-cuidados-de-saude-no-alentejo\/#primaryimage"},"thumbnailUrl":"https:\/\/portaltela.pt\/s.01k8rhncp4jt1\/2026\/01\/unnamed-file-6288.jpg","keywords":["Alentejo","Algarve","cl\u00ednicas","hospitais","Madeira","sa\u00fade"],"articleSection":["Not\u00edcias"],"inLanguage":"pt-PT"},{"@type":"WebPage","@id":"https:\/\/portaltela.pt\/noticias\/2026\/01\/31\/cuf-fecha-parceria-com-grupo-hpa-para-ampliar-cuidados-de-saude-no-alentejo\/","url":"https:\/\/portaltela.pt\/noticias\/2026\/01\/31\/cuf-fecha-parceria-com-grupo-hpa-para-ampliar-cuidados-de-saude-no-alentejo\/","name":"CUF fecha parceria com Grupo HPA para ampliar cuidados de sa\u00fade no Alentejo - Portal Tela Portugal","isPartOf":{"@id":"https:\/\/portaltela.pt\/#website"},"primaryImageOfPage":{"@id":"https:\/\/portaltela.pt\/noticias\/2026\/01\/31\/cuf-fecha-parceria-com-grupo-hpa-para-ampliar-cuidados-de-saude-no-alentejo\/#primaryimage"},"image":{"@id":"https:\/\/portaltela.pt\/noticias\/2026\/01\/31\/cuf-fecha-parceria-com-grupo-hpa-para-ampliar-cuidados-de-saude-no-alentejo\/#primaryimage"},"thumbnailUrl":"https:\/\/portaltela.pt\/s.01k8rhncp4jt1\/2026\/01\/unnamed-file-6288.jpg","datePublished":"2026-01-31T11:00:00+00:00","author":{"@id":"https:\/\/portaltela.pt\/#\/schema\/person\/c4278d4a6028830caff9ee44b42d32ed"},"breadcrumb":{"@id":"https:\/\/portaltela.pt\/noticias\/2026\/01\/31\/cuf-fecha-parceria-com-grupo-hpa-para-ampliar-cuidados-de-saude-no-alentejo\/#breadcrumb"},"inLanguage":"pt-PT","potentialAction":[{"@type":"ReadAction","target":["https:\/\/portaltela.pt\/noticias\/2026\/01\/31\/cuf-fecha-parceria-com-grupo-hpa-para-ampliar-cuidados-de-saude-no-alentejo\/"]}]},{"@type":"ImageObject","inLanguage":"pt-PT","@id":"https:\/\/portaltela.pt\/noticias\/2026\/01\/31\/cuf-fecha-parceria-com-grupo-hpa-para-ampliar-cuidados-de-saude-no-alentejo\/#primaryimage","url":"https:\/\/portaltela.pt\/s.01k8rhncp4jt1\/2026\/01\/unnamed-file-6288.jpg","contentUrl":"https:\/\/portaltela.pt\/s.01k8rhncp4jt1\/2026\/01\/unnamed-file-6288.jpg","width":796,"height":448,"caption":"CUF concretiza parceria com Grupo HPA e expande cuidados de sa\u00fade no Alentejo"},{"@type":"BreadcrumbList","@id":"https:\/\/portaltela.pt\/noticias\/2026\/01\/31\/cuf-fecha-parceria-com-grupo-hpa-para-ampliar-cuidados-de-saude-no-alentejo\/#breadcrumb","itemListElement":[{"@type":"ListItem","position":1,"name":"In\u00edcio","item":"https:\/\/portaltela.pt\/"},{"@type":"ListItem","position":2,"name":"CUF fecha parceria com Grupo HPA para ampliar cuidados de sa\u00fade no Alentejo"}]},{"@type":"WebSite","@id":"https:\/\/portaltela.pt\/#website","url":"https:\/\/portaltela.pt\/","name":"Portal Tela Portugal","description":"","potentialAction":[{"@type":"SearchAction","target":{"@type":"EntryPoint","urlTemplate":"https:\/\/portaltela.pt\/?s={search_term_string}"},"query-input":{"@type":"PropertyValueSpecification","valueRequired":true,"valueName":"search_term_string"}}],"inLanguage":"pt-PT"},{"@type":"Person","@id":"https:\/\/portaltela.pt\/#\/schema\/person\/c4278d4a6028830caff9ee44b42d32ed","name":"Telinha","image":{"@type":"ImageObject","inLanguage":"pt-PT","@id":"https:\/\/portaltela.pt\/s.01k8rhncp4jt1\/2025\/11\/talking-bot-125x125.png","url":"https:\/\/portaltela.pt\/s.01k8rhncp4jt1\/2025\/11\/talking-bot-125x125.png","contentUrl":"https:\/\/portaltela.pt\/s.01k8rhncp4jt1\/2025\/11\/talking-bot-125x125.png","caption":"Telinha"},"sameAs":["https:\/\/portaltela.pt\/"],"url":"https:\/\/portaltela.pt\/por\/367410592786\/"}]}},"_links":{"self":[{"href":"https:\/\/portaltela.pt\/api\/wp\/v2\/posts\/186430","targetHints":{"allow":["GET"]}}],"collection":[{"href":"https:\/\/portaltela.pt\/api\/wp\/v2\/posts"}],"about":[{"href":"https:\/\/portaltela.pt\/api\/wp\/v2\/types\/post"}],"author":[{"embeddable":true,"href":"https:\/\/portaltela.pt\/api\/wp\/v2\/users\/2"}],"replies":[{"embeddable":true,"href":"https:\/\/portaltela.pt\/api\/wp\/v2\/comments?post=186430"}],"version-history":[{"count":0,"href":"https:\/\/portaltela.pt\/api\/wp\/v2\/posts\/186430\/revisions"}],"wp:featuredmedia":[{"embeddable":true,"href":"https:\/\/portaltela.pt\/api\/wp\/v2\/media\/186440"}],"wp:attachment":[{"href":"https:\/\/portaltela.pt\/api\/wp\/v2\/media?parent=186430"}],"wp:term":[{"taxonomy":"category","embeddable":true,"href":"https:\/\/portaltela.pt\/api\/wp\/v2\/categories?post=186430"},{"taxonomy":"post_tag","embeddable":true,"href":"https:\/\/portaltela.pt\/api\/wp\/v2\/tags?post=186430"}],"curies":[{"name":"wp","href":"https:\/\/api.w.org\/{rel}","templated":true}]}}