{"id":186394,"date":"2026-01-31T07:32:00","date_gmt":"2026-01-31T10:32:00","guid":{"rendered":"https:\/\/portaltela.pt\/noticias\/2026\/01\/31\/ppm-critica-inadimplemento-da-lei-de-continuidade-territorial-em-regioes-autonomas\/"},"modified":"2026-01-31T07:32:00","modified_gmt":"2026-01-31T10:32:00","slug":"ppm-critica-inadimplemento-da-lei-de-continuidade-territorial-em-regioes-autonomas","status":"publish","type":"post","link":"https:\/\/portaltela.pt\/noticias\/politica\/2026\/01\/31\/ppm-critica-inadimplemento-da-lei-de-continuidade-territorial-em-regioes-autonomas\/","title":{"rendered":"PPM critica inadimplemento da lei de continuidade territorial em regi\u00f5es aut\u00f3nomas"},"content":{"rendered":"<p>O Partido Popular Mon\u00e1rquico (PPM) da Madeira acusa o Governo central de n\u00e3o atuar em conformidade com a Lei Org\u00e2nica n.\u00ba 2\/2013 e com o Estatuto Pol\u00edtico-Administrativo dos A\u00e7ores e da Madeira. A legisla\u00e7\u00e3o visa corrigir desigualdades provocadas pela insularidade e pelo afastamento das regi\u00f5es ultraperif\u00e9ricas do continente.<\/p>\n<p>Para o PPM, estas normas obrigam o Estado a assegurar igualdade de direitos e custos, especialmente na mobilidade dos residentes das ilhas. Alega que a Constitui\u00e7\u00e3o garante, aos habitantes das regi\u00f5es aut\u00f3nomas, a mesma liberdade de desloca\u00e7\u00e3o que aos cidad\u00e3os do continente.<\/p>\n<p>Em comunicado enviado \u00e0s redac\u00e7\u00f5es, o partido critica que a linha a\u00e9rea Bragan\u00e7a-Algarve recebe perto de 13 milh\u00f5es de euros em subs\u00eddios, enquanto os residentes das ilhas s\u00e3o condicionados por d\u00edvidas fiscais ou \u00e0 Seguran\u00e7a Social para aceder a apoios de mobilidade, o que consideram discriminat\u00f3rio.<\/p>\n<h3>Propostas do PPM<\/h3>\n<p>O PPM sustenta que a privatiza\u00e7\u00e3o da \u00fanica companhia a\u00e9rea de bandeira pode complicar acordos de subs\u00eddio de mobilidade para as regi\u00f5es aut\u00f3nomas. Prop\u00f5e, em alternativa, uma linha de ferry entre o continente e a Madeira, Porto Santo e A\u00e7ores, com poss\u00edvel liga\u00e7\u00e3o \u00e0s Ilhas Can\u00e1rias, mediante acordo com o Governo de Espanha.<\/p>\n<p>O partido recorda que um armador operou entre 2006 e 2011 a rota Canarias\u2013Madeira\u2013Portim\u00e3o, transportando passageiros e carga de forma regular. Paulo Brito, coordenador do PPM Madeira, afirma que o lan\u00e7amento de um concurso para uma linha ferry facilitaria a mobilidade e cumpriria a lei da continuidade territorial.<\/p>\n","protected":false},"excerpt":{"rendered":"<ul>\n<li>O PPM Madeira critica o Governo central por n\u00e3o atuar conforme a Lei Org\u00e2nica n.\u00ba 2\/2013 e o Estatuto Pol\u00edtico-Administrativo dos A\u00e7ores e da Madeira, para reduzir desigualdades provocadas pela insularidade.<\/li>\n<li>O partido sustenta que as normas devem garantir igualdade de direitos e de custos, incluindo a mobilidade dos residentes das ilhas, conforme a Constitui\u00e7\u00e3o.<\/li>\n<li>O PPM afirma que a linha Bragan\u00e7a\u2013Algarve recebe cerca de 13 milh\u00f5es de euros em subs\u00eddio, enquanto aos residentes das ilhas se exige a inexist\u00eancia de d\u00edvidas fiscais ou \u00e0 Seguran\u00e7a Social para terem apoios de mobilidade, o que qualificam de discriminat\u00f3rio.<\/li>\n<li>Alertam que a privatiza\u00e7\u00e3o da \u00fanica companhia a\u00e9rea de bandeira pode dificultar acordos de subs\u00eddio de mobilidade para as regi\u00f5es aut\u00f3nomas, sugerindo uma linha de ferry entre o continente, Madeira, Porto Santo e A\u00e7ores e poss\u00edvel liga\u00e7\u00e3o \u00e0s Ilhas Can\u00e1rias.<\/li>\n<li>O coordenador do PPM Madeira, Paulo Brito, afirma que lan\u00e7ar um concurso para uma linha ferry facilitaria a mobilidade dos residentes e cumpriria a lei da continuidade territorial.<\/li>\n<\/ul>\n","protected":false},"author":2,"featured_media":186418,"comment_status":"closed","ping_status":"closed","sticky":false,"template":"","format":"standard","meta":{"footnotes":""},"categories":[1,5],"tags":[822,2625,1870,859,2110,192],"class_list":["post-186394","post","type-post","status-publish","format-standard","has-post-thumbnail","hentry","category-noticias","category-politica","tag-acores","tag-aeronautica","tag-continuidade-territorial","tag-madeira","tag-mobilidade","tag-transporte"],"yoast_head":"<!-- This site is optimized with the Yoast SEO plugin v27.2 - https:\/\/yoast.com\/product\/yoast-seo-wordpress\/ -->\n<title>PPM critica inadimplemento da lei de continuidade territorial em regi\u00f5es aut\u00f3nomas - Portal Tela Portugal<\/title>\n<meta name=\"robots\" content=\"index, follow, max-snippet:-1, max-image-preview:large, max-video-preview:-1\" \/>\n<meta property=\"og:locale\" content=\"pt_PT\" \/>\n<meta property=\"og:type\" content=\"article\" \/>\n<meta property=\"og:title\" content=\"PPM critica inadimplemento da lei de continuidade territorial em regi\u00f5es aut\u00f3nomas - Portal Tela Portugal\" \/>\n<meta property=\"og:description\" content=\"O PPM Madeira critica o Governo central por n\u00e3o atuar conforme a Lei Org\u00e2nica n.\u00ba 2\/2013 e o Estatuto Pol\u00edtico-Administrativo dos A\u00e7ores e da Madeira, para reduzir desigualdades provocadas pela insularidade. O partido sustenta que as normas devem garantir igualdade de direitos e de custos, incluindo a mobilidade dos residentes das ilhas, conforme a Constitui\u00e7\u00e3o. O PPM afirma que a linha Bragan\u00e7a\u2013Algarve recebe cerca de 13 milh\u00f5es de euros em subs\u00eddio, enquanto aos residentes das ilhas se exige a inexist\u00eancia de d\u00edvidas fiscais ou \u00e0 Seguran\u00e7a Social para terem apoios de mobilidade, o que qualificam de discriminat\u00f3rio. Alertam que a privatiza\u00e7\u00e3o da \u00fanica companhia a\u00e9rea de bandeira pode dificultar acordos de subs\u00eddio de mobilidade para as regi\u00f5es aut\u00f3nomas, sugerindo uma linha de ferry entre o continente, Madeira, Porto Santo e A\u00e7ores e poss\u00edvel liga\u00e7\u00e3o \u00e0s Ilhas Can\u00e1rias. O coordenador do PPM Madeira, Paulo Brito, afirma que lan\u00e7ar um concurso para uma linha ferry facilitaria a mobilidade dos residentes e cumpriria a lei da continuidade territorial.\" \/>\n<meta property=\"og:url\" content=\"https:\/\/portaltela.pt\/noticias\/2026\/01\/31\/ppm-critica-inadimplemento-da-lei-de-continuidade-territorial-em-regioes-autonomas\/\" \/>\n<meta property=\"og:site_name\" content=\"Portal Tela Portugal\" \/>\n<meta property=\"article:published_time\" content=\"2026-01-31T10:32:00+00:00\" \/>\n<meta name=\"author\" content=\"Telinha\" \/>\n<meta name=\"twitter:card\" content=\"summary_large_image\" \/>\n<meta name=\"twitter:label1\" content=\"Escrito por\" \/>\n\t<meta name=\"twitter:data1\" content=\"Telinha\" \/>\n\t<meta name=\"twitter:label2\" content=\"Tempo estimado de leitura\" \/>\n\t<meta name=\"twitter:data2\" content=\"1 minuto\" \/>\n<script type=\"application\/ld+json\" class=\"yoast-schema-graph\">{\"@context\":\"https:\/\/schema.org\",\"@graph\":[{\"@type\":\"Article\",\"@id\":\"https:\/\/portaltela.pt\/noticias\/2026\/01\/31\/ppm-critica-inadimplemento-da-lei-de-continuidade-territorial-em-regioes-autonomas\/#article\",\"isPartOf\":{\"@id\":\"https:\/\/portaltela.pt\/noticias\/2026\/01\/31\/ppm-critica-inadimplemento-da-lei-de-continuidade-territorial-em-regioes-autonomas\/\"},\"author\":{\"name\":\"Telinha\",\"@id\":\"https:\/\/portaltela.pt\/#\/schema\/person\/c4278d4a6028830caff9ee44b42d32ed\"},\"headline\":\"PPM critica inadimplemento da lei de continuidade territorial em regi\u00f5es aut\u00f3nomas\",\"datePublished\":\"2026-01-31T10:32:00+00:00\",\"mainEntityOfPage\":{\"@id\":\"https:\/\/portaltela.pt\/noticias\/2026\/01\/31\/ppm-critica-inadimplemento-da-lei-de-continuidade-territorial-em-regioes-autonomas\/\"},\"wordCount\":284,\"image\":{\"@id\":\"https:\/\/portaltela.pt\/noticias\/2026\/01\/31\/ppm-critica-inadimplemento-da-lei-de-continuidade-territorial-em-regioes-autonomas\/#primaryimage\"},\"thumbnailUrl\":\"https:\/\/portaltela.pt\/s.01k8rhncp4jt1\/2026\/01\/unnamed-file-6286.jpg\",\"keywords\":[\"A\u00e7ores\",\"aeron\u00e1utica\",\"Continuidade Territorial\",\"Madeira\",\"mobilidade\",\"transporte\"],\"articleSection\":[\"Not\u00edcias\",\"Pol\u00edtica\"],\"inLanguage\":\"pt-PT\"},{\"@type\":\"WebPage\",\"@id\":\"https:\/\/portaltela.pt\/noticias\/2026\/01\/31\/ppm-critica-inadimplemento-da-lei-de-continuidade-territorial-em-regioes-autonomas\/\",\"url\":\"https:\/\/portaltela.pt\/noticias\/2026\/01\/31\/ppm-critica-inadimplemento-da-lei-de-continuidade-territorial-em-regioes-autonomas\/\",\"name\":\"PPM critica inadimplemento da lei de continuidade territorial em regi\u00f5es aut\u00f3nomas - Portal Tela Portugal\",\"isPartOf\":{\"@id\":\"https:\/\/portaltela.pt\/#website\"},\"primaryImageOfPage\":{\"@id\":\"https:\/\/portaltela.pt\/noticias\/2026\/01\/31\/ppm-critica-inadimplemento-da-lei-de-continuidade-territorial-em-regioes-autonomas\/#primaryimage\"},\"image\":{\"@id\":\"https:\/\/portaltela.pt\/noticias\/2026\/01\/31\/ppm-critica-inadimplemento-da-lei-de-continuidade-territorial-em-regioes-autonomas\/#primaryimage\"},\"thumbnailUrl\":\"https:\/\/portaltela.pt\/s.01k8rhncp4jt1\/2026\/01\/unnamed-file-6286.jpg\",\"datePublished\":\"2026-01-31T10:32:00+00:00\",\"author\":{\"@id\":\"https:\/\/portaltela.pt\/#\/schema\/person\/c4278d4a6028830caff9ee44b42d32ed\"},\"breadcrumb\":{\"@id\":\"https:\/\/portaltela.pt\/noticias\/2026\/01\/31\/ppm-critica-inadimplemento-da-lei-de-continuidade-territorial-em-regioes-autonomas\/#breadcrumb\"},\"inLanguage\":\"pt-PT\",\"potentialAction\":[{\"@type\":\"ReadAction\",\"target\":[\"https:\/\/portaltela.pt\/noticias\/2026\/01\/31\/ppm-critica-inadimplemento-da-lei-de-continuidade-territorial-em-regioes-autonomas\/\"]}]},{\"@type\":\"ImageObject\",\"inLanguage\":\"pt-PT\",\"@id\":\"https:\/\/portaltela.pt\/noticias\/2026\/01\/31\/ppm-critica-inadimplemento-da-lei-de-continuidade-territorial-em-regioes-autonomas\/#primaryimage\",\"url\":\"https:\/\/portaltela.pt\/s.01k8rhncp4jt1\/2026\/01\/unnamed-file-6286.jpg\",\"contentUrl\":\"https:\/\/portaltela.pt\/s.01k8rhncp4jt1\/2026\/01\/unnamed-file-6286.jpg\",\"width\":796,\"height\":448,\"caption\":\"PPM critica incumprimento da lei da continuidade territorial nas Regi\u00f5es Aut\u00f3nomas\"},{\"@type\":\"BreadcrumbList\",\"@id\":\"https:\/\/portaltela.pt\/noticias\/2026\/01\/31\/ppm-critica-inadimplemento-da-lei-de-continuidade-territorial-em-regioes-autonomas\/#breadcrumb\",\"itemListElement\":[{\"@type\":\"ListItem\",\"position\":1,\"name\":\"In\u00edcio\",\"item\":\"https:\/\/portaltela.pt\/\"},{\"@type\":\"ListItem\",\"position\":2,\"name\":\"PPM critica inadimplemento da lei de continuidade territorial em regi\u00f5es aut\u00f3nomas\"}]},{\"@type\":\"WebSite\",\"@id\":\"https:\/\/portaltela.pt\/#website\",\"url\":\"https:\/\/portaltela.pt\/\",\"name\":\"Portal Tela Portugal\",\"description\":\"\",\"potentialAction\":[{\"@type\":\"SearchAction\",\"target\":{\"@type\":\"EntryPoint\",\"urlTemplate\":\"https:\/\/portaltela.pt\/?s={search_term_string}\"},\"query-input\":{\"@type\":\"PropertyValueSpecification\",\"valueRequired\":true,\"valueName\":\"search_term_string\"}}],\"inLanguage\":\"pt-PT\"},{\"@type\":\"Person\",\"@id\":\"https:\/\/portaltela.pt\/#\/schema\/person\/c4278d4a6028830caff9ee44b42d32ed\",\"name\":\"Telinha\",\"image\":{\"@type\":\"ImageObject\",\"inLanguage\":\"pt-PT\",\"@id\":\"https:\/\/portaltela.pt\/s.01k8rhncp4jt1\/2025\/11\/talking-bot-125x125.png\",\"url\":\"https:\/\/portaltela.pt\/s.01k8rhncp4jt1\/2025\/11\/talking-bot-125x125.png\",\"contentUrl\":\"https:\/\/portaltela.pt\/s.01k8rhncp4jt1\/2025\/11\/talking-bot-125x125.png\",\"caption\":\"Telinha\"},\"sameAs\":[\"https:\/\/portaltela.pt\/\"],\"url\":\"https:\/\/portaltela.pt\/por\/367410592786\/\"}]}<\/script>\n<!-- \/ Yoast SEO plugin. -->","yoast_head_json":{"title":"PPM critica inadimplemento da lei de continuidade territorial em regi\u00f5es aut\u00f3nomas - Portal Tela Portugal","robots":{"index":"index","follow":"follow","max-snippet":"max-snippet:-1","max-image-preview":"max-image-preview:large","max-video-preview":"max-video-preview:-1"},"og_locale":"pt_PT","og_type":"article","og_title":"PPM critica inadimplemento da lei de continuidade territorial em regi\u00f5es aut\u00f3nomas - Portal Tela Portugal","og_description":"O PPM Madeira critica o Governo central por n\u00e3o atuar conforme a Lei Org\u00e2nica n.\u00ba 2\/2013 e o Estatuto Pol\u00edtico-Administrativo dos A\u00e7ores e da Madeira, para reduzir desigualdades provocadas pela insularidade. O partido sustenta que as normas devem garantir igualdade de direitos e de custos, incluindo a mobilidade dos residentes das ilhas, conforme a Constitui\u00e7\u00e3o. O PPM afirma que a linha Bragan\u00e7a\u2013Algarve recebe cerca de 13 milh\u00f5es de euros em subs\u00eddio, enquanto aos residentes das ilhas se exige a inexist\u00eancia de d\u00edvidas fiscais ou \u00e0 Seguran\u00e7a Social para terem apoios de mobilidade, o que qualificam de discriminat\u00f3rio. Alertam que a privatiza\u00e7\u00e3o da \u00fanica companhia a\u00e9rea de bandeira pode dificultar acordos de subs\u00eddio de mobilidade para as regi\u00f5es aut\u00f3nomas, sugerindo uma linha de ferry entre o continente, Madeira, Porto Santo e A\u00e7ores e poss\u00edvel liga\u00e7\u00e3o \u00e0s Ilhas Can\u00e1rias. O coordenador do PPM Madeira, Paulo Brito, afirma que lan\u00e7ar um concurso para uma linha ferry facilitaria a mobilidade dos residentes e cumpriria a lei da continuidade territorial.","og_url":"https:\/\/portaltela.pt\/noticias\/2026\/01\/31\/ppm-critica-inadimplemento-da-lei-de-continuidade-territorial-em-regioes-autonomas\/","og_site_name":"Portal Tela Portugal","article_published_time":"2026-01-31T10:32:00+00:00","author":"Telinha","twitter_card":"summary_large_image","twitter_misc":{"Escrito por":"Telinha","Tempo estimado de leitura":"1 minuto"},"schema":{"@context":"https:\/\/schema.org","@graph":[{"@type":"Article","@id":"https:\/\/portaltela.pt\/noticias\/2026\/01\/31\/ppm-critica-inadimplemento-da-lei-de-continuidade-territorial-em-regioes-autonomas\/#article","isPartOf":{"@id":"https:\/\/portaltela.pt\/noticias\/2026\/01\/31\/ppm-critica-inadimplemento-da-lei-de-continuidade-territorial-em-regioes-autonomas\/"},"author":{"name":"Telinha","@id":"https:\/\/portaltela.pt\/#\/schema\/person\/c4278d4a6028830caff9ee44b42d32ed"},"headline":"PPM critica inadimplemento da lei de continuidade territorial em regi\u00f5es aut\u00f3nomas","datePublished":"2026-01-31T10:32:00+00:00","mainEntityOfPage":{"@id":"https:\/\/portaltela.pt\/noticias\/2026\/01\/31\/ppm-critica-inadimplemento-da-lei-de-continuidade-territorial-em-regioes-autonomas\/"},"wordCount":284,"image":{"@id":"https:\/\/portaltela.pt\/noticias\/2026\/01\/31\/ppm-critica-inadimplemento-da-lei-de-continuidade-territorial-em-regioes-autonomas\/#primaryimage"},"thumbnailUrl":"https:\/\/portaltela.pt\/s.01k8rhncp4jt1\/2026\/01\/unnamed-file-6286.jpg","keywords":["A\u00e7ores","aeron\u00e1utica","Continuidade Territorial","Madeira","mobilidade","transporte"],"articleSection":["Not\u00edcias","Pol\u00edtica"],"inLanguage":"pt-PT"},{"@type":"WebPage","@id":"https:\/\/portaltela.pt\/noticias\/2026\/01\/31\/ppm-critica-inadimplemento-da-lei-de-continuidade-territorial-em-regioes-autonomas\/","url":"https:\/\/portaltela.pt\/noticias\/2026\/01\/31\/ppm-critica-inadimplemento-da-lei-de-continuidade-territorial-em-regioes-autonomas\/","name":"PPM critica inadimplemento da lei de continuidade territorial em regi\u00f5es aut\u00f3nomas - Portal Tela Portugal","isPartOf":{"@id":"https:\/\/portaltela.pt\/#website"},"primaryImageOfPage":{"@id":"https:\/\/portaltela.pt\/noticias\/2026\/01\/31\/ppm-critica-inadimplemento-da-lei-de-continuidade-territorial-em-regioes-autonomas\/#primaryimage"},"image":{"@id":"https:\/\/portaltela.pt\/noticias\/2026\/01\/31\/ppm-critica-inadimplemento-da-lei-de-continuidade-territorial-em-regioes-autonomas\/#primaryimage"},"thumbnailUrl":"https:\/\/portaltela.pt\/s.01k8rhncp4jt1\/2026\/01\/unnamed-file-6286.jpg","datePublished":"2026-01-31T10:32:00+00:00","author":{"@id":"https:\/\/portaltela.pt\/#\/schema\/person\/c4278d4a6028830caff9ee44b42d32ed"},"breadcrumb":{"@id":"https:\/\/portaltela.pt\/noticias\/2026\/01\/31\/ppm-critica-inadimplemento-da-lei-de-continuidade-territorial-em-regioes-autonomas\/#breadcrumb"},"inLanguage":"pt-PT","potentialAction":[{"@type":"ReadAction","target":["https:\/\/portaltela.pt\/noticias\/2026\/01\/31\/ppm-critica-inadimplemento-da-lei-de-continuidade-territorial-em-regioes-autonomas\/"]}]},{"@type":"ImageObject","inLanguage":"pt-PT","@id":"https:\/\/portaltela.pt\/noticias\/2026\/01\/31\/ppm-critica-inadimplemento-da-lei-de-continuidade-territorial-em-regioes-autonomas\/#primaryimage","url":"https:\/\/portaltela.pt\/s.01k8rhncp4jt1\/2026\/01\/unnamed-file-6286.jpg","contentUrl":"https:\/\/portaltela.pt\/s.01k8rhncp4jt1\/2026\/01\/unnamed-file-6286.jpg","width":796,"height":448,"caption":"PPM critica incumprimento da lei da continuidade territorial nas Regi\u00f5es Aut\u00f3nomas"},{"@type":"BreadcrumbList","@id":"https:\/\/portaltela.pt\/noticias\/2026\/01\/31\/ppm-critica-inadimplemento-da-lei-de-continuidade-territorial-em-regioes-autonomas\/#breadcrumb","itemListElement":[{"@type":"ListItem","position":1,"name":"In\u00edcio","item":"https:\/\/portaltela.pt\/"},{"@type":"ListItem","position":2,"name":"PPM critica inadimplemento da lei de continuidade territorial em regi\u00f5es aut\u00f3nomas"}]},{"@type":"WebSite","@id":"https:\/\/portaltela.pt\/#website","url":"https:\/\/portaltela.pt\/","name":"Portal Tela Portugal","description":"","potentialAction":[{"@type":"SearchAction","target":{"@type":"EntryPoint","urlTemplate":"https:\/\/portaltela.pt\/?s={search_term_string}"},"query-input":{"@type":"PropertyValueSpecification","valueRequired":true,"valueName":"search_term_string"}}],"inLanguage":"pt-PT"},{"@type":"Person","@id":"https:\/\/portaltela.pt\/#\/schema\/person\/c4278d4a6028830caff9ee44b42d32ed","name":"Telinha","image":{"@type":"ImageObject","inLanguage":"pt-PT","@id":"https:\/\/portaltela.pt\/s.01k8rhncp4jt1\/2025\/11\/talking-bot-125x125.png","url":"https:\/\/portaltela.pt\/s.01k8rhncp4jt1\/2025\/11\/talking-bot-125x125.png","contentUrl":"https:\/\/portaltela.pt\/s.01k8rhncp4jt1\/2025\/11\/talking-bot-125x125.png","caption":"Telinha"},"sameAs":["https:\/\/portaltela.pt\/"],"url":"https:\/\/portaltela.pt\/por\/367410592786\/"}]}},"_links":{"self":[{"href":"https:\/\/portaltela.pt\/api\/wp\/v2\/posts\/186394","targetHints":{"allow":["GET"]}}],"collection":[{"href":"https:\/\/portaltela.pt\/api\/wp\/v2\/posts"}],"about":[{"href":"https:\/\/portaltela.pt\/api\/wp\/v2\/types\/post"}],"author":[{"embeddable":true,"href":"https:\/\/portaltela.pt\/api\/wp\/v2\/users\/2"}],"replies":[{"embeddable":true,"href":"https:\/\/portaltela.pt\/api\/wp\/v2\/comments?post=186394"}],"version-history":[{"count":0,"href":"https:\/\/portaltela.pt\/api\/wp\/v2\/posts\/186394\/revisions"}],"wp:featuredmedia":[{"embeddable":true,"href":"https:\/\/portaltela.pt\/api\/wp\/v2\/media\/186418"}],"wp:attachment":[{"href":"https:\/\/portaltela.pt\/api\/wp\/v2\/media?parent=186394"}],"wp:term":[{"taxonomy":"category","embeddable":true,"href":"https:\/\/portaltela.pt\/api\/wp\/v2\/categories?post=186394"},{"taxonomy":"post_tag","embeddable":true,"href":"https:\/\/portaltela.pt\/api\/wp\/v2\/tags?post=186394"}],"curies":[{"name":"wp","href":"https:\/\/api.w.org\/{rel}","templated":true}]}}