{"id":186389,"date":"2026-01-31T07:32:00","date_gmt":"2026-01-31T10:32:00","guid":{"rendered":"https:\/\/portaltela.pt\/noticias\/2026\/01\/31\/ex-presidente-da-ugt-de-vila-real-distinguido-com-voto-de-louvor\/"},"modified":"2026-01-31T07:32:00","modified_gmt":"2026-01-31T10:32:00","slug":"ex-presidente-da-ugt-de-vila-real-distinguido-com-voto-de-louvor","status":"publish","type":"post","link":"https:\/\/portaltela.pt\/noticias\/2026\/01\/31\/ex-presidente-da-ugt-de-vila-real-distinguido-com-voto-de-louvor\/","title":{"rendered":"Ex-presidente da UGT de Vila Real distinguido com voto de louvor"},"content":{"rendered":"<p>O Conselho Geral da UGT de Vila Real aprovou por unanimidade um voto de louvor a Nataniel Ara\u00fajo, antigo presidente da estrutura, em reuni\u00e3o realizada a 6 de janeiro. A proposta foi apresentada pela atual presidente, Cristiana Peixoto.<\/p>\n<p>A distin\u00e7\u00e3o pretende reconhecer publicamente o empenho, sentido de miss\u00e3o e os contributos de Ara\u00fajo durante o seu mandato, no qual demonstrou um cont\u00ednuo compromisso com os valores, objetivos e crescimento da UGT de Vila Real.<\/p>\n<p>Nataniel Ara\u00fajo, profissional ligado ao setor financeiro, destacou-se pela participa\u00e7\u00e3o ativa em \u00e1reas da sa\u00fade, da seguran\u00e7a social e do trabalho, colocando a sua experi\u00eancia ao servi\u00e7o da defesa dos trabalhadores e do sindicalismo.<\/p>\n<h3>Perfil do mandato<\/h3>\n<p>O mandato foi marcado por di\u00e1logo social, proximidade com as estruturas sindicais e pelo refor\u00e7o do papel da UGT como parceiro ativo na resolu\u00e7\u00e3o dos desafios laborais da regi\u00e3o.<\/p>\n<p>O Conselho Geral da UGT de Vila Real manifesta, assim, o reconhecimento e apre\u00e7o pelo trabalho realizado em benef\u00edcio da institui\u00e7\u00e3o e dos trabalhadores.<\/p>\n","protected":false},"excerpt":{"rendered":"<ul>\n<li>O Conselho Geral da UGT de Vila Real aprovou por unanimidade um voto de louvor a Nataniel Ara\u00fajo, antigo presidente da estrutura, durante a reuni\u00e3o de seis de janeiro.<\/li>\n<li>A proposta foi apresentada pela atual presidente da UGT, Cristiana Peixoto.<\/li>\n<li>A distin\u00e7\u00e3o reconhece publicamente o empenho, sentido de miss\u00e3o e contributos de Ara\u00fajo ao longo do seu mandato.<\/li>\n<li>Ara\u00fajo, profissional do setor financeiro, destacou-se pela participa\u00e7\u00e3o em \u00e1reas como sa\u00fade, seguran\u00e7a social e trabalho.<\/li>\n<li>Cristiana Peixoto descreve o mandato de Ara\u00fajo como marcado pelo di\u00e1logo social, proximidade \u00e0s estruturas sindicais e refor\u00e7o da UGT como parceira na resolu\u00e7\u00e3o de desafios laborais.<\/li>\n<\/ul>\n","protected":false},"author":2,"featured_media":186406,"comment_status":"closed","ping_status":"closed","sticky":false,"template":"","format":"standard","meta":{"footnotes":""},"categories":[1],"tags":[873,172,243,966,2201,1665],"class_list":["post-186389","post","type-post","status-publish","format-standard","has-post-thumbnail","hentry","category-noticias","tag-conselho-geral","tag-saude","tag-seguranca-social","tag-sindicatos","tag-trabalho","tag-vila-real"],"yoast_head":"<!-- This site is optimized with the Yoast SEO plugin v27.2 - https:\/\/yoast.com\/product\/yoast-seo-wordpress\/ -->\n<title>Ex-presidente da UGT de Vila Real distinguido com voto de louvor - Portal Tela Portugal<\/title>\n<meta name=\"robots\" content=\"index, follow, max-snippet:-1, max-image-preview:large, max-video-preview:-1\" \/>\n<meta property=\"og:locale\" content=\"pt_PT\" \/>\n<meta property=\"og:type\" content=\"article\" \/>\n<meta property=\"og:title\" content=\"Ex-presidente da UGT de Vila Real distinguido com voto de louvor - Portal Tela Portugal\" \/>\n<meta property=\"og:description\" content=\"O Conselho Geral da UGT de Vila Real aprovou por unanimidade um voto de louvor a Nataniel Ara\u00fajo, antigo presidente da estrutura, durante a reuni\u00e3o de seis de janeiro. A proposta foi apresentada pela atual presidente da UGT, Cristiana Peixoto. A distin\u00e7\u00e3o reconhece publicamente o empenho, sentido de miss\u00e3o e contributos de Ara\u00fajo ao longo do seu mandato. Ara\u00fajo, profissional do setor financeiro, destacou-se pela participa\u00e7\u00e3o em \u00e1reas como sa\u00fade, seguran\u00e7a social e trabalho. Cristiana Peixoto descreve o mandato de Ara\u00fajo como marcado pelo di\u00e1logo social, proximidade \u00e0s estruturas sindicais e refor\u00e7o da UGT como parceira na resolu\u00e7\u00e3o de desafios laborais.\" \/>\n<meta property=\"og:url\" content=\"https:\/\/portaltela.pt\/noticias\/2026\/01\/31\/ex-presidente-da-ugt-de-vila-real-distinguido-com-voto-de-louvor\/\" \/>\n<meta property=\"og:site_name\" content=\"Portal Tela Portugal\" \/>\n<meta property=\"article:published_time\" content=\"2026-01-31T10:32:00+00:00\" \/>\n<meta name=\"author\" content=\"Telinha\" \/>\n<meta name=\"twitter:card\" content=\"summary_large_image\" \/>\n<meta name=\"twitter:label1\" content=\"Escrito por\" \/>\n\t<meta name=\"twitter:data1\" content=\"Telinha\" \/>\n\t<meta name=\"twitter:label2\" content=\"Tempo estimado de leitura\" \/>\n\t<meta name=\"twitter:data2\" content=\"1 minuto\" \/>\n<script type=\"application\/ld+json\" class=\"yoast-schema-graph\">{\"@context\":\"https:\/\/schema.org\",\"@graph\":[{\"@type\":\"Article\",\"@id\":\"https:\/\/portaltela.pt\/noticias\/2026\/01\/31\/ex-presidente-da-ugt-de-vila-real-distinguido-com-voto-de-louvor\/#article\",\"isPartOf\":{\"@id\":\"https:\/\/portaltela.pt\/noticias\/2026\/01\/31\/ex-presidente-da-ugt-de-vila-real-distinguido-com-voto-de-louvor\/\"},\"author\":{\"name\":\"Telinha\",\"@id\":\"https:\/\/portaltela.pt\/#\/schema\/person\/c4278d4a6028830caff9ee44b42d32ed\"},\"headline\":\"Ex-presidente da UGT de Vila Real distinguido com voto de louvor\",\"datePublished\":\"2026-01-31T10:32:00+00:00\",\"mainEntityOfPage\":{\"@id\":\"https:\/\/portaltela.pt\/noticias\/2026\/01\/31\/ex-presidente-da-ugt-de-vila-real-distinguido-com-voto-de-louvor\/\"},\"wordCount\":193,\"image\":{\"@id\":\"https:\/\/portaltela.pt\/noticias\/2026\/01\/31\/ex-presidente-da-ugt-de-vila-real-distinguido-com-voto-de-louvor\/#primaryimage\"},\"thumbnailUrl\":\"https:\/\/portaltela.pt\/s.01k8rhncp4jt1\/2026\/01\/unnamed-file-6283.jpg\",\"keywords\":[\"Conselho Geral\",\"sa\u00fade\",\"seguran\u00e7a social\",\"sindicatos\",\"trabalho\",\"Vila Real\"],\"articleSection\":[\"Not\u00edcias\"],\"inLanguage\":\"pt-PT\"},{\"@type\":\"WebPage\",\"@id\":\"https:\/\/portaltela.pt\/noticias\/2026\/01\/31\/ex-presidente-da-ugt-de-vila-real-distinguido-com-voto-de-louvor\/\",\"url\":\"https:\/\/portaltela.pt\/noticias\/2026\/01\/31\/ex-presidente-da-ugt-de-vila-real-distinguido-com-voto-de-louvor\/\",\"name\":\"Ex-presidente da UGT de Vila Real distinguido com voto de louvor - Portal Tela Portugal\",\"isPartOf\":{\"@id\":\"https:\/\/portaltela.pt\/#website\"},\"primaryImageOfPage\":{\"@id\":\"https:\/\/portaltela.pt\/noticias\/2026\/01\/31\/ex-presidente-da-ugt-de-vila-real-distinguido-com-voto-de-louvor\/#primaryimage\"},\"image\":{\"@id\":\"https:\/\/portaltela.pt\/noticias\/2026\/01\/31\/ex-presidente-da-ugt-de-vila-real-distinguido-com-voto-de-louvor\/#primaryimage\"},\"thumbnailUrl\":\"https:\/\/portaltela.pt\/s.01k8rhncp4jt1\/2026\/01\/unnamed-file-6283.jpg\",\"datePublished\":\"2026-01-31T10:32:00+00:00\",\"author\":{\"@id\":\"https:\/\/portaltela.pt\/#\/schema\/person\/c4278d4a6028830caff9ee44b42d32ed\"},\"breadcrumb\":{\"@id\":\"https:\/\/portaltela.pt\/noticias\/2026\/01\/31\/ex-presidente-da-ugt-de-vila-real-distinguido-com-voto-de-louvor\/#breadcrumb\"},\"inLanguage\":\"pt-PT\",\"potentialAction\":[{\"@type\":\"ReadAction\",\"target\":[\"https:\/\/portaltela.pt\/noticias\/2026\/01\/31\/ex-presidente-da-ugt-de-vila-real-distinguido-com-voto-de-louvor\/\"]}]},{\"@type\":\"ImageObject\",\"inLanguage\":\"pt-PT\",\"@id\":\"https:\/\/portaltela.pt\/noticias\/2026\/01\/31\/ex-presidente-da-ugt-de-vila-real-distinguido-com-voto-de-louvor\/#primaryimage\",\"url\":\"https:\/\/portaltela.pt\/s.01k8rhncp4jt1\/2026\/01\/unnamed-file-6283.jpg\",\"contentUrl\":\"https:\/\/portaltela.pt\/s.01k8rhncp4jt1\/2026\/01\/unnamed-file-6283.jpg\",\"width\":796,\"height\":448,\"caption\":\"Ex-presidente da Uni\u00e3o Geral de Trabalhadores de Vila Real distinguido com voto de louvor\"},{\"@type\":\"BreadcrumbList\",\"@id\":\"https:\/\/portaltela.pt\/noticias\/2026\/01\/31\/ex-presidente-da-ugt-de-vila-real-distinguido-com-voto-de-louvor\/#breadcrumb\",\"itemListElement\":[{\"@type\":\"ListItem\",\"position\":1,\"name\":\"In\u00edcio\",\"item\":\"https:\/\/portaltela.pt\/\"},{\"@type\":\"ListItem\",\"position\":2,\"name\":\"Ex-presidente da UGT de Vila Real distinguido com voto de louvor\"}]},{\"@type\":\"WebSite\",\"@id\":\"https:\/\/portaltela.pt\/#website\",\"url\":\"https:\/\/portaltela.pt\/\",\"name\":\"Portal Tela Portugal\",\"description\":\"\",\"potentialAction\":[{\"@type\":\"SearchAction\",\"target\":{\"@type\":\"EntryPoint\",\"urlTemplate\":\"https:\/\/portaltela.pt\/?s={search_term_string}\"},\"query-input\":{\"@type\":\"PropertyValueSpecification\",\"valueRequired\":true,\"valueName\":\"search_term_string\"}}],\"inLanguage\":\"pt-PT\"},{\"@type\":\"Person\",\"@id\":\"https:\/\/portaltela.pt\/#\/schema\/person\/c4278d4a6028830caff9ee44b42d32ed\",\"name\":\"Telinha\",\"image\":{\"@type\":\"ImageObject\",\"inLanguage\":\"pt-PT\",\"@id\":\"https:\/\/portaltela.pt\/s.01k8rhncp4jt1\/2025\/11\/talking-bot-125x125.png\",\"url\":\"https:\/\/portaltela.pt\/s.01k8rhncp4jt1\/2025\/11\/talking-bot-125x125.png\",\"contentUrl\":\"https:\/\/portaltela.pt\/s.01k8rhncp4jt1\/2025\/11\/talking-bot-125x125.png\",\"caption\":\"Telinha\"},\"sameAs\":[\"https:\/\/portaltela.pt\/\"],\"url\":\"https:\/\/portaltela.pt\/por\/367410592786\/\"}]}<\/script>\n<!-- \/ Yoast SEO plugin. -->","yoast_head_json":{"title":"Ex-presidente da UGT de Vila Real distinguido com voto de louvor - Portal Tela Portugal","robots":{"index":"index","follow":"follow","max-snippet":"max-snippet:-1","max-image-preview":"max-image-preview:large","max-video-preview":"max-video-preview:-1"},"og_locale":"pt_PT","og_type":"article","og_title":"Ex-presidente da UGT de Vila Real distinguido com voto de louvor - Portal Tela Portugal","og_description":"O Conselho Geral da UGT de Vila Real aprovou por unanimidade um voto de louvor a Nataniel Ara\u00fajo, antigo presidente da estrutura, durante a reuni\u00e3o de seis de janeiro. A proposta foi apresentada pela atual presidente da UGT, Cristiana Peixoto. A distin\u00e7\u00e3o reconhece publicamente o empenho, sentido de miss\u00e3o e contributos de Ara\u00fajo ao longo do seu mandato. Ara\u00fajo, profissional do setor financeiro, destacou-se pela participa\u00e7\u00e3o em \u00e1reas como sa\u00fade, seguran\u00e7a social e trabalho. Cristiana Peixoto descreve o mandato de Ara\u00fajo como marcado pelo di\u00e1logo social, proximidade \u00e0s estruturas sindicais e refor\u00e7o da UGT como parceira na resolu\u00e7\u00e3o de desafios laborais.","og_url":"https:\/\/portaltela.pt\/noticias\/2026\/01\/31\/ex-presidente-da-ugt-de-vila-real-distinguido-com-voto-de-louvor\/","og_site_name":"Portal Tela Portugal","article_published_time":"2026-01-31T10:32:00+00:00","author":"Telinha","twitter_card":"summary_large_image","twitter_misc":{"Escrito por":"Telinha","Tempo estimado de leitura":"1 minuto"},"schema":{"@context":"https:\/\/schema.org","@graph":[{"@type":"Article","@id":"https:\/\/portaltela.pt\/noticias\/2026\/01\/31\/ex-presidente-da-ugt-de-vila-real-distinguido-com-voto-de-louvor\/#article","isPartOf":{"@id":"https:\/\/portaltela.pt\/noticias\/2026\/01\/31\/ex-presidente-da-ugt-de-vila-real-distinguido-com-voto-de-louvor\/"},"author":{"name":"Telinha","@id":"https:\/\/portaltela.pt\/#\/schema\/person\/c4278d4a6028830caff9ee44b42d32ed"},"headline":"Ex-presidente da UGT de Vila Real distinguido com voto de louvor","datePublished":"2026-01-31T10:32:00+00:00","mainEntityOfPage":{"@id":"https:\/\/portaltela.pt\/noticias\/2026\/01\/31\/ex-presidente-da-ugt-de-vila-real-distinguido-com-voto-de-louvor\/"},"wordCount":193,"image":{"@id":"https:\/\/portaltela.pt\/noticias\/2026\/01\/31\/ex-presidente-da-ugt-de-vila-real-distinguido-com-voto-de-louvor\/#primaryimage"},"thumbnailUrl":"https:\/\/portaltela.pt\/s.01k8rhncp4jt1\/2026\/01\/unnamed-file-6283.jpg","keywords":["Conselho Geral","sa\u00fade","seguran\u00e7a social","sindicatos","trabalho","Vila Real"],"articleSection":["Not\u00edcias"],"inLanguage":"pt-PT"},{"@type":"WebPage","@id":"https:\/\/portaltela.pt\/noticias\/2026\/01\/31\/ex-presidente-da-ugt-de-vila-real-distinguido-com-voto-de-louvor\/","url":"https:\/\/portaltela.pt\/noticias\/2026\/01\/31\/ex-presidente-da-ugt-de-vila-real-distinguido-com-voto-de-louvor\/","name":"Ex-presidente da UGT de Vila Real distinguido com voto de louvor - Portal Tela Portugal","isPartOf":{"@id":"https:\/\/portaltela.pt\/#website"},"primaryImageOfPage":{"@id":"https:\/\/portaltela.pt\/noticias\/2026\/01\/31\/ex-presidente-da-ugt-de-vila-real-distinguido-com-voto-de-louvor\/#primaryimage"},"image":{"@id":"https:\/\/portaltela.pt\/noticias\/2026\/01\/31\/ex-presidente-da-ugt-de-vila-real-distinguido-com-voto-de-louvor\/#primaryimage"},"thumbnailUrl":"https:\/\/portaltela.pt\/s.01k8rhncp4jt1\/2026\/01\/unnamed-file-6283.jpg","datePublished":"2026-01-31T10:32:00+00:00","author":{"@id":"https:\/\/portaltela.pt\/#\/schema\/person\/c4278d4a6028830caff9ee44b42d32ed"},"breadcrumb":{"@id":"https:\/\/portaltela.pt\/noticias\/2026\/01\/31\/ex-presidente-da-ugt-de-vila-real-distinguido-com-voto-de-louvor\/#breadcrumb"},"inLanguage":"pt-PT","potentialAction":[{"@type":"ReadAction","target":["https:\/\/portaltela.pt\/noticias\/2026\/01\/31\/ex-presidente-da-ugt-de-vila-real-distinguido-com-voto-de-louvor\/"]}]},{"@type":"ImageObject","inLanguage":"pt-PT","@id":"https:\/\/portaltela.pt\/noticias\/2026\/01\/31\/ex-presidente-da-ugt-de-vila-real-distinguido-com-voto-de-louvor\/#primaryimage","url":"https:\/\/portaltela.pt\/s.01k8rhncp4jt1\/2026\/01\/unnamed-file-6283.jpg","contentUrl":"https:\/\/portaltela.pt\/s.01k8rhncp4jt1\/2026\/01\/unnamed-file-6283.jpg","width":796,"height":448,"caption":"Ex-presidente da Uni\u00e3o Geral de Trabalhadores de Vila Real distinguido com voto de louvor"},{"@type":"BreadcrumbList","@id":"https:\/\/portaltela.pt\/noticias\/2026\/01\/31\/ex-presidente-da-ugt-de-vila-real-distinguido-com-voto-de-louvor\/#breadcrumb","itemListElement":[{"@type":"ListItem","position":1,"name":"In\u00edcio","item":"https:\/\/portaltela.pt\/"},{"@type":"ListItem","position":2,"name":"Ex-presidente da UGT de Vila Real distinguido com voto de louvor"}]},{"@type":"WebSite","@id":"https:\/\/portaltela.pt\/#website","url":"https:\/\/portaltela.pt\/","name":"Portal Tela Portugal","description":"","potentialAction":[{"@type":"SearchAction","target":{"@type":"EntryPoint","urlTemplate":"https:\/\/portaltela.pt\/?s={search_term_string}"},"query-input":{"@type":"PropertyValueSpecification","valueRequired":true,"valueName":"search_term_string"}}],"inLanguage":"pt-PT"},{"@type":"Person","@id":"https:\/\/portaltela.pt\/#\/schema\/person\/c4278d4a6028830caff9ee44b42d32ed","name":"Telinha","image":{"@type":"ImageObject","inLanguage":"pt-PT","@id":"https:\/\/portaltela.pt\/s.01k8rhncp4jt1\/2025\/11\/talking-bot-125x125.png","url":"https:\/\/portaltela.pt\/s.01k8rhncp4jt1\/2025\/11\/talking-bot-125x125.png","contentUrl":"https:\/\/portaltela.pt\/s.01k8rhncp4jt1\/2025\/11\/talking-bot-125x125.png","caption":"Telinha"},"sameAs":["https:\/\/portaltela.pt\/"],"url":"https:\/\/portaltela.pt\/por\/367410592786\/"}]}},"_links":{"self":[{"href":"https:\/\/portaltela.pt\/api\/wp\/v2\/posts\/186389","targetHints":{"allow":["GET"]}}],"collection":[{"href":"https:\/\/portaltela.pt\/api\/wp\/v2\/posts"}],"about":[{"href":"https:\/\/portaltela.pt\/api\/wp\/v2\/types\/post"}],"author":[{"embeddable":true,"href":"https:\/\/portaltela.pt\/api\/wp\/v2\/users\/2"}],"replies":[{"embeddable":true,"href":"https:\/\/portaltela.pt\/api\/wp\/v2\/comments?post=186389"}],"version-history":[{"count":0,"href":"https:\/\/portaltela.pt\/api\/wp\/v2\/posts\/186389\/revisions"}],"wp:featuredmedia":[{"embeddable":true,"href":"https:\/\/portaltela.pt\/api\/wp\/v2\/media\/186406"}],"wp:attachment":[{"href":"https:\/\/portaltela.pt\/api\/wp\/v2\/media?parent=186389"}],"wp:term":[{"taxonomy":"category","embeddable":true,"href":"https:\/\/portaltela.pt\/api\/wp\/v2\/categories?post=186389"},{"taxonomy":"post_tag","embeddable":true,"href":"https:\/\/portaltela.pt\/api\/wp\/v2\/tags?post=186389"}],"curies":[{"name":"wp","href":"https:\/\/api.w.org\/{rel}","templated":true}]}}