{"id":186388,"date":"2026-01-31T07:35:52","date_gmt":"2026-01-31T10:35:52","guid":{"rendered":"https:\/\/portaltela.pt\/noticias\/2026\/01\/31\/frazao-celebra-nossa-senhora-das-candeias-e-sao-bras-em-festa\/"},"modified":"2026-01-31T07:35:52","modified_gmt":"2026-01-31T10:35:52","slug":"frazao-celebra-nossa-senhora-das-candeias-e-sao-bras-em-festa","status":"publish","type":"post","link":"https:\/\/portaltela.pt\/noticias\/2026\/01\/31\/frazao-celebra-nossa-senhora-das-candeias-e-sao-bras-em-festa\/","title":{"rendered":"Fraz\u00e3o celebra Nossa Senhora das Candeias e S\u00e3o Br\u00e1s em festa"},"content":{"rendered":"<p>A freguesia de Fraz\u00e3o, em Pa\u00e7os de Ferreira, celebra de 1 a 3 de fevereiro as festas em honra de Nossa Senhora das Candeias e S\u00e3o Br\u00e1s. O programa re\u00fane atos religiosos e anima\u00e7\u00e3o musical, refor\u00e7ando uma tradi\u00e7\u00e3o centen\u00e1ria da regi\u00e3o.<\/p>\n<p>Entre as atividades, destacam-se novenas, prociss\u00f5es e concertos. A missa solene realiza-se no dia 2 de fevereiro \u00e0s 11h00, seguida da Majestosa Prociss\u00e3o \u00e0s 16h00, em ambos os dias. Alvorada \u00e0s 08h00 e a Banda Musical de Pa\u00e7os de Ferreira atua a partir das 09h00.<\/p>\n<h3>Programa e atra\u00e7\u00f5es<\/h3>\n<p>A anima\u00e7\u00e3o popular inclui uma arruada de bombos na noite de s\u00e1bado, 31 de janeiro, com sa\u00edda da Tasca do Berto \u00e0s 21h30. No dia 1 de fevereiro, \u00e0s 08h00, entra em cena o Grupo de Bombos \u201cUnidos da Par\u00f3dia\u201d de Amarante. As novenas decorrem a 30 e 31 de janeiro e a 1 de fevereiro, sempre \u00e0s 21h00.<\/p>\n<p>A comiss\u00e3o organizadora mant\u00e9m a tradi\u00e7\u00e3o da barraquinha nos dias 2 e 3 de fevereiro. A prepara\u00e7\u00e3o contou com leil\u00f5es realizados a 18 e 25 de janeiro, fortalecendo a participa\u00e7\u00e3o da comunidade.<\/p>\n<p>O Munic\u00edpio de Pa\u00e7os de Ferreira tamb\u00e9m incentiva a visita \u00e0 freguesia com o apelo: \u201cVisite Fraz\u00e3o! Visite S. Br\u00e1s! Visite o concelho de Pa\u00e7os de Ferreira!\u201d.<\/p>\n","protected":false},"excerpt":{"rendered":"<ul>\n<li>Fraz\u00e3o, Pa\u00e7os de Ferreira, celebra de 1 a 3 de fevereiro as festas em honra de Nossa Senhora das Candeias e S\u00e3o Br\u00e1s.<\/li>\n<li>O programa junta atos religiosos com anima\u00e7\u00e3o musical, incluindo alvorada \u00e0s 08h00 e Banda Musical de Pa\u00e7os de Ferreira a partir das 09h00.<\/li>\n<li>O ponto alto religioso acontece nos dias 2 e 3 de fevereiro, com missa \u00e0s 11h00 e Majestosa Prociss\u00e3o \u00e0s 16h00.<\/li>\n<li>A anima\u00e7\u00e3o popular inclui arruada de bombos na noite de 31 de janeiro e a presen\u00e7a do Grupo de Bombos Unidos da Par\u00f3dia de Amarante na manh\u00e3 de 1 de fevereiro.<\/li>\n<li>H\u00e1 barraquinha nos dias 2 e 3 de fevereiro; leil\u00f5es ocorreram a 18 e 25 de janeiro, com novenas a 30 e 31 de janeiro e a 1 de fevereiro \u00e0s 21h00.<\/li>\n<\/ul>\n","protected":false},"author":2,"featured_media":186412,"comment_status":"closed","ping_status":"closed","sticky":false,"template":"","format":"standard","meta":{"footnotes":""},"categories":[1],"tags":[593,4919,122,1499,4031,104],"class_list":["post-186388","post","type-post","status-publish","format-standard","has-post-thumbnail","hentry","category-noticias","tag-concertos","tag-festas","tag-musica","tag-pacos-de-ferreira","tag-procissoes","tag-religiao"],"yoast_head":"<!-- This site is optimized with the Yoast SEO plugin v27.2 - https:\/\/yoast.com\/product\/yoast-seo-wordpress\/ -->\n<title>Fraz\u00e3o celebra Nossa Senhora das Candeias e S\u00e3o Br\u00e1s em festa - Portal Tela Portugal<\/title>\n<meta name=\"robots\" content=\"index, follow, max-snippet:-1, max-image-preview:large, max-video-preview:-1\" \/>\n<meta property=\"og:locale\" content=\"pt_PT\" \/>\n<meta property=\"og:type\" content=\"article\" \/>\n<meta property=\"og:title\" content=\"Fraz\u00e3o celebra Nossa Senhora das Candeias e S\u00e3o Br\u00e1s em festa - Portal Tela Portugal\" \/>\n<meta property=\"og:description\" content=\"Fraz\u00e3o, Pa\u00e7os de Ferreira, celebra de 1 a 3 de fevereiro as festas em honra de Nossa Senhora das Candeias e S\u00e3o Br\u00e1s. O programa junta atos religiosos com anima\u00e7\u00e3o musical, incluindo alvorada \u00e0s 08h00 e Banda Musical de Pa\u00e7os de Ferreira a partir das 09h00. O ponto alto religioso acontece nos dias 2 e 3 de fevereiro, com missa \u00e0s 11h00 e Majestosa Prociss\u00e3o \u00e0s 16h00. A anima\u00e7\u00e3o popular inclui arruada de bombos na noite de 31 de janeiro e a presen\u00e7a do Grupo de Bombos Unidos da Par\u00f3dia de Amarante na manh\u00e3 de 1 de fevereiro. H\u00e1 barraquinha nos dias 2 e 3 de fevereiro; leil\u00f5es ocorreram a 18 e 25 de janeiro, com novenas a 30 e 31 de janeiro e a 1 de fevereiro \u00e0s 21h00.\" \/>\n<meta property=\"og:url\" content=\"https:\/\/portaltela.pt\/noticias\/2026\/01\/31\/frazao-celebra-nossa-senhora-das-candeias-e-sao-bras-em-festa\/\" \/>\n<meta property=\"og:site_name\" content=\"Portal Tela Portugal\" \/>\n<meta property=\"article:published_time\" content=\"2026-01-31T10:35:52+00:00\" \/>\n<meta name=\"author\" content=\"Telinha\" \/>\n<meta name=\"twitter:card\" content=\"summary_large_image\" \/>\n<meta name=\"twitter:label1\" content=\"Escrito por\" \/>\n\t<meta name=\"twitter:data1\" content=\"Telinha\" \/>\n\t<meta name=\"twitter:label2\" content=\"Tempo estimado de leitura\" \/>\n\t<meta name=\"twitter:data2\" content=\"1 minuto\" \/>\n<script type=\"application\/ld+json\" class=\"yoast-schema-graph\">{\"@context\":\"https:\/\/schema.org\",\"@graph\":[{\"@type\":\"Article\",\"@id\":\"https:\/\/portaltela.pt\/noticias\/2026\/01\/31\/frazao-celebra-nossa-senhora-das-candeias-e-sao-bras-em-festa\/#article\",\"isPartOf\":{\"@id\":\"https:\/\/portaltela.pt\/noticias\/2026\/01\/31\/frazao-celebra-nossa-senhora-das-candeias-e-sao-bras-em-festa\/\"},\"author\":{\"name\":\"Telinha\",\"@id\":\"https:\/\/portaltela.pt\/#\/schema\/person\/c4278d4a6028830caff9ee44b42d32ed\"},\"headline\":\"Fraz\u00e3o celebra Nossa Senhora das Candeias e S\u00e3o Br\u00e1s em festa\",\"datePublished\":\"2026-01-31T10:35:52+00:00\",\"mainEntityOfPage\":{\"@id\":\"https:\/\/portaltela.pt\/noticias\/2026\/01\/31\/frazao-celebra-nossa-senhora-das-candeias-e-sao-bras-em-festa\/\"},\"wordCount\":238,\"image\":{\"@id\":\"https:\/\/portaltela.pt\/noticias\/2026\/01\/31\/frazao-celebra-nossa-senhora-das-candeias-e-sao-bras-em-festa\/#primaryimage\"},\"thumbnailUrl\":\"https:\/\/portaltela.pt\/s.01k8rhncp4jt1\/2026\/01\/unnamed-file-6285.jpg\",\"keywords\":[\"concertos\",\"festas\",\"m\u00fasica\",\"Pa\u00e7os de Ferreira\",\"prociss\u00f5es\",\"religi\u00e3o\"],\"articleSection\":[\"Not\u00edcias\"],\"inLanguage\":\"pt-PT\"},{\"@type\":\"WebPage\",\"@id\":\"https:\/\/portaltela.pt\/noticias\/2026\/01\/31\/frazao-celebra-nossa-senhora-das-candeias-e-sao-bras-em-festa\/\",\"url\":\"https:\/\/portaltela.pt\/noticias\/2026\/01\/31\/frazao-celebra-nossa-senhora-das-candeias-e-sao-bras-em-festa\/\",\"name\":\"Fraz\u00e3o celebra Nossa Senhora das Candeias e S\u00e3o Br\u00e1s em festa - Portal Tela Portugal\",\"isPartOf\":{\"@id\":\"https:\/\/portaltela.pt\/#website\"},\"primaryImageOfPage\":{\"@id\":\"https:\/\/portaltela.pt\/noticias\/2026\/01\/31\/frazao-celebra-nossa-senhora-das-candeias-e-sao-bras-em-festa\/#primaryimage\"},\"image\":{\"@id\":\"https:\/\/portaltela.pt\/noticias\/2026\/01\/31\/frazao-celebra-nossa-senhora-das-candeias-e-sao-bras-em-festa\/#primaryimage\"},\"thumbnailUrl\":\"https:\/\/portaltela.pt\/s.01k8rhncp4jt1\/2026\/01\/unnamed-file-6285.jpg\",\"datePublished\":\"2026-01-31T10:35:52+00:00\",\"author\":{\"@id\":\"https:\/\/portaltela.pt\/#\/schema\/person\/c4278d4a6028830caff9ee44b42d32ed\"},\"breadcrumb\":{\"@id\":\"https:\/\/portaltela.pt\/noticias\/2026\/01\/31\/frazao-celebra-nossa-senhora-das-candeias-e-sao-bras-em-festa\/#breadcrumb\"},\"inLanguage\":\"pt-PT\",\"potentialAction\":[{\"@type\":\"ReadAction\",\"target\":[\"https:\/\/portaltela.pt\/noticias\/2026\/01\/31\/frazao-celebra-nossa-senhora-das-candeias-e-sao-bras-em-festa\/\"]}]},{\"@type\":\"ImageObject\",\"inLanguage\":\"pt-PT\",\"@id\":\"https:\/\/portaltela.pt\/noticias\/2026\/01\/31\/frazao-celebra-nossa-senhora-das-candeias-e-sao-bras-em-festa\/#primaryimage\",\"url\":\"https:\/\/portaltela.pt\/s.01k8rhncp4jt1\/2026\/01\/unnamed-file-6285.jpg\",\"contentUrl\":\"https:\/\/portaltela.pt\/s.01k8rhncp4jt1\/2026\/01\/unnamed-file-6285.jpg\",\"width\":796,\"height\":448,\"caption\":\"Festa religiosa e popular anima Fraz\u00e3o em honra de Nossa Senhora das Candeias e S\u00e3o Br\u00e1s\"},{\"@type\":\"BreadcrumbList\",\"@id\":\"https:\/\/portaltela.pt\/noticias\/2026\/01\/31\/frazao-celebra-nossa-senhora-das-candeias-e-sao-bras-em-festa\/#breadcrumb\",\"itemListElement\":[{\"@type\":\"ListItem\",\"position\":1,\"name\":\"In\u00edcio\",\"item\":\"https:\/\/portaltela.pt\/\"},{\"@type\":\"ListItem\",\"position\":2,\"name\":\"Fraz\u00e3o celebra Nossa Senhora das Candeias e S\u00e3o Br\u00e1s em festa\"}]},{\"@type\":\"WebSite\",\"@id\":\"https:\/\/portaltela.pt\/#website\",\"url\":\"https:\/\/portaltela.pt\/\",\"name\":\"Portal Tela Portugal\",\"description\":\"\",\"potentialAction\":[{\"@type\":\"SearchAction\",\"target\":{\"@type\":\"EntryPoint\",\"urlTemplate\":\"https:\/\/portaltela.pt\/?s={search_term_string}\"},\"query-input\":{\"@type\":\"PropertyValueSpecification\",\"valueRequired\":true,\"valueName\":\"search_term_string\"}}],\"inLanguage\":\"pt-PT\"},{\"@type\":\"Person\",\"@id\":\"https:\/\/portaltela.pt\/#\/schema\/person\/c4278d4a6028830caff9ee44b42d32ed\",\"name\":\"Telinha\",\"image\":{\"@type\":\"ImageObject\",\"inLanguage\":\"pt-PT\",\"@id\":\"https:\/\/portaltela.pt\/s.01k8rhncp4jt1\/2025\/11\/talking-bot-125x125.png\",\"url\":\"https:\/\/portaltela.pt\/s.01k8rhncp4jt1\/2025\/11\/talking-bot-125x125.png\",\"contentUrl\":\"https:\/\/portaltela.pt\/s.01k8rhncp4jt1\/2025\/11\/talking-bot-125x125.png\",\"caption\":\"Telinha\"},\"sameAs\":[\"https:\/\/portaltela.pt\/\"],\"url\":\"https:\/\/portaltela.pt\/por\/367410592786\/\"}]}<\/script>\n<!-- \/ Yoast SEO plugin. -->","yoast_head_json":{"title":"Fraz\u00e3o celebra Nossa Senhora das Candeias e S\u00e3o Br\u00e1s em festa - Portal Tela Portugal","robots":{"index":"index","follow":"follow","max-snippet":"max-snippet:-1","max-image-preview":"max-image-preview:large","max-video-preview":"max-video-preview:-1"},"og_locale":"pt_PT","og_type":"article","og_title":"Fraz\u00e3o celebra Nossa Senhora das Candeias e S\u00e3o Br\u00e1s em festa - Portal Tela Portugal","og_description":"Fraz\u00e3o, Pa\u00e7os de Ferreira, celebra de 1 a 3 de fevereiro as festas em honra de Nossa Senhora das Candeias e S\u00e3o Br\u00e1s. O programa junta atos religiosos com anima\u00e7\u00e3o musical, incluindo alvorada \u00e0s 08h00 e Banda Musical de Pa\u00e7os de Ferreira a partir das 09h00. O ponto alto religioso acontece nos dias 2 e 3 de fevereiro, com missa \u00e0s 11h00 e Majestosa Prociss\u00e3o \u00e0s 16h00. A anima\u00e7\u00e3o popular inclui arruada de bombos na noite de 31 de janeiro e a presen\u00e7a do Grupo de Bombos Unidos da Par\u00f3dia de Amarante na manh\u00e3 de 1 de fevereiro. H\u00e1 barraquinha nos dias 2 e 3 de fevereiro; leil\u00f5es ocorreram a 18 e 25 de janeiro, com novenas a 30 e 31 de janeiro e a 1 de fevereiro \u00e0s 21h00.","og_url":"https:\/\/portaltela.pt\/noticias\/2026\/01\/31\/frazao-celebra-nossa-senhora-das-candeias-e-sao-bras-em-festa\/","og_site_name":"Portal Tela Portugal","article_published_time":"2026-01-31T10:35:52+00:00","author":"Telinha","twitter_card":"summary_large_image","twitter_misc":{"Escrito por":"Telinha","Tempo estimado de leitura":"1 minuto"},"schema":{"@context":"https:\/\/schema.org","@graph":[{"@type":"Article","@id":"https:\/\/portaltela.pt\/noticias\/2026\/01\/31\/frazao-celebra-nossa-senhora-das-candeias-e-sao-bras-em-festa\/#article","isPartOf":{"@id":"https:\/\/portaltela.pt\/noticias\/2026\/01\/31\/frazao-celebra-nossa-senhora-das-candeias-e-sao-bras-em-festa\/"},"author":{"name":"Telinha","@id":"https:\/\/portaltela.pt\/#\/schema\/person\/c4278d4a6028830caff9ee44b42d32ed"},"headline":"Fraz\u00e3o celebra Nossa Senhora das Candeias e S\u00e3o Br\u00e1s em festa","datePublished":"2026-01-31T10:35:52+00:00","mainEntityOfPage":{"@id":"https:\/\/portaltela.pt\/noticias\/2026\/01\/31\/frazao-celebra-nossa-senhora-das-candeias-e-sao-bras-em-festa\/"},"wordCount":238,"image":{"@id":"https:\/\/portaltela.pt\/noticias\/2026\/01\/31\/frazao-celebra-nossa-senhora-das-candeias-e-sao-bras-em-festa\/#primaryimage"},"thumbnailUrl":"https:\/\/portaltela.pt\/s.01k8rhncp4jt1\/2026\/01\/unnamed-file-6285.jpg","keywords":["concertos","festas","m\u00fasica","Pa\u00e7os de Ferreira","prociss\u00f5es","religi\u00e3o"],"articleSection":["Not\u00edcias"],"inLanguage":"pt-PT"},{"@type":"WebPage","@id":"https:\/\/portaltela.pt\/noticias\/2026\/01\/31\/frazao-celebra-nossa-senhora-das-candeias-e-sao-bras-em-festa\/","url":"https:\/\/portaltela.pt\/noticias\/2026\/01\/31\/frazao-celebra-nossa-senhora-das-candeias-e-sao-bras-em-festa\/","name":"Fraz\u00e3o celebra Nossa Senhora das Candeias e S\u00e3o Br\u00e1s em festa - Portal Tela Portugal","isPartOf":{"@id":"https:\/\/portaltela.pt\/#website"},"primaryImageOfPage":{"@id":"https:\/\/portaltela.pt\/noticias\/2026\/01\/31\/frazao-celebra-nossa-senhora-das-candeias-e-sao-bras-em-festa\/#primaryimage"},"image":{"@id":"https:\/\/portaltela.pt\/noticias\/2026\/01\/31\/frazao-celebra-nossa-senhora-das-candeias-e-sao-bras-em-festa\/#primaryimage"},"thumbnailUrl":"https:\/\/portaltela.pt\/s.01k8rhncp4jt1\/2026\/01\/unnamed-file-6285.jpg","datePublished":"2026-01-31T10:35:52+00:00","author":{"@id":"https:\/\/portaltela.pt\/#\/schema\/person\/c4278d4a6028830caff9ee44b42d32ed"},"breadcrumb":{"@id":"https:\/\/portaltela.pt\/noticias\/2026\/01\/31\/frazao-celebra-nossa-senhora-das-candeias-e-sao-bras-em-festa\/#breadcrumb"},"inLanguage":"pt-PT","potentialAction":[{"@type":"ReadAction","target":["https:\/\/portaltela.pt\/noticias\/2026\/01\/31\/frazao-celebra-nossa-senhora-das-candeias-e-sao-bras-em-festa\/"]}]},{"@type":"ImageObject","inLanguage":"pt-PT","@id":"https:\/\/portaltela.pt\/noticias\/2026\/01\/31\/frazao-celebra-nossa-senhora-das-candeias-e-sao-bras-em-festa\/#primaryimage","url":"https:\/\/portaltela.pt\/s.01k8rhncp4jt1\/2026\/01\/unnamed-file-6285.jpg","contentUrl":"https:\/\/portaltela.pt\/s.01k8rhncp4jt1\/2026\/01\/unnamed-file-6285.jpg","width":796,"height":448,"caption":"Festa religiosa e popular anima Fraz\u00e3o em honra de Nossa Senhora das Candeias e S\u00e3o Br\u00e1s"},{"@type":"BreadcrumbList","@id":"https:\/\/portaltela.pt\/noticias\/2026\/01\/31\/frazao-celebra-nossa-senhora-das-candeias-e-sao-bras-em-festa\/#breadcrumb","itemListElement":[{"@type":"ListItem","position":1,"name":"In\u00edcio","item":"https:\/\/portaltela.pt\/"},{"@type":"ListItem","position":2,"name":"Fraz\u00e3o celebra Nossa Senhora das Candeias e S\u00e3o Br\u00e1s em festa"}]},{"@type":"WebSite","@id":"https:\/\/portaltela.pt\/#website","url":"https:\/\/portaltela.pt\/","name":"Portal Tela Portugal","description":"","potentialAction":[{"@type":"SearchAction","target":{"@type":"EntryPoint","urlTemplate":"https:\/\/portaltela.pt\/?s={search_term_string}"},"query-input":{"@type":"PropertyValueSpecification","valueRequired":true,"valueName":"search_term_string"}}],"inLanguage":"pt-PT"},{"@type":"Person","@id":"https:\/\/portaltela.pt\/#\/schema\/person\/c4278d4a6028830caff9ee44b42d32ed","name":"Telinha","image":{"@type":"ImageObject","inLanguage":"pt-PT","@id":"https:\/\/portaltela.pt\/s.01k8rhncp4jt1\/2025\/11\/talking-bot-125x125.png","url":"https:\/\/portaltela.pt\/s.01k8rhncp4jt1\/2025\/11\/talking-bot-125x125.png","contentUrl":"https:\/\/portaltela.pt\/s.01k8rhncp4jt1\/2025\/11\/talking-bot-125x125.png","caption":"Telinha"},"sameAs":["https:\/\/portaltela.pt\/"],"url":"https:\/\/portaltela.pt\/por\/367410592786\/"}]}},"_links":{"self":[{"href":"https:\/\/portaltela.pt\/api\/wp\/v2\/posts\/186388","targetHints":{"allow":["GET"]}}],"collection":[{"href":"https:\/\/portaltela.pt\/api\/wp\/v2\/posts"}],"about":[{"href":"https:\/\/portaltela.pt\/api\/wp\/v2\/types\/post"}],"author":[{"embeddable":true,"href":"https:\/\/portaltela.pt\/api\/wp\/v2\/users\/2"}],"replies":[{"embeddable":true,"href":"https:\/\/portaltela.pt\/api\/wp\/v2\/comments?post=186388"}],"version-history":[{"count":0,"href":"https:\/\/portaltela.pt\/api\/wp\/v2\/posts\/186388\/revisions"}],"wp:featuredmedia":[{"embeddable":true,"href":"https:\/\/portaltela.pt\/api\/wp\/v2\/media\/186412"}],"wp:attachment":[{"href":"https:\/\/portaltela.pt\/api\/wp\/v2\/media?parent=186388"}],"wp:term":[{"taxonomy":"category","embeddable":true,"href":"https:\/\/portaltela.pt\/api\/wp\/v2\/categories?post=186388"},{"taxonomy":"post_tag","embeddable":true,"href":"https:\/\/portaltela.pt\/api\/wp\/v2\/tags?post=186388"}],"curies":[{"name":"wp","href":"https:\/\/api.w.org\/{rel}","templated":true}]}}