{"id":186368,"date":"2026-01-31T07:11:27","date_gmt":"2026-01-31T10:11:27","guid":{"rendered":"https:\/\/portaltela.pt\/noticias\/2026\/01\/31\/chega-apresenta-novo-projeto-de-ferry-entre-madeira-e-continente\/"},"modified":"2026-01-31T07:11:27","modified_gmt":"2026-01-31T10:11:27","slug":"chega-apresenta-novo-projeto-de-ferry-entre-madeira-e-continente","status":"publish","type":"post","link":"https:\/\/portaltela.pt\/noticias\/politica\/2026\/01\/31\/chega-apresenta-novo-projeto-de-ferry-entre-madeira-e-continente\/","title":{"rendered":"Chega apresenta novo projeto de ferry entre Madeira e continente"},"content":{"rendered":"<p>O grupo parlamentar do Chega na Assembleia da Rep\u00fablica apresentou um projecto para lan\u00e7ar um concurso p\u00fablico internacional destinado \u00e0 cria\u00e7\u00e3o de uma liga\u00e7\u00e3o mar\u00edtima regular de passageiros e carga rodada entre a Regi\u00e3o Aut\u00f3noma da Madeira e o continente.<\/p>\n<p>A iniciativa sublinha que a insularidade imp\u00f5e constrangimentos permanentes \u00e0 mobilidade, \u00e0 competitividade econ\u00f3mica e ao acesso a bens e servi\u00e7os. Para o Chega, a continuidade territorial \u00e9 uma obriga\u00e7\u00e3o constitucional que requer solu\u00e7\u00f5es fi\u00e1veis e duradouras, com a liga\u00e7\u00e3o mar\u00edtima a ter papel central.<\/p>\n<p>Contexto hist\u00f3rico e ambi\u00e7\u00e3o do projecto<\/p>\n<p>O documento recorda a suspens\u00e3o, em 2012, da opera\u00e7\u00e3o mar\u00edtima regular entre Funchal e Portim\u00e3o, deixando a regi\u00e3o sem alternativa est\u00e1vel ao transporte a\u00e9reo. O Chega nota ainda que o Or\u00e7amento do Estado para 2025 prev\u00ea dilig\u00eancias para uma liga\u00e7\u00e3o por ferry, mas alerta que esse impulso pode n\u00e3o ser suficiente sem execu\u00e7\u00e3o efetiva.<\/p>\n<p>Detalhes da proposta e crit\u00e9rios<\/p>\n<p>A proposta recomenda que o concurso assegure regularidade, fiabilidade e acessibilidade, abrangendo passageiros e carga rodada, com crit\u00e9rios operacionais e compensa\u00e7\u00f5es que garantam sustentabilidade a longo prazo e adaptabilidade \u00e0 Madeira.<\/p>\n<p>declara\u00e7\u00e3o de compromisso parlamentar<\/p>\n<p>Para o deputado madeirense Francisco Gomes, a liga\u00e7\u00e3o mar\u00edtima n\u00e3o \u00e9 um capricho, mas uma obriga\u00e7\u00e3o estatal para com os residentes da regi\u00e3o. O parlamento observa que tratar a liga\u00e7\u00e3o como estruturante visa reduzir custos log\u00edsticos, fortalecer a resili\u00eancia econ\u00f3mica regional e refor\u00e7ar a integra\u00e7\u00e3o nacional.<\/p>\n<p>Desfecho e apelo \u00e0 actua\u00e7\u00e3o governamental<\/p>\n<p>O Chega afirma que, sem ferry regular, a coes\u00e3o e a continuidade territorial ficam comprometidas. O grupo exige que o governo da Rep\u00fablica passe daquilo que considera promessas para atos concretos e lance j\u00e1 o concurso internacional.<\/p>\n","protected":false},"excerpt":{"rendered":"<ul>\n<li>O Chega apresentou um projecto na Assembleia da Rep\u00fablica que prev\u00ea um concurso p\u00fablico internacional para criar uma liga\u00e7\u00e3o mar\u00edtima regular de passageiros e carga rodada entre a Madeira e o continente.<\/li>\n<li>A ideia surge para enfrentar a insularidade e reduzir constrangimentos na mobilidade, na competitividade econ\u00f3mica e no acesso a bens e servi\u00e7os.<\/li>\n<li>Recorda-se que, desde a suspens\u00e3o em 2012 da liga\u00e7\u00e3o Funchal-Portim\u00e3o, a Madeira ficou sem uma alternativa est\u00e1vel ao transporte a\u00e9reo, agravando o isolamento log\u00edstico.<\/li>\n<li>O Chega alerta que a verba do Or\u00e7amento de Estado para 2025 n\u00e3o garante execu\u00e7\u00e3o e exige a\u00e7\u00e3o efetiva do Governo da Rep\u00fablica para lan\u00e7ar j\u00e1 o concurso internacional.<\/li>\n<li>O deputado Francisco Gomes afirma que a liga\u00e7\u00e3o mar\u00edtima \u00e9 uma obriga\u00e7\u00e3o do Estado para com os madeirenses, destinada a reduzir custos log\u00edsticos e refor\u00e7ar a coes\u00e3o regional, mediante crit\u00e9rios de regularidade, fiabilidade e acessibilidade.<\/li>\n<\/ul>\n","protected":false},"author":2,"featured_media":186379,"comment_status":"closed","ping_status":"closed","sticky":false,"template":"","format":"standard","meta":{"footnotes":""},"categories":[1,5],"tags":[2995,1870,859,2110,2974,192],"class_list":["post-186368","post","type-post","status-publish","format-standard","has-post-thumbnail","hentry","category-noticias","category-politica","tag-coesao-nacional","tag-continuidade-territorial","tag-madeira","tag-mobilidade","tag-regioes-autonomas","tag-transporte"],"yoast_head":"<!-- This site is optimized with the Yoast SEO plugin v27.2 - https:\/\/yoast.com\/product\/yoast-seo-wordpress\/ -->\n<title>Chega apresenta novo projeto de ferry entre Madeira e continente - Portal Tela Portugal<\/title>\n<meta name=\"robots\" content=\"index, follow, max-snippet:-1, max-image-preview:large, max-video-preview:-1\" \/>\n<meta property=\"og:locale\" content=\"pt_PT\" \/>\n<meta property=\"og:type\" content=\"article\" \/>\n<meta property=\"og:title\" content=\"Chega apresenta novo projeto de ferry entre Madeira e continente - Portal Tela Portugal\" \/>\n<meta property=\"og:description\" content=\"O Chega apresentou um projecto na Assembleia da Rep\u00fablica que prev\u00ea um concurso p\u00fablico internacional para criar uma liga\u00e7\u00e3o mar\u00edtima regular de passageiros e carga rodada entre a Madeira e o continente. A ideia surge para enfrentar a insularidade e reduzir constrangimentos na mobilidade, na competitividade econ\u00f3mica e no acesso a bens e servi\u00e7os. Recorda-se que, desde a suspens\u00e3o em 2012 da liga\u00e7\u00e3o Funchal-Portim\u00e3o, a Madeira ficou sem uma alternativa est\u00e1vel ao transporte a\u00e9reo, agravando o isolamento log\u00edstico. O Chega alerta que a verba do Or\u00e7amento de Estado para 2025 n\u00e3o garante execu\u00e7\u00e3o e exige a\u00e7\u00e3o efetiva do Governo da Rep\u00fablica para lan\u00e7ar j\u00e1 o concurso internacional. O deputado Francisco Gomes afirma que a liga\u00e7\u00e3o mar\u00edtima \u00e9 uma obriga\u00e7\u00e3o do Estado para com os madeirenses, destinada a reduzir custos log\u00edsticos e refor\u00e7ar a coes\u00e3o regional, mediante crit\u00e9rios de regularidade, fiabilidade e acessibilidade.\" \/>\n<meta property=\"og:url\" content=\"https:\/\/portaltela.pt\/noticias\/2026\/01\/31\/chega-apresenta-novo-projeto-de-ferry-entre-madeira-e-continente\/\" \/>\n<meta property=\"og:site_name\" content=\"Portal Tela Portugal\" \/>\n<meta property=\"article:published_time\" content=\"2026-01-31T10:11:27+00:00\" \/>\n<meta name=\"author\" content=\"Telinha\" \/>\n<meta name=\"twitter:card\" content=\"summary_large_image\" \/>\n<meta name=\"twitter:label1\" content=\"Escrito por\" \/>\n\t<meta name=\"twitter:data1\" content=\"Telinha\" \/>\n\t<meta name=\"twitter:label2\" content=\"Tempo estimado de leitura\" \/>\n\t<meta name=\"twitter:data2\" content=\"2 minutos\" \/>\n<script type=\"application\/ld+json\" class=\"yoast-schema-graph\">{\"@context\":\"https:\/\/schema.org\",\"@graph\":[{\"@type\":\"Article\",\"@id\":\"https:\/\/portaltela.pt\/noticias\/2026\/01\/31\/chega-apresenta-novo-projeto-de-ferry-entre-madeira-e-continente\/#article\",\"isPartOf\":{\"@id\":\"https:\/\/portaltela.pt\/noticias\/2026\/01\/31\/chega-apresenta-novo-projeto-de-ferry-entre-madeira-e-continente\/\"},\"author\":{\"name\":\"Telinha\",\"@id\":\"https:\/\/portaltela.pt\/#\/schema\/person\/c4278d4a6028830caff9ee44b42d32ed\"},\"headline\":\"Chega apresenta novo projeto de ferry entre Madeira e continente\",\"datePublished\":\"2026-01-31T10:11:27+00:00\",\"mainEntityOfPage\":{\"@id\":\"https:\/\/portaltela.pt\/noticias\/2026\/01\/31\/chega-apresenta-novo-projeto-de-ferry-entre-madeira-e-continente\/\"},\"wordCount\":323,\"image\":{\"@id\":\"https:\/\/portaltela.pt\/noticias\/2026\/01\/31\/chega-apresenta-novo-projeto-de-ferry-entre-madeira-e-continente\/#primaryimage\"},\"thumbnailUrl\":\"https:\/\/portaltela.pt\/s.01k8rhncp4jt1\/2026\/01\/unnamed-file-6281.jpg\",\"keywords\":[\"coes\u00e3o nacional\",\"Continuidade Territorial\",\"Madeira\",\"mobilidade\",\"Regi\u00f5es Aut\u00f3nomas\",\"transporte\"],\"articleSection\":[\"Not\u00edcias\",\"Pol\u00edtica\"],\"inLanguage\":\"pt-PT\"},{\"@type\":\"WebPage\",\"@id\":\"https:\/\/portaltela.pt\/noticias\/2026\/01\/31\/chega-apresenta-novo-projeto-de-ferry-entre-madeira-e-continente\/\",\"url\":\"https:\/\/portaltela.pt\/noticias\/2026\/01\/31\/chega-apresenta-novo-projeto-de-ferry-entre-madeira-e-continente\/\",\"name\":\"Chega apresenta novo projeto de ferry entre Madeira e continente - Portal Tela Portugal\",\"isPartOf\":{\"@id\":\"https:\/\/portaltela.pt\/#website\"},\"primaryImageOfPage\":{\"@id\":\"https:\/\/portaltela.pt\/noticias\/2026\/01\/31\/chega-apresenta-novo-projeto-de-ferry-entre-madeira-e-continente\/#primaryimage\"},\"image\":{\"@id\":\"https:\/\/portaltela.pt\/noticias\/2026\/01\/31\/chega-apresenta-novo-projeto-de-ferry-entre-madeira-e-continente\/#primaryimage\"},\"thumbnailUrl\":\"https:\/\/portaltela.pt\/s.01k8rhncp4jt1\/2026\/01\/unnamed-file-6281.jpg\",\"datePublished\":\"2026-01-31T10:11:27+00:00\",\"author\":{\"@id\":\"https:\/\/portaltela.pt\/#\/schema\/person\/c4278d4a6028830caff9ee44b42d32ed\"},\"breadcrumb\":{\"@id\":\"https:\/\/portaltela.pt\/noticias\/2026\/01\/31\/chega-apresenta-novo-projeto-de-ferry-entre-madeira-e-continente\/#breadcrumb\"},\"inLanguage\":\"pt-PT\",\"potentialAction\":[{\"@type\":\"ReadAction\",\"target\":[\"https:\/\/portaltela.pt\/noticias\/2026\/01\/31\/chega-apresenta-novo-projeto-de-ferry-entre-madeira-e-continente\/\"]}]},{\"@type\":\"ImageObject\",\"inLanguage\":\"pt-PT\",\"@id\":\"https:\/\/portaltela.pt\/noticias\/2026\/01\/31\/chega-apresenta-novo-projeto-de-ferry-entre-madeira-e-continente\/#primaryimage\",\"url\":\"https:\/\/portaltela.pt\/s.01k8rhncp4jt1\/2026\/01\/unnamed-file-6281.jpg\",\"contentUrl\":\"https:\/\/portaltela.pt\/s.01k8rhncp4jt1\/2026\/01\/unnamed-file-6281.jpg\",\"width\":796,\"height\":448,\"caption\":\"Chega apresenta novo projecto para ferry entre a Madeira e o continente\"},{\"@type\":\"BreadcrumbList\",\"@id\":\"https:\/\/portaltela.pt\/noticias\/2026\/01\/31\/chega-apresenta-novo-projeto-de-ferry-entre-madeira-e-continente\/#breadcrumb\",\"itemListElement\":[{\"@type\":\"ListItem\",\"position\":1,\"name\":\"In\u00edcio\",\"item\":\"https:\/\/portaltela.pt\/\"},{\"@type\":\"ListItem\",\"position\":2,\"name\":\"Chega apresenta novo projeto de ferry entre Madeira e continente\"}]},{\"@type\":\"WebSite\",\"@id\":\"https:\/\/portaltela.pt\/#website\",\"url\":\"https:\/\/portaltela.pt\/\",\"name\":\"Portal Tela Portugal\",\"description\":\"\",\"potentialAction\":[{\"@type\":\"SearchAction\",\"target\":{\"@type\":\"EntryPoint\",\"urlTemplate\":\"https:\/\/portaltela.pt\/?s={search_term_string}\"},\"query-input\":{\"@type\":\"PropertyValueSpecification\",\"valueRequired\":true,\"valueName\":\"search_term_string\"}}],\"inLanguage\":\"pt-PT\"},{\"@type\":\"Person\",\"@id\":\"https:\/\/portaltela.pt\/#\/schema\/person\/c4278d4a6028830caff9ee44b42d32ed\",\"name\":\"Telinha\",\"image\":{\"@type\":\"ImageObject\",\"inLanguage\":\"pt-PT\",\"@id\":\"https:\/\/portaltela.pt\/s.01k8rhncp4jt1\/2025\/11\/talking-bot-125x125.png\",\"url\":\"https:\/\/portaltela.pt\/s.01k8rhncp4jt1\/2025\/11\/talking-bot-125x125.png\",\"contentUrl\":\"https:\/\/portaltela.pt\/s.01k8rhncp4jt1\/2025\/11\/talking-bot-125x125.png\",\"caption\":\"Telinha\"},\"sameAs\":[\"https:\/\/portaltela.pt\/\"],\"url\":\"https:\/\/portaltela.pt\/por\/367410592786\/\"}]}<\/script>\n<!-- \/ Yoast SEO plugin. -->","yoast_head_json":{"title":"Chega apresenta novo projeto de ferry entre Madeira e continente - Portal Tela Portugal","robots":{"index":"index","follow":"follow","max-snippet":"max-snippet:-1","max-image-preview":"max-image-preview:large","max-video-preview":"max-video-preview:-1"},"og_locale":"pt_PT","og_type":"article","og_title":"Chega apresenta novo projeto de ferry entre Madeira e continente - Portal Tela Portugal","og_description":"O Chega apresentou um projecto na Assembleia da Rep\u00fablica que prev\u00ea um concurso p\u00fablico internacional para criar uma liga\u00e7\u00e3o mar\u00edtima regular de passageiros e carga rodada entre a Madeira e o continente. A ideia surge para enfrentar a insularidade e reduzir constrangimentos na mobilidade, na competitividade econ\u00f3mica e no acesso a bens e servi\u00e7os. Recorda-se que, desde a suspens\u00e3o em 2012 da liga\u00e7\u00e3o Funchal-Portim\u00e3o, a Madeira ficou sem uma alternativa est\u00e1vel ao transporte a\u00e9reo, agravando o isolamento log\u00edstico. O Chega alerta que a verba do Or\u00e7amento de Estado para 2025 n\u00e3o garante execu\u00e7\u00e3o e exige a\u00e7\u00e3o efetiva do Governo da Rep\u00fablica para lan\u00e7ar j\u00e1 o concurso internacional. O deputado Francisco Gomes afirma que a liga\u00e7\u00e3o mar\u00edtima \u00e9 uma obriga\u00e7\u00e3o do Estado para com os madeirenses, destinada a reduzir custos log\u00edsticos e refor\u00e7ar a coes\u00e3o regional, mediante crit\u00e9rios de regularidade, fiabilidade e acessibilidade.","og_url":"https:\/\/portaltela.pt\/noticias\/2026\/01\/31\/chega-apresenta-novo-projeto-de-ferry-entre-madeira-e-continente\/","og_site_name":"Portal Tela Portugal","article_published_time":"2026-01-31T10:11:27+00:00","author":"Telinha","twitter_card":"summary_large_image","twitter_misc":{"Escrito por":"Telinha","Tempo estimado de leitura":"2 minutos"},"schema":{"@context":"https:\/\/schema.org","@graph":[{"@type":"Article","@id":"https:\/\/portaltela.pt\/noticias\/2026\/01\/31\/chega-apresenta-novo-projeto-de-ferry-entre-madeira-e-continente\/#article","isPartOf":{"@id":"https:\/\/portaltela.pt\/noticias\/2026\/01\/31\/chega-apresenta-novo-projeto-de-ferry-entre-madeira-e-continente\/"},"author":{"name":"Telinha","@id":"https:\/\/portaltela.pt\/#\/schema\/person\/c4278d4a6028830caff9ee44b42d32ed"},"headline":"Chega apresenta novo projeto de ferry entre Madeira e continente","datePublished":"2026-01-31T10:11:27+00:00","mainEntityOfPage":{"@id":"https:\/\/portaltela.pt\/noticias\/2026\/01\/31\/chega-apresenta-novo-projeto-de-ferry-entre-madeira-e-continente\/"},"wordCount":323,"image":{"@id":"https:\/\/portaltela.pt\/noticias\/2026\/01\/31\/chega-apresenta-novo-projeto-de-ferry-entre-madeira-e-continente\/#primaryimage"},"thumbnailUrl":"https:\/\/portaltela.pt\/s.01k8rhncp4jt1\/2026\/01\/unnamed-file-6281.jpg","keywords":["coes\u00e3o nacional","Continuidade Territorial","Madeira","mobilidade","Regi\u00f5es Aut\u00f3nomas","transporte"],"articleSection":["Not\u00edcias","Pol\u00edtica"],"inLanguage":"pt-PT"},{"@type":"WebPage","@id":"https:\/\/portaltela.pt\/noticias\/2026\/01\/31\/chega-apresenta-novo-projeto-de-ferry-entre-madeira-e-continente\/","url":"https:\/\/portaltela.pt\/noticias\/2026\/01\/31\/chega-apresenta-novo-projeto-de-ferry-entre-madeira-e-continente\/","name":"Chega apresenta novo projeto de ferry entre Madeira e continente - Portal Tela Portugal","isPartOf":{"@id":"https:\/\/portaltela.pt\/#website"},"primaryImageOfPage":{"@id":"https:\/\/portaltela.pt\/noticias\/2026\/01\/31\/chega-apresenta-novo-projeto-de-ferry-entre-madeira-e-continente\/#primaryimage"},"image":{"@id":"https:\/\/portaltela.pt\/noticias\/2026\/01\/31\/chega-apresenta-novo-projeto-de-ferry-entre-madeira-e-continente\/#primaryimage"},"thumbnailUrl":"https:\/\/portaltela.pt\/s.01k8rhncp4jt1\/2026\/01\/unnamed-file-6281.jpg","datePublished":"2026-01-31T10:11:27+00:00","author":{"@id":"https:\/\/portaltela.pt\/#\/schema\/person\/c4278d4a6028830caff9ee44b42d32ed"},"breadcrumb":{"@id":"https:\/\/portaltela.pt\/noticias\/2026\/01\/31\/chega-apresenta-novo-projeto-de-ferry-entre-madeira-e-continente\/#breadcrumb"},"inLanguage":"pt-PT","potentialAction":[{"@type":"ReadAction","target":["https:\/\/portaltela.pt\/noticias\/2026\/01\/31\/chega-apresenta-novo-projeto-de-ferry-entre-madeira-e-continente\/"]}]},{"@type":"ImageObject","inLanguage":"pt-PT","@id":"https:\/\/portaltela.pt\/noticias\/2026\/01\/31\/chega-apresenta-novo-projeto-de-ferry-entre-madeira-e-continente\/#primaryimage","url":"https:\/\/portaltela.pt\/s.01k8rhncp4jt1\/2026\/01\/unnamed-file-6281.jpg","contentUrl":"https:\/\/portaltela.pt\/s.01k8rhncp4jt1\/2026\/01\/unnamed-file-6281.jpg","width":796,"height":448,"caption":"Chega apresenta novo projecto para ferry entre a Madeira e o continente"},{"@type":"BreadcrumbList","@id":"https:\/\/portaltela.pt\/noticias\/2026\/01\/31\/chega-apresenta-novo-projeto-de-ferry-entre-madeira-e-continente\/#breadcrumb","itemListElement":[{"@type":"ListItem","position":1,"name":"In\u00edcio","item":"https:\/\/portaltela.pt\/"},{"@type":"ListItem","position":2,"name":"Chega apresenta novo projeto de ferry entre Madeira e continente"}]},{"@type":"WebSite","@id":"https:\/\/portaltela.pt\/#website","url":"https:\/\/portaltela.pt\/","name":"Portal Tela Portugal","description":"","potentialAction":[{"@type":"SearchAction","target":{"@type":"EntryPoint","urlTemplate":"https:\/\/portaltela.pt\/?s={search_term_string}"},"query-input":{"@type":"PropertyValueSpecification","valueRequired":true,"valueName":"search_term_string"}}],"inLanguage":"pt-PT"},{"@type":"Person","@id":"https:\/\/portaltela.pt\/#\/schema\/person\/c4278d4a6028830caff9ee44b42d32ed","name":"Telinha","image":{"@type":"ImageObject","inLanguage":"pt-PT","@id":"https:\/\/portaltela.pt\/s.01k8rhncp4jt1\/2025\/11\/talking-bot-125x125.png","url":"https:\/\/portaltela.pt\/s.01k8rhncp4jt1\/2025\/11\/talking-bot-125x125.png","contentUrl":"https:\/\/portaltela.pt\/s.01k8rhncp4jt1\/2025\/11\/talking-bot-125x125.png","caption":"Telinha"},"sameAs":["https:\/\/portaltela.pt\/"],"url":"https:\/\/portaltela.pt\/por\/367410592786\/"}]}},"_links":{"self":[{"href":"https:\/\/portaltela.pt\/api\/wp\/v2\/posts\/186368","targetHints":{"allow":["GET"]}}],"collection":[{"href":"https:\/\/portaltela.pt\/api\/wp\/v2\/posts"}],"about":[{"href":"https:\/\/portaltela.pt\/api\/wp\/v2\/types\/post"}],"author":[{"embeddable":true,"href":"https:\/\/portaltela.pt\/api\/wp\/v2\/users\/2"}],"replies":[{"embeddable":true,"href":"https:\/\/portaltela.pt\/api\/wp\/v2\/comments?post=186368"}],"version-history":[{"count":0,"href":"https:\/\/portaltela.pt\/api\/wp\/v2\/posts\/186368\/revisions"}],"wp:featuredmedia":[{"embeddable":true,"href":"https:\/\/portaltela.pt\/api\/wp\/v2\/media\/186379"}],"wp:attachment":[{"href":"https:\/\/portaltela.pt\/api\/wp\/v2\/media?parent=186368"}],"wp:term":[{"taxonomy":"category","embeddable":true,"href":"https:\/\/portaltela.pt\/api\/wp\/v2\/categories?post=186368"},{"taxonomy":"post_tag","embeddable":true,"href":"https:\/\/portaltela.pt\/api\/wp\/v2\/tags?post=186368"}],"curies":[{"name":"wp","href":"https:\/\/api.w.org\/{rel}","templated":true}]}}