{"id":186299,"date":"2026-01-31T06:54:00","date_gmt":"2026-01-31T09:54:00","guid":{"rendered":"https:\/\/portaltela.pt\/noticias\/2026\/01\/31\/castelo-de-santa-maria-da-feira-volta-a-entrar-em-obras-este-ano\/"},"modified":"2026-01-31T06:54:00","modified_gmt":"2026-01-31T09:54:00","slug":"castelo-de-santa-maria-da-feira-volta-a-entrar-em-obras-este-ano","status":"publish","type":"post","link":"https:\/\/portaltela.pt\/noticias\/2026\/01\/31\/castelo-de-santa-maria-da-feira-volta-a-entrar-em-obras-este-ano\/","title":{"rendered":"Castelo de Santa Maria da Feira volta a entrar em obras este ano"},"content":{"rendered":"<p>O Castelo de Santa Maria da Feira vai voltar a sofrer obras este ano, numa segunda fase de um projeto estruturante. A interven\u00e7\u00e3o envolve a conserva\u00e7\u00e3o, preserva\u00e7\u00e3o e valoriza\u00e7\u00e3o do monumento, num investimento de 4,2 milh\u00f5es de euros financiado pelo Norte 2030 e por verbas municipais. A adjudica\u00e7\u00e3o foi atribu\u00edda \u00e0 RBS \u2013 Rebuild Solutions SA, de Vila Nova de Gaia, com um prazo de execu\u00e7\u00e3o estimado em 910 dias \u00fateis, ap\u00f3s o auto de consigna\u00e7\u00e3o.<\/p>\n<p>A obra, que visa aprofundar a preserva\u00e7\u00e3o do castelo, vai implicar fortes restri\u00e7\u00f5es \u00e0 visita\u00e7\u00e3o durante mais de dois anos. O monumento \u00e9 nacional desde 1910, o que implica acompanhamento de v\u00e1rias entidades e avalia\u00e7\u00f5es arqueol\u00f3gicas pr\u00e9vias a qualquer interven\u00e7\u00e3o. O planeamento detalhado ser\u00e1 definido pela empresa contratada e discutido na fase de prepara\u00e7\u00e3o, segundo a autarquia.<\/p>\n<h3>Detalhes da adjudica\u00e7\u00e3o<\/h3>\n<p>A segunda fase inclui interven\u00e7\u00f5es na capela, torre de menagem, pra\u00e7a de armas, t\u00fanel de acesso \u00e0 tenalha, torre do po\u00e7o, torre da casamata, tenalha e espa\u00e7os exteriores \u00e0 muralha, bem como estacionamento exterior. Est\u00e3o previstas a\u00e7\u00f5es de conserva\u00e7\u00e3o, manuten\u00e7\u00e3o estrutural e cria\u00e7\u00e3o de novos espa\u00e7os com acessibilidade universal.<\/p>\n<p>O presidente da C\u00e2mara Municipal, Amadeu Albergaria, afirma que o projeto representa um passo decisivo na valoriza\u00e7\u00e3o do castelo, destacando o objetivo de manter a identidade do monumento, assegurar seguran\u00e7a e facilitar a frui\u00e7\u00e3o p\u00fablica a m\u00e9dio e longo prazo. O castelo \u00e9 considerado um elemento-chave da identidade do concelho e um dos mais relevantes conjuntos da arquitectura militar portuguesa, com programa\u00e7\u00e3o cultural e tur\u00edstica relevante.<\/p>\n","protected":false},"excerpt":{"rendered":"<ul>\n<li>C\u00e2mara Municipal de Santa Maria da Feira adjudicou a empreitada de conserva\u00e7\u00e3o do castelo por 4,2 milh\u00f5es de euros, financiados pelo Norte 2030 e verbas municipais, \u00e0 RBS \u2013 Rebuild Solutions SA, com prazo de execu\u00e7\u00e3o de 910 dias.<\/li>\n<li>A obra \u00e9 a segunda fase de um projecto estruturante e dever\u00e1 iniciar este ano, impondo fortes restri\u00e7\u00f5es de visita durante mais de dois anos.<\/li>\n<li>Por ser monumento nacional, a interven\u00e7\u00e3o ficar\u00e1 sujeita a acompanhamento e aprova\u00e7\u00f5es de v\u00e1rias entidades, e todas as interven\u00e7\u00f5es necessitar\u00e3o de avalia\u00e7\u00e3o arqueol\u00f3gica pr\u00e9via.<\/li>\n<li>A primeira fase, iniciada em 2022,\u2011\u2011conclu\u00edda em 2024\u2011\u2011, incluiu a recupera\u00e7\u00e3o de muralhas e da ru\u00edna do Pa\u00e7o, com investimento superior a 600 mil euros.<\/li>\n<li>A nova empreitada abrange interven\u00e7\u00f5es na capela, torre de menagem, pra\u00e7a de armas, t\u00fanel de acesso, torre do po\u00e7o, torre da casamata e \u00e1reas exteriores, incluindo melhoria de acessibilidade e cria\u00e7\u00e3o de novos espa\u00e7os.<\/li>\n<\/ul>\n","protected":false},"author":2,"featured_media":186317,"comment_status":"closed","ping_status":"closed","sticky":false,"template":"","format":"standard","meta":{"footnotes":""},"categories":[1],"tags":[142,4481,814,1175,169,4916],"class_list":["post-186299","post","type-post","status-publish","format-standard","has-post-thumbnail","hentry","category-noticias","tag-arquitetura","tag-norte-2030","tag-patrimonio","tag-patrimonio-cultural","tag-turismo","tag-vila-nova-de-gaia"],"yoast_head":"<!-- This site is optimized with the Yoast SEO plugin v27.2 - https:\/\/yoast.com\/product\/yoast-seo-wordpress\/ -->\n<title>Castelo de Santa Maria da Feira volta a entrar em obras este ano - Portal Tela Portugal<\/title>\n<meta name=\"robots\" content=\"index, follow, max-snippet:-1, max-image-preview:large, max-video-preview:-1\" \/>\n<meta property=\"og:locale\" content=\"pt_PT\" \/>\n<meta property=\"og:type\" content=\"article\" \/>\n<meta property=\"og:title\" content=\"Castelo de Santa Maria da Feira volta a entrar em obras este ano - Portal Tela Portugal\" \/>\n<meta property=\"og:description\" content=\"C\u00e2mara Municipal de Santa Maria da Feira adjudicou a empreitada de conserva\u00e7\u00e3o do castelo por 4,2 milh\u00f5es de euros, financiados pelo Norte 2030 e verbas municipais, \u00e0 RBS \u2013 Rebuild Solutions SA, com prazo de execu\u00e7\u00e3o de 910 dias. A obra \u00e9 a segunda fase de um projecto estruturante e dever\u00e1 iniciar este ano, impondo fortes restri\u00e7\u00f5es de visita durante mais de dois anos. Por ser monumento nacional, a interven\u00e7\u00e3o ficar\u00e1 sujeita a acompanhamento e aprova\u00e7\u00f5es de v\u00e1rias entidades, e todas as interven\u00e7\u00f5es necessitar\u00e3o de avalia\u00e7\u00e3o arqueol\u00f3gica pr\u00e9via. A primeira fase, iniciada em 2022,\u2011\u2011conclu\u00edda em 2024\u2011\u2011, incluiu a recupera\u00e7\u00e3o de muralhas e da ru\u00edna do Pa\u00e7o, com investimento superior a 600 mil euros. A nova empreitada abrange interven\u00e7\u00f5es na capela, torre de menagem, pra\u00e7a de armas, t\u00fanel de acesso, torre do po\u00e7o, torre da casamata e \u00e1reas exteriores, incluindo melhoria de acessibilidade e cria\u00e7\u00e3o de novos espa\u00e7os.\" \/>\n<meta property=\"og:url\" content=\"https:\/\/portaltela.pt\/noticias\/2026\/01\/31\/castelo-de-santa-maria-da-feira-volta-a-entrar-em-obras-este-ano\/\" \/>\n<meta property=\"og:site_name\" content=\"Portal Tela Portugal\" \/>\n<meta property=\"article:published_time\" content=\"2026-01-31T09:54:00+00:00\" \/>\n<meta name=\"author\" content=\"Telinha\" \/>\n<meta name=\"twitter:card\" content=\"summary_large_image\" \/>\n<meta name=\"twitter:label1\" content=\"Escrito por\" \/>\n\t<meta name=\"twitter:data1\" content=\"Telinha\" \/>\n\t<meta name=\"twitter:label2\" content=\"Tempo estimado de leitura\" \/>\n\t<meta name=\"twitter:data2\" content=\"1 minuto\" \/>\n<script type=\"application\/ld+json\" class=\"yoast-schema-graph\">{\"@context\":\"https:\/\/schema.org\",\"@graph\":[{\"@type\":\"Article\",\"@id\":\"https:\/\/portaltela.pt\/noticias\/2026\/01\/31\/castelo-de-santa-maria-da-feira-volta-a-entrar-em-obras-este-ano\/#article\",\"isPartOf\":{\"@id\":\"https:\/\/portaltela.pt\/noticias\/2026\/01\/31\/castelo-de-santa-maria-da-feira-volta-a-entrar-em-obras-este-ano\/\"},\"author\":{\"name\":\"Telinha\",\"@id\":\"https:\/\/portaltela.pt\/#\/schema\/person\/c4278d4a6028830caff9ee44b42d32ed\"},\"headline\":\"Castelo de Santa Maria da Feira volta a entrar em obras este ano\",\"datePublished\":\"2026-01-31T09:54:00+00:00\",\"mainEntityOfPage\":{\"@id\":\"https:\/\/portaltela.pt\/noticias\/2026\/01\/31\/castelo-de-santa-maria-da-feira-volta-a-entrar-em-obras-este-ano\/\"},\"wordCount\":292,\"image\":{\"@id\":\"https:\/\/portaltela.pt\/noticias\/2026\/01\/31\/castelo-de-santa-maria-da-feira-volta-a-entrar-em-obras-este-ano\/#primaryimage\"},\"thumbnailUrl\":\"https:\/\/portaltela.pt\/s.01k8rhncp4jt1\/2026\/01\/2062462.jpg\",\"keywords\":[\"arquitetura\",\"NORTE 2030\",\"patrim\u00f3nio\",\"Patrim\u00f3nio Cultural\",\"turismo\",\"Vila Nova de Gaia\"],\"articleSection\":[\"Not\u00edcias\"],\"inLanguage\":\"pt-PT\"},{\"@type\":\"WebPage\",\"@id\":\"https:\/\/portaltela.pt\/noticias\/2026\/01\/31\/castelo-de-santa-maria-da-feira-volta-a-entrar-em-obras-este-ano\/\",\"url\":\"https:\/\/portaltela.pt\/noticias\/2026\/01\/31\/castelo-de-santa-maria-da-feira-volta-a-entrar-em-obras-este-ano\/\",\"name\":\"Castelo de Santa Maria da Feira volta a entrar em obras este ano - Portal Tela Portugal\",\"isPartOf\":{\"@id\":\"https:\/\/portaltela.pt\/#website\"},\"primaryImageOfPage\":{\"@id\":\"https:\/\/portaltela.pt\/noticias\/2026\/01\/31\/castelo-de-santa-maria-da-feira-volta-a-entrar-em-obras-este-ano\/#primaryimage\"},\"image\":{\"@id\":\"https:\/\/portaltela.pt\/noticias\/2026\/01\/31\/castelo-de-santa-maria-da-feira-volta-a-entrar-em-obras-este-ano\/#primaryimage\"},\"thumbnailUrl\":\"https:\/\/portaltela.pt\/s.01k8rhncp4jt1\/2026\/01\/2062462.jpg\",\"datePublished\":\"2026-01-31T09:54:00+00:00\",\"author\":{\"@id\":\"https:\/\/portaltela.pt\/#\/schema\/person\/c4278d4a6028830caff9ee44b42d32ed\"},\"breadcrumb\":{\"@id\":\"https:\/\/portaltela.pt\/noticias\/2026\/01\/31\/castelo-de-santa-maria-da-feira-volta-a-entrar-em-obras-este-ano\/#breadcrumb\"},\"inLanguage\":\"pt-PT\",\"potentialAction\":[{\"@type\":\"ReadAction\",\"target\":[\"https:\/\/portaltela.pt\/noticias\/2026\/01\/31\/castelo-de-santa-maria-da-feira-volta-a-entrar-em-obras-este-ano\/\"]}]},{\"@type\":\"ImageObject\",\"inLanguage\":\"pt-PT\",\"@id\":\"https:\/\/portaltela.pt\/noticias\/2026\/01\/31\/castelo-de-santa-maria-da-feira-volta-a-entrar-em-obras-este-ano\/#primaryimage\",\"url\":\"https:\/\/portaltela.pt\/s.01k8rhncp4jt1\/2026\/01\/2062462.jpg\",\"contentUrl\":\"https:\/\/portaltela.pt\/s.01k8rhncp4jt1\/2026\/01\/2062462.jpg\",\"width\":796,\"height\":448,\"caption\":\"Est\u00e3o previstas interven\u00e7\u00f5es em v\u00e1rios espa\u00e7os do castelo\"},{\"@type\":\"BreadcrumbList\",\"@id\":\"https:\/\/portaltela.pt\/noticias\/2026\/01\/31\/castelo-de-santa-maria-da-feira-volta-a-entrar-em-obras-este-ano\/#breadcrumb\",\"itemListElement\":[{\"@type\":\"ListItem\",\"position\":1,\"name\":\"In\u00edcio\",\"item\":\"https:\/\/portaltela.pt\/\"},{\"@type\":\"ListItem\",\"position\":2,\"name\":\"Castelo de Santa Maria da Feira volta a entrar em obras este ano\"}]},{\"@type\":\"WebSite\",\"@id\":\"https:\/\/portaltela.pt\/#website\",\"url\":\"https:\/\/portaltela.pt\/\",\"name\":\"Portal Tela Portugal\",\"description\":\"\",\"potentialAction\":[{\"@type\":\"SearchAction\",\"target\":{\"@type\":\"EntryPoint\",\"urlTemplate\":\"https:\/\/portaltela.pt\/?s={search_term_string}\"},\"query-input\":{\"@type\":\"PropertyValueSpecification\",\"valueRequired\":true,\"valueName\":\"search_term_string\"}}],\"inLanguage\":\"pt-PT\"},{\"@type\":\"Person\",\"@id\":\"https:\/\/portaltela.pt\/#\/schema\/person\/c4278d4a6028830caff9ee44b42d32ed\",\"name\":\"Telinha\",\"image\":{\"@type\":\"ImageObject\",\"inLanguage\":\"pt-PT\",\"@id\":\"https:\/\/portaltela.pt\/s.01k8rhncp4jt1\/2025\/11\/talking-bot-125x125.png\",\"url\":\"https:\/\/portaltela.pt\/s.01k8rhncp4jt1\/2025\/11\/talking-bot-125x125.png\",\"contentUrl\":\"https:\/\/portaltela.pt\/s.01k8rhncp4jt1\/2025\/11\/talking-bot-125x125.png\",\"caption\":\"Telinha\"},\"sameAs\":[\"https:\/\/portaltela.pt\/\"],\"url\":\"https:\/\/portaltela.pt\/por\/367410592786\/\"}]}<\/script>\n<!-- \/ Yoast SEO plugin. -->","yoast_head_json":{"title":"Castelo de Santa Maria da Feira volta a entrar em obras este ano - Portal Tela Portugal","robots":{"index":"index","follow":"follow","max-snippet":"max-snippet:-1","max-image-preview":"max-image-preview:large","max-video-preview":"max-video-preview:-1"},"og_locale":"pt_PT","og_type":"article","og_title":"Castelo de Santa Maria da Feira volta a entrar em obras este ano - Portal Tela Portugal","og_description":"C\u00e2mara Municipal de Santa Maria da Feira adjudicou a empreitada de conserva\u00e7\u00e3o do castelo por 4,2 milh\u00f5es de euros, financiados pelo Norte 2030 e verbas municipais, \u00e0 RBS \u2013 Rebuild Solutions SA, com prazo de execu\u00e7\u00e3o de 910 dias. A obra \u00e9 a segunda fase de um projecto estruturante e dever\u00e1 iniciar este ano, impondo fortes restri\u00e7\u00f5es de visita durante mais de dois anos. Por ser monumento nacional, a interven\u00e7\u00e3o ficar\u00e1 sujeita a acompanhamento e aprova\u00e7\u00f5es de v\u00e1rias entidades, e todas as interven\u00e7\u00f5es necessitar\u00e3o de avalia\u00e7\u00e3o arqueol\u00f3gica pr\u00e9via. A primeira fase, iniciada em 2022,\u2011\u2011conclu\u00edda em 2024\u2011\u2011, incluiu a recupera\u00e7\u00e3o de muralhas e da ru\u00edna do Pa\u00e7o, com investimento superior a 600 mil euros. A nova empreitada abrange interven\u00e7\u00f5es na capela, torre de menagem, pra\u00e7a de armas, t\u00fanel de acesso, torre do po\u00e7o, torre da casamata e \u00e1reas exteriores, incluindo melhoria de acessibilidade e cria\u00e7\u00e3o de novos espa\u00e7os.","og_url":"https:\/\/portaltela.pt\/noticias\/2026\/01\/31\/castelo-de-santa-maria-da-feira-volta-a-entrar-em-obras-este-ano\/","og_site_name":"Portal Tela Portugal","article_published_time":"2026-01-31T09:54:00+00:00","author":"Telinha","twitter_card":"summary_large_image","twitter_misc":{"Escrito por":"Telinha","Tempo estimado de leitura":"1 minuto"},"schema":{"@context":"https:\/\/schema.org","@graph":[{"@type":"Article","@id":"https:\/\/portaltela.pt\/noticias\/2026\/01\/31\/castelo-de-santa-maria-da-feira-volta-a-entrar-em-obras-este-ano\/#article","isPartOf":{"@id":"https:\/\/portaltela.pt\/noticias\/2026\/01\/31\/castelo-de-santa-maria-da-feira-volta-a-entrar-em-obras-este-ano\/"},"author":{"name":"Telinha","@id":"https:\/\/portaltela.pt\/#\/schema\/person\/c4278d4a6028830caff9ee44b42d32ed"},"headline":"Castelo de Santa Maria da Feira volta a entrar em obras este ano","datePublished":"2026-01-31T09:54:00+00:00","mainEntityOfPage":{"@id":"https:\/\/portaltela.pt\/noticias\/2026\/01\/31\/castelo-de-santa-maria-da-feira-volta-a-entrar-em-obras-este-ano\/"},"wordCount":292,"image":{"@id":"https:\/\/portaltela.pt\/noticias\/2026\/01\/31\/castelo-de-santa-maria-da-feira-volta-a-entrar-em-obras-este-ano\/#primaryimage"},"thumbnailUrl":"https:\/\/portaltela.pt\/s.01k8rhncp4jt1\/2026\/01\/2062462.jpg","keywords":["arquitetura","NORTE 2030","patrim\u00f3nio","Patrim\u00f3nio Cultural","turismo","Vila Nova de Gaia"],"articleSection":["Not\u00edcias"],"inLanguage":"pt-PT"},{"@type":"WebPage","@id":"https:\/\/portaltela.pt\/noticias\/2026\/01\/31\/castelo-de-santa-maria-da-feira-volta-a-entrar-em-obras-este-ano\/","url":"https:\/\/portaltela.pt\/noticias\/2026\/01\/31\/castelo-de-santa-maria-da-feira-volta-a-entrar-em-obras-este-ano\/","name":"Castelo de Santa Maria da Feira volta a entrar em obras este ano - Portal Tela Portugal","isPartOf":{"@id":"https:\/\/portaltela.pt\/#website"},"primaryImageOfPage":{"@id":"https:\/\/portaltela.pt\/noticias\/2026\/01\/31\/castelo-de-santa-maria-da-feira-volta-a-entrar-em-obras-este-ano\/#primaryimage"},"image":{"@id":"https:\/\/portaltela.pt\/noticias\/2026\/01\/31\/castelo-de-santa-maria-da-feira-volta-a-entrar-em-obras-este-ano\/#primaryimage"},"thumbnailUrl":"https:\/\/portaltela.pt\/s.01k8rhncp4jt1\/2026\/01\/2062462.jpg","datePublished":"2026-01-31T09:54:00+00:00","author":{"@id":"https:\/\/portaltela.pt\/#\/schema\/person\/c4278d4a6028830caff9ee44b42d32ed"},"breadcrumb":{"@id":"https:\/\/portaltela.pt\/noticias\/2026\/01\/31\/castelo-de-santa-maria-da-feira-volta-a-entrar-em-obras-este-ano\/#breadcrumb"},"inLanguage":"pt-PT","potentialAction":[{"@type":"ReadAction","target":["https:\/\/portaltela.pt\/noticias\/2026\/01\/31\/castelo-de-santa-maria-da-feira-volta-a-entrar-em-obras-este-ano\/"]}]},{"@type":"ImageObject","inLanguage":"pt-PT","@id":"https:\/\/portaltela.pt\/noticias\/2026\/01\/31\/castelo-de-santa-maria-da-feira-volta-a-entrar-em-obras-este-ano\/#primaryimage","url":"https:\/\/portaltela.pt\/s.01k8rhncp4jt1\/2026\/01\/2062462.jpg","contentUrl":"https:\/\/portaltela.pt\/s.01k8rhncp4jt1\/2026\/01\/2062462.jpg","width":796,"height":448,"caption":"Est\u00e3o previstas interven\u00e7\u00f5es em v\u00e1rios espa\u00e7os do castelo"},{"@type":"BreadcrumbList","@id":"https:\/\/portaltela.pt\/noticias\/2026\/01\/31\/castelo-de-santa-maria-da-feira-volta-a-entrar-em-obras-este-ano\/#breadcrumb","itemListElement":[{"@type":"ListItem","position":1,"name":"In\u00edcio","item":"https:\/\/portaltela.pt\/"},{"@type":"ListItem","position":2,"name":"Castelo de Santa Maria da Feira volta a entrar em obras este ano"}]},{"@type":"WebSite","@id":"https:\/\/portaltela.pt\/#website","url":"https:\/\/portaltela.pt\/","name":"Portal Tela Portugal","description":"","potentialAction":[{"@type":"SearchAction","target":{"@type":"EntryPoint","urlTemplate":"https:\/\/portaltela.pt\/?s={search_term_string}"},"query-input":{"@type":"PropertyValueSpecification","valueRequired":true,"valueName":"search_term_string"}}],"inLanguage":"pt-PT"},{"@type":"Person","@id":"https:\/\/portaltela.pt\/#\/schema\/person\/c4278d4a6028830caff9ee44b42d32ed","name":"Telinha","image":{"@type":"ImageObject","inLanguage":"pt-PT","@id":"https:\/\/portaltela.pt\/s.01k8rhncp4jt1\/2025\/11\/talking-bot-125x125.png","url":"https:\/\/portaltela.pt\/s.01k8rhncp4jt1\/2025\/11\/talking-bot-125x125.png","contentUrl":"https:\/\/portaltela.pt\/s.01k8rhncp4jt1\/2025\/11\/talking-bot-125x125.png","caption":"Telinha"},"sameAs":["https:\/\/portaltela.pt\/"],"url":"https:\/\/portaltela.pt\/por\/367410592786\/"}]}},"_links":{"self":[{"href":"https:\/\/portaltela.pt\/api\/wp\/v2\/posts\/186299","targetHints":{"allow":["GET"]}}],"collection":[{"href":"https:\/\/portaltela.pt\/api\/wp\/v2\/posts"}],"about":[{"href":"https:\/\/portaltela.pt\/api\/wp\/v2\/types\/post"}],"author":[{"embeddable":true,"href":"https:\/\/portaltela.pt\/api\/wp\/v2\/users\/2"}],"replies":[{"embeddable":true,"href":"https:\/\/portaltela.pt\/api\/wp\/v2\/comments?post=186299"}],"version-history":[{"count":0,"href":"https:\/\/portaltela.pt\/api\/wp\/v2\/posts\/186299\/revisions"}],"wp:featuredmedia":[{"embeddable":true,"href":"https:\/\/portaltela.pt\/api\/wp\/v2\/media\/186317"}],"wp:attachment":[{"href":"https:\/\/portaltela.pt\/api\/wp\/v2\/media?parent=186299"}],"wp:term":[{"taxonomy":"category","embeddable":true,"href":"https:\/\/portaltela.pt\/api\/wp\/v2\/categories?post=186299"},{"taxonomy":"post_tag","embeddable":true,"href":"https:\/\/portaltela.pt\/api\/wp\/v2\/tags?post=186299"}],"curies":[{"name":"wp","href":"https:\/\/api.w.org\/{rel}","templated":true}]}}