{"id":186295,"date":"2026-01-31T06:54:00","date_gmt":"2026-01-31T09:54:00","guid":{"rendered":"https:\/\/portaltela.pt\/noticias\/2026\/01\/31\/ipma-coloca-costa-norte-e-porto-santo-sob-aviso-amarelo-a-partir-de-segunda\/"},"modified":"2026-01-31T06:54:00","modified_gmt":"2026-01-31T09:54:00","slug":"ipma-coloca-costa-norte-e-porto-santo-sob-aviso-amarelo-a-partir-de-segunda","status":"publish","type":"post","link":"https:\/\/portaltela.pt\/noticias\/2026\/01\/31\/ipma-coloca-costa-norte-e-porto-santo-sob-aviso-amarelo-a-partir-de-segunda\/","title":{"rendered":"IPMA coloca Costa Norte e Porto Santo sob aviso amarelo a partir de segunda"},"content":{"rendered":"<p>O Instituto Portugu\u00eas do Mar e da Atmosfera (IPMA) colocou a Costa Norte da Madeira e o Porto Santo sob aviso amarelo de agita\u00e7\u00e3o mar\u00edtima. A previs\u00e3o aponta ondula\u00e7\u00e3o forte a partir das 06h de segunda-feira, 2 de fevereiro, at\u00e9 \u00e0s 07h de ter\u00e7a-feira, 3 de fevereiro, com ondas de Noroeste entre 4 e 5 metros.<\/p>\n<p>O aviso refor\u00e7a a necessidade de aten\u00e7\u00e3o \u00e0s atividades mar\u00edtimas e \u00e0s zonas costeiras mais expostas, j\u00e1 que a agita\u00e7\u00e3o pode condicionar a navega\u00e7\u00e3o e outras atividades relacionadas com o mar.<\/p>\n<h3>Capitania do Porto do Funchal tamb\u00e9m em alerta<\/h3>\n<p>A Capitania do Porto do Funchal emitiu, de forma independente, um aviso de agita\u00e7\u00e3o mar\u00edtima para a orla costeira, com vig\u00eancia at\u00e9 \u00e0s 06h de domingo, 1 de fevereiro. A atualiza\u00e7\u00e3o do estado do mar dever\u00e1 ser acompanhada pelas autoridades.<\/p>\n<p>As autoridades pedem que a popula\u00e7\u00e3o local e os utilizadores de \u00e1reas costeiras permane\u00e7am informados por fontes oficiais e evitem atividades de risco durante o per\u00edodo de maior agita\u00e7\u00e3o.<\/p>\n","protected":false},"excerpt":{"rendered":"<ul>\n<li>O IPMA colocou Costa Norte da Madeira e Porto Santo sob aviso amarelo de agita\u00e7\u00e3o mar\u00edtima, devido \u00e0 previs\u00e3o de ondula\u00e7\u00e3o forte.<\/li>\n<li>O aviso decorre entre as 06h de segunda-feira, 2 de fevereiro, e as 07h de ter\u00e7a-feira, 3 de fevereiro.<\/li>\n<li>S\u00e3o esperadas ondas de noroeste entre os quatro e os cinco metros de altura.<\/li>\n<li>A recomenda\u00e7\u00e3o \u00e9 manter especial aten\u00e7\u00e3o \u00e0s atividades mar\u00edtimas e \u00e0s zonas costeiras mais expostas, visto que a agita\u00e7\u00e3o pode condicionar a navega\u00e7\u00e3o.<\/li>\n<li>A Capitania do Porto de Funchal emitiu, paralelamente, um aviso para a orla costeira, vigente at\u00e9 \u00e0s 06h de domingo, 1 de fevereiro.<\/li>\n<\/ul>\n","protected":false},"author":2,"featured_media":186324,"comment_status":"closed","ping_status":"closed","sticky":false,"template":"","format":"standard","meta":{"footnotes":""},"categories":[1],"tags":[183,3658,4199,859,976],"class_list":["post-186295","post","type-post","status-publish","format-standard","has-post-thumbnail","hentry","category-noticias","tag-agitacao-maritima","tag-aviso-amarelo","tag-costa-norte","tag-madeira","tag-porto-santo"],"yoast_head":"<!-- This site is optimized with the Yoast SEO plugin v27.2 - https:\/\/yoast.com\/product\/yoast-seo-wordpress\/ -->\n<title>IPMA coloca Costa Norte e Porto Santo sob aviso amarelo a partir de segunda - Portal Tela Portugal<\/title>\n<meta name=\"robots\" content=\"index, follow, max-snippet:-1, max-image-preview:large, max-video-preview:-1\" \/>\n<meta property=\"og:locale\" content=\"pt_PT\" \/>\n<meta property=\"og:type\" content=\"article\" \/>\n<meta property=\"og:title\" content=\"IPMA coloca Costa Norte e Porto Santo sob aviso amarelo a partir de segunda - Portal Tela Portugal\" \/>\n<meta property=\"og:description\" content=\"O IPMA colocou Costa Norte da Madeira e Porto Santo sob aviso amarelo de agita\u00e7\u00e3o mar\u00edtima, devido \u00e0 previs\u00e3o de ondula\u00e7\u00e3o forte. O aviso decorre entre as 06h de segunda-feira, 2 de fevereiro, e as 07h de ter\u00e7a-feira, 3 de fevereiro. S\u00e3o esperadas ondas de noroeste entre os quatro e os cinco metros de altura. A recomenda\u00e7\u00e3o \u00e9 manter especial aten\u00e7\u00e3o \u00e0s atividades mar\u00edtimas e \u00e0s zonas costeiras mais expostas, visto que a agita\u00e7\u00e3o pode condicionar a navega\u00e7\u00e3o. A Capitania do Porto de Funchal emitiu, paralelamente, um aviso para a orla costeira, vigente at\u00e9 \u00e0s 06h de domingo, 1 de fevereiro.\" \/>\n<meta property=\"og:url\" content=\"https:\/\/portaltela.pt\/noticias\/2026\/01\/31\/ipma-coloca-costa-norte-e-porto-santo-sob-aviso-amarelo-a-partir-de-segunda\/\" \/>\n<meta property=\"og:site_name\" content=\"Portal Tela Portugal\" \/>\n<meta property=\"article:published_time\" content=\"2026-01-31T09:54:00+00:00\" \/>\n<meta name=\"author\" content=\"Telinha\" \/>\n<meta name=\"twitter:card\" content=\"summary_large_image\" \/>\n<meta name=\"twitter:label1\" content=\"Escrito por\" \/>\n\t<meta name=\"twitter:data1\" content=\"Telinha\" \/>\n\t<meta name=\"twitter:label2\" content=\"Tempo estimado de leitura\" \/>\n\t<meta name=\"twitter:data2\" content=\"1 minuto\" \/>\n<script type=\"application\/ld+json\" class=\"yoast-schema-graph\">{\"@context\":\"https:\/\/schema.org\",\"@graph\":[{\"@type\":\"Article\",\"@id\":\"https:\/\/portaltela.pt\/noticias\/2026\/01\/31\/ipma-coloca-costa-norte-e-porto-santo-sob-aviso-amarelo-a-partir-de-segunda\/#article\",\"isPartOf\":{\"@id\":\"https:\/\/portaltela.pt\/noticias\/2026\/01\/31\/ipma-coloca-costa-norte-e-porto-santo-sob-aviso-amarelo-a-partir-de-segunda\/\"},\"author\":{\"name\":\"Telinha\",\"@id\":\"https:\/\/portaltela.pt\/#\/schema\/person\/c4278d4a6028830caff9ee44b42d32ed\"},\"headline\":\"IPMA coloca Costa Norte e Porto Santo sob aviso amarelo a partir de segunda\",\"datePublished\":\"2026-01-31T09:54:00+00:00\",\"mainEntityOfPage\":{\"@id\":\"https:\/\/portaltela.pt\/noticias\/2026\/01\/31\/ipma-coloca-costa-norte-e-porto-santo-sob-aviso-amarelo-a-partir-de-segunda\/\"},\"wordCount\":193,\"image\":{\"@id\":\"https:\/\/portaltela.pt\/noticias\/2026\/01\/31\/ipma-coloca-costa-norte-e-porto-santo-sob-aviso-amarelo-a-partir-de-segunda\/#primaryimage\"},\"thumbnailUrl\":\"https:\/\/portaltela.pt\/s.01k8rhncp4jt1\/2026\/01\/unnamed-file-6277.jpg\",\"keywords\":[\"agita\u00e7\u00e3o mar\u00edtima\",\"aviso amarelo\",\"Costa Norte\",\"Madeira\",\"Porto Santo\"],\"articleSection\":[\"Not\u00edcias\"],\"inLanguage\":\"pt-PT\"},{\"@type\":\"WebPage\",\"@id\":\"https:\/\/portaltela.pt\/noticias\/2026\/01\/31\/ipma-coloca-costa-norte-e-porto-santo-sob-aviso-amarelo-a-partir-de-segunda\/\",\"url\":\"https:\/\/portaltela.pt\/noticias\/2026\/01\/31\/ipma-coloca-costa-norte-e-porto-santo-sob-aviso-amarelo-a-partir-de-segunda\/\",\"name\":\"IPMA coloca Costa Norte e Porto Santo sob aviso amarelo a partir de segunda - Portal Tela Portugal\",\"isPartOf\":{\"@id\":\"https:\/\/portaltela.pt\/#website\"},\"primaryImageOfPage\":{\"@id\":\"https:\/\/portaltela.pt\/noticias\/2026\/01\/31\/ipma-coloca-costa-norte-e-porto-santo-sob-aviso-amarelo-a-partir-de-segunda\/#primaryimage\"},\"image\":{\"@id\":\"https:\/\/portaltela.pt\/noticias\/2026\/01\/31\/ipma-coloca-costa-norte-e-porto-santo-sob-aviso-amarelo-a-partir-de-segunda\/#primaryimage\"},\"thumbnailUrl\":\"https:\/\/portaltela.pt\/s.01k8rhncp4jt1\/2026\/01\/unnamed-file-6277.jpg\",\"datePublished\":\"2026-01-31T09:54:00+00:00\",\"author\":{\"@id\":\"https:\/\/portaltela.pt\/#\/schema\/person\/c4278d4a6028830caff9ee44b42d32ed\"},\"breadcrumb\":{\"@id\":\"https:\/\/portaltela.pt\/noticias\/2026\/01\/31\/ipma-coloca-costa-norte-e-porto-santo-sob-aviso-amarelo-a-partir-de-segunda\/#breadcrumb\"},\"inLanguage\":\"pt-PT\",\"potentialAction\":[{\"@type\":\"ReadAction\",\"target\":[\"https:\/\/portaltela.pt\/noticias\/2026\/01\/31\/ipma-coloca-costa-norte-e-porto-santo-sob-aviso-amarelo-a-partir-de-segunda\/\"]}]},{\"@type\":\"ImageObject\",\"inLanguage\":\"pt-PT\",\"@id\":\"https:\/\/portaltela.pt\/noticias\/2026\/01\/31\/ipma-coloca-costa-norte-e-porto-santo-sob-aviso-amarelo-a-partir-de-segunda\/#primaryimage\",\"url\":\"https:\/\/portaltela.pt\/s.01k8rhncp4jt1\/2026\/01\/unnamed-file-6277.jpg\",\"contentUrl\":\"https:\/\/portaltela.pt\/s.01k8rhncp4jt1\/2026\/01\/unnamed-file-6277.jpg\",\"width\":796,\"height\":448,\"caption\":\"IPMA coloca Costa Norte e Porto Santo sob aviso amarelo a partir de segunda-feira\"},{\"@type\":\"BreadcrumbList\",\"@id\":\"https:\/\/portaltela.pt\/noticias\/2026\/01\/31\/ipma-coloca-costa-norte-e-porto-santo-sob-aviso-amarelo-a-partir-de-segunda\/#breadcrumb\",\"itemListElement\":[{\"@type\":\"ListItem\",\"position\":1,\"name\":\"In\u00edcio\",\"item\":\"https:\/\/portaltela.pt\/\"},{\"@type\":\"ListItem\",\"position\":2,\"name\":\"IPMA coloca Costa Norte e Porto Santo sob aviso amarelo a partir de segunda\"}]},{\"@type\":\"WebSite\",\"@id\":\"https:\/\/portaltela.pt\/#website\",\"url\":\"https:\/\/portaltela.pt\/\",\"name\":\"Portal Tela Portugal\",\"description\":\"\",\"potentialAction\":[{\"@type\":\"SearchAction\",\"target\":{\"@type\":\"EntryPoint\",\"urlTemplate\":\"https:\/\/portaltela.pt\/?s={search_term_string}\"},\"query-input\":{\"@type\":\"PropertyValueSpecification\",\"valueRequired\":true,\"valueName\":\"search_term_string\"}}],\"inLanguage\":\"pt-PT\"},{\"@type\":\"Person\",\"@id\":\"https:\/\/portaltela.pt\/#\/schema\/person\/c4278d4a6028830caff9ee44b42d32ed\",\"name\":\"Telinha\",\"image\":{\"@type\":\"ImageObject\",\"inLanguage\":\"pt-PT\",\"@id\":\"https:\/\/portaltela.pt\/s.01k8rhncp4jt1\/2025\/11\/talking-bot-125x125.png\",\"url\":\"https:\/\/portaltela.pt\/s.01k8rhncp4jt1\/2025\/11\/talking-bot-125x125.png\",\"contentUrl\":\"https:\/\/portaltela.pt\/s.01k8rhncp4jt1\/2025\/11\/talking-bot-125x125.png\",\"caption\":\"Telinha\"},\"sameAs\":[\"https:\/\/portaltela.pt\/\"],\"url\":\"https:\/\/portaltela.pt\/por\/367410592786\/\"}]}<\/script>\n<!-- \/ Yoast SEO plugin. -->","yoast_head_json":{"title":"IPMA coloca Costa Norte e Porto Santo sob aviso amarelo a partir de segunda - Portal Tela Portugal","robots":{"index":"index","follow":"follow","max-snippet":"max-snippet:-1","max-image-preview":"max-image-preview:large","max-video-preview":"max-video-preview:-1"},"og_locale":"pt_PT","og_type":"article","og_title":"IPMA coloca Costa Norte e Porto Santo sob aviso amarelo a partir de segunda - Portal Tela Portugal","og_description":"O IPMA colocou Costa Norte da Madeira e Porto Santo sob aviso amarelo de agita\u00e7\u00e3o mar\u00edtima, devido \u00e0 previs\u00e3o de ondula\u00e7\u00e3o forte. O aviso decorre entre as 06h de segunda-feira, 2 de fevereiro, e as 07h de ter\u00e7a-feira, 3 de fevereiro. S\u00e3o esperadas ondas de noroeste entre os quatro e os cinco metros de altura. A recomenda\u00e7\u00e3o \u00e9 manter especial aten\u00e7\u00e3o \u00e0s atividades mar\u00edtimas e \u00e0s zonas costeiras mais expostas, visto que a agita\u00e7\u00e3o pode condicionar a navega\u00e7\u00e3o. A Capitania do Porto de Funchal emitiu, paralelamente, um aviso para a orla costeira, vigente at\u00e9 \u00e0s 06h de domingo, 1 de fevereiro.","og_url":"https:\/\/portaltela.pt\/noticias\/2026\/01\/31\/ipma-coloca-costa-norte-e-porto-santo-sob-aviso-amarelo-a-partir-de-segunda\/","og_site_name":"Portal Tela Portugal","article_published_time":"2026-01-31T09:54:00+00:00","author":"Telinha","twitter_card":"summary_large_image","twitter_misc":{"Escrito por":"Telinha","Tempo estimado de leitura":"1 minuto"},"schema":{"@context":"https:\/\/schema.org","@graph":[{"@type":"Article","@id":"https:\/\/portaltela.pt\/noticias\/2026\/01\/31\/ipma-coloca-costa-norte-e-porto-santo-sob-aviso-amarelo-a-partir-de-segunda\/#article","isPartOf":{"@id":"https:\/\/portaltela.pt\/noticias\/2026\/01\/31\/ipma-coloca-costa-norte-e-porto-santo-sob-aviso-amarelo-a-partir-de-segunda\/"},"author":{"name":"Telinha","@id":"https:\/\/portaltela.pt\/#\/schema\/person\/c4278d4a6028830caff9ee44b42d32ed"},"headline":"IPMA coloca Costa Norte e Porto Santo sob aviso amarelo a partir de segunda","datePublished":"2026-01-31T09:54:00+00:00","mainEntityOfPage":{"@id":"https:\/\/portaltela.pt\/noticias\/2026\/01\/31\/ipma-coloca-costa-norte-e-porto-santo-sob-aviso-amarelo-a-partir-de-segunda\/"},"wordCount":193,"image":{"@id":"https:\/\/portaltela.pt\/noticias\/2026\/01\/31\/ipma-coloca-costa-norte-e-porto-santo-sob-aviso-amarelo-a-partir-de-segunda\/#primaryimage"},"thumbnailUrl":"https:\/\/portaltela.pt\/s.01k8rhncp4jt1\/2026\/01\/unnamed-file-6277.jpg","keywords":["agita\u00e7\u00e3o mar\u00edtima","aviso amarelo","Costa Norte","Madeira","Porto Santo"],"articleSection":["Not\u00edcias"],"inLanguage":"pt-PT"},{"@type":"WebPage","@id":"https:\/\/portaltela.pt\/noticias\/2026\/01\/31\/ipma-coloca-costa-norte-e-porto-santo-sob-aviso-amarelo-a-partir-de-segunda\/","url":"https:\/\/portaltela.pt\/noticias\/2026\/01\/31\/ipma-coloca-costa-norte-e-porto-santo-sob-aviso-amarelo-a-partir-de-segunda\/","name":"IPMA coloca Costa Norte e Porto Santo sob aviso amarelo a partir de segunda - Portal Tela Portugal","isPartOf":{"@id":"https:\/\/portaltela.pt\/#website"},"primaryImageOfPage":{"@id":"https:\/\/portaltela.pt\/noticias\/2026\/01\/31\/ipma-coloca-costa-norte-e-porto-santo-sob-aviso-amarelo-a-partir-de-segunda\/#primaryimage"},"image":{"@id":"https:\/\/portaltela.pt\/noticias\/2026\/01\/31\/ipma-coloca-costa-norte-e-porto-santo-sob-aviso-amarelo-a-partir-de-segunda\/#primaryimage"},"thumbnailUrl":"https:\/\/portaltela.pt\/s.01k8rhncp4jt1\/2026\/01\/unnamed-file-6277.jpg","datePublished":"2026-01-31T09:54:00+00:00","author":{"@id":"https:\/\/portaltela.pt\/#\/schema\/person\/c4278d4a6028830caff9ee44b42d32ed"},"breadcrumb":{"@id":"https:\/\/portaltela.pt\/noticias\/2026\/01\/31\/ipma-coloca-costa-norte-e-porto-santo-sob-aviso-amarelo-a-partir-de-segunda\/#breadcrumb"},"inLanguage":"pt-PT","potentialAction":[{"@type":"ReadAction","target":["https:\/\/portaltela.pt\/noticias\/2026\/01\/31\/ipma-coloca-costa-norte-e-porto-santo-sob-aviso-amarelo-a-partir-de-segunda\/"]}]},{"@type":"ImageObject","inLanguage":"pt-PT","@id":"https:\/\/portaltela.pt\/noticias\/2026\/01\/31\/ipma-coloca-costa-norte-e-porto-santo-sob-aviso-amarelo-a-partir-de-segunda\/#primaryimage","url":"https:\/\/portaltela.pt\/s.01k8rhncp4jt1\/2026\/01\/unnamed-file-6277.jpg","contentUrl":"https:\/\/portaltela.pt\/s.01k8rhncp4jt1\/2026\/01\/unnamed-file-6277.jpg","width":796,"height":448,"caption":"IPMA coloca Costa Norte e Porto Santo sob aviso amarelo a partir de segunda-feira"},{"@type":"BreadcrumbList","@id":"https:\/\/portaltela.pt\/noticias\/2026\/01\/31\/ipma-coloca-costa-norte-e-porto-santo-sob-aviso-amarelo-a-partir-de-segunda\/#breadcrumb","itemListElement":[{"@type":"ListItem","position":1,"name":"In\u00edcio","item":"https:\/\/portaltela.pt\/"},{"@type":"ListItem","position":2,"name":"IPMA coloca Costa Norte e Porto Santo sob aviso amarelo a partir de segunda"}]},{"@type":"WebSite","@id":"https:\/\/portaltela.pt\/#website","url":"https:\/\/portaltela.pt\/","name":"Portal Tela Portugal","description":"","potentialAction":[{"@type":"SearchAction","target":{"@type":"EntryPoint","urlTemplate":"https:\/\/portaltela.pt\/?s={search_term_string}"},"query-input":{"@type":"PropertyValueSpecification","valueRequired":true,"valueName":"search_term_string"}}],"inLanguage":"pt-PT"},{"@type":"Person","@id":"https:\/\/portaltela.pt\/#\/schema\/person\/c4278d4a6028830caff9ee44b42d32ed","name":"Telinha","image":{"@type":"ImageObject","inLanguage":"pt-PT","@id":"https:\/\/portaltela.pt\/s.01k8rhncp4jt1\/2025\/11\/talking-bot-125x125.png","url":"https:\/\/portaltela.pt\/s.01k8rhncp4jt1\/2025\/11\/talking-bot-125x125.png","contentUrl":"https:\/\/portaltela.pt\/s.01k8rhncp4jt1\/2025\/11\/talking-bot-125x125.png","caption":"Telinha"},"sameAs":["https:\/\/portaltela.pt\/"],"url":"https:\/\/portaltela.pt\/por\/367410592786\/"}]}},"_links":{"self":[{"href":"https:\/\/portaltela.pt\/api\/wp\/v2\/posts\/186295","targetHints":{"allow":["GET"]}}],"collection":[{"href":"https:\/\/portaltela.pt\/api\/wp\/v2\/posts"}],"about":[{"href":"https:\/\/portaltela.pt\/api\/wp\/v2\/types\/post"}],"author":[{"embeddable":true,"href":"https:\/\/portaltela.pt\/api\/wp\/v2\/users\/2"}],"replies":[{"embeddable":true,"href":"https:\/\/portaltela.pt\/api\/wp\/v2\/comments?post=186295"}],"version-history":[{"count":0,"href":"https:\/\/portaltela.pt\/api\/wp\/v2\/posts\/186295\/revisions"}],"wp:featuredmedia":[{"embeddable":true,"href":"https:\/\/portaltela.pt\/api\/wp\/v2\/media\/186324"}],"wp:attachment":[{"href":"https:\/\/portaltela.pt\/api\/wp\/v2\/media?parent=186295"}],"wp:term":[{"taxonomy":"category","embeddable":true,"href":"https:\/\/portaltela.pt\/api\/wp\/v2\/categories?post=186295"},{"taxonomy":"post_tag","embeddable":true,"href":"https:\/\/portaltela.pt\/api\/wp\/v2\/tags?post=186295"}],"curies":[{"name":"wp","href":"https:\/\/api.w.org\/{rel}","templated":true}]}}