{"id":186263,"date":"2026-01-31T06:53:00","date_gmt":"2026-01-31T09:53:00","guid":{"rendered":"https:\/\/portaltela.pt\/noticias\/2026\/01\/31\/vasco-sousa-faz-seis-horas-de-recuperacao-apos-20-operacoes-na-perna-direita\/"},"modified":"2026-01-31T06:53:00","modified_gmt":"2026-01-31T09:53:00","slug":"vasco-sousa-faz-seis-horas-de-recuperacao-apos-20-operacoes-na-perna-direita","status":"publish","type":"post","link":"https:\/\/portaltela.pt\/desporto\/futebol\/2026\/01\/31\/vasco-sousa-faz-seis-horas-de-recuperacao-apos-20-operacoes-na-perna-direita\/","title":{"rendered":"Vasco Sousa faz seis horas de recupera\u00e7\u00e3o ap\u00f3s 20 opera\u00e7\u00f5es na perna direita"},"content":{"rendered":"<p>Vasco Sousa sofreu uma fratura no per\u00f3nio da perna direita durante o jogo entre Moreirense e Benfica, em dezembro. A les\u00e3o ocorreu enquanto o atleta estava emprestado pelo F. C. Porto aos verdes e brancos, num encontro que o clube advers\u00e1rio disputou a meio da \u00e9poca.<\/p>\n<p>Desde ent\u00e3o, o jogador tem estado a tratar a situa\u00e7\u00e3o com um intenso processo de recupera\u00e7\u00e3o. A administra\u00e7\u00e3o da interven\u00e7\u00e3o e a reabilita\u00e7\u00e3o passam por um regime di\u00e1rio de seis horas de treino e hospitaliza\u00e7\u00e3o, ap\u00f3s uma s\u00e9rie de interven\u00e7\u00f5es cir\u00fargicas ao longo dos \u00faltimos tempos.<\/p>\n<p>No historial m\u00e9dico do futebolista, consta uma fratura anterior da mesma osso, ocorrida contra o Farense, em fevereiro de 2025. O caso atual mant\u00e9m o foco no retorno a atividades competitivas, com monitoriza\u00e7\u00e3o m\u00e9dica cont\u00ednua.<\/p>\n<h3>Hist\u00f3rico cl\u00ednico<\/h3>\n<p>Vasco Sousa tem estado normalmente ligado ao processo m\u00e9dico do clube, que acompanha de perto a evolu\u00e7\u00e3o da recupera\u00e7\u00e3o. A equipa t\u00e9cnica n\u00e3o confirmou prazos exactos para o regresso aos relvados, mantendo o foco na reabilita\u00e7\u00e3o funcional da perna direita.<\/p>\n<p>A les\u00e3o foi comunicada ao clube, com informa\u00e7\u00f5es que indicam a continuidade do acompanhamento por especialistas em medicina desportiva. A prioridade permanece a estabilidade da perna e a preven\u00e7\u00e3o de novas intercorr\u00eancias durante o periodo de recupera\u00e7\u00e3o.<\/p>\n","protected":false},"excerpt":{"rendered":"<ul>\n<li>Vasco Sousa sofreu uma fratura no per\u00f3nio da perna direita no jogo contra o Benfica, em dezembro, enquanto estava emprestado pelo F. C. Porto ao Moreirense.<\/li>\n<li>A les\u00e3o est\u00e1 associada \u00e0 s\u00edndrome do compartimento e o jogador j\u00e1 passou por cerca de duas dezenas de visitas m\u00e9dicas desde ent\u00e3o.<\/li>\n<li>A injury anterior de que j\u00e1 padecia havia ocorrido contra o Farense, em fevereiro de 2025, quando vestia as cores do Porto.<\/li>\n<li>Nas redes sociais, o jogador partilhou mensagens de \u00e2nimo e determina\u00e7\u00e3o para as pr\u00f3ximas batalhas.<\/li>\n<li>A recupera\u00e7\u00e3o di\u00e1ria atual contabiliza seis horas de treino\/recupera\u00e7\u00e3o.<\/li>\n<\/ul>\n","protected":false},"author":2,"featured_media":186274,"comment_status":"closed","ping_status":"closed","sticky":false,"template":"","format":"standard","meta":{"footnotes":""},"categories":[21,24],"tags":[152,32,2538,4719,172],"class_list":["post-186263","post","type-post","status-publish","format-standard","has-post-thumbnail","hentry","category-desporto","category-futebol","tag-desporto","tag-futebol","tag-lesoes","tag-ortopedia","tag-saude"],"yoast_head":"<!-- This site is optimized with the Yoast SEO plugin v27.2 - https:\/\/yoast.com\/product\/yoast-seo-wordpress\/ -->\n<title>Vasco Sousa faz seis horas de recupera\u00e7\u00e3o ap\u00f3s 20 opera\u00e7\u00f5es na perna direita - Portal Tela Portugal<\/title>\n<meta name=\"robots\" content=\"index, follow, max-snippet:-1, max-image-preview:large, max-video-preview:-1\" \/>\n<meta property=\"og:locale\" content=\"pt_PT\" \/>\n<meta property=\"og:type\" content=\"article\" \/>\n<meta property=\"og:title\" content=\"Vasco Sousa faz seis horas de recupera\u00e7\u00e3o ap\u00f3s 20 opera\u00e7\u00f5es na perna direita - Portal Tela Portugal\" \/>\n<meta property=\"og:description\" content=\"Vasco Sousa sofreu uma fratura no per\u00f3nio da perna direita no jogo contra o Benfica, em dezembro, enquanto estava emprestado pelo F. C. Porto ao Moreirense. A les\u00e3o est\u00e1 associada \u00e0 s\u00edndrome do compartimento e o jogador j\u00e1 passou por cerca de duas dezenas de visitas m\u00e9dicas desde ent\u00e3o. A injury anterior de que j\u00e1 padecia havia ocorrido contra o Farense, em fevereiro de 2025, quando vestia as cores do Porto. Nas redes sociais, o jogador partilhou mensagens de \u00e2nimo e determina\u00e7\u00e3o para as pr\u00f3ximas batalhas. A recupera\u00e7\u00e3o di\u00e1ria atual contabiliza seis horas de treino\/recupera\u00e7\u00e3o.\" \/>\n<meta property=\"og:url\" content=\"https:\/\/portaltela.pt\/noticias\/2026\/01\/31\/vasco-sousa-faz-seis-horas-de-recuperacao-apos-20-operacoes-na-perna-direita\/\" \/>\n<meta property=\"og:site_name\" content=\"Portal Tela Portugal\" \/>\n<meta property=\"article:published_time\" content=\"2026-01-31T09:53:00+00:00\" \/>\n<meta name=\"author\" content=\"Telinha\" \/>\n<meta name=\"twitter:card\" content=\"summary_large_image\" \/>\n<meta name=\"twitter:label1\" content=\"Escrito por\" \/>\n\t<meta name=\"twitter:data1\" content=\"Telinha\" \/>\n\t<meta name=\"twitter:label2\" content=\"Tempo estimado de leitura\" \/>\n\t<meta name=\"twitter:data2\" content=\"1 minuto\" \/>\n<script type=\"application\/ld+json\" class=\"yoast-schema-graph\">{\"@context\":\"https:\/\/schema.org\",\"@graph\":[{\"@type\":\"Article\",\"@id\":\"https:\/\/portaltela.pt\/noticias\/2026\/01\/31\/vasco-sousa-faz-seis-horas-de-recuperacao-apos-20-operacoes-na-perna-direita\/#article\",\"isPartOf\":{\"@id\":\"https:\/\/portaltela.pt\/noticias\/2026\/01\/31\/vasco-sousa-faz-seis-horas-de-recuperacao-apos-20-operacoes-na-perna-direita\/\"},\"author\":{\"name\":\"Telinha\",\"@id\":\"https:\/\/portaltela.pt\/#\/schema\/person\/c4278d4a6028830caff9ee44b42d32ed\"},\"headline\":\"Vasco Sousa faz seis horas de recupera\u00e7\u00e3o ap\u00f3s 20 opera\u00e7\u00f5es na perna direita\",\"datePublished\":\"2026-01-31T09:53:00+00:00\",\"mainEntityOfPage\":{\"@id\":\"https:\/\/portaltela.pt\/noticias\/2026\/01\/31\/vasco-sousa-faz-seis-horas-de-recuperacao-apos-20-operacoes-na-perna-direita\/\"},\"wordCount\":253,\"image\":{\"@id\":\"https:\/\/portaltela.pt\/noticias\/2026\/01\/31\/vasco-sousa-faz-seis-horas-de-recuperacao-apos-20-operacoes-na-perna-direita\/#primaryimage\"},\"thumbnailUrl\":\"https:\/\/portaltela.pt\/s.01k8rhncp4jt1\/2026\/01\/image-2183.jpg\",\"keywords\":[\"desporto\",\"futebol\",\"les\u00f5es\",\"ortopedia\",\"sa\u00fade\"],\"articleSection\":[\"Desporto\",\"Futebol\"],\"inLanguage\":\"pt-PT\"},{\"@type\":\"WebPage\",\"@id\":\"https:\/\/portaltela.pt\/noticias\/2026\/01\/31\/vasco-sousa-faz-seis-horas-de-recuperacao-apos-20-operacoes-na-perna-direita\/\",\"url\":\"https:\/\/portaltela.pt\/noticias\/2026\/01\/31\/vasco-sousa-faz-seis-horas-de-recuperacao-apos-20-operacoes-na-perna-direita\/\",\"name\":\"Vasco Sousa faz seis horas de recupera\u00e7\u00e3o ap\u00f3s 20 opera\u00e7\u00f5es na perna direita - Portal Tela Portugal\",\"isPartOf\":{\"@id\":\"https:\/\/portaltela.pt\/#website\"},\"primaryImageOfPage\":{\"@id\":\"https:\/\/portaltela.pt\/noticias\/2026\/01\/31\/vasco-sousa-faz-seis-horas-de-recuperacao-apos-20-operacoes-na-perna-direita\/#primaryimage\"},\"image\":{\"@id\":\"https:\/\/portaltela.pt\/noticias\/2026\/01\/31\/vasco-sousa-faz-seis-horas-de-recuperacao-apos-20-operacoes-na-perna-direita\/#primaryimage\"},\"thumbnailUrl\":\"https:\/\/portaltela.pt\/s.01k8rhncp4jt1\/2026\/01\/image-2183.jpg\",\"datePublished\":\"2026-01-31T09:53:00+00:00\",\"author\":{\"@id\":\"https:\/\/portaltela.pt\/#\/schema\/person\/c4278d4a6028830caff9ee44b42d32ed\"},\"breadcrumb\":{\"@id\":\"https:\/\/portaltela.pt\/noticias\/2026\/01\/31\/vasco-sousa-faz-seis-horas-de-recuperacao-apos-20-operacoes-na-perna-direita\/#breadcrumb\"},\"inLanguage\":\"pt-PT\",\"potentialAction\":[{\"@type\":\"ReadAction\",\"target\":[\"https:\/\/portaltela.pt\/noticias\/2026\/01\/31\/vasco-sousa-faz-seis-horas-de-recuperacao-apos-20-operacoes-na-perna-direita\/\"]}]},{\"@type\":\"ImageObject\",\"inLanguage\":\"pt-PT\",\"@id\":\"https:\/\/portaltela.pt\/noticias\/2026\/01\/31\/vasco-sousa-faz-seis-horas-de-recuperacao-apos-20-operacoes-na-perna-direita\/#primaryimage\",\"url\":\"https:\/\/portaltela.pt\/s.01k8rhncp4jt1\/2026\/01\/image-2183.jpg\",\"contentUrl\":\"https:\/\/portaltela.pt\/s.01k8rhncp4jt1\/2026\/01\/image-2183.jpg\",\"width\":796,\"height\":448,\"caption\":\"Vasco Sousa fraturou o per\u00f3nio no jogo contra o Benfica\"},{\"@type\":\"BreadcrumbList\",\"@id\":\"https:\/\/portaltela.pt\/noticias\/2026\/01\/31\/vasco-sousa-faz-seis-horas-de-recuperacao-apos-20-operacoes-na-perna-direita\/#breadcrumb\",\"itemListElement\":[{\"@type\":\"ListItem\",\"position\":1,\"name\":\"In\u00edcio\",\"item\":\"https:\/\/portaltela.pt\/\"},{\"@type\":\"ListItem\",\"position\":2,\"name\":\"Vasco Sousa faz seis horas de recupera\u00e7\u00e3o ap\u00f3s 20 opera\u00e7\u00f5es na perna direita\"}]},{\"@type\":\"WebSite\",\"@id\":\"https:\/\/portaltela.pt\/#website\",\"url\":\"https:\/\/portaltela.pt\/\",\"name\":\"Portal Tela Portugal\",\"description\":\"\",\"potentialAction\":[{\"@type\":\"SearchAction\",\"target\":{\"@type\":\"EntryPoint\",\"urlTemplate\":\"https:\/\/portaltela.pt\/?s={search_term_string}\"},\"query-input\":{\"@type\":\"PropertyValueSpecification\",\"valueRequired\":true,\"valueName\":\"search_term_string\"}}],\"inLanguage\":\"pt-PT\"},{\"@type\":\"Person\",\"@id\":\"https:\/\/portaltela.pt\/#\/schema\/person\/c4278d4a6028830caff9ee44b42d32ed\",\"name\":\"Telinha\",\"image\":{\"@type\":\"ImageObject\",\"inLanguage\":\"pt-PT\",\"@id\":\"https:\/\/portaltela.pt\/s.01k8rhncp4jt1\/2025\/11\/talking-bot-125x125.png\",\"url\":\"https:\/\/portaltela.pt\/s.01k8rhncp4jt1\/2025\/11\/talking-bot-125x125.png\",\"contentUrl\":\"https:\/\/portaltela.pt\/s.01k8rhncp4jt1\/2025\/11\/talking-bot-125x125.png\",\"caption\":\"Telinha\"},\"sameAs\":[\"https:\/\/portaltela.pt\/\"],\"url\":\"https:\/\/portaltela.pt\/por\/367410592786\/\"}]}<\/script>\n<!-- \/ Yoast SEO plugin. -->","yoast_head_json":{"title":"Vasco Sousa faz seis horas de recupera\u00e7\u00e3o ap\u00f3s 20 opera\u00e7\u00f5es na perna direita - Portal Tela Portugal","robots":{"index":"index","follow":"follow","max-snippet":"max-snippet:-1","max-image-preview":"max-image-preview:large","max-video-preview":"max-video-preview:-1"},"og_locale":"pt_PT","og_type":"article","og_title":"Vasco Sousa faz seis horas de recupera\u00e7\u00e3o ap\u00f3s 20 opera\u00e7\u00f5es na perna direita - Portal Tela Portugal","og_description":"Vasco Sousa sofreu uma fratura no per\u00f3nio da perna direita no jogo contra o Benfica, em dezembro, enquanto estava emprestado pelo F. C. Porto ao Moreirense. A les\u00e3o est\u00e1 associada \u00e0 s\u00edndrome do compartimento e o jogador j\u00e1 passou por cerca de duas dezenas de visitas m\u00e9dicas desde ent\u00e3o. A injury anterior de que j\u00e1 padecia havia ocorrido contra o Farense, em fevereiro de 2025, quando vestia as cores do Porto. Nas redes sociais, o jogador partilhou mensagens de \u00e2nimo e determina\u00e7\u00e3o para as pr\u00f3ximas batalhas. A recupera\u00e7\u00e3o di\u00e1ria atual contabiliza seis horas de treino\/recupera\u00e7\u00e3o.","og_url":"https:\/\/portaltela.pt\/noticias\/2026\/01\/31\/vasco-sousa-faz-seis-horas-de-recuperacao-apos-20-operacoes-na-perna-direita\/","og_site_name":"Portal Tela Portugal","article_published_time":"2026-01-31T09:53:00+00:00","author":"Telinha","twitter_card":"summary_large_image","twitter_misc":{"Escrito por":"Telinha","Tempo estimado de leitura":"1 minuto"},"schema":{"@context":"https:\/\/schema.org","@graph":[{"@type":"Article","@id":"https:\/\/portaltela.pt\/noticias\/2026\/01\/31\/vasco-sousa-faz-seis-horas-de-recuperacao-apos-20-operacoes-na-perna-direita\/#article","isPartOf":{"@id":"https:\/\/portaltela.pt\/noticias\/2026\/01\/31\/vasco-sousa-faz-seis-horas-de-recuperacao-apos-20-operacoes-na-perna-direita\/"},"author":{"name":"Telinha","@id":"https:\/\/portaltela.pt\/#\/schema\/person\/c4278d4a6028830caff9ee44b42d32ed"},"headline":"Vasco Sousa faz seis horas de recupera\u00e7\u00e3o ap\u00f3s 20 opera\u00e7\u00f5es na perna direita","datePublished":"2026-01-31T09:53:00+00:00","mainEntityOfPage":{"@id":"https:\/\/portaltela.pt\/noticias\/2026\/01\/31\/vasco-sousa-faz-seis-horas-de-recuperacao-apos-20-operacoes-na-perna-direita\/"},"wordCount":253,"image":{"@id":"https:\/\/portaltela.pt\/noticias\/2026\/01\/31\/vasco-sousa-faz-seis-horas-de-recuperacao-apos-20-operacoes-na-perna-direita\/#primaryimage"},"thumbnailUrl":"https:\/\/portaltela.pt\/s.01k8rhncp4jt1\/2026\/01\/image-2183.jpg","keywords":["desporto","futebol","les\u00f5es","ortopedia","sa\u00fade"],"articleSection":["Desporto","Futebol"],"inLanguage":"pt-PT"},{"@type":"WebPage","@id":"https:\/\/portaltela.pt\/noticias\/2026\/01\/31\/vasco-sousa-faz-seis-horas-de-recuperacao-apos-20-operacoes-na-perna-direita\/","url":"https:\/\/portaltela.pt\/noticias\/2026\/01\/31\/vasco-sousa-faz-seis-horas-de-recuperacao-apos-20-operacoes-na-perna-direita\/","name":"Vasco Sousa faz seis horas de recupera\u00e7\u00e3o ap\u00f3s 20 opera\u00e7\u00f5es na perna direita - Portal Tela Portugal","isPartOf":{"@id":"https:\/\/portaltela.pt\/#website"},"primaryImageOfPage":{"@id":"https:\/\/portaltela.pt\/noticias\/2026\/01\/31\/vasco-sousa-faz-seis-horas-de-recuperacao-apos-20-operacoes-na-perna-direita\/#primaryimage"},"image":{"@id":"https:\/\/portaltela.pt\/noticias\/2026\/01\/31\/vasco-sousa-faz-seis-horas-de-recuperacao-apos-20-operacoes-na-perna-direita\/#primaryimage"},"thumbnailUrl":"https:\/\/portaltela.pt\/s.01k8rhncp4jt1\/2026\/01\/image-2183.jpg","datePublished":"2026-01-31T09:53:00+00:00","author":{"@id":"https:\/\/portaltela.pt\/#\/schema\/person\/c4278d4a6028830caff9ee44b42d32ed"},"breadcrumb":{"@id":"https:\/\/portaltela.pt\/noticias\/2026\/01\/31\/vasco-sousa-faz-seis-horas-de-recuperacao-apos-20-operacoes-na-perna-direita\/#breadcrumb"},"inLanguage":"pt-PT","potentialAction":[{"@type":"ReadAction","target":["https:\/\/portaltela.pt\/noticias\/2026\/01\/31\/vasco-sousa-faz-seis-horas-de-recuperacao-apos-20-operacoes-na-perna-direita\/"]}]},{"@type":"ImageObject","inLanguage":"pt-PT","@id":"https:\/\/portaltela.pt\/noticias\/2026\/01\/31\/vasco-sousa-faz-seis-horas-de-recuperacao-apos-20-operacoes-na-perna-direita\/#primaryimage","url":"https:\/\/portaltela.pt\/s.01k8rhncp4jt1\/2026\/01\/image-2183.jpg","contentUrl":"https:\/\/portaltela.pt\/s.01k8rhncp4jt1\/2026\/01\/image-2183.jpg","width":796,"height":448,"caption":"Vasco Sousa fraturou o per\u00f3nio no jogo contra o Benfica"},{"@type":"BreadcrumbList","@id":"https:\/\/portaltela.pt\/noticias\/2026\/01\/31\/vasco-sousa-faz-seis-horas-de-recuperacao-apos-20-operacoes-na-perna-direita\/#breadcrumb","itemListElement":[{"@type":"ListItem","position":1,"name":"In\u00edcio","item":"https:\/\/portaltela.pt\/"},{"@type":"ListItem","position":2,"name":"Vasco Sousa faz seis horas de recupera\u00e7\u00e3o ap\u00f3s 20 opera\u00e7\u00f5es na perna direita"}]},{"@type":"WebSite","@id":"https:\/\/portaltela.pt\/#website","url":"https:\/\/portaltela.pt\/","name":"Portal Tela Portugal","description":"","potentialAction":[{"@type":"SearchAction","target":{"@type":"EntryPoint","urlTemplate":"https:\/\/portaltela.pt\/?s={search_term_string}"},"query-input":{"@type":"PropertyValueSpecification","valueRequired":true,"valueName":"search_term_string"}}],"inLanguage":"pt-PT"},{"@type":"Person","@id":"https:\/\/portaltela.pt\/#\/schema\/person\/c4278d4a6028830caff9ee44b42d32ed","name":"Telinha","image":{"@type":"ImageObject","inLanguage":"pt-PT","@id":"https:\/\/portaltela.pt\/s.01k8rhncp4jt1\/2025\/11\/talking-bot-125x125.png","url":"https:\/\/portaltela.pt\/s.01k8rhncp4jt1\/2025\/11\/talking-bot-125x125.png","contentUrl":"https:\/\/portaltela.pt\/s.01k8rhncp4jt1\/2025\/11\/talking-bot-125x125.png","caption":"Telinha"},"sameAs":["https:\/\/portaltela.pt\/"],"url":"https:\/\/portaltela.pt\/por\/367410592786\/"}]}},"_links":{"self":[{"href":"https:\/\/portaltela.pt\/api\/wp\/v2\/posts\/186263","targetHints":{"allow":["GET"]}}],"collection":[{"href":"https:\/\/portaltela.pt\/api\/wp\/v2\/posts"}],"about":[{"href":"https:\/\/portaltela.pt\/api\/wp\/v2\/types\/post"}],"author":[{"embeddable":true,"href":"https:\/\/portaltela.pt\/api\/wp\/v2\/users\/2"}],"replies":[{"embeddable":true,"href":"https:\/\/portaltela.pt\/api\/wp\/v2\/comments?post=186263"}],"version-history":[{"count":0,"href":"https:\/\/portaltela.pt\/api\/wp\/v2\/posts\/186263\/revisions"}],"wp:featuredmedia":[{"embeddable":true,"href":"https:\/\/portaltela.pt\/api\/wp\/v2\/media\/186274"}],"wp:attachment":[{"href":"https:\/\/portaltela.pt\/api\/wp\/v2\/media?parent=186263"}],"wp:term":[{"taxonomy":"category","embeddable":true,"href":"https:\/\/portaltela.pt\/api\/wp\/v2\/categories?post=186263"},{"taxonomy":"post_tag","embeddable":true,"href":"https:\/\/portaltela.pt\/api\/wp\/v2\/tags?post=186263"}],"curies":[{"name":"wp","href":"https:\/\/api.w.org\/{rel}","templated":true}]}}