{"id":186261,"date":"2026-01-31T06:23:00","date_gmt":"2026-01-31T09:23:00","guid":{"rendered":"https:\/\/portaltela.pt\/noticias\/2026\/01\/31\/daniel-chapo-anuncia-retoma-total-do-projecto-mozambique-lng-em-cabo-delgado\/"},"modified":"2026-01-31T06:23:00","modified_gmt":"2026-01-31T09:23:00","slug":"daniel-chapo-anuncia-retoma-total-do-projecto-mozambique-lng-em-cabo-delgado","status":"publish","type":"post","link":"https:\/\/portaltela.pt\/noticias\/2026\/01\/31\/daniel-chapo-anuncia-retoma-total-do-projecto-mozambique-lng-em-cabo-delgado\/","title":{"rendered":"Daniel Chapo anuncia retoma total do Projecto Mozambique LNG em Cabo Delgado"},"content":{"rendered":"<p>O Presidente de Mo\u00e7ambique, Daniel Chapo, anunciou a retoma total do Projecto Mozambique LNG, na \u00c1rea 1 da Bacia do Rovuma, em Afungi, Palma, Cabo Delgado. O an\u00fancio ocorreu durante a cerim\u00f3nia oficial, com apoio da TotalEnergies.<\/p>\n<p>O chefe de Estado descreveu o momento como \u201cdia de festa\u201d para Mo\u00e7ambique, \u00c1frica e o mundo, devido ao restabelecimento da seguran\u00e7a, da confian\u00e7a dos investidores e de impactos esperados na economia nacional.<\/p>\n<p>A retoma sucede \u00e0 suspens\u00e3o das obras em maio de 2021, causada pela declara\u00e7\u00e3o de For\u00e7a Maior por quest\u00f5es de seguran\u00e7a na regi\u00e3o. O rein\u00edcio visa p\u00f4r em vigor o projeto de g\u00e1s natural liquefeito.<\/p>\n<h3>Contexto institucional<\/h3>\n<p>Chapo ressaltou o papel do governo, em coordena\u00e7\u00e3o com as concession\u00e1rias, na resolu\u00e7\u00e3o de desafios de seguran\u00e7a. O acordo SOFA com Ruanda e o refor\u00e7o das For\u00e7as de Defesa contribu\u00edram para a estabilidade em Cabo Delgado.<\/p>\n<p>O Campo Golfinho-Atum integra o contrato aprovado em 2006. Operado pela TotalEnergies desde 2020, tem participa\u00e7\u00e3o da Empresa Nacional de Hidrocarbonetos (15%). A produ\u00e7\u00e3o anual prevista \u00e9 de 13,12 milh\u00f5es de t de GNL.<\/p>\n<h3>Investimento e impactos esperados<\/h3>\n<p>O projeto envolve um investimento global de cerca de 15,4 mil milh\u00f5es de d\u00f3lares e pode gerar receitas ao Estado de aproximadamente 35 mil milh\u00f5es de d\u00f3lares. A dura\u00e7\u00e3o prevista \u00e9 de cerca de 25 anos.<\/p>\n<p>Chapo destacou efeitos sociais, incluindo o reassentamento em Afungi, que deve servir de modelo a outros casos no pa\u00eds. Prev\u00ea-se a cria\u00e7\u00e3o de ~17 mil empregos durante a constru\u00e7\u00e3o, com prioridade para m\u00e3o de obra mo\u00e7ambicana.<\/p>\n<h3>ApoiO da TotalEnergies<\/h3>\n<p>Patrick Pouyann\u00e9, CEO da TotalEnergies, informou apoio adicional de 200 milh\u00f5es de meticais para assist\u00eancia \u00e0s popula\u00e7\u00f5es afetadas pelas cheias. O executivo referiu o projeto como o maior investimento da empresa em \u00c1frica.<\/p>\n<h3>Perspetivas para Cabo Delgado<\/h3>\n<p>O Presidente reiterou o compromisso do Governo com seguran\u00e7a, boa governa\u00e7\u00e3o e benef\u00edcios \u00e0s comunidades locais. O objetivo \u00e9 transformar recursos naturais em desenvolvimento sustent\u00e1vel para Mo\u00e7ambique.<\/p>\n","protected":false},"excerpt":{"rendered":"<ul>\n<li>O Presidente de Mo\u00e7ambique, Daniel Francisco Chapo, anunciou em Afungi, Palma, a retoma total do Projecto Mozambique LNG, da \u00c1rea 1 da Bacia do Rovuma.<\/li>\n<li>A cerim\u00f3nia marcou o rein\u00edcio com a TotalEnergies, visto como dia de festa para Mo\u00e7ambique, \u00c1frica e o mundo, ap\u00f3s a suspens\u00e3o em maio de \u09e8\u09e6\u09e81 devido \u00e0 degrada\u00e7\u00e3o da seguran\u00e7a.<\/li>\n<li>O Presidente destacou que a retoma ocorre num contexto de melhoria da seguran\u00e7a, refor\u00e7o da confian\u00e7a dos investidores e impactos estruturantes para a economia, incluindo apoio de 200 milh\u00f5es de meticais da TotalEnergies.<\/li>\n<li>O projecto envolve um investimento de cerca de 15,4 mil milh\u00f5es de d\u00f3lares e pode gerar receitas de cerca de 35 mil milh\u00f5es de d\u00f3lares, com capacidade anual de 13,12 milh\u00f5es de toneladas de GNL durante cerca de 25 anos.<\/li>\n<li>Prev\u00ea-se a cria\u00e7\u00e3o de cerca de 17 mil empregos durante a constru\u00e7\u00e3o, com prioridade para m\u00e3o de obra mo\u00e7ambicana, al\u00e9m do reassentamento em Afungi como modelo para o pa\u00eds.<\/li>\n<\/ul>\n","protected":false},"author":2,"featured_media":186271,"comment_status":"closed","ping_status":"closed","sticky":false,"template":"","format":"standard","meta":{"footnotes":""},"categories":[1],"tags":[4923,755,174,2551,316,1911],"class_list":["post-186261","post","type-post","status-publish","format-standard","has-post-thumbnail","hentry","category-noticias","tag-afungi","tag-desenvolvimento-sustentavel","tag-energia","tag-hidrocarbonetos","tag-investimento","tag-mocambique"],"yoast_head":"<!-- This site is optimized with the Yoast SEO plugin v27.2 - https:\/\/yoast.com\/product\/yoast-seo-wordpress\/ -->\n<title>Daniel Chapo anuncia retoma total do Projecto Mozambique LNG em Cabo Delgado - Portal Tela Portugal<\/title>\n<meta name=\"robots\" content=\"index, follow, max-snippet:-1, max-image-preview:large, max-video-preview:-1\" \/>\n<meta property=\"og:locale\" content=\"pt_PT\" \/>\n<meta property=\"og:type\" content=\"article\" \/>\n<meta property=\"og:title\" content=\"Daniel Chapo anuncia retoma total do Projecto Mozambique LNG em Cabo Delgado - Portal Tela Portugal\" \/>\n<meta property=\"og:description\" content=\"O Presidente de Mo\u00e7ambique, Daniel Francisco Chapo, anunciou em Afungi, Palma, a retoma total do Projecto Mozambique LNG, da \u00c1rea 1 da Bacia do Rovuma. A cerim\u00f3nia marcou o rein\u00edcio com a TotalEnergies, visto como dia de festa para Mo\u00e7ambique, \u00c1frica e o mundo, ap\u00f3s a suspens\u00e3o em maio de \u09e8\u09e6\u09e81 devido \u00e0 degrada\u00e7\u00e3o da seguran\u00e7a. O Presidente destacou que a retoma ocorre num contexto de melhoria da seguran\u00e7a, refor\u00e7o da confian\u00e7a dos investidores e impactos estruturantes para a economia, incluindo apoio de 200 milh\u00f5es de meticais da TotalEnergies. O projecto envolve um investimento de cerca de 15,4 mil milh\u00f5es de d\u00f3lares e pode gerar receitas de cerca de 35 mil milh\u00f5es de d\u00f3lares, com capacidade anual de 13,12 milh\u00f5es de toneladas de GNL durante cerca de 25 anos. Prev\u00ea-se a cria\u00e7\u00e3o de cerca de 17 mil empregos durante a constru\u00e7\u00e3o, com prioridade para m\u00e3o de obra mo\u00e7ambicana, al\u00e9m do reassentamento em Afungi como modelo para o pa\u00eds.\" \/>\n<meta property=\"og:url\" content=\"https:\/\/portaltela.pt\/noticias\/2026\/01\/31\/daniel-chapo-anuncia-retoma-total-do-projecto-mozambique-lng-em-cabo-delgado\/\" \/>\n<meta property=\"og:site_name\" content=\"Portal Tela Portugal\" \/>\n<meta property=\"article:published_time\" content=\"2026-01-31T09:23:00+00:00\" \/>\n<meta name=\"author\" content=\"Telinha\" \/>\n<meta name=\"twitter:card\" content=\"summary_large_image\" \/>\n<meta name=\"twitter:label1\" content=\"Escrito por\" \/>\n\t<meta name=\"twitter:data1\" content=\"Telinha\" \/>\n\t<meta name=\"twitter:label2\" content=\"Tempo estimado de leitura\" \/>\n\t<meta name=\"twitter:data2\" content=\"2 minutos\" \/>\n<script type=\"application\/ld+json\" class=\"yoast-schema-graph\">{\"@context\":\"https:\/\/schema.org\",\"@graph\":[{\"@type\":\"Article\",\"@id\":\"https:\/\/portaltela.pt\/noticias\/2026\/01\/31\/daniel-chapo-anuncia-retoma-total-do-projecto-mozambique-lng-em-cabo-delgado\/#article\",\"isPartOf\":{\"@id\":\"https:\/\/portaltela.pt\/noticias\/2026\/01\/31\/daniel-chapo-anuncia-retoma-total-do-projecto-mozambique-lng-em-cabo-delgado\/\"},\"author\":{\"name\":\"Telinha\",\"@id\":\"https:\/\/portaltela.pt\/#\/schema\/person\/c4278d4a6028830caff9ee44b42d32ed\"},\"headline\":\"Daniel Chapo anuncia retoma total do Projecto Mozambique LNG em Cabo Delgado\",\"datePublished\":\"2026-01-31T09:23:00+00:00\",\"mainEntityOfPage\":{\"@id\":\"https:\/\/portaltela.pt\/noticias\/2026\/01\/31\/daniel-chapo-anuncia-retoma-total-do-projecto-mozambique-lng-em-cabo-delgado\/\"},\"wordCount\":361,\"image\":{\"@id\":\"https:\/\/portaltela.pt\/noticias\/2026\/01\/31\/daniel-chapo-anuncia-retoma-total-do-projecto-mozambique-lng-em-cabo-delgado\/#primaryimage\"},\"thumbnailUrl\":\"https:\/\/portaltela.pt\/s.01k8rhncp4jt1\/2026\/01\/Presidente-da-Republica-dirige-cerimonia-de-relancamento-do-Projecto-Mozambique-LNG-em-Afungi-na-Bacia-do-Rovuma5-scaled-1.jpg\",\"keywords\":[\"Afungi\",\"desenvolvimento sustent\u00e1vel\",\"energia\",\"hidrocarbonetos\",\"investimento\",\"Mo\u00e7ambique\"],\"articleSection\":[\"Not\u00edcias\"],\"inLanguage\":\"pt-PT\"},{\"@type\":\"WebPage\",\"@id\":\"https:\/\/portaltela.pt\/noticias\/2026\/01\/31\/daniel-chapo-anuncia-retoma-total-do-projecto-mozambique-lng-em-cabo-delgado\/\",\"url\":\"https:\/\/portaltela.pt\/noticias\/2026\/01\/31\/daniel-chapo-anuncia-retoma-total-do-projecto-mozambique-lng-em-cabo-delgado\/\",\"name\":\"Daniel Chapo anuncia retoma total do Projecto Mozambique LNG em Cabo Delgado - Portal Tela Portugal\",\"isPartOf\":{\"@id\":\"https:\/\/portaltela.pt\/#website\"},\"primaryImageOfPage\":{\"@id\":\"https:\/\/portaltela.pt\/noticias\/2026\/01\/31\/daniel-chapo-anuncia-retoma-total-do-projecto-mozambique-lng-em-cabo-delgado\/#primaryimage\"},\"image\":{\"@id\":\"https:\/\/portaltela.pt\/noticias\/2026\/01\/31\/daniel-chapo-anuncia-retoma-total-do-projecto-mozambique-lng-em-cabo-delgado\/#primaryimage\"},\"thumbnailUrl\":\"https:\/\/portaltela.pt\/s.01k8rhncp4jt1\/2026\/01\/Presidente-da-Republica-dirige-cerimonia-de-relancamento-do-Projecto-Mozambique-LNG-em-Afungi-na-Bacia-do-Rovuma5-scaled-1.jpg\",\"datePublished\":\"2026-01-31T09:23:00+00:00\",\"author\":{\"@id\":\"https:\/\/portaltela.pt\/#\/schema\/person\/c4278d4a6028830caff9ee44b42d32ed\"},\"breadcrumb\":{\"@id\":\"https:\/\/portaltela.pt\/noticias\/2026\/01\/31\/daniel-chapo-anuncia-retoma-total-do-projecto-mozambique-lng-em-cabo-delgado\/#breadcrumb\"},\"inLanguage\":\"pt-PT\",\"potentialAction\":[{\"@type\":\"ReadAction\",\"target\":[\"https:\/\/portaltela.pt\/noticias\/2026\/01\/31\/daniel-chapo-anuncia-retoma-total-do-projecto-mozambique-lng-em-cabo-delgado\/\"]}]},{\"@type\":\"ImageObject\",\"inLanguage\":\"pt-PT\",\"@id\":\"https:\/\/portaltela.pt\/noticias\/2026\/01\/31\/daniel-chapo-anuncia-retoma-total-do-projecto-mozambique-lng-em-cabo-delgado\/#primaryimage\",\"url\":\"https:\/\/portaltela.pt\/s.01k8rhncp4jt1\/2026\/01\/Presidente-da-Republica-dirige-cerimonia-de-relancamento-do-Projecto-Mozambique-LNG-em-Afungi-na-Bacia-do-Rovuma5-scaled-1.jpg\",\"contentUrl\":\"https:\/\/portaltela.pt\/s.01k8rhncp4jt1\/2026\/01\/Presidente-da-Republica-dirige-cerimonia-de-relancamento-do-Projecto-Mozambique-LNG-em-Afungi-na-Bacia-do-Rovuma5-scaled-1.jpg\",\"width\":796,\"height\":448,\"caption\":\"Daniel Chapo declara retoma total do Projecto Mozambique LNG em Cabo Delgado\"},{\"@type\":\"BreadcrumbList\",\"@id\":\"https:\/\/portaltela.pt\/noticias\/2026\/01\/31\/daniel-chapo-anuncia-retoma-total-do-projecto-mozambique-lng-em-cabo-delgado\/#breadcrumb\",\"itemListElement\":[{\"@type\":\"ListItem\",\"position\":1,\"name\":\"In\u00edcio\",\"item\":\"https:\/\/portaltela.pt\/\"},{\"@type\":\"ListItem\",\"position\":2,\"name\":\"Daniel Chapo anuncia retoma total do Projecto Mozambique LNG em Cabo Delgado\"}]},{\"@type\":\"WebSite\",\"@id\":\"https:\/\/portaltela.pt\/#website\",\"url\":\"https:\/\/portaltela.pt\/\",\"name\":\"Portal Tela Portugal\",\"description\":\"\",\"potentialAction\":[{\"@type\":\"SearchAction\",\"target\":{\"@type\":\"EntryPoint\",\"urlTemplate\":\"https:\/\/portaltela.pt\/?s={search_term_string}\"},\"query-input\":{\"@type\":\"PropertyValueSpecification\",\"valueRequired\":true,\"valueName\":\"search_term_string\"}}],\"inLanguage\":\"pt-PT\"},{\"@type\":\"Person\",\"@id\":\"https:\/\/portaltela.pt\/#\/schema\/person\/c4278d4a6028830caff9ee44b42d32ed\",\"name\":\"Telinha\",\"image\":{\"@type\":\"ImageObject\",\"inLanguage\":\"pt-PT\",\"@id\":\"https:\/\/portaltela.pt\/s.01k8rhncp4jt1\/2025\/11\/talking-bot-125x125.png\",\"url\":\"https:\/\/portaltela.pt\/s.01k8rhncp4jt1\/2025\/11\/talking-bot-125x125.png\",\"contentUrl\":\"https:\/\/portaltela.pt\/s.01k8rhncp4jt1\/2025\/11\/talking-bot-125x125.png\",\"caption\":\"Telinha\"},\"sameAs\":[\"https:\/\/portaltela.pt\/\"],\"url\":\"https:\/\/portaltela.pt\/por\/367410592786\/\"}]}<\/script>\n<!-- \/ Yoast SEO plugin. -->","yoast_head_json":{"title":"Daniel Chapo anuncia retoma total do Projecto Mozambique LNG em Cabo Delgado - Portal Tela Portugal","robots":{"index":"index","follow":"follow","max-snippet":"max-snippet:-1","max-image-preview":"max-image-preview:large","max-video-preview":"max-video-preview:-1"},"og_locale":"pt_PT","og_type":"article","og_title":"Daniel Chapo anuncia retoma total do Projecto Mozambique LNG em Cabo Delgado - Portal Tela Portugal","og_description":"O Presidente de Mo\u00e7ambique, Daniel Francisco Chapo, anunciou em Afungi, Palma, a retoma total do Projecto Mozambique LNG, da \u00c1rea 1 da Bacia do Rovuma. A cerim\u00f3nia marcou o rein\u00edcio com a TotalEnergies, visto como dia de festa para Mo\u00e7ambique, \u00c1frica e o mundo, ap\u00f3s a suspens\u00e3o em maio de \u09e8\u09e6\u09e81 devido \u00e0 degrada\u00e7\u00e3o da seguran\u00e7a. O Presidente destacou que a retoma ocorre num contexto de melhoria da seguran\u00e7a, refor\u00e7o da confian\u00e7a dos investidores e impactos estruturantes para a economia, incluindo apoio de 200 milh\u00f5es de meticais da TotalEnergies. O projecto envolve um investimento de cerca de 15,4 mil milh\u00f5es de d\u00f3lares e pode gerar receitas de cerca de 35 mil milh\u00f5es de d\u00f3lares, com capacidade anual de 13,12 milh\u00f5es de toneladas de GNL durante cerca de 25 anos. Prev\u00ea-se a cria\u00e7\u00e3o de cerca de 17 mil empregos durante a constru\u00e7\u00e3o, com prioridade para m\u00e3o de obra mo\u00e7ambicana, al\u00e9m do reassentamento em Afungi como modelo para o pa\u00eds.","og_url":"https:\/\/portaltela.pt\/noticias\/2026\/01\/31\/daniel-chapo-anuncia-retoma-total-do-projecto-mozambique-lng-em-cabo-delgado\/","og_site_name":"Portal Tela Portugal","article_published_time":"2026-01-31T09:23:00+00:00","author":"Telinha","twitter_card":"summary_large_image","twitter_misc":{"Escrito por":"Telinha","Tempo estimado de leitura":"2 minutos"},"schema":{"@context":"https:\/\/schema.org","@graph":[{"@type":"Article","@id":"https:\/\/portaltela.pt\/noticias\/2026\/01\/31\/daniel-chapo-anuncia-retoma-total-do-projecto-mozambique-lng-em-cabo-delgado\/#article","isPartOf":{"@id":"https:\/\/portaltela.pt\/noticias\/2026\/01\/31\/daniel-chapo-anuncia-retoma-total-do-projecto-mozambique-lng-em-cabo-delgado\/"},"author":{"name":"Telinha","@id":"https:\/\/portaltela.pt\/#\/schema\/person\/c4278d4a6028830caff9ee44b42d32ed"},"headline":"Daniel Chapo anuncia retoma total do Projecto Mozambique LNG em Cabo Delgado","datePublished":"2026-01-31T09:23:00+00:00","mainEntityOfPage":{"@id":"https:\/\/portaltela.pt\/noticias\/2026\/01\/31\/daniel-chapo-anuncia-retoma-total-do-projecto-mozambique-lng-em-cabo-delgado\/"},"wordCount":361,"image":{"@id":"https:\/\/portaltela.pt\/noticias\/2026\/01\/31\/daniel-chapo-anuncia-retoma-total-do-projecto-mozambique-lng-em-cabo-delgado\/#primaryimage"},"thumbnailUrl":"https:\/\/portaltela.pt\/s.01k8rhncp4jt1\/2026\/01\/Presidente-da-Republica-dirige-cerimonia-de-relancamento-do-Projecto-Mozambique-LNG-em-Afungi-na-Bacia-do-Rovuma5-scaled-1.jpg","keywords":["Afungi","desenvolvimento sustent\u00e1vel","energia","hidrocarbonetos","investimento","Mo\u00e7ambique"],"articleSection":["Not\u00edcias"],"inLanguage":"pt-PT"},{"@type":"WebPage","@id":"https:\/\/portaltela.pt\/noticias\/2026\/01\/31\/daniel-chapo-anuncia-retoma-total-do-projecto-mozambique-lng-em-cabo-delgado\/","url":"https:\/\/portaltela.pt\/noticias\/2026\/01\/31\/daniel-chapo-anuncia-retoma-total-do-projecto-mozambique-lng-em-cabo-delgado\/","name":"Daniel Chapo anuncia retoma total do Projecto Mozambique LNG em Cabo Delgado - Portal Tela Portugal","isPartOf":{"@id":"https:\/\/portaltela.pt\/#website"},"primaryImageOfPage":{"@id":"https:\/\/portaltela.pt\/noticias\/2026\/01\/31\/daniel-chapo-anuncia-retoma-total-do-projecto-mozambique-lng-em-cabo-delgado\/#primaryimage"},"image":{"@id":"https:\/\/portaltela.pt\/noticias\/2026\/01\/31\/daniel-chapo-anuncia-retoma-total-do-projecto-mozambique-lng-em-cabo-delgado\/#primaryimage"},"thumbnailUrl":"https:\/\/portaltela.pt\/s.01k8rhncp4jt1\/2026\/01\/Presidente-da-Republica-dirige-cerimonia-de-relancamento-do-Projecto-Mozambique-LNG-em-Afungi-na-Bacia-do-Rovuma5-scaled-1.jpg","datePublished":"2026-01-31T09:23:00+00:00","author":{"@id":"https:\/\/portaltela.pt\/#\/schema\/person\/c4278d4a6028830caff9ee44b42d32ed"},"breadcrumb":{"@id":"https:\/\/portaltela.pt\/noticias\/2026\/01\/31\/daniel-chapo-anuncia-retoma-total-do-projecto-mozambique-lng-em-cabo-delgado\/#breadcrumb"},"inLanguage":"pt-PT","potentialAction":[{"@type":"ReadAction","target":["https:\/\/portaltela.pt\/noticias\/2026\/01\/31\/daniel-chapo-anuncia-retoma-total-do-projecto-mozambique-lng-em-cabo-delgado\/"]}]},{"@type":"ImageObject","inLanguage":"pt-PT","@id":"https:\/\/portaltela.pt\/noticias\/2026\/01\/31\/daniel-chapo-anuncia-retoma-total-do-projecto-mozambique-lng-em-cabo-delgado\/#primaryimage","url":"https:\/\/portaltela.pt\/s.01k8rhncp4jt1\/2026\/01\/Presidente-da-Republica-dirige-cerimonia-de-relancamento-do-Projecto-Mozambique-LNG-em-Afungi-na-Bacia-do-Rovuma5-scaled-1.jpg","contentUrl":"https:\/\/portaltela.pt\/s.01k8rhncp4jt1\/2026\/01\/Presidente-da-Republica-dirige-cerimonia-de-relancamento-do-Projecto-Mozambique-LNG-em-Afungi-na-Bacia-do-Rovuma5-scaled-1.jpg","width":796,"height":448,"caption":"Daniel Chapo declara retoma total do Projecto Mozambique LNG em Cabo Delgado"},{"@type":"BreadcrumbList","@id":"https:\/\/portaltela.pt\/noticias\/2026\/01\/31\/daniel-chapo-anuncia-retoma-total-do-projecto-mozambique-lng-em-cabo-delgado\/#breadcrumb","itemListElement":[{"@type":"ListItem","position":1,"name":"In\u00edcio","item":"https:\/\/portaltela.pt\/"},{"@type":"ListItem","position":2,"name":"Daniel Chapo anuncia retoma total do Projecto Mozambique LNG em Cabo Delgado"}]},{"@type":"WebSite","@id":"https:\/\/portaltela.pt\/#website","url":"https:\/\/portaltela.pt\/","name":"Portal Tela Portugal","description":"","potentialAction":[{"@type":"SearchAction","target":{"@type":"EntryPoint","urlTemplate":"https:\/\/portaltela.pt\/?s={search_term_string}"},"query-input":{"@type":"PropertyValueSpecification","valueRequired":true,"valueName":"search_term_string"}}],"inLanguage":"pt-PT"},{"@type":"Person","@id":"https:\/\/portaltela.pt\/#\/schema\/person\/c4278d4a6028830caff9ee44b42d32ed","name":"Telinha","image":{"@type":"ImageObject","inLanguage":"pt-PT","@id":"https:\/\/portaltela.pt\/s.01k8rhncp4jt1\/2025\/11\/talking-bot-125x125.png","url":"https:\/\/portaltela.pt\/s.01k8rhncp4jt1\/2025\/11\/talking-bot-125x125.png","contentUrl":"https:\/\/portaltela.pt\/s.01k8rhncp4jt1\/2025\/11\/talking-bot-125x125.png","caption":"Telinha"},"sameAs":["https:\/\/portaltela.pt\/"],"url":"https:\/\/portaltela.pt\/por\/367410592786\/"}]}},"_links":{"self":[{"href":"https:\/\/portaltela.pt\/api\/wp\/v2\/posts\/186261","targetHints":{"allow":["GET"]}}],"collection":[{"href":"https:\/\/portaltela.pt\/api\/wp\/v2\/posts"}],"about":[{"href":"https:\/\/portaltela.pt\/api\/wp\/v2\/types\/post"}],"author":[{"embeddable":true,"href":"https:\/\/portaltela.pt\/api\/wp\/v2\/users\/2"}],"replies":[{"embeddable":true,"href":"https:\/\/portaltela.pt\/api\/wp\/v2\/comments?post=186261"}],"version-history":[{"count":0,"href":"https:\/\/portaltela.pt\/api\/wp\/v2\/posts\/186261\/revisions"}],"wp:featuredmedia":[{"embeddable":true,"href":"https:\/\/portaltela.pt\/api\/wp\/v2\/media\/186271"}],"wp:attachment":[{"href":"https:\/\/portaltela.pt\/api\/wp\/v2\/media?parent=186261"}],"wp:term":[{"taxonomy":"category","embeddable":true,"href":"https:\/\/portaltela.pt\/api\/wp\/v2\/categories?post=186261"},{"taxonomy":"post_tag","embeddable":true,"href":"https:\/\/portaltela.pt\/api\/wp\/v2\/tags?post=186261"}],"curies":[{"name":"wp","href":"https:\/\/api.w.org\/{rel}","templated":true}]}}