{"id":186258,"date":"2026-01-31T06:57:00","date_gmt":"2026-01-31T09:57:00","guid":{"rendered":"https:\/\/portaltela.pt\/noticias\/2026\/01\/31\/carlos-anjos-diz-que-morte-de-maycon-ocorreu-sem-cinto-de-seguranca-posto\/"},"modified":"2026-01-31T06:57:00","modified_gmt":"2026-01-31T09:57:00","slug":"carlos-anjos-diz-que-morte-de-maycon-ocorreu-sem-cinto-de-seguranca-posto","status":"publish","type":"post","link":"https:\/\/portaltela.pt\/noticias\/2026\/01\/31\/carlos-anjos-diz-que-morte-de-maycon-ocorreu-sem-cinto-de-seguranca-posto\/","title":{"rendered":"Carlos Anjos diz que morte de Maycon ocorreu sem cinto de seguran\u00e7a posto"},"content":{"rendered":"<p>O comentador da CMTV, Carlos Anjos, abordou as circunst\u00e2ncias da morte de Maycon Douglas, figura da televis\u00e3o que desapareceu a 31 de dezembro e cujo corpo foi encontrado uma semana depois. Segundo a an\u00e1lise inicial, n\u00e3o h\u00e1 ind\u00edcios de crime.<\/p>\n<p>Anjos afirmou que a aut\u00f3psia indica presen\u00e7a de \u00e1lcool no sangue de Maycon, o que pode ter contribu\u00eddo para o acidente. Al\u00e9m disso, o comentador mencionou que o cinto de seguran\u00e7a n\u00e3o estava colocado no momento do \u00f3bito, o que pode ter agravado as consequ\u00eancias do acidente.<\/p>\n<p>A investiga\u00e7\u00e3o policial continua em curso, sem evid\u00eancias de interven\u00e7\u00e3o externa na morte, conforme o que foi referido pelo comentador. A conclus\u00e3o preliminar aponta para um tr\u00e1gico acidente, mas as autoridades n\u00e3o encerraram o processo.<\/p>\n<p>Maycon Douglas tinha 27 anos e era conhecido por participa\u00e7\u00f5es em programas de televis\u00e3o, deixando uma lacuna no setor do entretenimento. A fam\u00edlia ainda n\u00e3o se pronunciou oficialmente sobre as conclus\u00f5es da aut\u00f3psia.<\/p>\n<p>Fontes pr\u00f3ximas destacam que a not\u00edcia tranquiliza f\u00e3s e amigos que temiam a possibilidade de crime. A pol\u00edcia deve manter o contacto com a fam\u00edlia \u00e0 medida que surgirem mais informa\u00e7\u00f5es oficiais.<\/p>\n<h3>Resultados da aut\u00f3psia<\/h3>\n<p>Os dados preliminares indicam consumo de \u00e1lcool antes do acidente e aus\u00eancia de sinais de viol\u00eancia. N\u00e3o h\u00e1 indic\u00edcios de interven\u00e7\u00e3o externa, segundo as informa\u00e7\u00f5es divulgadas at\u00e9 ao momento. A investiga\u00e7\u00e3o permanece em desenvolvimento.<\/p>\n","protected":false},"excerpt":{"rendered":"<ul>\n<li>Maycon Douglas, estrela de televis\u00e3o, desapareceu a 31 de dezembro e o corpo foi encontrado uma semana depois.<\/li>\n<li>A aut\u00f3psia indica que a morte foi acidente, sem sinais de viol\u00eancia ou interven\u00e7\u00e3o externa.<\/li>\n<li>Os resultados apontam que Maycon tinha \u00e1lcool no sangue, o que pode ter contribu\u00eddo para o acidente.<\/li>\n<li>O cinto de seguran\u00e7a n\u00e3o estava posto, agravando as consequ\u00eancias do acidente.<\/li>\n<li>A investiga\u00e7\u00e3o policial continua; a fam\u00edlia ainda n\u00e3o se pronunciou publicamente.<\/li>\n<\/ul>\n","protected":false},"author":2,"featured_media":186269,"comment_status":"closed","ping_status":"closed","sticky":false,"template":"","format":"standard","meta":{"footnotes":""},"categories":[1],"tags":[4169,3259,1850,147,78,215],"class_list":["post-186258","post","type-post","status-publish","format-standard","has-post-thumbnail","hentry","category-noticias","tag-acidente-rodoviario","tag-celebidades","tag-consumo-de-alcool","tag-crime","tag-famosos","tag-investigacao"],"yoast_head":"<!-- This site is optimized with the Yoast SEO plugin v27.2 - https:\/\/yoast.com\/product\/yoast-seo-wordpress\/ -->\n<title>Carlos Anjos diz que morte de Maycon ocorreu sem cinto de seguran\u00e7a posto - Portal Tela Portugal<\/title>\n<meta name=\"robots\" content=\"index, follow, max-snippet:-1, max-image-preview:large, max-video-preview:-1\" \/>\n<meta property=\"og:locale\" content=\"pt_PT\" \/>\n<meta property=\"og:type\" content=\"article\" \/>\n<meta property=\"og:title\" content=\"Carlos Anjos diz que morte de Maycon ocorreu sem cinto de seguran\u00e7a posto - Portal Tela Portugal\" \/>\n<meta property=\"og:description\" content=\"Maycon Douglas, estrela de televis\u00e3o, desapareceu a 31 de dezembro e o corpo foi encontrado uma semana depois. A aut\u00f3psia indica que a morte foi acidente, sem sinais de viol\u00eancia ou interven\u00e7\u00e3o externa. Os resultados apontam que Maycon tinha \u00e1lcool no sangue, o que pode ter contribu\u00eddo para o acidente. O cinto de seguran\u00e7a n\u00e3o estava posto, agravando as consequ\u00eancias do acidente. A investiga\u00e7\u00e3o policial continua; a fam\u00edlia ainda n\u00e3o se pronunciou publicamente.\" \/>\n<meta property=\"og:url\" content=\"https:\/\/portaltela.pt\/noticias\/2026\/01\/31\/carlos-anjos-diz-que-morte-de-maycon-ocorreu-sem-cinto-de-seguranca-posto\/\" \/>\n<meta property=\"og:site_name\" content=\"Portal Tela Portugal\" \/>\n<meta property=\"article:published_time\" content=\"2026-01-31T09:57:00+00:00\" \/>\n<meta name=\"author\" content=\"Telinha\" \/>\n<meta name=\"twitter:card\" content=\"summary_large_image\" \/>\n<meta name=\"twitter:label1\" content=\"Escrito por\" \/>\n\t<meta name=\"twitter:data1\" content=\"Telinha\" \/>\n\t<meta name=\"twitter:label2\" content=\"Tempo estimado de leitura\" \/>\n\t<meta name=\"twitter:data2\" content=\"1 minuto\" \/>\n<script type=\"application\/ld+json\" class=\"yoast-schema-graph\">{\"@context\":\"https:\/\/schema.org\",\"@graph\":[{\"@type\":\"Article\",\"@id\":\"https:\/\/portaltela.pt\/noticias\/2026\/01\/31\/carlos-anjos-diz-que-morte-de-maycon-ocorreu-sem-cinto-de-seguranca-posto\/#article\",\"isPartOf\":{\"@id\":\"https:\/\/portaltela.pt\/noticias\/2026\/01\/31\/carlos-anjos-diz-que-morte-de-maycon-ocorreu-sem-cinto-de-seguranca-posto\/\"},\"author\":{\"name\":\"Telinha\",\"@id\":\"https:\/\/portaltela.pt\/#\/schema\/person\/c4278d4a6028830caff9ee44b42d32ed\"},\"headline\":\"Carlos Anjos diz que morte de Maycon ocorreu sem cinto de seguran\u00e7a posto\",\"datePublished\":\"2026-01-31T09:57:00+00:00\",\"mainEntityOfPage\":{\"@id\":\"https:\/\/portaltela.pt\/noticias\/2026\/01\/31\/carlos-anjos-diz-que-morte-de-maycon-ocorreu-sem-cinto-de-seguranca-posto\/\"},\"wordCount\":273,\"image\":{\"@id\":\"https:\/\/portaltela.pt\/noticias\/2026\/01\/31\/carlos-anjos-diz-que-morte-de-maycon-ocorreu-sem-cinto-de-seguranca-posto\/#primaryimage\"},\"thumbnailUrl\":\"https:\/\/portaltela.pt\/s.01k8rhncp4jt1\/2026\/01\/img_1280x722uu2026-01-31-09-56-07-2263728.jpg\",\"keywords\":[\"acidente rodovi\u00e1rio\",\"celebidades\",\"consumo de \u00e1lcool\",\"crime\",\"famosos\",\"investiga\u00e7\u00e3o\"],\"articleSection\":[\"Not\u00edcias\"],\"inLanguage\":\"pt-PT\"},{\"@type\":\"WebPage\",\"@id\":\"https:\/\/portaltela.pt\/noticias\/2026\/01\/31\/carlos-anjos-diz-que-morte-de-maycon-ocorreu-sem-cinto-de-seguranca-posto\/\",\"url\":\"https:\/\/portaltela.pt\/noticias\/2026\/01\/31\/carlos-anjos-diz-que-morte-de-maycon-ocorreu-sem-cinto-de-seguranca-posto\/\",\"name\":\"Carlos Anjos diz que morte de Maycon ocorreu sem cinto de seguran\u00e7a posto - Portal Tela Portugal\",\"isPartOf\":{\"@id\":\"https:\/\/portaltela.pt\/#website\"},\"primaryImageOfPage\":{\"@id\":\"https:\/\/portaltela.pt\/noticias\/2026\/01\/31\/carlos-anjos-diz-que-morte-de-maycon-ocorreu-sem-cinto-de-seguranca-posto\/#primaryimage\"},\"image\":{\"@id\":\"https:\/\/portaltela.pt\/noticias\/2026\/01\/31\/carlos-anjos-diz-que-morte-de-maycon-ocorreu-sem-cinto-de-seguranca-posto\/#primaryimage\"},\"thumbnailUrl\":\"https:\/\/portaltela.pt\/s.01k8rhncp4jt1\/2026\/01\/img_1280x722uu2026-01-31-09-56-07-2263728.jpg\",\"datePublished\":\"2026-01-31T09:57:00+00:00\",\"author\":{\"@id\":\"https:\/\/portaltela.pt\/#\/schema\/person\/c4278d4a6028830caff9ee44b42d32ed\"},\"breadcrumb\":{\"@id\":\"https:\/\/portaltela.pt\/noticias\/2026\/01\/31\/carlos-anjos-diz-que-morte-de-maycon-ocorreu-sem-cinto-de-seguranca-posto\/#breadcrumb\"},\"inLanguage\":\"pt-PT\",\"potentialAction\":[{\"@type\":\"ReadAction\",\"target\":[\"https:\/\/portaltela.pt\/noticias\/2026\/01\/31\/carlos-anjos-diz-que-morte-de-maycon-ocorreu-sem-cinto-de-seguranca-posto\/\"]}]},{\"@type\":\"ImageObject\",\"inLanguage\":\"pt-PT\",\"@id\":\"https:\/\/portaltela.pt\/noticias\/2026\/01\/31\/carlos-anjos-diz-que-morte-de-maycon-ocorreu-sem-cinto-de-seguranca-posto\/#primaryimage\",\"url\":\"https:\/\/portaltela.pt\/s.01k8rhncp4jt1\/2026\/01\/img_1280x722uu2026-01-31-09-56-07-2263728.jpg\",\"contentUrl\":\"https:\/\/portaltela.pt\/s.01k8rhncp4jt1\/2026\/01\/img_1280x722uu2026-01-31-09-56-07-2263728.jpg\",\"width\":796,\"height\":448,\"caption\":\"\\\"O cinto de seguran\u00e7a n\u00e3o estava posto\\\": Carlos Anjos sobre morte de Maycon\"},{\"@type\":\"BreadcrumbList\",\"@id\":\"https:\/\/portaltela.pt\/noticias\/2026\/01\/31\/carlos-anjos-diz-que-morte-de-maycon-ocorreu-sem-cinto-de-seguranca-posto\/#breadcrumb\",\"itemListElement\":[{\"@type\":\"ListItem\",\"position\":1,\"name\":\"In\u00edcio\",\"item\":\"https:\/\/portaltela.pt\/\"},{\"@type\":\"ListItem\",\"position\":2,\"name\":\"Carlos Anjos diz que morte de Maycon ocorreu sem cinto de seguran\u00e7a posto\"}]},{\"@type\":\"WebSite\",\"@id\":\"https:\/\/portaltela.pt\/#website\",\"url\":\"https:\/\/portaltela.pt\/\",\"name\":\"Portal Tela Portugal\",\"description\":\"\",\"potentialAction\":[{\"@type\":\"SearchAction\",\"target\":{\"@type\":\"EntryPoint\",\"urlTemplate\":\"https:\/\/portaltela.pt\/?s={search_term_string}\"},\"query-input\":{\"@type\":\"PropertyValueSpecification\",\"valueRequired\":true,\"valueName\":\"search_term_string\"}}],\"inLanguage\":\"pt-PT\"},{\"@type\":\"Person\",\"@id\":\"https:\/\/portaltela.pt\/#\/schema\/person\/c4278d4a6028830caff9ee44b42d32ed\",\"name\":\"Telinha\",\"image\":{\"@type\":\"ImageObject\",\"inLanguage\":\"pt-PT\",\"@id\":\"https:\/\/portaltela.pt\/s.01k8rhncp4jt1\/2025\/11\/talking-bot-125x125.png\",\"url\":\"https:\/\/portaltela.pt\/s.01k8rhncp4jt1\/2025\/11\/talking-bot-125x125.png\",\"contentUrl\":\"https:\/\/portaltela.pt\/s.01k8rhncp4jt1\/2025\/11\/talking-bot-125x125.png\",\"caption\":\"Telinha\"},\"sameAs\":[\"https:\/\/portaltela.pt\/\"],\"url\":\"https:\/\/portaltela.pt\/por\/367410592786\/\"}]}<\/script>\n<!-- \/ Yoast SEO plugin. -->","yoast_head_json":{"title":"Carlos Anjos diz que morte de Maycon ocorreu sem cinto de seguran\u00e7a posto - Portal Tela Portugal","robots":{"index":"index","follow":"follow","max-snippet":"max-snippet:-1","max-image-preview":"max-image-preview:large","max-video-preview":"max-video-preview:-1"},"og_locale":"pt_PT","og_type":"article","og_title":"Carlos Anjos diz que morte de Maycon ocorreu sem cinto de seguran\u00e7a posto - Portal Tela Portugal","og_description":"Maycon Douglas, estrela de televis\u00e3o, desapareceu a 31 de dezembro e o corpo foi encontrado uma semana depois. A aut\u00f3psia indica que a morte foi acidente, sem sinais de viol\u00eancia ou interven\u00e7\u00e3o externa. Os resultados apontam que Maycon tinha \u00e1lcool no sangue, o que pode ter contribu\u00eddo para o acidente. O cinto de seguran\u00e7a n\u00e3o estava posto, agravando as consequ\u00eancias do acidente. A investiga\u00e7\u00e3o policial continua; a fam\u00edlia ainda n\u00e3o se pronunciou publicamente.","og_url":"https:\/\/portaltela.pt\/noticias\/2026\/01\/31\/carlos-anjos-diz-que-morte-de-maycon-ocorreu-sem-cinto-de-seguranca-posto\/","og_site_name":"Portal Tela Portugal","article_published_time":"2026-01-31T09:57:00+00:00","author":"Telinha","twitter_card":"summary_large_image","twitter_misc":{"Escrito por":"Telinha","Tempo estimado de leitura":"1 minuto"},"schema":{"@context":"https:\/\/schema.org","@graph":[{"@type":"Article","@id":"https:\/\/portaltela.pt\/noticias\/2026\/01\/31\/carlos-anjos-diz-que-morte-de-maycon-ocorreu-sem-cinto-de-seguranca-posto\/#article","isPartOf":{"@id":"https:\/\/portaltela.pt\/noticias\/2026\/01\/31\/carlos-anjos-diz-que-morte-de-maycon-ocorreu-sem-cinto-de-seguranca-posto\/"},"author":{"name":"Telinha","@id":"https:\/\/portaltela.pt\/#\/schema\/person\/c4278d4a6028830caff9ee44b42d32ed"},"headline":"Carlos Anjos diz que morte de Maycon ocorreu sem cinto de seguran\u00e7a posto","datePublished":"2026-01-31T09:57:00+00:00","mainEntityOfPage":{"@id":"https:\/\/portaltela.pt\/noticias\/2026\/01\/31\/carlos-anjos-diz-que-morte-de-maycon-ocorreu-sem-cinto-de-seguranca-posto\/"},"wordCount":273,"image":{"@id":"https:\/\/portaltela.pt\/noticias\/2026\/01\/31\/carlos-anjos-diz-que-morte-de-maycon-ocorreu-sem-cinto-de-seguranca-posto\/#primaryimage"},"thumbnailUrl":"https:\/\/portaltela.pt\/s.01k8rhncp4jt1\/2026\/01\/img_1280x722uu2026-01-31-09-56-07-2263728.jpg","keywords":["acidente rodovi\u00e1rio","celebidades","consumo de \u00e1lcool","crime","famosos","investiga\u00e7\u00e3o"],"articleSection":["Not\u00edcias"],"inLanguage":"pt-PT"},{"@type":"WebPage","@id":"https:\/\/portaltela.pt\/noticias\/2026\/01\/31\/carlos-anjos-diz-que-morte-de-maycon-ocorreu-sem-cinto-de-seguranca-posto\/","url":"https:\/\/portaltela.pt\/noticias\/2026\/01\/31\/carlos-anjos-diz-que-morte-de-maycon-ocorreu-sem-cinto-de-seguranca-posto\/","name":"Carlos Anjos diz que morte de Maycon ocorreu sem cinto de seguran\u00e7a posto - Portal Tela Portugal","isPartOf":{"@id":"https:\/\/portaltela.pt\/#website"},"primaryImageOfPage":{"@id":"https:\/\/portaltela.pt\/noticias\/2026\/01\/31\/carlos-anjos-diz-que-morte-de-maycon-ocorreu-sem-cinto-de-seguranca-posto\/#primaryimage"},"image":{"@id":"https:\/\/portaltela.pt\/noticias\/2026\/01\/31\/carlos-anjos-diz-que-morte-de-maycon-ocorreu-sem-cinto-de-seguranca-posto\/#primaryimage"},"thumbnailUrl":"https:\/\/portaltela.pt\/s.01k8rhncp4jt1\/2026\/01\/img_1280x722uu2026-01-31-09-56-07-2263728.jpg","datePublished":"2026-01-31T09:57:00+00:00","author":{"@id":"https:\/\/portaltela.pt\/#\/schema\/person\/c4278d4a6028830caff9ee44b42d32ed"},"breadcrumb":{"@id":"https:\/\/portaltela.pt\/noticias\/2026\/01\/31\/carlos-anjos-diz-que-morte-de-maycon-ocorreu-sem-cinto-de-seguranca-posto\/#breadcrumb"},"inLanguage":"pt-PT","potentialAction":[{"@type":"ReadAction","target":["https:\/\/portaltela.pt\/noticias\/2026\/01\/31\/carlos-anjos-diz-que-morte-de-maycon-ocorreu-sem-cinto-de-seguranca-posto\/"]}]},{"@type":"ImageObject","inLanguage":"pt-PT","@id":"https:\/\/portaltela.pt\/noticias\/2026\/01\/31\/carlos-anjos-diz-que-morte-de-maycon-ocorreu-sem-cinto-de-seguranca-posto\/#primaryimage","url":"https:\/\/portaltela.pt\/s.01k8rhncp4jt1\/2026\/01\/img_1280x722uu2026-01-31-09-56-07-2263728.jpg","contentUrl":"https:\/\/portaltela.pt\/s.01k8rhncp4jt1\/2026\/01\/img_1280x722uu2026-01-31-09-56-07-2263728.jpg","width":796,"height":448,"caption":"\"O cinto de seguran\u00e7a n\u00e3o estava posto\": Carlos Anjos sobre morte de Maycon"},{"@type":"BreadcrumbList","@id":"https:\/\/portaltela.pt\/noticias\/2026\/01\/31\/carlos-anjos-diz-que-morte-de-maycon-ocorreu-sem-cinto-de-seguranca-posto\/#breadcrumb","itemListElement":[{"@type":"ListItem","position":1,"name":"In\u00edcio","item":"https:\/\/portaltela.pt\/"},{"@type":"ListItem","position":2,"name":"Carlos Anjos diz que morte de Maycon ocorreu sem cinto de seguran\u00e7a posto"}]},{"@type":"WebSite","@id":"https:\/\/portaltela.pt\/#website","url":"https:\/\/portaltela.pt\/","name":"Portal Tela Portugal","description":"","potentialAction":[{"@type":"SearchAction","target":{"@type":"EntryPoint","urlTemplate":"https:\/\/portaltela.pt\/?s={search_term_string}"},"query-input":{"@type":"PropertyValueSpecification","valueRequired":true,"valueName":"search_term_string"}}],"inLanguage":"pt-PT"},{"@type":"Person","@id":"https:\/\/portaltela.pt\/#\/schema\/person\/c4278d4a6028830caff9ee44b42d32ed","name":"Telinha","image":{"@type":"ImageObject","inLanguage":"pt-PT","@id":"https:\/\/portaltela.pt\/s.01k8rhncp4jt1\/2025\/11\/talking-bot-125x125.png","url":"https:\/\/portaltela.pt\/s.01k8rhncp4jt1\/2025\/11\/talking-bot-125x125.png","contentUrl":"https:\/\/portaltela.pt\/s.01k8rhncp4jt1\/2025\/11\/talking-bot-125x125.png","caption":"Telinha"},"sameAs":["https:\/\/portaltela.pt\/"],"url":"https:\/\/portaltela.pt\/por\/367410592786\/"}]}},"_links":{"self":[{"href":"https:\/\/portaltela.pt\/api\/wp\/v2\/posts\/186258","targetHints":{"allow":["GET"]}}],"collection":[{"href":"https:\/\/portaltela.pt\/api\/wp\/v2\/posts"}],"about":[{"href":"https:\/\/portaltela.pt\/api\/wp\/v2\/types\/post"}],"author":[{"embeddable":true,"href":"https:\/\/portaltela.pt\/api\/wp\/v2\/users\/2"}],"replies":[{"embeddable":true,"href":"https:\/\/portaltela.pt\/api\/wp\/v2\/comments?post=186258"}],"version-history":[{"count":0,"href":"https:\/\/portaltela.pt\/api\/wp\/v2\/posts\/186258\/revisions"}],"wp:featuredmedia":[{"embeddable":true,"href":"https:\/\/portaltela.pt\/api\/wp\/v2\/media\/186269"}],"wp:attachment":[{"href":"https:\/\/portaltela.pt\/api\/wp\/v2\/media?parent=186258"}],"wp:term":[{"taxonomy":"category","embeddable":true,"href":"https:\/\/portaltela.pt\/api\/wp\/v2\/categories?post=186258"},{"taxonomy":"post_tag","embeddable":true,"href":"https:\/\/portaltela.pt\/api\/wp\/v2\/tags?post=186258"}],"curies":[{"name":"wp","href":"https:\/\/api.w.org\/{rel}","templated":true}]}}