{"id":186243,"date":"2026-01-31T06:42:00","date_gmt":"2026-01-31T09:42:00","guid":{"rendered":"https:\/\/portaltela.pt\/noticias\/2026\/01\/31\/atropelamento-na-avenida-sa-carneiro-deixa-ferido-ligeiro\/"},"modified":"2026-01-31T06:42:00","modified_gmt":"2026-01-31T09:42:00","slug":"atropelamento-na-avenida-sa-carneiro-deixa-ferido-ligeiro","status":"publish","type":"post","link":"https:\/\/portaltela.pt\/noticias\/2026\/01\/31\/atropelamento-na-avenida-sa-carneiro-deixa-ferido-ligeiro\/","title":{"rendered":"Atropelamento na Avenida S\u00e1 Carneiro deixa ferido ligeiro"},"content":{"rendered":"<p>Um atropelamento na Avenida S\u00e1 Carneiro, em frente \u00e0s Vespas, no Funchal, deixou um homem de 39 anos ferido ligeiro. O acidente ocorreu pelas 06h20 desta manh\u00e3.<\/p>\n<p>A v\u00edtima sofreu escoria\u00e7\u00f5es e foi assistida no local pelos Bombeiros Sapadores do Funchal.<\/p>\n<p>N\u00e3o h\u00e1 indica\u00e7\u00e3o de ferimentos graves e as causas do atropelamento ainda est\u00e3o a ser apuradas.<\/p>\n","protected":false},"excerpt":{"rendered":"<ul>\n<li>Um homem de 39 anos ficou ligeiramente ferido num atropelamento ocorrido \u00e0s 06h20 da manh\u00e3 na Avenida S\u00e1 Carneiro, em frente \u00e0s Vespas, no Funchal.<\/li>\n<li>A v\u00edtima apresentou escoria\u00e7\u00f5es e foi assistida no local pelos Bombeiros Sapadores do Funchal.<\/li>\n<li>N\u00e3o h\u00e1 indica\u00e7\u00e3o de ferimentos graves.<\/li>\n<li>O acidente ocorreu na \u00e1rea junto \u00e0s Vespas, no Funchal, mas n\u00e3o h\u00e1 detalhes sobre as causas.<\/li>\n<\/ul>\n","protected":false},"author":2,"featured_media":186253,"comment_status":"closed","ping_status":"closed","sticky":false,"template":"","format":"standard","meta":{"footnotes":""},"categories":[1],"tags":[4169,2335,3741,3957,1120,859],"class_list":["post-186243","post","type-post","status-publish","format-standard","has-post-thumbnail","hentry","category-noticias","tag-acidente-rodoviario","tag-acidentes-rodoviarios","tag-bombeiros-sapadores","tag-feridos-leves","tag-funchal","tag-madeira"],"yoast_head":"<!-- This site is optimized with the Yoast SEO plugin v27.2 - https:\/\/yoast.com\/product\/yoast-seo-wordpress\/ -->\n<title>Atropelamento na Avenida S\u00e1 Carneiro deixa ferido ligeiro - Portal Tela Portugal<\/title>\n<meta name=\"robots\" content=\"index, follow, max-snippet:-1, max-image-preview:large, max-video-preview:-1\" \/>\n<meta property=\"og:locale\" content=\"pt_PT\" \/>\n<meta property=\"og:type\" content=\"article\" \/>\n<meta property=\"og:title\" content=\"Atropelamento na Avenida S\u00e1 Carneiro deixa ferido ligeiro - Portal Tela Portugal\" \/>\n<meta property=\"og:description\" content=\"Um homem de 39 anos ficou ligeiramente ferido num atropelamento ocorrido \u00e0s 06h20 da manh\u00e3 na Avenida S\u00e1 Carneiro, em frente \u00e0s Vespas, no Funchal. A v\u00edtima apresentou escoria\u00e7\u00f5es e foi assistida no local pelos Bombeiros Sapadores do Funchal. N\u00e3o h\u00e1 indica\u00e7\u00e3o de ferimentos graves. O acidente ocorreu na \u00e1rea junto \u00e0s Vespas, no Funchal, mas n\u00e3o h\u00e1 detalhes sobre as causas.\" \/>\n<meta property=\"og:url\" content=\"https:\/\/portaltela.pt\/noticias\/2026\/01\/31\/atropelamento-na-avenida-sa-carneiro-deixa-ferido-ligeiro\/\" \/>\n<meta property=\"og:site_name\" content=\"Portal Tela Portugal\" \/>\n<meta property=\"article:published_time\" content=\"2026-01-31T09:42:00+00:00\" \/>\n<meta name=\"author\" content=\"Telinha\" \/>\n<meta name=\"twitter:card\" content=\"summary_large_image\" \/>\n<meta name=\"twitter:label1\" content=\"Escrito por\" \/>\n\t<meta name=\"twitter:data1\" content=\"Telinha\" \/>\n<script type=\"application\/ld+json\" class=\"yoast-schema-graph\">{\"@context\":\"https:\/\/schema.org\",\"@graph\":[{\"@type\":\"Article\",\"@id\":\"https:\/\/portaltela.pt\/noticias\/2026\/01\/31\/atropelamento-na-avenida-sa-carneiro-deixa-ferido-ligeiro\/#article\",\"isPartOf\":{\"@id\":\"https:\/\/portaltela.pt\/noticias\/2026\/01\/31\/atropelamento-na-avenida-sa-carneiro-deixa-ferido-ligeiro\/\"},\"author\":{\"name\":\"Telinha\",\"@id\":\"https:\/\/portaltela.pt\/#\/schema\/person\/c4278d4a6028830caff9ee44b42d32ed\"},\"headline\":\"Atropelamento na Avenida S\u00e1 Carneiro deixa ferido ligeiro\",\"datePublished\":\"2026-01-31T09:42:00+00:00\",\"mainEntityOfPage\":{\"@id\":\"https:\/\/portaltela.pt\/noticias\/2026\/01\/31\/atropelamento-na-avenida-sa-carneiro-deixa-ferido-ligeiro\/\"},\"wordCount\":69,\"image\":{\"@id\":\"https:\/\/portaltela.pt\/noticias\/2026\/01\/31\/atropelamento-na-avenida-sa-carneiro-deixa-ferido-ligeiro\/#primaryimage\"},\"thumbnailUrl\":\"https:\/\/portaltela.pt\/s.01k8rhncp4jt1\/2026\/01\/unnamed-file-6270.jpg\",\"keywords\":[\"acidente rodovi\u00e1rio\",\"acidentes rodovi\u00e1rios\",\"Bombeiros Sapadores\",\"feridos leves\",\"Funchal\",\"Madeira\"],\"articleSection\":[\"Not\u00edcias\"],\"inLanguage\":\"pt-PT\"},{\"@type\":\"WebPage\",\"@id\":\"https:\/\/portaltela.pt\/noticias\/2026\/01\/31\/atropelamento-na-avenida-sa-carneiro-deixa-ferido-ligeiro\/\",\"url\":\"https:\/\/portaltela.pt\/noticias\/2026\/01\/31\/atropelamento-na-avenida-sa-carneiro-deixa-ferido-ligeiro\/\",\"name\":\"Atropelamento na Avenida S\u00e1 Carneiro deixa ferido ligeiro - Portal Tela Portugal\",\"isPartOf\":{\"@id\":\"https:\/\/portaltela.pt\/#website\"},\"primaryImageOfPage\":{\"@id\":\"https:\/\/portaltela.pt\/noticias\/2026\/01\/31\/atropelamento-na-avenida-sa-carneiro-deixa-ferido-ligeiro\/#primaryimage\"},\"image\":{\"@id\":\"https:\/\/portaltela.pt\/noticias\/2026\/01\/31\/atropelamento-na-avenida-sa-carneiro-deixa-ferido-ligeiro\/#primaryimage\"},\"thumbnailUrl\":\"https:\/\/portaltela.pt\/s.01k8rhncp4jt1\/2026\/01\/unnamed-file-6270.jpg\",\"datePublished\":\"2026-01-31T09:42:00+00:00\",\"author\":{\"@id\":\"https:\/\/portaltela.pt\/#\/schema\/person\/c4278d4a6028830caff9ee44b42d32ed\"},\"breadcrumb\":{\"@id\":\"https:\/\/portaltela.pt\/noticias\/2026\/01\/31\/atropelamento-na-avenida-sa-carneiro-deixa-ferido-ligeiro\/#breadcrumb\"},\"inLanguage\":\"pt-PT\",\"potentialAction\":[{\"@type\":\"ReadAction\",\"target\":[\"https:\/\/portaltela.pt\/noticias\/2026\/01\/31\/atropelamento-na-avenida-sa-carneiro-deixa-ferido-ligeiro\/\"]}]},{\"@type\":\"ImageObject\",\"inLanguage\":\"pt-PT\",\"@id\":\"https:\/\/portaltela.pt\/noticias\/2026\/01\/31\/atropelamento-na-avenida-sa-carneiro-deixa-ferido-ligeiro\/#primaryimage\",\"url\":\"https:\/\/portaltela.pt\/s.01k8rhncp4jt1\/2026\/01\/unnamed-file-6270.jpg\",\"contentUrl\":\"https:\/\/portaltela.pt\/s.01k8rhncp4jt1\/2026\/01\/unnamed-file-6270.jpg\",\"width\":796,\"height\":448,\"caption\":\"Atropelamento na Avenida S\u00e1 Carneiro provoca ferido ligeiro\"},{\"@type\":\"BreadcrumbList\",\"@id\":\"https:\/\/portaltela.pt\/noticias\/2026\/01\/31\/atropelamento-na-avenida-sa-carneiro-deixa-ferido-ligeiro\/#breadcrumb\",\"itemListElement\":[{\"@type\":\"ListItem\",\"position\":1,\"name\":\"In\u00edcio\",\"item\":\"https:\/\/portaltela.pt\/\"},{\"@type\":\"ListItem\",\"position\":2,\"name\":\"Atropelamento na Avenida S\u00e1 Carneiro deixa ferido ligeiro\"}]},{\"@type\":\"WebSite\",\"@id\":\"https:\/\/portaltela.pt\/#website\",\"url\":\"https:\/\/portaltela.pt\/\",\"name\":\"Portal Tela Portugal\",\"description\":\"\",\"potentialAction\":[{\"@type\":\"SearchAction\",\"target\":{\"@type\":\"EntryPoint\",\"urlTemplate\":\"https:\/\/portaltela.pt\/?s={search_term_string}\"},\"query-input\":{\"@type\":\"PropertyValueSpecification\",\"valueRequired\":true,\"valueName\":\"search_term_string\"}}],\"inLanguage\":\"pt-PT\"},{\"@type\":\"Person\",\"@id\":\"https:\/\/portaltela.pt\/#\/schema\/person\/c4278d4a6028830caff9ee44b42d32ed\",\"name\":\"Telinha\",\"image\":{\"@type\":\"ImageObject\",\"inLanguage\":\"pt-PT\",\"@id\":\"https:\/\/portaltela.pt\/s.01k8rhncp4jt1\/2025\/11\/talking-bot-125x125.png\",\"url\":\"https:\/\/portaltela.pt\/s.01k8rhncp4jt1\/2025\/11\/talking-bot-125x125.png\",\"contentUrl\":\"https:\/\/portaltela.pt\/s.01k8rhncp4jt1\/2025\/11\/talking-bot-125x125.png\",\"caption\":\"Telinha\"},\"sameAs\":[\"https:\/\/portaltela.pt\/\"],\"url\":\"https:\/\/portaltela.pt\/por\/367410592786\/\"}]}<\/script>\n<!-- \/ Yoast SEO plugin. -->","yoast_head_json":{"title":"Atropelamento na Avenida S\u00e1 Carneiro deixa ferido ligeiro - Portal Tela Portugal","robots":{"index":"index","follow":"follow","max-snippet":"max-snippet:-1","max-image-preview":"max-image-preview:large","max-video-preview":"max-video-preview:-1"},"og_locale":"pt_PT","og_type":"article","og_title":"Atropelamento na Avenida S\u00e1 Carneiro deixa ferido ligeiro - Portal Tela Portugal","og_description":"Um homem de 39 anos ficou ligeiramente ferido num atropelamento ocorrido \u00e0s 06h20 da manh\u00e3 na Avenida S\u00e1 Carneiro, em frente \u00e0s Vespas, no Funchal. A v\u00edtima apresentou escoria\u00e7\u00f5es e foi assistida no local pelos Bombeiros Sapadores do Funchal. N\u00e3o h\u00e1 indica\u00e7\u00e3o de ferimentos graves. O acidente ocorreu na \u00e1rea junto \u00e0s Vespas, no Funchal, mas n\u00e3o h\u00e1 detalhes sobre as causas.","og_url":"https:\/\/portaltela.pt\/noticias\/2026\/01\/31\/atropelamento-na-avenida-sa-carneiro-deixa-ferido-ligeiro\/","og_site_name":"Portal Tela Portugal","article_published_time":"2026-01-31T09:42:00+00:00","author":"Telinha","twitter_card":"summary_large_image","twitter_misc":{"Escrito por":"Telinha"},"schema":{"@context":"https:\/\/schema.org","@graph":[{"@type":"Article","@id":"https:\/\/portaltela.pt\/noticias\/2026\/01\/31\/atropelamento-na-avenida-sa-carneiro-deixa-ferido-ligeiro\/#article","isPartOf":{"@id":"https:\/\/portaltela.pt\/noticias\/2026\/01\/31\/atropelamento-na-avenida-sa-carneiro-deixa-ferido-ligeiro\/"},"author":{"name":"Telinha","@id":"https:\/\/portaltela.pt\/#\/schema\/person\/c4278d4a6028830caff9ee44b42d32ed"},"headline":"Atropelamento na Avenida S\u00e1 Carneiro deixa ferido ligeiro","datePublished":"2026-01-31T09:42:00+00:00","mainEntityOfPage":{"@id":"https:\/\/portaltela.pt\/noticias\/2026\/01\/31\/atropelamento-na-avenida-sa-carneiro-deixa-ferido-ligeiro\/"},"wordCount":69,"image":{"@id":"https:\/\/portaltela.pt\/noticias\/2026\/01\/31\/atropelamento-na-avenida-sa-carneiro-deixa-ferido-ligeiro\/#primaryimage"},"thumbnailUrl":"https:\/\/portaltela.pt\/s.01k8rhncp4jt1\/2026\/01\/unnamed-file-6270.jpg","keywords":["acidente rodovi\u00e1rio","acidentes rodovi\u00e1rios","Bombeiros Sapadores","feridos leves","Funchal","Madeira"],"articleSection":["Not\u00edcias"],"inLanguage":"pt-PT"},{"@type":"WebPage","@id":"https:\/\/portaltela.pt\/noticias\/2026\/01\/31\/atropelamento-na-avenida-sa-carneiro-deixa-ferido-ligeiro\/","url":"https:\/\/portaltela.pt\/noticias\/2026\/01\/31\/atropelamento-na-avenida-sa-carneiro-deixa-ferido-ligeiro\/","name":"Atropelamento na Avenida S\u00e1 Carneiro deixa ferido ligeiro - Portal Tela Portugal","isPartOf":{"@id":"https:\/\/portaltela.pt\/#website"},"primaryImageOfPage":{"@id":"https:\/\/portaltela.pt\/noticias\/2026\/01\/31\/atropelamento-na-avenida-sa-carneiro-deixa-ferido-ligeiro\/#primaryimage"},"image":{"@id":"https:\/\/portaltela.pt\/noticias\/2026\/01\/31\/atropelamento-na-avenida-sa-carneiro-deixa-ferido-ligeiro\/#primaryimage"},"thumbnailUrl":"https:\/\/portaltela.pt\/s.01k8rhncp4jt1\/2026\/01\/unnamed-file-6270.jpg","datePublished":"2026-01-31T09:42:00+00:00","author":{"@id":"https:\/\/portaltela.pt\/#\/schema\/person\/c4278d4a6028830caff9ee44b42d32ed"},"breadcrumb":{"@id":"https:\/\/portaltela.pt\/noticias\/2026\/01\/31\/atropelamento-na-avenida-sa-carneiro-deixa-ferido-ligeiro\/#breadcrumb"},"inLanguage":"pt-PT","potentialAction":[{"@type":"ReadAction","target":["https:\/\/portaltela.pt\/noticias\/2026\/01\/31\/atropelamento-na-avenida-sa-carneiro-deixa-ferido-ligeiro\/"]}]},{"@type":"ImageObject","inLanguage":"pt-PT","@id":"https:\/\/portaltela.pt\/noticias\/2026\/01\/31\/atropelamento-na-avenida-sa-carneiro-deixa-ferido-ligeiro\/#primaryimage","url":"https:\/\/portaltela.pt\/s.01k8rhncp4jt1\/2026\/01\/unnamed-file-6270.jpg","contentUrl":"https:\/\/portaltela.pt\/s.01k8rhncp4jt1\/2026\/01\/unnamed-file-6270.jpg","width":796,"height":448,"caption":"Atropelamento na Avenida S\u00e1 Carneiro provoca ferido ligeiro"},{"@type":"BreadcrumbList","@id":"https:\/\/portaltela.pt\/noticias\/2026\/01\/31\/atropelamento-na-avenida-sa-carneiro-deixa-ferido-ligeiro\/#breadcrumb","itemListElement":[{"@type":"ListItem","position":1,"name":"In\u00edcio","item":"https:\/\/portaltela.pt\/"},{"@type":"ListItem","position":2,"name":"Atropelamento na Avenida S\u00e1 Carneiro deixa ferido ligeiro"}]},{"@type":"WebSite","@id":"https:\/\/portaltela.pt\/#website","url":"https:\/\/portaltela.pt\/","name":"Portal Tela Portugal","description":"","potentialAction":[{"@type":"SearchAction","target":{"@type":"EntryPoint","urlTemplate":"https:\/\/portaltela.pt\/?s={search_term_string}"},"query-input":{"@type":"PropertyValueSpecification","valueRequired":true,"valueName":"search_term_string"}}],"inLanguage":"pt-PT"},{"@type":"Person","@id":"https:\/\/portaltela.pt\/#\/schema\/person\/c4278d4a6028830caff9ee44b42d32ed","name":"Telinha","image":{"@type":"ImageObject","inLanguage":"pt-PT","@id":"https:\/\/portaltela.pt\/s.01k8rhncp4jt1\/2025\/11\/talking-bot-125x125.png","url":"https:\/\/portaltela.pt\/s.01k8rhncp4jt1\/2025\/11\/talking-bot-125x125.png","contentUrl":"https:\/\/portaltela.pt\/s.01k8rhncp4jt1\/2025\/11\/talking-bot-125x125.png","caption":"Telinha"},"sameAs":["https:\/\/portaltela.pt\/"],"url":"https:\/\/portaltela.pt\/por\/367410592786\/"}]}},"_links":{"self":[{"href":"https:\/\/portaltela.pt\/api\/wp\/v2\/posts\/186243","targetHints":{"allow":["GET"]}}],"collection":[{"href":"https:\/\/portaltela.pt\/api\/wp\/v2\/posts"}],"about":[{"href":"https:\/\/portaltela.pt\/api\/wp\/v2\/types\/post"}],"author":[{"embeddable":true,"href":"https:\/\/portaltela.pt\/api\/wp\/v2\/users\/2"}],"replies":[{"embeddable":true,"href":"https:\/\/portaltela.pt\/api\/wp\/v2\/comments?post=186243"}],"version-history":[{"count":0,"href":"https:\/\/portaltela.pt\/api\/wp\/v2\/posts\/186243\/revisions"}],"wp:featuredmedia":[{"embeddable":true,"href":"https:\/\/portaltela.pt\/api\/wp\/v2\/media\/186253"}],"wp:attachment":[{"href":"https:\/\/portaltela.pt\/api\/wp\/v2\/media?parent=186243"}],"wp:term":[{"taxonomy":"category","embeddable":true,"href":"https:\/\/portaltela.pt\/api\/wp\/v2\/categories?post=186243"},{"taxonomy":"post_tag","embeddable":true,"href":"https:\/\/portaltela.pt\/api\/wp\/v2\/tags?post=186243"}],"curies":[{"name":"wp","href":"https:\/\/api.w.org\/{rel}","templated":true}]}}