{"id":186164,"date":"2026-01-31T05:46:40","date_gmt":"2026-01-31T08:46:40","guid":{"rendered":"https:\/\/portaltela.pt\/noticias\/2026\/01\/31\/alunos-de-celorico-de-basto-simulam-julgamento-de-violencia-domestica\/"},"modified":"2026-01-31T05:46:40","modified_gmt":"2026-01-31T08:46:40","slug":"alunos-de-celorico-de-basto-simulam-julgamento-de-violencia-domestica","status":"publish","type":"post","link":"https:\/\/portaltela.pt\/noticias\/2026\/01\/31\/alunos-de-celorico-de-basto-simulam-julgamento-de-violencia-domestica\/","title":{"rendered":"Alunos de Celorico de Basto simulam julgamento de viol\u00eancia dom\u00e9stica"},"content":{"rendered":"<p>Alunos de Celorico de Basto participaram num julgamento simulado sobre viol\u00eancia dom\u00e9stica, realizado no tribunal local sob supervis\u00e3o judicial. A a\u00e7\u00e3o visou sensibilizar os jovens para a gravidade do crime e ocorreu numa sess\u00e3o pr\u00e1tica, com participa\u00e7\u00e3o de estudantes do 10.\u00ba ano da Escola B\u00e1sica e Secund\u00e1ria de Celorico de Basto.<\/p>\n<p>A simula\u00e7\u00e3o contou com a supervis\u00e3o direta de uma ju\u00edza da comarca e da procuradora Isabel Amorim. Os alunos representaram as diferentes figuras de um processo: v\u00edtima, arguido, testemunhas, advogados, juiz e procurador, para compreenderem o funcionamento da justi\u00e7a num caso de viol\u00eancia dom\u00e9stica.<\/p>\n<p>A iniciativa integra a Rede Integrada de Apoio \u00e0 V\u00edtima do concelho, que inclui o Gabinete Girassol, o DIAP, o tribunal e o agrupamento de escolas. O objetivo \u00e9 promover a educa\u00e7\u00e3o c\u00edvica e a preven\u00e7\u00e3o entre jovens, refletindo preocupa\u00e7\u00f5es locais com este fen\u00f3meno.<\/p>\n<h3>Contexto e impacto<\/h3>\n<p>O concelho regista 18 v\u00edtimas de viol\u00eancia dom\u00e9stica nos primeiros nove meses de 2025, de acordo com a a\u00e7\u00e3o de sensibiliza\u00e7\u00e3o. O grupo j\u00e1 havia dinamizado uma atividade semelhante sobre viol\u00eancia no namoro no ano anterior, refor\u00e7ando a aposta educativa.<\/p>\n<p>O vereador da A\u00e7\u00e3o Social, Jos\u00e9 Sousa, destacou a import\u00e2ncia de envolver os jovens em idades decisivas. Disse que \u00e9 essencial faz\u00ea-los compreender a gravidade de crimes p\u00fablicos que os afetam a todos, muitas vezes iniciando com atitudes aparentemente inofensivas.<\/p>\n<p>A iniciativa integra as estrat\u00e9gias da autarquia para combater o problema, com foco na preven\u00e7\u00e3o atrav\u00e9s da educa\u00e7\u00e3o e da consciencializa\u00e7\u00e3o c\u00edvica, promovendo uma resposta coordenada entre servi\u00e7os municipais, tribunais e escolas.<\/p>\n","protected":false},"excerpt":{"rendered":"<ul>\n<li>Alunos do 10.\u00ba ano da Escola B\u00e1sica e Secund\u00e1ria de Celorico de Basto participaram num julgamento simulado de viol\u00eancia dom\u00e9stica, realizado nas instala\u00e7\u00f5es reais do Tribunal Judicial local sob supervis\u00e3o judicial.<\/li>\n<li>A a\u00e7\u00e3o pedag\u00f3gica contou com a orienta\u00e7\u00e3o de uma ju\u00edza da comarca e da procuradora Isabel Amorim, com apoio da Rede Integrada de Apoio \u00e0 V\u00edtima do concelho e do Gabinete Girassol.<\/li>\n<li>Os estudantes exerceram pap\u00e9is processuais diversos \u2014 v\u00edtima, arguido, testemunhas, advogados, juiz e procurador \u2014 para entender o funcionamento da justi\u00e7a e as din\u00e2micas associadas ao crime.<\/li>\n<li>A iniciativa surge em contexto de preocupa\u00e7\u00e3o local, com 18 v\u00edtimas de viol\u00eancia dom\u00e9stica registadas nos primeiros nove meses de 2025 no concelho.<\/li>\n<li>O vereador da A\u00e7\u00e3o Social, Jos\u00e9 Sousa, destacou a import\u00e2ncia de envolver jovens nesta mat\u00e9ria, elogiando o trabalho do Gabinete Girassol como estrat\u00e9gia de preven\u00e7\u00e3o pela educa\u00e7\u00e3o c\u00edvica.<\/li>\n<\/ul>\n","protected":false},"author":2,"featured_media":186168,"comment_status":"closed","ping_status":"closed","sticky":false,"template":"","format":"standard","meta":{"footnotes":""},"categories":[1],"tags":[1084,1966,1370,163,52,214],"class_list":["post-186164","post","type-post","status-publish","format-standard","has-post-thumbnail","hentry","category-noticias","tag-acao-social","tag-celorico-da-beira","tag-celorico-de-basto","tag-educacao","tag-tribunal","tag-violencia-domestica"],"yoast_head":"<!-- This site is optimized with the Yoast SEO plugin v27.2 - https:\/\/yoast.com\/product\/yoast-seo-wordpress\/ -->\n<title>Alunos de Celorico de Basto simulam julgamento de viol\u00eancia dom\u00e9stica - Portal Tela Portugal<\/title>\n<meta name=\"robots\" content=\"index, follow, max-snippet:-1, max-image-preview:large, max-video-preview:-1\" \/>\n<meta property=\"og:locale\" content=\"pt_PT\" \/>\n<meta property=\"og:type\" content=\"article\" \/>\n<meta property=\"og:title\" content=\"Alunos de Celorico de Basto simulam julgamento de viol\u00eancia dom\u00e9stica - Portal Tela Portugal\" \/>\n<meta property=\"og:description\" content=\"Alunos do 10.\u00ba ano da Escola B\u00e1sica e Secund\u00e1ria de Celorico de Basto participaram num julgamento simulado de viol\u00eancia dom\u00e9stica, realizado nas instala\u00e7\u00f5es reais do Tribunal Judicial local sob supervis\u00e3o judicial. A a\u00e7\u00e3o pedag\u00f3gica contou com a orienta\u00e7\u00e3o de uma ju\u00edza da comarca e da procuradora Isabel Amorim, com apoio da Rede Integrada de Apoio \u00e0 V\u00edtima do concelho e do Gabinete Girassol. Os estudantes exerceram pap\u00e9is processuais diversos \u2014 v\u00edtima, arguido, testemunhas, advogados, juiz e procurador \u2014 para entender o funcionamento da justi\u00e7a e as din\u00e2micas associadas ao crime. A iniciativa surge em contexto de preocupa\u00e7\u00e3o local, com 18 v\u00edtimas de viol\u00eancia dom\u00e9stica registadas nos primeiros nove meses de 2025 no concelho. O vereador da A\u00e7\u00e3o Social, Jos\u00e9 Sousa, destacou a import\u00e2ncia de envolver jovens nesta mat\u00e9ria, elogiando o trabalho do Gabinete Girassol como estrat\u00e9gia de preven\u00e7\u00e3o pela educa\u00e7\u00e3o c\u00edvica.\" \/>\n<meta property=\"og:url\" content=\"https:\/\/portaltela.pt\/noticias\/2026\/01\/31\/alunos-de-celorico-de-basto-simulam-julgamento-de-violencia-domestica\/\" \/>\n<meta property=\"og:site_name\" content=\"Portal Tela Portugal\" \/>\n<meta property=\"article:published_time\" content=\"2026-01-31T08:46:40+00:00\" \/>\n<meta name=\"author\" content=\"Telinha\" \/>\n<meta name=\"twitter:card\" content=\"summary_large_image\" \/>\n<meta name=\"twitter:label1\" content=\"Escrito por\" \/>\n\t<meta name=\"twitter:data1\" content=\"Telinha\" \/>\n\t<meta name=\"twitter:label2\" content=\"Tempo estimado de leitura\" \/>\n\t<meta name=\"twitter:data2\" content=\"1 minuto\" \/>\n<script type=\"application\/ld+json\" class=\"yoast-schema-graph\">{\"@context\":\"https:\/\/schema.org\",\"@graph\":[{\"@type\":\"Article\",\"@id\":\"https:\/\/portaltela.pt\/noticias\/2026\/01\/31\/alunos-de-celorico-de-basto-simulam-julgamento-de-violencia-domestica\/#article\",\"isPartOf\":{\"@id\":\"https:\/\/portaltela.pt\/noticias\/2026\/01\/31\/alunos-de-celorico-de-basto-simulam-julgamento-de-violencia-domestica\/\"},\"author\":{\"name\":\"Telinha\",\"@id\":\"https:\/\/portaltela.pt\/#\/schema\/person\/c4278d4a6028830caff9ee44b42d32ed\"},\"headline\":\"Alunos de Celorico de Basto simulam julgamento de viol\u00eancia dom\u00e9stica\",\"datePublished\":\"2026-01-31T08:46:40+00:00\",\"mainEntityOfPage\":{\"@id\":\"https:\/\/portaltela.pt\/noticias\/2026\/01\/31\/alunos-de-celorico-de-basto-simulam-julgamento-de-violencia-domestica\/\"},\"wordCount\":300,\"image\":{\"@id\":\"https:\/\/portaltela.pt\/noticias\/2026\/01\/31\/alunos-de-celorico-de-basto-simulam-julgamento-de-violencia-domestica\/#primaryimage\"},\"thumbnailUrl\":\"https:\/\/portaltela.pt\/s.01k8rhncp4jt1\/2026\/01\/unnamed-file-6262.jpg\",\"keywords\":[\"A\u00e7\u00e3o Social\",\"Celorico da Beira\",\"Celorico de Basto\",\"educa\u00e7\u00e3o\",\"tribunal\",\"viol\u00eancia dom\u00e9stica\"],\"articleSection\":[\"Not\u00edcias\"],\"inLanguage\":\"pt-PT\"},{\"@type\":\"WebPage\",\"@id\":\"https:\/\/portaltela.pt\/noticias\/2026\/01\/31\/alunos-de-celorico-de-basto-simulam-julgamento-de-violencia-domestica\/\",\"url\":\"https:\/\/portaltela.pt\/noticias\/2026\/01\/31\/alunos-de-celorico-de-basto-simulam-julgamento-de-violencia-domestica\/\",\"name\":\"Alunos de Celorico de Basto simulam julgamento de viol\u00eancia dom\u00e9stica - Portal Tela Portugal\",\"isPartOf\":{\"@id\":\"https:\/\/portaltela.pt\/#website\"},\"primaryImageOfPage\":{\"@id\":\"https:\/\/portaltela.pt\/noticias\/2026\/01\/31\/alunos-de-celorico-de-basto-simulam-julgamento-de-violencia-domestica\/#primaryimage\"},\"image\":{\"@id\":\"https:\/\/portaltela.pt\/noticias\/2026\/01\/31\/alunos-de-celorico-de-basto-simulam-julgamento-de-violencia-domestica\/#primaryimage\"},\"thumbnailUrl\":\"https:\/\/portaltela.pt\/s.01k8rhncp4jt1\/2026\/01\/unnamed-file-6262.jpg\",\"datePublished\":\"2026-01-31T08:46:40+00:00\",\"author\":{\"@id\":\"https:\/\/portaltela.pt\/#\/schema\/person\/c4278d4a6028830caff9ee44b42d32ed\"},\"breadcrumb\":{\"@id\":\"https:\/\/portaltela.pt\/noticias\/2026\/01\/31\/alunos-de-celorico-de-basto-simulam-julgamento-de-violencia-domestica\/#breadcrumb\"},\"inLanguage\":\"pt-PT\",\"potentialAction\":[{\"@type\":\"ReadAction\",\"target\":[\"https:\/\/portaltela.pt\/noticias\/2026\/01\/31\/alunos-de-celorico-de-basto-simulam-julgamento-de-violencia-domestica\/\"]}]},{\"@type\":\"ImageObject\",\"inLanguage\":\"pt-PT\",\"@id\":\"https:\/\/portaltela.pt\/noticias\/2026\/01\/31\/alunos-de-celorico-de-basto-simulam-julgamento-de-violencia-domestica\/#primaryimage\",\"url\":\"https:\/\/portaltela.pt\/s.01k8rhncp4jt1\/2026\/01\/unnamed-file-6262.jpg\",\"contentUrl\":\"https:\/\/portaltela.pt\/s.01k8rhncp4jt1\/2026\/01\/unnamed-file-6262.jpg\",\"width\":796,\"height\":448,\"caption\":\"Alunos de Celorico de Basto simulam julgamento de viol\u00eancia dom\u00e9stica em tribunal real\"},{\"@type\":\"BreadcrumbList\",\"@id\":\"https:\/\/portaltela.pt\/noticias\/2026\/01\/31\/alunos-de-celorico-de-basto-simulam-julgamento-de-violencia-domestica\/#breadcrumb\",\"itemListElement\":[{\"@type\":\"ListItem\",\"position\":1,\"name\":\"In\u00edcio\",\"item\":\"https:\/\/portaltela.pt\/\"},{\"@type\":\"ListItem\",\"position\":2,\"name\":\"Alunos de Celorico de Basto simulam julgamento de viol\u00eancia dom\u00e9stica\"}]},{\"@type\":\"WebSite\",\"@id\":\"https:\/\/portaltela.pt\/#website\",\"url\":\"https:\/\/portaltela.pt\/\",\"name\":\"Portal Tela Portugal\",\"description\":\"\",\"potentialAction\":[{\"@type\":\"SearchAction\",\"target\":{\"@type\":\"EntryPoint\",\"urlTemplate\":\"https:\/\/portaltela.pt\/?s={search_term_string}\"},\"query-input\":{\"@type\":\"PropertyValueSpecification\",\"valueRequired\":true,\"valueName\":\"search_term_string\"}}],\"inLanguage\":\"pt-PT\"},{\"@type\":\"Person\",\"@id\":\"https:\/\/portaltela.pt\/#\/schema\/person\/c4278d4a6028830caff9ee44b42d32ed\",\"name\":\"Telinha\",\"image\":{\"@type\":\"ImageObject\",\"inLanguage\":\"pt-PT\",\"@id\":\"https:\/\/portaltela.pt\/s.01k8rhncp4jt1\/2025\/11\/talking-bot-125x125.png\",\"url\":\"https:\/\/portaltela.pt\/s.01k8rhncp4jt1\/2025\/11\/talking-bot-125x125.png\",\"contentUrl\":\"https:\/\/portaltela.pt\/s.01k8rhncp4jt1\/2025\/11\/talking-bot-125x125.png\",\"caption\":\"Telinha\"},\"sameAs\":[\"https:\/\/portaltela.pt\/\"],\"url\":\"https:\/\/portaltela.pt\/por\/367410592786\/\"}]}<\/script>\n<!-- \/ Yoast SEO plugin. -->","yoast_head_json":{"title":"Alunos de Celorico de Basto simulam julgamento de viol\u00eancia dom\u00e9stica - Portal Tela Portugal","robots":{"index":"index","follow":"follow","max-snippet":"max-snippet:-1","max-image-preview":"max-image-preview:large","max-video-preview":"max-video-preview:-1"},"og_locale":"pt_PT","og_type":"article","og_title":"Alunos de Celorico de Basto simulam julgamento de viol\u00eancia dom\u00e9stica - Portal Tela Portugal","og_description":"Alunos do 10.\u00ba ano da Escola B\u00e1sica e Secund\u00e1ria de Celorico de Basto participaram num julgamento simulado de viol\u00eancia dom\u00e9stica, realizado nas instala\u00e7\u00f5es reais do Tribunal Judicial local sob supervis\u00e3o judicial. A a\u00e7\u00e3o pedag\u00f3gica contou com a orienta\u00e7\u00e3o de uma ju\u00edza da comarca e da procuradora Isabel Amorim, com apoio da Rede Integrada de Apoio \u00e0 V\u00edtima do concelho e do Gabinete Girassol. Os estudantes exerceram pap\u00e9is processuais diversos \u2014 v\u00edtima, arguido, testemunhas, advogados, juiz e procurador \u2014 para entender o funcionamento da justi\u00e7a e as din\u00e2micas associadas ao crime. A iniciativa surge em contexto de preocupa\u00e7\u00e3o local, com 18 v\u00edtimas de viol\u00eancia dom\u00e9stica registadas nos primeiros nove meses de 2025 no concelho. O vereador da A\u00e7\u00e3o Social, Jos\u00e9 Sousa, destacou a import\u00e2ncia de envolver jovens nesta mat\u00e9ria, elogiando o trabalho do Gabinete Girassol como estrat\u00e9gia de preven\u00e7\u00e3o pela educa\u00e7\u00e3o c\u00edvica.","og_url":"https:\/\/portaltela.pt\/noticias\/2026\/01\/31\/alunos-de-celorico-de-basto-simulam-julgamento-de-violencia-domestica\/","og_site_name":"Portal Tela Portugal","article_published_time":"2026-01-31T08:46:40+00:00","author":"Telinha","twitter_card":"summary_large_image","twitter_misc":{"Escrito por":"Telinha","Tempo estimado de leitura":"1 minuto"},"schema":{"@context":"https:\/\/schema.org","@graph":[{"@type":"Article","@id":"https:\/\/portaltela.pt\/noticias\/2026\/01\/31\/alunos-de-celorico-de-basto-simulam-julgamento-de-violencia-domestica\/#article","isPartOf":{"@id":"https:\/\/portaltela.pt\/noticias\/2026\/01\/31\/alunos-de-celorico-de-basto-simulam-julgamento-de-violencia-domestica\/"},"author":{"name":"Telinha","@id":"https:\/\/portaltela.pt\/#\/schema\/person\/c4278d4a6028830caff9ee44b42d32ed"},"headline":"Alunos de Celorico de Basto simulam julgamento de viol\u00eancia dom\u00e9stica","datePublished":"2026-01-31T08:46:40+00:00","mainEntityOfPage":{"@id":"https:\/\/portaltela.pt\/noticias\/2026\/01\/31\/alunos-de-celorico-de-basto-simulam-julgamento-de-violencia-domestica\/"},"wordCount":300,"image":{"@id":"https:\/\/portaltela.pt\/noticias\/2026\/01\/31\/alunos-de-celorico-de-basto-simulam-julgamento-de-violencia-domestica\/#primaryimage"},"thumbnailUrl":"https:\/\/portaltela.pt\/s.01k8rhncp4jt1\/2026\/01\/unnamed-file-6262.jpg","keywords":["A\u00e7\u00e3o Social","Celorico da Beira","Celorico de Basto","educa\u00e7\u00e3o","tribunal","viol\u00eancia dom\u00e9stica"],"articleSection":["Not\u00edcias"],"inLanguage":"pt-PT"},{"@type":"WebPage","@id":"https:\/\/portaltela.pt\/noticias\/2026\/01\/31\/alunos-de-celorico-de-basto-simulam-julgamento-de-violencia-domestica\/","url":"https:\/\/portaltela.pt\/noticias\/2026\/01\/31\/alunos-de-celorico-de-basto-simulam-julgamento-de-violencia-domestica\/","name":"Alunos de Celorico de Basto simulam julgamento de viol\u00eancia dom\u00e9stica - Portal Tela Portugal","isPartOf":{"@id":"https:\/\/portaltela.pt\/#website"},"primaryImageOfPage":{"@id":"https:\/\/portaltela.pt\/noticias\/2026\/01\/31\/alunos-de-celorico-de-basto-simulam-julgamento-de-violencia-domestica\/#primaryimage"},"image":{"@id":"https:\/\/portaltela.pt\/noticias\/2026\/01\/31\/alunos-de-celorico-de-basto-simulam-julgamento-de-violencia-domestica\/#primaryimage"},"thumbnailUrl":"https:\/\/portaltela.pt\/s.01k8rhncp4jt1\/2026\/01\/unnamed-file-6262.jpg","datePublished":"2026-01-31T08:46:40+00:00","author":{"@id":"https:\/\/portaltela.pt\/#\/schema\/person\/c4278d4a6028830caff9ee44b42d32ed"},"breadcrumb":{"@id":"https:\/\/portaltela.pt\/noticias\/2026\/01\/31\/alunos-de-celorico-de-basto-simulam-julgamento-de-violencia-domestica\/#breadcrumb"},"inLanguage":"pt-PT","potentialAction":[{"@type":"ReadAction","target":["https:\/\/portaltela.pt\/noticias\/2026\/01\/31\/alunos-de-celorico-de-basto-simulam-julgamento-de-violencia-domestica\/"]}]},{"@type":"ImageObject","inLanguage":"pt-PT","@id":"https:\/\/portaltela.pt\/noticias\/2026\/01\/31\/alunos-de-celorico-de-basto-simulam-julgamento-de-violencia-domestica\/#primaryimage","url":"https:\/\/portaltela.pt\/s.01k8rhncp4jt1\/2026\/01\/unnamed-file-6262.jpg","contentUrl":"https:\/\/portaltela.pt\/s.01k8rhncp4jt1\/2026\/01\/unnamed-file-6262.jpg","width":796,"height":448,"caption":"Alunos de Celorico de Basto simulam julgamento de viol\u00eancia dom\u00e9stica em tribunal real"},{"@type":"BreadcrumbList","@id":"https:\/\/portaltela.pt\/noticias\/2026\/01\/31\/alunos-de-celorico-de-basto-simulam-julgamento-de-violencia-domestica\/#breadcrumb","itemListElement":[{"@type":"ListItem","position":1,"name":"In\u00edcio","item":"https:\/\/portaltela.pt\/"},{"@type":"ListItem","position":2,"name":"Alunos de Celorico de Basto simulam julgamento de viol\u00eancia dom\u00e9stica"}]},{"@type":"WebSite","@id":"https:\/\/portaltela.pt\/#website","url":"https:\/\/portaltela.pt\/","name":"Portal Tela Portugal","description":"","potentialAction":[{"@type":"SearchAction","target":{"@type":"EntryPoint","urlTemplate":"https:\/\/portaltela.pt\/?s={search_term_string}"},"query-input":{"@type":"PropertyValueSpecification","valueRequired":true,"valueName":"search_term_string"}}],"inLanguage":"pt-PT"},{"@type":"Person","@id":"https:\/\/portaltela.pt\/#\/schema\/person\/c4278d4a6028830caff9ee44b42d32ed","name":"Telinha","image":{"@type":"ImageObject","inLanguage":"pt-PT","@id":"https:\/\/portaltela.pt\/s.01k8rhncp4jt1\/2025\/11\/talking-bot-125x125.png","url":"https:\/\/portaltela.pt\/s.01k8rhncp4jt1\/2025\/11\/talking-bot-125x125.png","contentUrl":"https:\/\/portaltela.pt\/s.01k8rhncp4jt1\/2025\/11\/talking-bot-125x125.png","caption":"Telinha"},"sameAs":["https:\/\/portaltela.pt\/"],"url":"https:\/\/portaltela.pt\/por\/367410592786\/"}]}},"_links":{"self":[{"href":"https:\/\/portaltela.pt\/api\/wp\/v2\/posts\/186164","targetHints":{"allow":["GET"]}}],"collection":[{"href":"https:\/\/portaltela.pt\/api\/wp\/v2\/posts"}],"about":[{"href":"https:\/\/portaltela.pt\/api\/wp\/v2\/types\/post"}],"author":[{"embeddable":true,"href":"https:\/\/portaltela.pt\/api\/wp\/v2\/users\/2"}],"replies":[{"embeddable":true,"href":"https:\/\/portaltela.pt\/api\/wp\/v2\/comments?post=186164"}],"version-history":[{"count":0,"href":"https:\/\/portaltela.pt\/api\/wp\/v2\/posts\/186164\/revisions"}],"wp:featuredmedia":[{"embeddable":true,"href":"https:\/\/portaltela.pt\/api\/wp\/v2\/media\/186168"}],"wp:attachment":[{"href":"https:\/\/portaltela.pt\/api\/wp\/v2\/media?parent=186164"}],"wp:term":[{"taxonomy":"category","embeddable":true,"href":"https:\/\/portaltela.pt\/api\/wp\/v2\/categories?post=186164"},{"taxonomy":"post_tag","embeddable":true,"href":"https:\/\/portaltela.pt\/api\/wp\/v2\/tags?post=186164"}],"curies":[{"name":"wp","href":"https:\/\/api.w.org\/{rel}","templated":true}]}}