{"id":186153,"date":"2026-01-31T05:00:00","date_gmt":"2026-01-31T08:00:00","guid":{"rendered":"https:\/\/portaltela.pt\/noticias\/2026\/01\/31\/cidadaos-fortalecem-participacao-na-democracia-local\/"},"modified":"2026-01-31T05:00:00","modified_gmt":"2026-01-31T08:00:00","slug":"cidadaos-fortalecem-participacao-na-democracia-local","status":"publish","type":"post","link":"https:\/\/portaltela.pt\/noticias\/2026\/01\/31\/cidadaos-fortalecem-participacao-na-democracia-local\/","title":{"rendered":"Cidad\u00e3os fortalecem participa\u00e7\u00e3o na democracia local"},"content":{"rendered":"<p>Nas autarquias, a democracia aproxima-se das pessoas, incluindo-se no quotidiano das ruas, bairros, escolas e associa\u00e7\u00f5es. Este \u00e9 o contexto em que surgem os movimentos de cidad\u00e3os, segundo a deputada municipal Helena Almeida, cuja perspetiva serve de base para a an\u00e1lise.<\/p>\n<p>Set\u00fabal de Volta \u00e9 um movimento que agrega cidad\u00e3os de origem diversa, incluindo independentes e pessoas que nunca participaram ativamente na pol\u00edtica. A sua principal convic\u00e7\u00e3o \u00e9 servir o concelho, acima de filia\u00e7\u00f5es partid\u00e1rias, com um conhecimento aprofundado do territ\u00f3rio e vontade de melhorar os servi\u00e7os p\u00fablicos.<\/p>\n<p>Para Helena Almeida, a diversidade interna do movimento n\u00e3o fragiliza o projeto, antes o torna mais robusto. O di\u00e1logo e a negocia\u00e7\u00e3o de ideias passam a dominar, com Set\u00fabal no centro das decis\u00f5es, em vez de obedecer a linhas partid\u00e1rias externas.<\/p>\n<p>Os movimentos de cidad\u00e3os s\u00e3o vistos como portas de participa\u00e7\u00e3o c\u00edvica num tempo de desinteresse pela pol\u00edtica. Transitam entre discord\u00e2ncias e coopera\u00e7\u00e3o, sem exclus\u00f5es, contribuindo para uma democracia local mais plural e transparente.<\/p>\n<p>Segundo a deputada, a participa\u00e7\u00e3o c\u00edvica fortalece as autarquias ao ampliar vozes e esclarecer realidades sociais. O objetivo \u00e9 ampliar a representa\u00e7\u00e3o, sem abandonar a independ\u00eancia de pensamento, garantindo que as decis\u00f5es reflitam as necessidades da comunidade.<\/p>\n<p>Para terminar, Helena Almeida defende que o futuro do poder local depende de menos trincheiras e mais pontes, menos r\u00f3tulos e mais ideias, menos obriga\u00e7\u00f5es partid\u00e1rias e mais compromisso com as pessoas. Set\u00fabal, conclui, constr\u00f3i-se melhor com a participa\u00e7\u00e3o de todos.<\/p>\n","protected":false},"excerpt":{"rendered":"<ul>\n<li>O texto defende que a democracia local se aproxima das pessoas atrav\u00e9s de movimentos de cidad\u00e3os nas autarquias, como o Set\u00fabal de Volta.<\/li>\n<li>O movimento Set\u00fabal de Volta re\u00fane pessoas de diferentes partidos, independentes e que nunca participaram ativamente na pol\u00edtica, unidos pelo compromisso com o concelho de Set\u00fabal.<\/li>\n<li>A diversidade de ideias favorece o di\u00e1logo, a negocia\u00e7\u00e3o e decis\u00f5es mais pr\u00f3ximas da realidade, fortalecendo a democracia local.<\/li>\n<li>Os movimentos de cidad\u00e3os n\u00e3o substituem os partidos, complementam-nos e ampliam a participa\u00e7\u00e3o c\u00edvica sem excluir quem discorda.<\/li>\n<li>A autora, com mais de tr\u00eas d\u00e9cadas na comunica\u00e7\u00e3o social, defende ouvir, compreender e entregar o melhor aos outros, promovendo menos trincheiras e mais pontes no poder local.<\/li>\n<\/ul>\n","protected":false},"author":2,"featured_media":186171,"comment_status":"closed","ping_status":"closed","sticky":false,"template":"","format":"standard","meta":{"footnotes":""},"categories":[1],"tags":[2706,2795,1249,2832,994,2013],"class_list":["post-186153","post","type-post","status-publish","format-standard","has-post-thumbnail","hentry","category-noticias","tag-autarquias","tag-democracia","tag-participacao","tag-politica","tag-setubal","tag-setubal-de-volta"],"yoast_head":"<!-- This site is optimized with the Yoast SEO plugin v27.2 - https:\/\/yoast.com\/product\/yoast-seo-wordpress\/ -->\n<title>Cidad\u00e3os fortalecem participa\u00e7\u00e3o na democracia local - Portal Tela Portugal<\/title>\n<meta name=\"robots\" content=\"index, follow, max-snippet:-1, max-image-preview:large, max-video-preview:-1\" \/>\n<meta property=\"og:locale\" content=\"pt_PT\" \/>\n<meta property=\"og:type\" content=\"article\" \/>\n<meta property=\"og:title\" content=\"Cidad\u00e3os fortalecem participa\u00e7\u00e3o na democracia local - Portal Tela Portugal\" \/>\n<meta property=\"og:description\" content=\"O texto defende que a democracia local se aproxima das pessoas atrav\u00e9s de movimentos de cidad\u00e3os nas autarquias, como o Set\u00fabal de Volta. O movimento Set\u00fabal de Volta re\u00fane pessoas de diferentes partidos, independentes e que nunca participaram ativamente na pol\u00edtica, unidos pelo compromisso com o concelho de Set\u00fabal. A diversidade de ideias favorece o di\u00e1logo, a negocia\u00e7\u00e3o e decis\u00f5es mais pr\u00f3ximas da realidade, fortalecendo a democracia local. Os movimentos de cidad\u00e3os n\u00e3o substituem os partidos, complementam-nos e ampliam a participa\u00e7\u00e3o c\u00edvica sem excluir quem discorda. A autora, com mais de tr\u00eas d\u00e9cadas na comunica\u00e7\u00e3o social, defende ouvir, compreender e entregar o melhor aos outros, promovendo menos trincheiras e mais pontes no poder local.\" \/>\n<meta property=\"og:url\" content=\"https:\/\/portaltela.pt\/noticias\/2026\/01\/31\/cidadaos-fortalecem-participacao-na-democracia-local\/\" \/>\n<meta property=\"og:site_name\" content=\"Portal Tela Portugal\" \/>\n<meta property=\"article:published_time\" content=\"2026-01-31T08:00:00+00:00\" \/>\n<meta name=\"author\" content=\"Telinha\" \/>\n<meta name=\"twitter:card\" content=\"summary_large_image\" \/>\n<meta name=\"twitter:label1\" content=\"Escrito por\" \/>\n\t<meta name=\"twitter:data1\" content=\"Telinha\" \/>\n\t<meta name=\"twitter:label2\" content=\"Tempo estimado de leitura\" \/>\n\t<meta name=\"twitter:data2\" content=\"1 minuto\" \/>\n<script type=\"application\/ld+json\" class=\"yoast-schema-graph\">{\"@context\":\"https:\/\/schema.org\",\"@graph\":[{\"@type\":\"Article\",\"@id\":\"https:\/\/portaltela.pt\/noticias\/2026\/01\/31\/cidadaos-fortalecem-participacao-na-democracia-local\/#article\",\"isPartOf\":{\"@id\":\"https:\/\/portaltela.pt\/noticias\/2026\/01\/31\/cidadaos-fortalecem-participacao-na-democracia-local\/\"},\"author\":{\"name\":\"Telinha\",\"@id\":\"https:\/\/portaltela.pt\/#\/schema\/person\/c4278d4a6028830caff9ee44b42d32ed\"},\"headline\":\"Cidad\u00e3os fortalecem participa\u00e7\u00e3o na democracia local\",\"datePublished\":\"2026-01-31T08:00:00+00:00\",\"mainEntityOfPage\":{\"@id\":\"https:\/\/portaltela.pt\/noticias\/2026\/01\/31\/cidadaos-fortalecem-participacao-na-democracia-local\/\"},\"wordCount\":281,\"image\":{\"@id\":\"https:\/\/portaltela.pt\/noticias\/2026\/01\/31\/cidadaos-fortalecem-participacao-na-democracia-local\/#primaryimage\"},\"thumbnailUrl\":\"https:\/\/portaltela.pt\/s.01k8rhncp4jt1\/2026\/01\/unnamed-file-6264.jpg\",\"keywords\":[\"autarquias\",\"democracia\",\"participa\u00e7\u00e3o\",\"pol\u00edtica\",\"Set\u00fabal\",\"Set\u00fabal de Volta\"],\"articleSection\":[\"Not\u00edcias\"],\"inLanguage\":\"pt-PT\"},{\"@type\":\"WebPage\",\"@id\":\"https:\/\/portaltela.pt\/noticias\/2026\/01\/31\/cidadaos-fortalecem-participacao-na-democracia-local\/\",\"url\":\"https:\/\/portaltela.pt\/noticias\/2026\/01\/31\/cidadaos-fortalecem-participacao-na-democracia-local\/\",\"name\":\"Cidad\u00e3os fortalecem participa\u00e7\u00e3o na democracia local - Portal Tela Portugal\",\"isPartOf\":{\"@id\":\"https:\/\/portaltela.pt\/#website\"},\"primaryImageOfPage\":{\"@id\":\"https:\/\/portaltela.pt\/noticias\/2026\/01\/31\/cidadaos-fortalecem-participacao-na-democracia-local\/#primaryimage\"},\"image\":{\"@id\":\"https:\/\/portaltela.pt\/noticias\/2026\/01\/31\/cidadaos-fortalecem-participacao-na-democracia-local\/#primaryimage\"},\"thumbnailUrl\":\"https:\/\/portaltela.pt\/s.01k8rhncp4jt1\/2026\/01\/unnamed-file-6264.jpg\",\"datePublished\":\"2026-01-31T08:00:00+00:00\",\"author\":{\"@id\":\"https:\/\/portaltela.pt\/#\/schema\/person\/c4278d4a6028830caff9ee44b42d32ed\"},\"breadcrumb\":{\"@id\":\"https:\/\/portaltela.pt\/noticias\/2026\/01\/31\/cidadaos-fortalecem-participacao-na-democracia-local\/#breadcrumb\"},\"inLanguage\":\"pt-PT\",\"potentialAction\":[{\"@type\":\"ReadAction\",\"target\":[\"https:\/\/portaltela.pt\/noticias\/2026\/01\/31\/cidadaos-fortalecem-participacao-na-democracia-local\/\"]}]},{\"@type\":\"ImageObject\",\"inLanguage\":\"pt-PT\",\"@id\":\"https:\/\/portaltela.pt\/noticias\/2026\/01\/31\/cidadaos-fortalecem-participacao-na-democracia-local\/#primaryimage\",\"url\":\"https:\/\/portaltela.pt\/s.01k8rhncp4jt1\/2026\/01\/unnamed-file-6264.jpg\",\"contentUrl\":\"https:\/\/portaltela.pt\/s.01k8rhncp4jt1\/2026\/01\/unnamed-file-6264.jpg\",\"width\":796,\"height\":448,\"caption\":\"Quando a cidadania se senta \u00e0 mesa da democracia local\"},{\"@type\":\"BreadcrumbList\",\"@id\":\"https:\/\/portaltela.pt\/noticias\/2026\/01\/31\/cidadaos-fortalecem-participacao-na-democracia-local\/#breadcrumb\",\"itemListElement\":[{\"@type\":\"ListItem\",\"position\":1,\"name\":\"In\u00edcio\",\"item\":\"https:\/\/portaltela.pt\/\"},{\"@type\":\"ListItem\",\"position\":2,\"name\":\"Cidad\u00e3os fortalecem participa\u00e7\u00e3o na democracia local\"}]},{\"@type\":\"WebSite\",\"@id\":\"https:\/\/portaltela.pt\/#website\",\"url\":\"https:\/\/portaltela.pt\/\",\"name\":\"Portal Tela Portugal\",\"description\":\"\",\"potentialAction\":[{\"@type\":\"SearchAction\",\"target\":{\"@type\":\"EntryPoint\",\"urlTemplate\":\"https:\/\/portaltela.pt\/?s={search_term_string}\"},\"query-input\":{\"@type\":\"PropertyValueSpecification\",\"valueRequired\":true,\"valueName\":\"search_term_string\"}}],\"inLanguage\":\"pt-PT\"},{\"@type\":\"Person\",\"@id\":\"https:\/\/portaltela.pt\/#\/schema\/person\/c4278d4a6028830caff9ee44b42d32ed\",\"name\":\"Telinha\",\"image\":{\"@type\":\"ImageObject\",\"inLanguage\":\"pt-PT\",\"@id\":\"https:\/\/portaltela.pt\/s.01k8rhncp4jt1\/2025\/11\/talking-bot-125x125.png\",\"url\":\"https:\/\/portaltela.pt\/s.01k8rhncp4jt1\/2025\/11\/talking-bot-125x125.png\",\"contentUrl\":\"https:\/\/portaltela.pt\/s.01k8rhncp4jt1\/2025\/11\/talking-bot-125x125.png\",\"caption\":\"Telinha\"},\"sameAs\":[\"https:\/\/portaltela.pt\/\"],\"url\":\"https:\/\/portaltela.pt\/por\/367410592786\/\"}]}<\/script>\n<!-- \/ Yoast SEO plugin. -->","yoast_head_json":{"title":"Cidad\u00e3os fortalecem participa\u00e7\u00e3o na democracia local - Portal Tela Portugal","robots":{"index":"index","follow":"follow","max-snippet":"max-snippet:-1","max-image-preview":"max-image-preview:large","max-video-preview":"max-video-preview:-1"},"og_locale":"pt_PT","og_type":"article","og_title":"Cidad\u00e3os fortalecem participa\u00e7\u00e3o na democracia local - Portal Tela Portugal","og_description":"O texto defende que a democracia local se aproxima das pessoas atrav\u00e9s de movimentos de cidad\u00e3os nas autarquias, como o Set\u00fabal de Volta. O movimento Set\u00fabal de Volta re\u00fane pessoas de diferentes partidos, independentes e que nunca participaram ativamente na pol\u00edtica, unidos pelo compromisso com o concelho de Set\u00fabal. A diversidade de ideias favorece o di\u00e1logo, a negocia\u00e7\u00e3o e decis\u00f5es mais pr\u00f3ximas da realidade, fortalecendo a democracia local. Os movimentos de cidad\u00e3os n\u00e3o substituem os partidos, complementam-nos e ampliam a participa\u00e7\u00e3o c\u00edvica sem excluir quem discorda. A autora, com mais de tr\u00eas d\u00e9cadas na comunica\u00e7\u00e3o social, defende ouvir, compreender e entregar o melhor aos outros, promovendo menos trincheiras e mais pontes no poder local.","og_url":"https:\/\/portaltela.pt\/noticias\/2026\/01\/31\/cidadaos-fortalecem-participacao-na-democracia-local\/","og_site_name":"Portal Tela Portugal","article_published_time":"2026-01-31T08:00:00+00:00","author":"Telinha","twitter_card":"summary_large_image","twitter_misc":{"Escrito por":"Telinha","Tempo estimado de leitura":"1 minuto"},"schema":{"@context":"https:\/\/schema.org","@graph":[{"@type":"Article","@id":"https:\/\/portaltela.pt\/noticias\/2026\/01\/31\/cidadaos-fortalecem-participacao-na-democracia-local\/#article","isPartOf":{"@id":"https:\/\/portaltela.pt\/noticias\/2026\/01\/31\/cidadaos-fortalecem-participacao-na-democracia-local\/"},"author":{"name":"Telinha","@id":"https:\/\/portaltela.pt\/#\/schema\/person\/c4278d4a6028830caff9ee44b42d32ed"},"headline":"Cidad\u00e3os fortalecem participa\u00e7\u00e3o na democracia local","datePublished":"2026-01-31T08:00:00+00:00","mainEntityOfPage":{"@id":"https:\/\/portaltela.pt\/noticias\/2026\/01\/31\/cidadaos-fortalecem-participacao-na-democracia-local\/"},"wordCount":281,"image":{"@id":"https:\/\/portaltela.pt\/noticias\/2026\/01\/31\/cidadaos-fortalecem-participacao-na-democracia-local\/#primaryimage"},"thumbnailUrl":"https:\/\/portaltela.pt\/s.01k8rhncp4jt1\/2026\/01\/unnamed-file-6264.jpg","keywords":["autarquias","democracia","participa\u00e7\u00e3o","pol\u00edtica","Set\u00fabal","Set\u00fabal de Volta"],"articleSection":["Not\u00edcias"],"inLanguage":"pt-PT"},{"@type":"WebPage","@id":"https:\/\/portaltela.pt\/noticias\/2026\/01\/31\/cidadaos-fortalecem-participacao-na-democracia-local\/","url":"https:\/\/portaltela.pt\/noticias\/2026\/01\/31\/cidadaos-fortalecem-participacao-na-democracia-local\/","name":"Cidad\u00e3os fortalecem participa\u00e7\u00e3o na democracia local - Portal Tela Portugal","isPartOf":{"@id":"https:\/\/portaltela.pt\/#website"},"primaryImageOfPage":{"@id":"https:\/\/portaltela.pt\/noticias\/2026\/01\/31\/cidadaos-fortalecem-participacao-na-democracia-local\/#primaryimage"},"image":{"@id":"https:\/\/portaltela.pt\/noticias\/2026\/01\/31\/cidadaos-fortalecem-participacao-na-democracia-local\/#primaryimage"},"thumbnailUrl":"https:\/\/portaltela.pt\/s.01k8rhncp4jt1\/2026\/01\/unnamed-file-6264.jpg","datePublished":"2026-01-31T08:00:00+00:00","author":{"@id":"https:\/\/portaltela.pt\/#\/schema\/person\/c4278d4a6028830caff9ee44b42d32ed"},"breadcrumb":{"@id":"https:\/\/portaltela.pt\/noticias\/2026\/01\/31\/cidadaos-fortalecem-participacao-na-democracia-local\/#breadcrumb"},"inLanguage":"pt-PT","potentialAction":[{"@type":"ReadAction","target":["https:\/\/portaltela.pt\/noticias\/2026\/01\/31\/cidadaos-fortalecem-participacao-na-democracia-local\/"]}]},{"@type":"ImageObject","inLanguage":"pt-PT","@id":"https:\/\/portaltela.pt\/noticias\/2026\/01\/31\/cidadaos-fortalecem-participacao-na-democracia-local\/#primaryimage","url":"https:\/\/portaltela.pt\/s.01k8rhncp4jt1\/2026\/01\/unnamed-file-6264.jpg","contentUrl":"https:\/\/portaltela.pt\/s.01k8rhncp4jt1\/2026\/01\/unnamed-file-6264.jpg","width":796,"height":448,"caption":"Quando a cidadania se senta \u00e0 mesa da democracia local"},{"@type":"BreadcrumbList","@id":"https:\/\/portaltela.pt\/noticias\/2026\/01\/31\/cidadaos-fortalecem-participacao-na-democracia-local\/#breadcrumb","itemListElement":[{"@type":"ListItem","position":1,"name":"In\u00edcio","item":"https:\/\/portaltela.pt\/"},{"@type":"ListItem","position":2,"name":"Cidad\u00e3os fortalecem participa\u00e7\u00e3o na democracia local"}]},{"@type":"WebSite","@id":"https:\/\/portaltela.pt\/#website","url":"https:\/\/portaltela.pt\/","name":"Portal Tela Portugal","description":"","potentialAction":[{"@type":"SearchAction","target":{"@type":"EntryPoint","urlTemplate":"https:\/\/portaltela.pt\/?s={search_term_string}"},"query-input":{"@type":"PropertyValueSpecification","valueRequired":true,"valueName":"search_term_string"}}],"inLanguage":"pt-PT"},{"@type":"Person","@id":"https:\/\/portaltela.pt\/#\/schema\/person\/c4278d4a6028830caff9ee44b42d32ed","name":"Telinha","image":{"@type":"ImageObject","inLanguage":"pt-PT","@id":"https:\/\/portaltela.pt\/s.01k8rhncp4jt1\/2025\/11\/talking-bot-125x125.png","url":"https:\/\/portaltela.pt\/s.01k8rhncp4jt1\/2025\/11\/talking-bot-125x125.png","contentUrl":"https:\/\/portaltela.pt\/s.01k8rhncp4jt1\/2025\/11\/talking-bot-125x125.png","caption":"Telinha"},"sameAs":["https:\/\/portaltela.pt\/"],"url":"https:\/\/portaltela.pt\/por\/367410592786\/"}]}},"_links":{"self":[{"href":"https:\/\/portaltela.pt\/api\/wp\/v2\/posts\/186153","targetHints":{"allow":["GET"]}}],"collection":[{"href":"https:\/\/portaltela.pt\/api\/wp\/v2\/posts"}],"about":[{"href":"https:\/\/portaltela.pt\/api\/wp\/v2\/types\/post"}],"author":[{"embeddable":true,"href":"https:\/\/portaltela.pt\/api\/wp\/v2\/users\/2"}],"replies":[{"embeddable":true,"href":"https:\/\/portaltela.pt\/api\/wp\/v2\/comments?post=186153"}],"version-history":[{"count":0,"href":"https:\/\/portaltela.pt\/api\/wp\/v2\/posts\/186153\/revisions"}],"wp:featuredmedia":[{"embeddable":true,"href":"https:\/\/portaltela.pt\/api\/wp\/v2\/media\/186171"}],"wp:attachment":[{"href":"https:\/\/portaltela.pt\/api\/wp\/v2\/media?parent=186153"}],"wp:term":[{"taxonomy":"category","embeddable":true,"href":"https:\/\/portaltela.pt\/api\/wp\/v2\/categories?post=186153"},{"taxonomy":"post_tag","embeddable":true,"href":"https:\/\/portaltela.pt\/api\/wp\/v2\/tags?post=186153"}],"curies":[{"name":"wp","href":"https:\/\/api.w.org\/{rel}","templated":true}]}}