{"id":186130,"date":"2026-01-31T05:42:00","date_gmt":"2026-01-31T08:42:00","guid":{"rendered":"https:\/\/portaltela.pt\/noticias\/2026\/01\/31\/mercados-em-movimento-acompanhe-as-mudancas-em-tempo-real\/"},"modified":"2026-01-31T05:42:00","modified_gmt":"2026-01-31T08:42:00","slug":"mercados-em-movimento-acompanhe-as-mudancas-em-tempo-real","status":"publish","type":"post","link":"https:\/\/portaltela.pt\/desporto\/futebol\/2026\/01\/31\/mercados-em-movimento-acompanhe-as-mudancas-em-tempo-real\/","title":{"rendered":"Mercados em movimento: acompanhe as mudan\u00e7as em tempo real"},"content":{"rendered":"<p>Ciro Immobile pode entrar numa nova aventura aos 35 anos: o avan\u00e7ado italiano est\u00e1 pr\u00f3ximo de assinar pelo Paris FC, num regresso aos palcos franceses depois de uma carreira passada em Lazio, Besiktas e Bolonha. A not\u00edcia \u00e9 avan\u00e7ada por Fabrizio Romano, reputado no mercado de transfer\u00eancias.<\/p>\n<p>Ainda sem confirma\u00e7\u00e3o oficial, o contexto aponta para uma mudan\u00e7a em janeiro, com Immobile depois de quase uma d\u00e9cada na Lazio a abra\u00e7ar o desafio em Fran\u00e7a. O Paris FC aposta num custo zero de contrato, mantendo a expectativa at\u00e9 \u00e0 conclus\u00e3o do neg\u00f3cio.<\/p>\n<p>Seko Fofana continua no centro das aten\u00e7\u00f5es do FC Porto, com d\u00favidas sobre o neg\u00f3cio de empr\u00e9stimo ao Drag\u00e3o. A imprensa francesa mencionou acordo total com o Rennes, mas a viabilidade depende de sa\u00eddas no plantel portista, segundo relatos da imprensa desportiva portuguesa.<\/p>\n<h3>Mercado em foco<\/h3>\n<p>O FC Porto j\u00e1 tem um princ\u00edpio de acordo com o m\u00e9dio marfinense Seko Fofana. A concretiza\u00e7\u00e3o permanece dependente de dispon\u00edveis na lista de sa\u00eddas, segundo informa\u00e7\u00f5es j\u00e1 divulgadas por Record. A situa\u00e7\u00e3o segue sob an\u00e1lise interna, antes de qualquer an\u00fancio oficial.<\/p>\n<p>Terem Moffi aparece como pe\u00e7a-chave do regresso do Porto ao ativo neste mercado de inverno. O clube anunciou a ced\u00eancia de 8 milh\u00f5es de euros fixos para uma op\u00e7\u00e3o de compra, com um adicional vari\u00e1vel at\u00e9 250 mil euros mediante objetivos. A ced\u00eancia do nigeriano \u00e9 at\u00e9 30 de junho, sem encargos imediatos para o Nice.<\/p>\n<h3>Transfer\u00eancias em aberto e olhares europeus<\/h3>\n<p>Jos\u00e9 Silva, lateral-direito de 20 anos, tem sido alvo de interesse de Eupen, emblema belga sob comando de Bruno Pinheiro. O clube pretende refor\u00e7ar o setor, com o jogador do Sporting a ser observado pela equipa visitante. A situa\u00e7\u00e3o mant\u00e9m-se em an\u00e1lise, sem confirma\u00e7\u00e3o de sa\u00edda.<\/p>\n<p>Diogo Leite est\u00e1 perto de mudar da Alemanha para a It\u00e1lia. O defesa central de 27 anos, que terminou contrato com o Union Berlin em junho, pode assinar pela Lazio por cerca de 2,5 milh\u00f5es de euros, numa opera\u00e7\u00e3o para colmatar a poss\u00edvel sa\u00edda de Alessio Romagnoli.<\/p>\n<p>Hansi Flick, treinador do Barcelona, reconhece ter mudado de opini\u00e3o sobre a sa\u00edda de Dro Fern\u00e1ndez para o PSG. O jovem, de 18 anos, deixou o clube catal\u00e3o e segue em avalia\u00e7\u00e3o, ap\u00f3s o apuramento para os oitavos de final da Champions. O t\u00e9cnico n\u00e3o detalha impactos no plantel para j\u00e1.<\/p>\n<h2>Mercado de ontem<\/h2>\n<p>Recorde tudo o que aconteceu no mercado ao longo de ontem, com atualiza\u00e7\u00f5es em tempo real e cen\u00e1rios em curso, para acompanhar o rasto de transfer\u00eancias no futebol europeu.<\/p>\n","protected":false},"excerpt":{"rendered":"<ul>\n<li>Ciro Immobile vai assinar pelo Paris FC, iniciando aos 35 anos a primeira aventura de carreira em Fran\u00e7a.<\/li>\n<li>FC Porto tem acordo de princ\u00edpio com Seko Fofana por empr\u00e9stimo, dependente de sa\u00eddas para ficar de forma definitiva.<\/li>\n<li>FC Porto oficializou a contrata\u00e7\u00e3o de Terem Moffi por empr\u00e9stimo do Nice at\u00e9 30 de junho, com op\u00e7\u00e3o de compra de 8 milh\u00f5es de euros e 10% de eventual mais-valia. O encaixe no projeto portista ainda n\u00e3o est\u00e1 fechado.<\/li>\n<li>Eupen, sob comando de Bruno Pinheiro, segue a observar Jos\u00e9 Silva, lateral-direito de 20 anos do Sporting.<\/li>\n<li>Lazio est\u00e1 perto de Diogo Leite, do Union Berlin, para colmatar a poss\u00edvel sa\u00edda de Alessio Romagnoli; a transfer\u00eancia pode ficar por 2,5 milh\u00f5es de euros.<\/li>\n<\/ul>\n","protected":false},"author":2,"featured_media":186139,"comment_status":"closed","ping_status":"closed","sticky":false,"template":"","format":"standard","meta":{"footnotes":""},"categories":[21,24],"tags":[2028,32,4337,50,3163,1633],"class_list":["post-186130","post","type-post","status-publish","format-standard","has-post-thumbnail","hentry","category-desporto","category-futebol","tag-fc-porto","tag-futebol","tag-lazio","tag-mercado-da-bola","tag-paris","tag-transferencias-internacionais"],"yoast_head":"<!-- This site is optimized with the Yoast SEO plugin v27.2 - https:\/\/yoast.com\/product\/yoast-seo-wordpress\/ -->\n<title>Mercados em movimento: acompanhe as mudan\u00e7as em tempo real - Portal Tela Portugal<\/title>\n<meta name=\"robots\" content=\"index, follow, max-snippet:-1, max-image-preview:large, max-video-preview:-1\" \/>\n<meta property=\"og:locale\" content=\"pt_PT\" \/>\n<meta property=\"og:type\" content=\"article\" \/>\n<meta property=\"og:title\" content=\"Mercados em movimento: acompanhe as mudan\u00e7as em tempo real - Portal Tela Portugal\" \/>\n<meta property=\"og:description\" content=\"Ciro Immobile vai assinar pelo Paris FC, iniciando aos 35 anos a primeira aventura de carreira em Fran\u00e7a. FC Porto tem acordo de princ\u00edpio com Seko Fofana por empr\u00e9stimo, dependente de sa\u00eddas para ficar de forma definitiva. FC Porto oficializou a contrata\u00e7\u00e3o de Terem Moffi por empr\u00e9stimo do Nice at\u00e9 30 de junho, com op\u00e7\u00e3o de compra de 8 milh\u00f5es de euros e 10% de eventual mais-valia. O encaixe no projeto portista ainda n\u00e3o est\u00e1 fechado. Eupen, sob comando de Bruno Pinheiro, segue a observar Jos\u00e9 Silva, lateral-direito de 20 anos do Sporting. Lazio est\u00e1 perto de Diogo Leite, do Union Berlin, para colmatar a poss\u00edvel sa\u00edda de Alessio Romagnoli; a transfer\u00eancia pode ficar por 2,5 milh\u00f5es de euros.\" \/>\n<meta property=\"og:url\" content=\"https:\/\/portaltela.pt\/noticias\/2026\/01\/31\/mercados-em-movimento-acompanhe-as-mudancas-em-tempo-real\/\" \/>\n<meta property=\"og:site_name\" content=\"Portal Tela Portugal\" \/>\n<meta property=\"article:published_time\" content=\"2026-01-31T08:42:00+00:00\" \/>\n<meta name=\"author\" content=\"Telinha\" \/>\n<meta name=\"twitter:card\" content=\"summary_large_image\" \/>\n<meta name=\"twitter:label1\" content=\"Escrito por\" \/>\n\t<meta name=\"twitter:data1\" content=\"Telinha\" \/>\n\t<meta name=\"twitter:label2\" content=\"Tempo estimado de leitura\" \/>\n\t<meta name=\"twitter:data2\" content=\"2 minutos\" \/>\n<script type=\"application\/ld+json\" class=\"yoast-schema-graph\">{\"@context\":\"https:\/\/schema.org\",\"@graph\":[{\"@type\":\"Article\",\"@id\":\"https:\/\/portaltela.pt\/noticias\/2026\/01\/31\/mercados-em-movimento-acompanhe-as-mudancas-em-tempo-real\/#article\",\"isPartOf\":{\"@id\":\"https:\/\/portaltela.pt\/noticias\/2026\/01\/31\/mercados-em-movimento-acompanhe-as-mudancas-em-tempo-real\/\"},\"author\":{\"name\":\"Telinha\",\"@id\":\"https:\/\/portaltela.pt\/#\/schema\/person\/c4278d4a6028830caff9ee44b42d32ed\"},\"headline\":\"Mercados em movimento: acompanhe as mudan\u00e7as em tempo real\",\"datePublished\":\"2026-01-31T08:42:00+00:00\",\"mainEntityOfPage\":{\"@id\":\"https:\/\/portaltela.pt\/noticias\/2026\/01\/31\/mercados-em-movimento-acompanhe-as-mudancas-em-tempo-real\/\"},\"wordCount\":472,\"image\":{\"@id\":\"https:\/\/portaltela.pt\/noticias\/2026\/01\/31\/mercados-em-movimento-acompanhe-as-mudancas-em-tempo-real\/#primaryimage\"},\"thumbnailUrl\":\"https:\/\/portaltela.pt\/s.01k8rhncp4jt1\/2026\/01\/img_1200x721uu2026-01-31-08-42-22-2418594.jpg\",\"keywords\":[\"FC Porto\",\"futebol\",\"Lazio\",\"mercado da bola\",\"Paris\",\"transfer\u00eancias internacionais\"],\"articleSection\":[\"Desporto\",\"Futebol\"],\"inLanguage\":\"pt-PT\"},{\"@type\":\"WebPage\",\"@id\":\"https:\/\/portaltela.pt\/noticias\/2026\/01\/31\/mercados-em-movimento-acompanhe-as-mudancas-em-tempo-real\/\",\"url\":\"https:\/\/portaltela.pt\/noticias\/2026\/01\/31\/mercados-em-movimento-acompanhe-as-mudancas-em-tempo-real\/\",\"name\":\"Mercados em movimento: acompanhe as mudan\u00e7as em tempo real - Portal Tela Portugal\",\"isPartOf\":{\"@id\":\"https:\/\/portaltela.pt\/#website\"},\"primaryImageOfPage\":{\"@id\":\"https:\/\/portaltela.pt\/noticias\/2026\/01\/31\/mercados-em-movimento-acompanhe-as-mudancas-em-tempo-real\/#primaryimage\"},\"image\":{\"@id\":\"https:\/\/portaltela.pt\/noticias\/2026\/01\/31\/mercados-em-movimento-acompanhe-as-mudancas-em-tempo-real\/#primaryimage\"},\"thumbnailUrl\":\"https:\/\/portaltela.pt\/s.01k8rhncp4jt1\/2026\/01\/img_1200x721uu2026-01-31-08-42-22-2418594.jpg\",\"datePublished\":\"2026-01-31T08:42:00+00:00\",\"author\":{\"@id\":\"https:\/\/portaltela.pt\/#\/schema\/person\/c4278d4a6028830caff9ee44b42d32ed\"},\"breadcrumb\":{\"@id\":\"https:\/\/portaltela.pt\/noticias\/2026\/01\/31\/mercados-em-movimento-acompanhe-as-mudancas-em-tempo-real\/#breadcrumb\"},\"inLanguage\":\"pt-PT\",\"potentialAction\":[{\"@type\":\"ReadAction\",\"target\":[\"https:\/\/portaltela.pt\/noticias\/2026\/01\/31\/mercados-em-movimento-acompanhe-as-mudancas-em-tempo-real\/\"]}]},{\"@type\":\"ImageObject\",\"inLanguage\":\"pt-PT\",\"@id\":\"https:\/\/portaltela.pt\/noticias\/2026\/01\/31\/mercados-em-movimento-acompanhe-as-mudancas-em-tempo-real\/#primaryimage\",\"url\":\"https:\/\/portaltela.pt\/s.01k8rhncp4jt1\/2026\/01\/img_1200x721uu2026-01-31-08-42-22-2418594.jpg\",\"contentUrl\":\"https:\/\/portaltela.pt\/s.01k8rhncp4jt1\/2026\/01\/img_1200x721uu2026-01-31-08-42-22-2418594.jpg\",\"width\":796,\"height\":448,\"caption\":\"Diogo Leite a um passo de rumar \u00e0 Lazio\"},{\"@type\":\"BreadcrumbList\",\"@id\":\"https:\/\/portaltela.pt\/noticias\/2026\/01\/31\/mercados-em-movimento-acompanhe-as-mudancas-em-tempo-real\/#breadcrumb\",\"itemListElement\":[{\"@type\":\"ListItem\",\"position\":1,\"name\":\"In\u00edcio\",\"item\":\"https:\/\/portaltela.pt\/\"},{\"@type\":\"ListItem\",\"position\":2,\"name\":\"Mercados em movimento: acompanhe as mudan\u00e7as em tempo real\"}]},{\"@type\":\"WebSite\",\"@id\":\"https:\/\/portaltela.pt\/#website\",\"url\":\"https:\/\/portaltela.pt\/\",\"name\":\"Portal Tela Portugal\",\"description\":\"\",\"potentialAction\":[{\"@type\":\"SearchAction\",\"target\":{\"@type\":\"EntryPoint\",\"urlTemplate\":\"https:\/\/portaltela.pt\/?s={search_term_string}\"},\"query-input\":{\"@type\":\"PropertyValueSpecification\",\"valueRequired\":true,\"valueName\":\"search_term_string\"}}],\"inLanguage\":\"pt-PT\"},{\"@type\":\"Person\",\"@id\":\"https:\/\/portaltela.pt\/#\/schema\/person\/c4278d4a6028830caff9ee44b42d32ed\",\"name\":\"Telinha\",\"image\":{\"@type\":\"ImageObject\",\"inLanguage\":\"pt-PT\",\"@id\":\"https:\/\/portaltela.pt\/s.01k8rhncp4jt1\/2025\/11\/talking-bot-125x125.png\",\"url\":\"https:\/\/portaltela.pt\/s.01k8rhncp4jt1\/2025\/11\/talking-bot-125x125.png\",\"contentUrl\":\"https:\/\/portaltela.pt\/s.01k8rhncp4jt1\/2025\/11\/talking-bot-125x125.png\",\"caption\":\"Telinha\"},\"sameAs\":[\"https:\/\/portaltela.pt\/\"],\"url\":\"https:\/\/portaltela.pt\/por\/367410592786\/\"}]}<\/script>\n<!-- \/ Yoast SEO plugin. -->","yoast_head_json":{"title":"Mercados em movimento: acompanhe as mudan\u00e7as em tempo real - Portal Tela Portugal","robots":{"index":"index","follow":"follow","max-snippet":"max-snippet:-1","max-image-preview":"max-image-preview:large","max-video-preview":"max-video-preview:-1"},"og_locale":"pt_PT","og_type":"article","og_title":"Mercados em movimento: acompanhe as mudan\u00e7as em tempo real - Portal Tela Portugal","og_description":"Ciro Immobile vai assinar pelo Paris FC, iniciando aos 35 anos a primeira aventura de carreira em Fran\u00e7a. FC Porto tem acordo de princ\u00edpio com Seko Fofana por empr\u00e9stimo, dependente de sa\u00eddas para ficar de forma definitiva. FC Porto oficializou a contrata\u00e7\u00e3o de Terem Moffi por empr\u00e9stimo do Nice at\u00e9 30 de junho, com op\u00e7\u00e3o de compra de 8 milh\u00f5es de euros e 10% de eventual mais-valia. O encaixe no projeto portista ainda n\u00e3o est\u00e1 fechado. Eupen, sob comando de Bruno Pinheiro, segue a observar Jos\u00e9 Silva, lateral-direito de 20 anos do Sporting. Lazio est\u00e1 perto de Diogo Leite, do Union Berlin, para colmatar a poss\u00edvel sa\u00edda de Alessio Romagnoli; a transfer\u00eancia pode ficar por 2,5 milh\u00f5es de euros.","og_url":"https:\/\/portaltela.pt\/noticias\/2026\/01\/31\/mercados-em-movimento-acompanhe-as-mudancas-em-tempo-real\/","og_site_name":"Portal Tela Portugal","article_published_time":"2026-01-31T08:42:00+00:00","author":"Telinha","twitter_card":"summary_large_image","twitter_misc":{"Escrito por":"Telinha","Tempo estimado de leitura":"2 minutos"},"schema":{"@context":"https:\/\/schema.org","@graph":[{"@type":"Article","@id":"https:\/\/portaltela.pt\/noticias\/2026\/01\/31\/mercados-em-movimento-acompanhe-as-mudancas-em-tempo-real\/#article","isPartOf":{"@id":"https:\/\/portaltela.pt\/noticias\/2026\/01\/31\/mercados-em-movimento-acompanhe-as-mudancas-em-tempo-real\/"},"author":{"name":"Telinha","@id":"https:\/\/portaltela.pt\/#\/schema\/person\/c4278d4a6028830caff9ee44b42d32ed"},"headline":"Mercados em movimento: acompanhe as mudan\u00e7as em tempo real","datePublished":"2026-01-31T08:42:00+00:00","mainEntityOfPage":{"@id":"https:\/\/portaltela.pt\/noticias\/2026\/01\/31\/mercados-em-movimento-acompanhe-as-mudancas-em-tempo-real\/"},"wordCount":472,"image":{"@id":"https:\/\/portaltela.pt\/noticias\/2026\/01\/31\/mercados-em-movimento-acompanhe-as-mudancas-em-tempo-real\/#primaryimage"},"thumbnailUrl":"https:\/\/portaltela.pt\/s.01k8rhncp4jt1\/2026\/01\/img_1200x721uu2026-01-31-08-42-22-2418594.jpg","keywords":["FC Porto","futebol","Lazio","mercado da bola","Paris","transfer\u00eancias internacionais"],"articleSection":["Desporto","Futebol"],"inLanguage":"pt-PT"},{"@type":"WebPage","@id":"https:\/\/portaltela.pt\/noticias\/2026\/01\/31\/mercados-em-movimento-acompanhe-as-mudancas-em-tempo-real\/","url":"https:\/\/portaltela.pt\/noticias\/2026\/01\/31\/mercados-em-movimento-acompanhe-as-mudancas-em-tempo-real\/","name":"Mercados em movimento: acompanhe as mudan\u00e7as em tempo real - Portal Tela Portugal","isPartOf":{"@id":"https:\/\/portaltela.pt\/#website"},"primaryImageOfPage":{"@id":"https:\/\/portaltela.pt\/noticias\/2026\/01\/31\/mercados-em-movimento-acompanhe-as-mudancas-em-tempo-real\/#primaryimage"},"image":{"@id":"https:\/\/portaltela.pt\/noticias\/2026\/01\/31\/mercados-em-movimento-acompanhe-as-mudancas-em-tempo-real\/#primaryimage"},"thumbnailUrl":"https:\/\/portaltela.pt\/s.01k8rhncp4jt1\/2026\/01\/img_1200x721uu2026-01-31-08-42-22-2418594.jpg","datePublished":"2026-01-31T08:42:00+00:00","author":{"@id":"https:\/\/portaltela.pt\/#\/schema\/person\/c4278d4a6028830caff9ee44b42d32ed"},"breadcrumb":{"@id":"https:\/\/portaltela.pt\/noticias\/2026\/01\/31\/mercados-em-movimento-acompanhe-as-mudancas-em-tempo-real\/#breadcrumb"},"inLanguage":"pt-PT","potentialAction":[{"@type":"ReadAction","target":["https:\/\/portaltela.pt\/noticias\/2026\/01\/31\/mercados-em-movimento-acompanhe-as-mudancas-em-tempo-real\/"]}]},{"@type":"ImageObject","inLanguage":"pt-PT","@id":"https:\/\/portaltela.pt\/noticias\/2026\/01\/31\/mercados-em-movimento-acompanhe-as-mudancas-em-tempo-real\/#primaryimage","url":"https:\/\/portaltela.pt\/s.01k8rhncp4jt1\/2026\/01\/img_1200x721uu2026-01-31-08-42-22-2418594.jpg","contentUrl":"https:\/\/portaltela.pt\/s.01k8rhncp4jt1\/2026\/01\/img_1200x721uu2026-01-31-08-42-22-2418594.jpg","width":796,"height":448,"caption":"Diogo Leite a um passo de rumar \u00e0 Lazio"},{"@type":"BreadcrumbList","@id":"https:\/\/portaltela.pt\/noticias\/2026\/01\/31\/mercados-em-movimento-acompanhe-as-mudancas-em-tempo-real\/#breadcrumb","itemListElement":[{"@type":"ListItem","position":1,"name":"In\u00edcio","item":"https:\/\/portaltela.pt\/"},{"@type":"ListItem","position":2,"name":"Mercados em movimento: acompanhe as mudan\u00e7as em tempo real"}]},{"@type":"WebSite","@id":"https:\/\/portaltela.pt\/#website","url":"https:\/\/portaltela.pt\/","name":"Portal Tela Portugal","description":"","potentialAction":[{"@type":"SearchAction","target":{"@type":"EntryPoint","urlTemplate":"https:\/\/portaltela.pt\/?s={search_term_string}"},"query-input":{"@type":"PropertyValueSpecification","valueRequired":true,"valueName":"search_term_string"}}],"inLanguage":"pt-PT"},{"@type":"Person","@id":"https:\/\/portaltela.pt\/#\/schema\/person\/c4278d4a6028830caff9ee44b42d32ed","name":"Telinha","image":{"@type":"ImageObject","inLanguage":"pt-PT","@id":"https:\/\/portaltela.pt\/s.01k8rhncp4jt1\/2025\/11\/talking-bot-125x125.png","url":"https:\/\/portaltela.pt\/s.01k8rhncp4jt1\/2025\/11\/talking-bot-125x125.png","contentUrl":"https:\/\/portaltela.pt\/s.01k8rhncp4jt1\/2025\/11\/talking-bot-125x125.png","caption":"Telinha"},"sameAs":["https:\/\/portaltela.pt\/"],"url":"https:\/\/portaltela.pt\/por\/367410592786\/"}]}},"_links":{"self":[{"href":"https:\/\/portaltela.pt\/api\/wp\/v2\/posts\/186130","targetHints":{"allow":["GET"]}}],"collection":[{"href":"https:\/\/portaltela.pt\/api\/wp\/v2\/posts"}],"about":[{"href":"https:\/\/portaltela.pt\/api\/wp\/v2\/types\/post"}],"author":[{"embeddable":true,"href":"https:\/\/portaltela.pt\/api\/wp\/v2\/users\/2"}],"replies":[{"embeddable":true,"href":"https:\/\/portaltela.pt\/api\/wp\/v2\/comments?post=186130"}],"version-history":[{"count":0,"href":"https:\/\/portaltela.pt\/api\/wp\/v2\/posts\/186130\/revisions"}],"wp:featuredmedia":[{"embeddable":true,"href":"https:\/\/portaltela.pt\/api\/wp\/v2\/media\/186139"}],"wp:attachment":[{"href":"https:\/\/portaltela.pt\/api\/wp\/v2\/media?parent=186130"}],"wp:term":[{"taxonomy":"category","embeddable":true,"href":"https:\/\/portaltela.pt\/api\/wp\/v2\/categories?post=186130"},{"taxonomy":"post_tag","embeddable":true,"href":"https:\/\/portaltela.pt\/api\/wp\/v2\/tags?post=186130"}],"curies":[{"name":"wp","href":"https:\/\/api.w.org\/{rel}","templated":true}]}}