{"id":186127,"date":"2026-01-31T05:29:00","date_gmt":"2026-01-31T08:29:00","guid":{"rendered":"https:\/\/portaltela.pt\/noticias\/2026\/01\/31\/vento-persiste-no-litoral-e-nas-terras-altas-previsao-para-sabado\/"},"modified":"2026-01-31T05:29:00","modified_gmt":"2026-01-31T08:29:00","slug":"vento-persiste-no-litoral-e-nas-terras-altas-previsao-para-sabado","status":"publish","type":"post","link":"https:\/\/portaltela.pt\/noticias\/2026\/01\/31\/vento-persiste-no-litoral-e-nas-terras-altas-previsao-para-sabado\/","title":{"rendered":"Vento persiste no litoral e nas terras altas, previs\u00e3o para s\u00e1bado"},"content":{"rendered":"<p>O IPMA prev\u00ea que este s\u00e1bado persista o vento forte junto ao litoral e nas terras altas. O fen\u00f3meno deve, ainda, trazer aguaceiros dispersos, com neve nas \u00e1reas montanhosas e chuva a partir da tarde.<\/p>\n<p>Para o Norte e Centro, o dia come\u00e7a com c\u00e9u muito nublado, evoluindo para encoberto. Aguaceiros discretos dever\u00e3o ocorrer acima de 900\/1100 metros, subindo gradualmente para os pontos mais altos da Serra da Estrela. Chuva no litoral a partir da meio da tarde.<\/p>\n<p>No Sul do pa\u00eds, o c\u00e9u ficar\u00e1 muito nublado ao longo do dia, com chuva no final da tarde na regi\u00e3o do Alentejo. O vento manter-se-\u00e1 fraco a moderado, com rajadas fortes na costa at\u00e9 ao in\u00edcio da manh\u00e3.<\/p>\n<p>Para a Grande Lisboa, prev\u00ea-se c\u00e9u muito nublado com chuva a partir do meio da tarde, persistindo ao longo do dia. Vento fraco a moderado, soprando inicialmente de oeste\/noroeste e voltando a sul\/sudoeste a partir da tarde.<\/p>\n<p>Na Grande Porto, o dia ser\u00e1 de c\u00e9u muito nublado e aguaceiros dispersos, que passam a chuva no final da tarde. O vento manter-se-\u00e1 de oeste\/noroeste at\u00e9 ao in\u00edcio da manh\u00e3, fortalecendo-se at\u00e9 45 km\/h na faixa costeira no in\u00edcio e final do dia.<\/p>\n<h3>Previs\u00e3o por regi\u00e3o<\/h3>\n<ul>\n<li>Norte e Centro: nev\u00f5es acima de 900\/1100 m, chuva no litoral a partir da tarde.<\/li>\n<li>Sul: aguaceiros dispersos e chuva no Alentejo \u00e0 ordem da tarde.<\/li>\n<li>Lisboa: chuva persistente no fim do dia, vento moderado a forte na orla costeira.<\/li>\n<li>Porto: chuva no final da tarde, vento com rajadas fortes na costa.<\/li>\n<\/ul>\n<p>Fontes: IPMA e atualiza\u00e7\u00e3o do portal de not\u00edcias local.<\/p>\n","protected":false},"excerpt":{"rendered":"<ul>\n<li>Vento forte no litoral e nas terras altas este s\u00e1bado, com rajadas at\u00e9 45 km\/h, especialmente no in\u00edcio da manh\u00e3 e no fim do dia, passando a sul a partir da tarde.<\/li>\n<li>Aguaceiros dispersos, geralmente fracos, com neve acima de 900\/1100 metros no Norte e Centro, subindo a cota nos pontos mais altos da Serra da Estrela a partir da manh\u00e3.<\/li>\n<li>Chuva a partir do meio da tarde no litoral Norte\/Centro, tornando-se persistente e envolvendo o interior gradualmente.<\/li>\n<li>Regi\u00e3o Sul com c\u00e9u muito nublado e possibilidade de aguaceiros fracos; chuva no Alentejo a partir do fim da tarde; vento fraco a moderado, com rajadas at\u00e9 40 km\/h na faixa costeira no in\u00edcio da manh\u00e3.<\/li>\n<li>Grande Lisboa e Grande Porto com c\u00e9u muito nublado e chuva a partir do meio da tarde; ventos fracos a moderados, com rajadas at\u00e9 40\u201345 km\/h na zona costeira no in\u00edcio e no fim do dia.<\/li>\n<\/ul>\n","protected":false},"author":2,"featured_media":186147,"comment_status":"closed","ping_status":"closed","sticky":false,"template":"","format":"standard","meta":{"footnotes":""},"categories":[1],"tags":[4917,883,981,982,1658,4782],"class_list":["post-186127","post","type-post","status-publish","format-standard","has-post-thumbnail","hentry","category-noticias","tag-aguaceiros","tag-alentejo","tag-lisboa","tag-porto","tag-serra-da-estrela","tag-vento"],"yoast_head":"<!-- This site is optimized with the Yoast SEO plugin v27.2 - https:\/\/yoast.com\/product\/yoast-seo-wordpress\/ -->\n<title>Vento persiste no litoral e nas terras altas, previs\u00e3o para s\u00e1bado - Portal Tela Portugal<\/title>\n<meta name=\"robots\" content=\"index, follow, max-snippet:-1, max-image-preview:large, max-video-preview:-1\" \/>\n<meta property=\"og:locale\" content=\"pt_PT\" \/>\n<meta property=\"og:type\" content=\"article\" \/>\n<meta property=\"og:title\" content=\"Vento persiste no litoral e nas terras altas, previs\u00e3o para s\u00e1bado - Portal Tela Portugal\" \/>\n<meta property=\"og:description\" content=\"Vento forte no litoral e nas terras altas este s\u00e1bado, com rajadas at\u00e9 45 km\/h, especialmente no in\u00edcio da manh\u00e3 e no fim do dia, passando a sul a partir da tarde. Aguaceiros dispersos, geralmente fracos, com neve acima de 900\/1100 metros no Norte e Centro, subindo a cota nos pontos mais altos da Serra da Estrela a partir da manh\u00e3. Chuva a partir do meio da tarde no litoral Norte\/Centro, tornando-se persistente e envolvendo o interior gradualmente. Regi\u00e3o Sul com c\u00e9u muito nublado e possibilidade de aguaceiros fracos; chuva no Alentejo a partir do fim da tarde; vento fraco a moderado, com rajadas at\u00e9 40 km\/h na faixa costeira no in\u00edcio da manh\u00e3. Grande Lisboa e Grande Porto com c\u00e9u muito nublado e chuva a partir do meio da tarde; ventos fracos a moderados, com rajadas at\u00e9 40\u201345 km\/h na zona costeira no in\u00edcio e no fim do dia.\" \/>\n<meta property=\"og:url\" content=\"https:\/\/portaltela.pt\/noticias\/2026\/01\/31\/vento-persiste-no-litoral-e-nas-terras-altas-previsao-para-sabado\/\" \/>\n<meta property=\"og:site_name\" content=\"Portal Tela Portugal\" \/>\n<meta property=\"article:published_time\" content=\"2026-01-31T08:29:00+00:00\" \/>\n<meta name=\"author\" content=\"Telinha\" \/>\n<meta name=\"twitter:card\" content=\"summary_large_image\" \/>\n<meta name=\"twitter:label1\" content=\"Escrito por\" \/>\n\t<meta name=\"twitter:data1\" content=\"Telinha\" \/>\n\t<meta name=\"twitter:label2\" content=\"Tempo estimado de leitura\" \/>\n\t<meta name=\"twitter:data2\" content=\"1 minuto\" \/>\n<script type=\"application\/ld+json\" class=\"yoast-schema-graph\">{\"@context\":\"https:\/\/schema.org\",\"@graph\":[{\"@type\":\"Article\",\"@id\":\"https:\/\/portaltela.pt\/noticias\/2026\/01\/31\/vento-persiste-no-litoral-e-nas-terras-altas-previsao-para-sabado\/#article\",\"isPartOf\":{\"@id\":\"https:\/\/portaltela.pt\/noticias\/2026\/01\/31\/vento-persiste-no-litoral-e-nas-terras-altas-previsao-para-sabado\/\"},\"author\":{\"name\":\"Telinha\",\"@id\":\"https:\/\/portaltela.pt\/#\/schema\/person\/c4278d4a6028830caff9ee44b42d32ed\"},\"headline\":\"Vento persiste no litoral e nas terras altas, previs\u00e3o para s\u00e1bado\",\"datePublished\":\"2026-01-31T08:29:00+00:00\",\"mainEntityOfPage\":{\"@id\":\"https:\/\/portaltela.pt\/noticias\/2026\/01\/31\/vento-persiste-no-litoral-e-nas-terras-altas-previsao-para-sabado\/\"},\"wordCount\":294,\"image\":{\"@id\":\"https:\/\/portaltela.pt\/noticias\/2026\/01\/31\/vento-persiste-no-litoral-e-nas-terras-altas-previsao-para-sabado\/#primaryimage\"},\"thumbnailUrl\":\"https:\/\/portaltela.pt\/s.01k8rhncp4jt1\/2026\/01\/unnamed-file-6260.jpg\",\"keywords\":[\"aguaceiros\",\"Alentejo\",\"Lisboa\",\"Porto\",\"Serra da Estrela\",\"vento\"],\"articleSection\":[\"Not\u00edcias\"],\"inLanguage\":\"pt-PT\"},{\"@type\":\"WebPage\",\"@id\":\"https:\/\/portaltela.pt\/noticias\/2026\/01\/31\/vento-persiste-no-litoral-e-nas-terras-altas-previsao-para-sabado\/\",\"url\":\"https:\/\/portaltela.pt\/noticias\/2026\/01\/31\/vento-persiste-no-litoral-e-nas-terras-altas-previsao-para-sabado\/\",\"name\":\"Vento persiste no litoral e nas terras altas, previs\u00e3o para s\u00e1bado - Portal Tela Portugal\",\"isPartOf\":{\"@id\":\"https:\/\/portaltela.pt\/#website\"},\"primaryImageOfPage\":{\"@id\":\"https:\/\/portaltela.pt\/noticias\/2026\/01\/31\/vento-persiste-no-litoral-e-nas-terras-altas-previsao-para-sabado\/#primaryimage\"},\"image\":{\"@id\":\"https:\/\/portaltela.pt\/noticias\/2026\/01\/31\/vento-persiste-no-litoral-e-nas-terras-altas-previsao-para-sabado\/#primaryimage\"},\"thumbnailUrl\":\"https:\/\/portaltela.pt\/s.01k8rhncp4jt1\/2026\/01\/unnamed-file-6260.jpg\",\"datePublished\":\"2026-01-31T08:29:00+00:00\",\"author\":{\"@id\":\"https:\/\/portaltela.pt\/#\/schema\/person\/c4278d4a6028830caff9ee44b42d32ed\"},\"breadcrumb\":{\"@id\":\"https:\/\/portaltela.pt\/noticias\/2026\/01\/31\/vento-persiste-no-litoral-e-nas-terras-altas-previsao-para-sabado\/#breadcrumb\"},\"inLanguage\":\"pt-PT\",\"potentialAction\":[{\"@type\":\"ReadAction\",\"target\":[\"https:\/\/portaltela.pt\/noticias\/2026\/01\/31\/vento-persiste-no-litoral-e-nas-terras-altas-previsao-para-sabado\/\"]}]},{\"@type\":\"ImageObject\",\"inLanguage\":\"pt-PT\",\"@id\":\"https:\/\/portaltela.pt\/noticias\/2026\/01\/31\/vento-persiste-no-litoral-e-nas-terras-altas-previsao-para-sabado\/#primaryimage\",\"url\":\"https:\/\/portaltela.pt\/s.01k8rhncp4jt1\/2026\/01\/unnamed-file-6260.jpg\",\"contentUrl\":\"https:\/\/portaltela.pt\/s.01k8rhncp4jt1\/2026\/01\/unnamed-file-6260.jpg\",\"width\":796,\"height\":448,\"caption\":\"Vento continua no litoral e nas terras altas. Conhe\u00e7a a previs\u00e3o meteorol\u00f3gica para este s\u00e1bado\"},{\"@type\":\"BreadcrumbList\",\"@id\":\"https:\/\/portaltela.pt\/noticias\/2026\/01\/31\/vento-persiste-no-litoral-e-nas-terras-altas-previsao-para-sabado\/#breadcrumb\",\"itemListElement\":[{\"@type\":\"ListItem\",\"position\":1,\"name\":\"In\u00edcio\",\"item\":\"https:\/\/portaltela.pt\/\"},{\"@type\":\"ListItem\",\"position\":2,\"name\":\"Vento persiste no litoral e nas terras altas, previs\u00e3o para s\u00e1bado\"}]},{\"@type\":\"WebSite\",\"@id\":\"https:\/\/portaltela.pt\/#website\",\"url\":\"https:\/\/portaltela.pt\/\",\"name\":\"Portal Tela Portugal\",\"description\":\"\",\"potentialAction\":[{\"@type\":\"SearchAction\",\"target\":{\"@type\":\"EntryPoint\",\"urlTemplate\":\"https:\/\/portaltela.pt\/?s={search_term_string}\"},\"query-input\":{\"@type\":\"PropertyValueSpecification\",\"valueRequired\":true,\"valueName\":\"search_term_string\"}}],\"inLanguage\":\"pt-PT\"},{\"@type\":\"Person\",\"@id\":\"https:\/\/portaltela.pt\/#\/schema\/person\/c4278d4a6028830caff9ee44b42d32ed\",\"name\":\"Telinha\",\"image\":{\"@type\":\"ImageObject\",\"inLanguage\":\"pt-PT\",\"@id\":\"https:\/\/portaltela.pt\/s.01k8rhncp4jt1\/2025\/11\/talking-bot-125x125.png\",\"url\":\"https:\/\/portaltela.pt\/s.01k8rhncp4jt1\/2025\/11\/talking-bot-125x125.png\",\"contentUrl\":\"https:\/\/portaltela.pt\/s.01k8rhncp4jt1\/2025\/11\/talking-bot-125x125.png\",\"caption\":\"Telinha\"},\"sameAs\":[\"https:\/\/portaltela.pt\/\"],\"url\":\"https:\/\/portaltela.pt\/por\/367410592786\/\"}]}<\/script>\n<!-- \/ Yoast SEO plugin. -->","yoast_head_json":{"title":"Vento persiste no litoral e nas terras altas, previs\u00e3o para s\u00e1bado - Portal Tela Portugal","robots":{"index":"index","follow":"follow","max-snippet":"max-snippet:-1","max-image-preview":"max-image-preview:large","max-video-preview":"max-video-preview:-1"},"og_locale":"pt_PT","og_type":"article","og_title":"Vento persiste no litoral e nas terras altas, previs\u00e3o para s\u00e1bado - Portal Tela Portugal","og_description":"Vento forte no litoral e nas terras altas este s\u00e1bado, com rajadas at\u00e9 45 km\/h, especialmente no in\u00edcio da manh\u00e3 e no fim do dia, passando a sul a partir da tarde. Aguaceiros dispersos, geralmente fracos, com neve acima de 900\/1100 metros no Norte e Centro, subindo a cota nos pontos mais altos da Serra da Estrela a partir da manh\u00e3. Chuva a partir do meio da tarde no litoral Norte\/Centro, tornando-se persistente e envolvendo o interior gradualmente. Regi\u00e3o Sul com c\u00e9u muito nublado e possibilidade de aguaceiros fracos; chuva no Alentejo a partir do fim da tarde; vento fraco a moderado, com rajadas at\u00e9 40 km\/h na faixa costeira no in\u00edcio da manh\u00e3. Grande Lisboa e Grande Porto com c\u00e9u muito nublado e chuva a partir do meio da tarde; ventos fracos a moderados, com rajadas at\u00e9 40\u201345 km\/h na zona costeira no in\u00edcio e no fim do dia.","og_url":"https:\/\/portaltela.pt\/noticias\/2026\/01\/31\/vento-persiste-no-litoral-e-nas-terras-altas-previsao-para-sabado\/","og_site_name":"Portal Tela Portugal","article_published_time":"2026-01-31T08:29:00+00:00","author":"Telinha","twitter_card":"summary_large_image","twitter_misc":{"Escrito por":"Telinha","Tempo estimado de leitura":"1 minuto"},"schema":{"@context":"https:\/\/schema.org","@graph":[{"@type":"Article","@id":"https:\/\/portaltela.pt\/noticias\/2026\/01\/31\/vento-persiste-no-litoral-e-nas-terras-altas-previsao-para-sabado\/#article","isPartOf":{"@id":"https:\/\/portaltela.pt\/noticias\/2026\/01\/31\/vento-persiste-no-litoral-e-nas-terras-altas-previsao-para-sabado\/"},"author":{"name":"Telinha","@id":"https:\/\/portaltela.pt\/#\/schema\/person\/c4278d4a6028830caff9ee44b42d32ed"},"headline":"Vento persiste no litoral e nas terras altas, previs\u00e3o para s\u00e1bado","datePublished":"2026-01-31T08:29:00+00:00","mainEntityOfPage":{"@id":"https:\/\/portaltela.pt\/noticias\/2026\/01\/31\/vento-persiste-no-litoral-e-nas-terras-altas-previsao-para-sabado\/"},"wordCount":294,"image":{"@id":"https:\/\/portaltela.pt\/noticias\/2026\/01\/31\/vento-persiste-no-litoral-e-nas-terras-altas-previsao-para-sabado\/#primaryimage"},"thumbnailUrl":"https:\/\/portaltela.pt\/s.01k8rhncp4jt1\/2026\/01\/unnamed-file-6260.jpg","keywords":["aguaceiros","Alentejo","Lisboa","Porto","Serra da Estrela","vento"],"articleSection":["Not\u00edcias"],"inLanguage":"pt-PT"},{"@type":"WebPage","@id":"https:\/\/portaltela.pt\/noticias\/2026\/01\/31\/vento-persiste-no-litoral-e-nas-terras-altas-previsao-para-sabado\/","url":"https:\/\/portaltela.pt\/noticias\/2026\/01\/31\/vento-persiste-no-litoral-e-nas-terras-altas-previsao-para-sabado\/","name":"Vento persiste no litoral e nas terras altas, previs\u00e3o para s\u00e1bado - Portal Tela Portugal","isPartOf":{"@id":"https:\/\/portaltela.pt\/#website"},"primaryImageOfPage":{"@id":"https:\/\/portaltela.pt\/noticias\/2026\/01\/31\/vento-persiste-no-litoral-e-nas-terras-altas-previsao-para-sabado\/#primaryimage"},"image":{"@id":"https:\/\/portaltela.pt\/noticias\/2026\/01\/31\/vento-persiste-no-litoral-e-nas-terras-altas-previsao-para-sabado\/#primaryimage"},"thumbnailUrl":"https:\/\/portaltela.pt\/s.01k8rhncp4jt1\/2026\/01\/unnamed-file-6260.jpg","datePublished":"2026-01-31T08:29:00+00:00","author":{"@id":"https:\/\/portaltela.pt\/#\/schema\/person\/c4278d4a6028830caff9ee44b42d32ed"},"breadcrumb":{"@id":"https:\/\/portaltela.pt\/noticias\/2026\/01\/31\/vento-persiste-no-litoral-e-nas-terras-altas-previsao-para-sabado\/#breadcrumb"},"inLanguage":"pt-PT","potentialAction":[{"@type":"ReadAction","target":["https:\/\/portaltela.pt\/noticias\/2026\/01\/31\/vento-persiste-no-litoral-e-nas-terras-altas-previsao-para-sabado\/"]}]},{"@type":"ImageObject","inLanguage":"pt-PT","@id":"https:\/\/portaltela.pt\/noticias\/2026\/01\/31\/vento-persiste-no-litoral-e-nas-terras-altas-previsao-para-sabado\/#primaryimage","url":"https:\/\/portaltela.pt\/s.01k8rhncp4jt1\/2026\/01\/unnamed-file-6260.jpg","contentUrl":"https:\/\/portaltela.pt\/s.01k8rhncp4jt1\/2026\/01\/unnamed-file-6260.jpg","width":796,"height":448,"caption":"Vento continua no litoral e nas terras altas. Conhe\u00e7a a previs\u00e3o meteorol\u00f3gica para este s\u00e1bado"},{"@type":"BreadcrumbList","@id":"https:\/\/portaltela.pt\/noticias\/2026\/01\/31\/vento-persiste-no-litoral-e-nas-terras-altas-previsao-para-sabado\/#breadcrumb","itemListElement":[{"@type":"ListItem","position":1,"name":"In\u00edcio","item":"https:\/\/portaltela.pt\/"},{"@type":"ListItem","position":2,"name":"Vento persiste no litoral e nas terras altas, previs\u00e3o para s\u00e1bado"}]},{"@type":"WebSite","@id":"https:\/\/portaltela.pt\/#website","url":"https:\/\/portaltela.pt\/","name":"Portal Tela Portugal","description":"","potentialAction":[{"@type":"SearchAction","target":{"@type":"EntryPoint","urlTemplate":"https:\/\/portaltela.pt\/?s={search_term_string}"},"query-input":{"@type":"PropertyValueSpecification","valueRequired":true,"valueName":"search_term_string"}}],"inLanguage":"pt-PT"},{"@type":"Person","@id":"https:\/\/portaltela.pt\/#\/schema\/person\/c4278d4a6028830caff9ee44b42d32ed","name":"Telinha","image":{"@type":"ImageObject","inLanguage":"pt-PT","@id":"https:\/\/portaltela.pt\/s.01k8rhncp4jt1\/2025\/11\/talking-bot-125x125.png","url":"https:\/\/portaltela.pt\/s.01k8rhncp4jt1\/2025\/11\/talking-bot-125x125.png","contentUrl":"https:\/\/portaltela.pt\/s.01k8rhncp4jt1\/2025\/11\/talking-bot-125x125.png","caption":"Telinha"},"sameAs":["https:\/\/portaltela.pt\/"],"url":"https:\/\/portaltela.pt\/por\/367410592786\/"}]}},"_links":{"self":[{"href":"https:\/\/portaltela.pt\/api\/wp\/v2\/posts\/186127","targetHints":{"allow":["GET"]}}],"collection":[{"href":"https:\/\/portaltela.pt\/api\/wp\/v2\/posts"}],"about":[{"href":"https:\/\/portaltela.pt\/api\/wp\/v2\/types\/post"}],"author":[{"embeddable":true,"href":"https:\/\/portaltela.pt\/api\/wp\/v2\/users\/2"}],"replies":[{"embeddable":true,"href":"https:\/\/portaltela.pt\/api\/wp\/v2\/comments?post=186127"}],"version-history":[{"count":0,"href":"https:\/\/portaltela.pt\/api\/wp\/v2\/posts\/186127\/revisions"}],"wp:featuredmedia":[{"embeddable":true,"href":"https:\/\/portaltela.pt\/api\/wp\/v2\/media\/186147"}],"wp:attachment":[{"href":"https:\/\/portaltela.pt\/api\/wp\/v2\/media?parent=186127"}],"wp:term":[{"taxonomy":"category","embeddable":true,"href":"https:\/\/portaltela.pt\/api\/wp\/v2\/categories?post=186127"},{"taxonomy":"post_tag","embeddable":true,"href":"https:\/\/portaltela.pt\/api\/wp\/v2\/tags?post=186127"}],"curies":[{"name":"wp","href":"https:\/\/api.w.org\/{rel}","templated":true}]}}