{"id":186112,"date":"2026-01-31T05:16:00","date_gmt":"2026-01-31T08:16:00","guid":{"rendered":"https:\/\/portaltela.pt\/noticias\/2026\/01\/31\/academico-de-viseu-conquista-varios-podios-no-torneio-turbo\/"},"modified":"2026-01-31T05:16:00","modified_gmt":"2026-01-31T08:16:00","slug":"academico-de-viseu-conquista-varios-podios-no-torneio-turbo","status":"publish","type":"post","link":"https:\/\/portaltela.pt\/desporto\/2026\/01\/31\/academico-de-viseu-conquista-varios-podios-no-torneio-turbo\/","title":{"rendered":"Acad\u00e9mico de Viseu conquista v\u00e1rios p\u00f3dios no Torneio Turbo"},"content":{"rendered":"<p>O Acad\u00e9mico de Viseu marcou presen\u00e7a no Torneio Turbo de Forma\u00e7\u00e3o, disputado nas piscinas de \u00cdlhavo. A equipa Cadetes e Infantis participou com 21 atletas, conseguindo 15 vit\u00f3rias em 238 nadadores oriundos de 16 clubes da Associa\u00e7\u00e3o de Nata\u00e7\u00e3o do Centro Norte de Portugal.<\/p>\n<p>Ao longo da competi\u00e7\u00e3o, os nadadores do Acad\u00e9mico conquistaram 28 p\u00f3dios, incluindo 8 medalhas de prata e 5 de bronze. Destes resultados, sete atletas da forma\u00e7\u00e3o de Infantis arrecadaram a qualifica\u00e7\u00e3o para o Campeonato Zonal, que se realiza este ano em Penafiel.<\/p>\n<p>Ana C\u00e9sar, In\u00eas Martins, Eva Gon\u00e7alves, Eva Pipo, Filipa Dias, Matilde Breda, Matilde Fernandes, Marta Meireles, Gabriela Lemos, Maria Lopes, Leonor Coelho, Kyara Almeida, Salom\u00e9 Figueiredo, Rodrigo Morais, Santiago Correia, Santiago Garcia, Louren\u00e7o Pereira, Martim Oliveira, Afonso Antunes, Manuel Fonseca e Duarte Fernandes representaram o clube em \u00cdlhavo.<\/p>\n<h3>Resultados e qualifica\u00e7\u00f5es<\/h3>\n<p>A presta\u00e7\u00e3o global do Acad\u00e9mico de Viseu refor\u00e7a a presen\u00e7a da forma\u00e7\u00e3o viseense em provas nacionais, com foco na progress\u00e3o de m\u00ednimos de acesso aos Campeonatos Zonais e no aumento do palmar\u00e9s em provas de forma\u00e7\u00e3o.<\/p>\n<p>Esta not\u00edcia pode ser acompanhada na Esta\u00e7\u00e3o Di\u00e1ria \u2013 96.8 FM ou no portal 968.fm.<\/p>\n","protected":false},"excerpt":{"rendered":"<ul>\n<li>O Acad\u00e9mico de Viseu levou vinte e um atletas a \u00cdlhavo, no Torneio Turbo de Forma\u00e7\u00e3o, com duzentos e trinta e oito nadadores de cadetes e infantis de dezasseis clubes da Associa\u00e7\u00e3o de Nata\u00e7\u00e3o do Centro Norte de Portugal.<\/li>\n<li>A equipa venceu quinze provas e somou vinte e oito p\u00f3dios, incluindo oito medalhas de prata e cinco de bronze.<\/li>\n<li>Sete nadadores da equipa de Infantis qualifikou-se para o Campeonato Zonal, que se realiza este ano em Penafiel.<\/li>\n<li>A competi\u00e7\u00e3o reuniu nadadores dos escal\u00f5es Cadetes e Infantis e proporcionou recordes pessoais e m\u00ednimos de acesso aos Zonais.<\/li>\n<li>A comitiva do Acad\u00e9mico de Viseu integrou v\u00e1rias provas nas piscinas de \u00cdlhavo, destacando-se pelo desempenho da forma\u00e7\u00e3o verde e branca.<\/li>\n<\/ul>\n","protected":false},"author":2,"featured_media":186116,"comment_status":"closed","ping_status":"closed","sticky":false,"template":"","format":"standard","meta":{"footnotes":""},"categories":[21],"tags":[1290,1080,2738,209,4094,1993],"class_list":["post-186112","post","type-post","status-publish","format-standard","has-post-thumbnail","hentry","category-desporto","tag-formacao","tag-ilhavo","tag-infantis","tag-natacao","tag-natacao-infantil","tag-penafiel"],"yoast_head":"<!-- This site is optimized with the Yoast SEO plugin v27.2 - https:\/\/yoast.com\/product\/yoast-seo-wordpress\/ -->\n<title>Acad\u00e9mico de Viseu conquista v\u00e1rios p\u00f3dios no Torneio Turbo - Portal Tela Portugal<\/title>\n<meta name=\"robots\" content=\"index, follow, max-snippet:-1, max-image-preview:large, max-video-preview:-1\" \/>\n<meta property=\"og:locale\" content=\"pt_PT\" \/>\n<meta property=\"og:type\" content=\"article\" \/>\n<meta property=\"og:title\" content=\"Acad\u00e9mico de Viseu conquista v\u00e1rios p\u00f3dios no Torneio Turbo - Portal Tela Portugal\" \/>\n<meta property=\"og:description\" content=\"O Acad\u00e9mico de Viseu levou vinte e um atletas a \u00cdlhavo, no Torneio Turbo de Forma\u00e7\u00e3o, com duzentos e trinta e oito nadadores de cadetes e infantis de dezasseis clubes da Associa\u00e7\u00e3o de Nata\u00e7\u00e3o do Centro Norte de Portugal. A equipa venceu quinze provas e somou vinte e oito p\u00f3dios, incluindo oito medalhas de prata e cinco de bronze. Sete nadadores da equipa de Infantis qualifikou-se para o Campeonato Zonal, que se realiza este ano em Penafiel. A competi\u00e7\u00e3o reuniu nadadores dos escal\u00f5es Cadetes e Infantis e proporcionou recordes pessoais e m\u00ednimos de acesso aos Zonais. A comitiva do Acad\u00e9mico de Viseu integrou v\u00e1rias provas nas piscinas de \u00cdlhavo, destacando-se pelo desempenho da forma\u00e7\u00e3o verde e branca.\" \/>\n<meta property=\"og:url\" content=\"https:\/\/portaltela.pt\/noticias\/2026\/01\/31\/academico-de-viseu-conquista-varios-podios-no-torneio-turbo\/\" \/>\n<meta property=\"og:site_name\" content=\"Portal Tela Portugal\" \/>\n<meta property=\"article:published_time\" content=\"2026-01-31T08:16:00+00:00\" \/>\n<meta name=\"author\" content=\"Telinha\" \/>\n<meta name=\"twitter:card\" content=\"summary_large_image\" \/>\n<meta name=\"twitter:label1\" content=\"Escrito por\" \/>\n\t<meta name=\"twitter:data1\" content=\"Telinha\" \/>\n\t<meta name=\"twitter:label2\" content=\"Tempo estimado de leitura\" \/>\n\t<meta name=\"twitter:data2\" content=\"1 minuto\" \/>\n<script type=\"application\/ld+json\" class=\"yoast-schema-graph\">{\"@context\":\"https:\/\/schema.org\",\"@graph\":[{\"@type\":\"Article\",\"@id\":\"https:\/\/portaltela.pt\/noticias\/2026\/01\/31\/academico-de-viseu-conquista-varios-podios-no-torneio-turbo\/#article\",\"isPartOf\":{\"@id\":\"https:\/\/portaltela.pt\/noticias\/2026\/01\/31\/academico-de-viseu-conquista-varios-podios-no-torneio-turbo\/\"},\"author\":{\"name\":\"Telinha\",\"@id\":\"https:\/\/portaltela.pt\/#\/schema\/person\/c4278d4a6028830caff9ee44b42d32ed\"},\"headline\":\"Acad\u00e9mico de Viseu conquista v\u00e1rios p\u00f3dios no Torneio Turbo\",\"datePublished\":\"2026-01-31T08:16:00+00:00\",\"mainEntityOfPage\":{\"@id\":\"https:\/\/portaltela.pt\/noticias\/2026\/01\/31\/academico-de-viseu-conquista-varios-podios-no-torneio-turbo\/\"},\"wordCount\":219,\"image\":{\"@id\":\"https:\/\/portaltela.pt\/noticias\/2026\/01\/31\/academico-de-viseu-conquista-varios-podios-no-torneio-turbo\/#primaryimage\"},\"thumbnailUrl\":\"https:\/\/portaltela.pt\/s.01k8rhncp4jt1\/2026\/01\/academico-natacao-sub15.jpg\",\"keywords\":[\"forma\u00e7\u00e3o\",\"\u00cdlhavo\",\"infantis\",\"nata\u00e7\u00e3o\",\"nata\u00e7\u00e3o infantil\",\"Penafiel\"],\"articleSection\":[\"Desporto\"],\"inLanguage\":\"pt-PT\"},{\"@type\":\"WebPage\",\"@id\":\"https:\/\/portaltela.pt\/noticias\/2026\/01\/31\/academico-de-viseu-conquista-varios-podios-no-torneio-turbo\/\",\"url\":\"https:\/\/portaltela.pt\/noticias\/2026\/01\/31\/academico-de-viseu-conquista-varios-podios-no-torneio-turbo\/\",\"name\":\"Acad\u00e9mico de Viseu conquista v\u00e1rios p\u00f3dios no Torneio Turbo - Portal Tela Portugal\",\"isPartOf\":{\"@id\":\"https:\/\/portaltela.pt\/#website\"},\"primaryImageOfPage\":{\"@id\":\"https:\/\/portaltela.pt\/noticias\/2026\/01\/31\/academico-de-viseu-conquista-varios-podios-no-torneio-turbo\/#primaryimage\"},\"image\":{\"@id\":\"https:\/\/portaltela.pt\/noticias\/2026\/01\/31\/academico-de-viseu-conquista-varios-podios-no-torneio-turbo\/#primaryimage\"},\"thumbnailUrl\":\"https:\/\/portaltela.pt\/s.01k8rhncp4jt1\/2026\/01\/academico-natacao-sub15.jpg\",\"datePublished\":\"2026-01-31T08:16:00+00:00\",\"author\":{\"@id\":\"https:\/\/portaltela.pt\/#\/schema\/person\/c4278d4a6028830caff9ee44b42d32ed\"},\"breadcrumb\":{\"@id\":\"https:\/\/portaltela.pt\/noticias\/2026\/01\/31\/academico-de-viseu-conquista-varios-podios-no-torneio-turbo\/#breadcrumb\"},\"inLanguage\":\"pt-PT\",\"potentialAction\":[{\"@type\":\"ReadAction\",\"target\":[\"https:\/\/portaltela.pt\/noticias\/2026\/01\/31\/academico-de-viseu-conquista-varios-podios-no-torneio-turbo\/\"]}]},{\"@type\":\"ImageObject\",\"inLanguage\":\"pt-PT\",\"@id\":\"https:\/\/portaltela.pt\/noticias\/2026\/01\/31\/academico-de-viseu-conquista-varios-podios-no-torneio-turbo\/#primaryimage\",\"url\":\"https:\/\/portaltela.pt\/s.01k8rhncp4jt1\/2026\/01\/academico-natacao-sub15.jpg\",\"contentUrl\":\"https:\/\/portaltela.pt\/s.01k8rhncp4jt1\/2026\/01\/academico-natacao-sub15.jpg\",\"width\":796,\"height\":448,\"caption\":\"Nata\u00e7\u00e3o: Acad\u00e9mico de Viseu com v\u00e1rios p\u00f3dios no Torneio Turbo\"},{\"@type\":\"BreadcrumbList\",\"@id\":\"https:\/\/portaltela.pt\/noticias\/2026\/01\/31\/academico-de-viseu-conquista-varios-podios-no-torneio-turbo\/#breadcrumb\",\"itemListElement\":[{\"@type\":\"ListItem\",\"position\":1,\"name\":\"In\u00edcio\",\"item\":\"https:\/\/portaltela.pt\/\"},{\"@type\":\"ListItem\",\"position\":2,\"name\":\"Acad\u00e9mico de Viseu conquista v\u00e1rios p\u00f3dios no Torneio Turbo\"}]},{\"@type\":\"WebSite\",\"@id\":\"https:\/\/portaltela.pt\/#website\",\"url\":\"https:\/\/portaltela.pt\/\",\"name\":\"Portal Tela Portugal\",\"description\":\"\",\"potentialAction\":[{\"@type\":\"SearchAction\",\"target\":{\"@type\":\"EntryPoint\",\"urlTemplate\":\"https:\/\/portaltela.pt\/?s={search_term_string}\"},\"query-input\":{\"@type\":\"PropertyValueSpecification\",\"valueRequired\":true,\"valueName\":\"search_term_string\"}}],\"inLanguage\":\"pt-PT\"},{\"@type\":\"Person\",\"@id\":\"https:\/\/portaltela.pt\/#\/schema\/person\/c4278d4a6028830caff9ee44b42d32ed\",\"name\":\"Telinha\",\"image\":{\"@type\":\"ImageObject\",\"inLanguage\":\"pt-PT\",\"@id\":\"https:\/\/portaltela.pt\/s.01k8rhncp4jt1\/2025\/11\/talking-bot-125x125.png\",\"url\":\"https:\/\/portaltela.pt\/s.01k8rhncp4jt1\/2025\/11\/talking-bot-125x125.png\",\"contentUrl\":\"https:\/\/portaltela.pt\/s.01k8rhncp4jt1\/2025\/11\/talking-bot-125x125.png\",\"caption\":\"Telinha\"},\"sameAs\":[\"https:\/\/portaltela.pt\/\"],\"url\":\"https:\/\/portaltela.pt\/por\/367410592786\/\"}]}<\/script>\n<!-- \/ Yoast SEO plugin. -->","yoast_head_json":{"title":"Acad\u00e9mico de Viseu conquista v\u00e1rios p\u00f3dios no Torneio Turbo - Portal Tela Portugal","robots":{"index":"index","follow":"follow","max-snippet":"max-snippet:-1","max-image-preview":"max-image-preview:large","max-video-preview":"max-video-preview:-1"},"og_locale":"pt_PT","og_type":"article","og_title":"Acad\u00e9mico de Viseu conquista v\u00e1rios p\u00f3dios no Torneio Turbo - Portal Tela Portugal","og_description":"O Acad\u00e9mico de Viseu levou vinte e um atletas a \u00cdlhavo, no Torneio Turbo de Forma\u00e7\u00e3o, com duzentos e trinta e oito nadadores de cadetes e infantis de dezasseis clubes da Associa\u00e7\u00e3o de Nata\u00e7\u00e3o do Centro Norte de Portugal. A equipa venceu quinze provas e somou vinte e oito p\u00f3dios, incluindo oito medalhas de prata e cinco de bronze. Sete nadadores da equipa de Infantis qualifikou-se para o Campeonato Zonal, que se realiza este ano em Penafiel. A competi\u00e7\u00e3o reuniu nadadores dos escal\u00f5es Cadetes e Infantis e proporcionou recordes pessoais e m\u00ednimos de acesso aos Zonais. A comitiva do Acad\u00e9mico de Viseu integrou v\u00e1rias provas nas piscinas de \u00cdlhavo, destacando-se pelo desempenho da forma\u00e7\u00e3o verde e branca.","og_url":"https:\/\/portaltela.pt\/noticias\/2026\/01\/31\/academico-de-viseu-conquista-varios-podios-no-torneio-turbo\/","og_site_name":"Portal Tela Portugal","article_published_time":"2026-01-31T08:16:00+00:00","author":"Telinha","twitter_card":"summary_large_image","twitter_misc":{"Escrito por":"Telinha","Tempo estimado de leitura":"1 minuto"},"schema":{"@context":"https:\/\/schema.org","@graph":[{"@type":"Article","@id":"https:\/\/portaltela.pt\/noticias\/2026\/01\/31\/academico-de-viseu-conquista-varios-podios-no-torneio-turbo\/#article","isPartOf":{"@id":"https:\/\/portaltela.pt\/noticias\/2026\/01\/31\/academico-de-viseu-conquista-varios-podios-no-torneio-turbo\/"},"author":{"name":"Telinha","@id":"https:\/\/portaltela.pt\/#\/schema\/person\/c4278d4a6028830caff9ee44b42d32ed"},"headline":"Acad\u00e9mico de Viseu conquista v\u00e1rios p\u00f3dios no Torneio Turbo","datePublished":"2026-01-31T08:16:00+00:00","mainEntityOfPage":{"@id":"https:\/\/portaltela.pt\/noticias\/2026\/01\/31\/academico-de-viseu-conquista-varios-podios-no-torneio-turbo\/"},"wordCount":219,"image":{"@id":"https:\/\/portaltela.pt\/noticias\/2026\/01\/31\/academico-de-viseu-conquista-varios-podios-no-torneio-turbo\/#primaryimage"},"thumbnailUrl":"https:\/\/portaltela.pt\/s.01k8rhncp4jt1\/2026\/01\/academico-natacao-sub15.jpg","keywords":["forma\u00e7\u00e3o","\u00cdlhavo","infantis","nata\u00e7\u00e3o","nata\u00e7\u00e3o infantil","Penafiel"],"articleSection":["Desporto"],"inLanguage":"pt-PT"},{"@type":"WebPage","@id":"https:\/\/portaltela.pt\/noticias\/2026\/01\/31\/academico-de-viseu-conquista-varios-podios-no-torneio-turbo\/","url":"https:\/\/portaltela.pt\/noticias\/2026\/01\/31\/academico-de-viseu-conquista-varios-podios-no-torneio-turbo\/","name":"Acad\u00e9mico de Viseu conquista v\u00e1rios p\u00f3dios no Torneio Turbo - Portal Tela Portugal","isPartOf":{"@id":"https:\/\/portaltela.pt\/#website"},"primaryImageOfPage":{"@id":"https:\/\/portaltela.pt\/noticias\/2026\/01\/31\/academico-de-viseu-conquista-varios-podios-no-torneio-turbo\/#primaryimage"},"image":{"@id":"https:\/\/portaltela.pt\/noticias\/2026\/01\/31\/academico-de-viseu-conquista-varios-podios-no-torneio-turbo\/#primaryimage"},"thumbnailUrl":"https:\/\/portaltela.pt\/s.01k8rhncp4jt1\/2026\/01\/academico-natacao-sub15.jpg","datePublished":"2026-01-31T08:16:00+00:00","author":{"@id":"https:\/\/portaltela.pt\/#\/schema\/person\/c4278d4a6028830caff9ee44b42d32ed"},"breadcrumb":{"@id":"https:\/\/portaltela.pt\/noticias\/2026\/01\/31\/academico-de-viseu-conquista-varios-podios-no-torneio-turbo\/#breadcrumb"},"inLanguage":"pt-PT","potentialAction":[{"@type":"ReadAction","target":["https:\/\/portaltela.pt\/noticias\/2026\/01\/31\/academico-de-viseu-conquista-varios-podios-no-torneio-turbo\/"]}]},{"@type":"ImageObject","inLanguage":"pt-PT","@id":"https:\/\/portaltela.pt\/noticias\/2026\/01\/31\/academico-de-viseu-conquista-varios-podios-no-torneio-turbo\/#primaryimage","url":"https:\/\/portaltela.pt\/s.01k8rhncp4jt1\/2026\/01\/academico-natacao-sub15.jpg","contentUrl":"https:\/\/portaltela.pt\/s.01k8rhncp4jt1\/2026\/01\/academico-natacao-sub15.jpg","width":796,"height":448,"caption":"Nata\u00e7\u00e3o: Acad\u00e9mico de Viseu com v\u00e1rios p\u00f3dios no Torneio Turbo"},{"@type":"BreadcrumbList","@id":"https:\/\/portaltela.pt\/noticias\/2026\/01\/31\/academico-de-viseu-conquista-varios-podios-no-torneio-turbo\/#breadcrumb","itemListElement":[{"@type":"ListItem","position":1,"name":"In\u00edcio","item":"https:\/\/portaltela.pt\/"},{"@type":"ListItem","position":2,"name":"Acad\u00e9mico de Viseu conquista v\u00e1rios p\u00f3dios no Torneio Turbo"}]},{"@type":"WebSite","@id":"https:\/\/portaltela.pt\/#website","url":"https:\/\/portaltela.pt\/","name":"Portal Tela Portugal","description":"","potentialAction":[{"@type":"SearchAction","target":{"@type":"EntryPoint","urlTemplate":"https:\/\/portaltela.pt\/?s={search_term_string}"},"query-input":{"@type":"PropertyValueSpecification","valueRequired":true,"valueName":"search_term_string"}}],"inLanguage":"pt-PT"},{"@type":"Person","@id":"https:\/\/portaltela.pt\/#\/schema\/person\/c4278d4a6028830caff9ee44b42d32ed","name":"Telinha","image":{"@type":"ImageObject","inLanguage":"pt-PT","@id":"https:\/\/portaltela.pt\/s.01k8rhncp4jt1\/2025\/11\/talking-bot-125x125.png","url":"https:\/\/portaltela.pt\/s.01k8rhncp4jt1\/2025\/11\/talking-bot-125x125.png","contentUrl":"https:\/\/portaltela.pt\/s.01k8rhncp4jt1\/2025\/11\/talking-bot-125x125.png","caption":"Telinha"},"sameAs":["https:\/\/portaltela.pt\/"],"url":"https:\/\/portaltela.pt\/por\/367410592786\/"}]}},"_links":{"self":[{"href":"https:\/\/portaltela.pt\/api\/wp\/v2\/posts\/186112","targetHints":{"allow":["GET"]}}],"collection":[{"href":"https:\/\/portaltela.pt\/api\/wp\/v2\/posts"}],"about":[{"href":"https:\/\/portaltela.pt\/api\/wp\/v2\/types\/post"}],"author":[{"embeddable":true,"href":"https:\/\/portaltela.pt\/api\/wp\/v2\/users\/2"}],"replies":[{"embeddable":true,"href":"https:\/\/portaltela.pt\/api\/wp\/v2\/comments?post=186112"}],"version-history":[{"count":0,"href":"https:\/\/portaltela.pt\/api\/wp\/v2\/posts\/186112\/revisions"}],"wp:featuredmedia":[{"embeddable":true,"href":"https:\/\/portaltela.pt\/api\/wp\/v2\/media\/186116"}],"wp:attachment":[{"href":"https:\/\/portaltela.pt\/api\/wp\/v2\/media?parent=186112"}],"wp:term":[{"taxonomy":"category","embeddable":true,"href":"https:\/\/portaltela.pt\/api\/wp\/v2\/categories?post=186112"},{"taxonomy":"post_tag","embeddable":true,"href":"https:\/\/portaltela.pt\/api\/wp\/v2\/tags?post=186112"}],"curies":[{"name":"wp","href":"https:\/\/api.w.org\/{rel}","templated":true}]}}